{"id":2057443,"date":"2026-07-23T08:51:47","date_gmt":"2026-07-23T05:51:47","guid":{"rendered":"https:\/\/analyse.optim.biz\/?p=2057443"},"modified":"2026-07-23T08:51:47","modified_gmt":"2026-07-23T05:51:47","slug":"sindicatele-din-educatie-refuza-negocierile-formale-cu-guvernul-demis-pe-tema-legii-salarizarii-nu-putem-sta-la-masa-unor-negocieri-false","status":"publish","type":"post","link":"https:\/\/analyse.optim.biz\/?p=2057443","title":{"rendered":"Sindicatele din Educa\u021bie refuz\u0103 \u201enegocierile formale\u201d cu Guvernul demis pe tema Legii salariz\u0103rii: \u201eNu putem sta la masa unor negocieri false\u201d"},"content":{"rendered":"<p>[analyse_image type=&#8221;featured&#8221; src=&#8221;http:\/\/www.banatulmeu.ro\/wp-content\/uploads\/2017\/10\/podoleanu-Foto-0072.jpg&#8221;]<\/p>\n<div class=\"post-content-bd\">\n<p>Federa\u021biile sindicale din Educa\u021bie nu vor participa la discu\u021biile programate joi, 23 iulie, la Ministerul Muncii, pe tema Legii salariz\u0103rii. Federa\u021bia Sindicatelor Libere din \u00cenv\u0103\u021b\u0103m\u00e2nt (FSLI), Federa\u021bia Sindicatelor din Educa\u021bie \u201eSpiru Haret\u201d \u0219i Federa\u021bia Na\u021bional\u0103 Sindical\u0103 \u201eAlma Mater\u201d, care reprezint\u0103 \u00eempreun\u0103 peste 300.000 de salaria\u021bi din \u00eenv\u0103\u021b\u0103m\u00e2ntul preuniversitar \u0219i universitar, anun\u021b\u0103 c\u0103 refuz\u0103 ceea ce numesc \u201enegocieri formale\u201d.<\/p>\n<p>Potrivit vicepre\u0219edintelui FNS \u201eAlma Mater\u201d \u0219i pre\u0219edintelui SLUPT, Corneliu Podoleanu, federa\u021biile din sistemul bugetar au fost invitate, pe r\u00e2nd, de Ministerul Muncii la dezbateri \u0219i discu\u021bii pe marginea Legii salariz\u0103rii. \u00cen cazul Educa\u021biei, \u00eent\u00e2lnirea la care au fost chemate FNS \u201eAlma Mater\u201d, FSLI \u0219i Federa\u021bia \u201eSpiru Haret\u201d era programat\u0103 joi, de la ora 14:00.<\/p>\n<p>Sindicali\u0219tii din Educa\u021bie au decis \u00eens\u0103 s\u0103 nu participe. Federa\u021biile din \u00eenv\u0103\u021b\u0103m\u00e2ntul preuniversitar, al\u0103turi de reprezentan\u021bii Sanitas, consider\u0103 c\u0103 actualii ocupan\u021bi ai Palatului Victoria, \u00een condi\u021biile unui Guvern demis, nu au atribu\u021biile legale necesare pentru organizarea unor asemenea demersuri \u0219i pentru \u00eenaintarea unor proiecte de lege \u00een dezbatere public\u0103 sau c\u0103tre Parlament.<\/p>\n<p>\u201c<em>Nu vom gira cu prezen\u021ba noastr\u0103 un simplu exerci\u021biu de imagine. Cele trei federa\u021bii \u0219i-au transmis deja punctul de vedere comun, fundamentat \u0219i detaliat, \u00een cadrul discu\u021biilor anterioare. Nu putem valida solu\u021bii conjuncturale sau ajust\u0103ri minimale care nu r\u0103spund \u00een mod real problemelor semnalate. \u00cen contextul \u00een care Guvernul \u0219i ministrul Muncii ne-au transmis deja, sec \u0219i cinic, c\u0103 &lt;mai mult de at\u00e2t nu se poate&gt;, participarea noastr\u0103 la \u00eent\u00e2lnirea de ast\u0103zi ar fi complet inutil\u0103, servind strict intereselor de imagine public\u0103 ale guvernan\u021bilor. Atragem aten\u021bia c\u0103 actualul proiect de lege \u00eencalc\u0103 flagrant tocmai actele normative adoptate de Executiv odat\u0103 cu finalizarea grevei generale din anul 2023. Este o dovad\u0103 de ipocrizie \u0219i o desconsiderare total\u0103 a angajamentelor luate \u00een fa\u021ba societ\u0103\u021bii. Ceea ce face Guvernul ast\u0103zi nu este doar o \u00eenc\u0103lcare a legii, ci o abandonare direct\u0103 a \u00eentregului sistem educa\u021bional, dovedind \u00eenc\u0103 o dat\u0103 c\u0103 pentru actualul Executiv educa\u021bia nu reprezint\u0103 o prioritate. Nu putem sta la masa unor negocieri false, menite doar s\u0103 bifeze o ac\u021biune pe agenda public\u0103 a Ministerului. Mimarea consult\u0103rii publice nu va diminua revolta legitim\u0103 a colegilor \u0219i nu poate substitui responsabilitatea real\u0103 pe care autorit\u0103\u021bile trebuie s\u0103 o manifeste fa\u021b\u0103 de educa\u021bie. Amintim pozi\u021bia ferm\u0103 a celor trei federa\u021bii din \u00eenv\u0103\u021b\u0103m\u00e2nt \u0219i anume aceea c\u0103 parlamentarii Rom\u00e2niei trebuie s\u0103 opteze \u00eentre dou\u0103 variante: s\u0103 refuze ini\u021bierea acestui pseudo-proiect al legii salariz\u0103rii sau s\u0103 promoveze o lege s\u0103n\u0103toas\u0103, \u00een care salaria\u021bii din \u00eenv\u0103\u021b\u0103m\u00e2nt s\u0103 fie pozi\u021biona\u021bi conform importan\u021bei muncii depuse, a\u0219a cum a fost proiectul lucrat la Ministerul Muncii \u00eempreun\u0103 cu reprezentan\u021bii B\u0103ncii Mondiale \u00een anul 2024<\/em>\u201c, au transmis reprezentan\u021bii celor celor trei mari federa\u021bii din Educa\u021bie, FSLI, Federa\u021bia \u201eSpiru Haret\u201d \u0219i FNS \u201eAlma Mater\u201d.<\/p>\n<p>Corneliu Podoleanu consider\u0103, la r\u00e2ndul s\u0103u, c\u0103 actuala form\u0103 a Legii salariz\u0103rii este inechitabil\u0103 \u0219i nu asigur\u0103 o ierarhizare corect\u0103 \u00een familia ocupa\u021bional\u0103 Educa\u021bie. \u00cen opinia sa, unii angaja\u021bi ar putea chiar s\u0103 piard\u0103 din veniturile salariale.<\/p>\n<p>\u201e<em>\u00cen concluzie, nu vom participa la aceste \u00eent\u00e2lniri, vom \u021bine aproape de colegii din preuniversitar, unitatea sindical\u0103 trebuie s\u0103 r\u0103m\u00e2n\u0103 un punct forte al federa\u021biilor din educa\u021bie \u0219i al luptei sindicale. Uni\u021bi suntem o for\u021b\u0103! Personal, dup\u0103 toat\u0103 &lt;v\u00e2nzoleala \u0219i mascarada mediatic\u0103 \u2013pe tema aprob\u0103rii acestei legi\u2026\u2026. pierdem banii UE\u2026\u2026..&gt; consider c\u0103 Legea Salariz\u0103rii este inechitabil\u0103 \u00een forma actual\u0103 (scris\u0103 pe &lt;genunchi&gt; \u0219i promovat\u0103 prin mimare de negocieri \u0219i dialog social, de partidele din guvernul demis) \u2013 practic nu se c\u00e2\u0219tig\u0103 nimic \u0219i nici nu se face o ierarhizare corect\u0103 \u2013 cu referire la fam. ocupa\u021bional\u0103 din sistemul de Educa\u021bie \u00een cadrul interv. 1-8, din contr\u0103 unii dintre colegi vor pierde \u00een primul r\u00e2nd din veniturile salariale \u0219i \u00een al doilea r\u00e2nd \u00eencrederea \u00een noi \u2013 dac\u0103 nu le spunem adev\u0103rul, oricare ar fi el, fie c\u0103 unora le convine, fie c\u0103 nu!<\/em>\u201d, a transmis vicepre\u0219edintele FNS \u201eAlma Mater\u201d, Corneliu Podolean.<\/p>\n<p>Cele trei federa\u021bii solicit\u0103 parlamentarilor fie s\u0103 refuze ini\u021bierea actualului proiect al Legii salariz\u0103rii, fie s\u0103 promoveze o lege prin care angaja\u021bii din \u00eenv\u0103\u021b\u0103m\u00e2nt s\u0103 fie pozi\u021biona\u021bi \u00een grila de salarizare \u00een func\u021bie de importan\u021ba muncii depuse, f\u0103c\u00e2nd referire la proiectul elaborat \u00een 2024 la Ministerul Muncii \u00eempreun\u0103 cu reprezentan\u021bii B\u0103ncii Mondiale.<\/p>\n<\/div>\n<p>[analyse_source url=&#8221;https:\/\/www.banatulmeu.ro\/sindicatele-din-educatie-refuza-negocierile-formale-cu-guvernul-demis-pe-tema-legii-salarizarii-nu-putem-sta-la-masa-unor-negocieri-false\/&#8221;]<\/p>\n","protected":false},"excerpt":{"rendered":"<p>[analyse_image type=&#8221;featured&#8221; src=&#8221;http:\/\/www.banatulmeu.ro\/wp-content\/uploads\/2017\/10\/podoleanu-Foto-0072.jpg&#8221;] Federa\u021biile sindicale din Educa\u021bie nu vor participa la discu\u021biile programate joi, 23 iulie, la Ministerul Muncii, pe tema Legii salariz\u0103rii. Federa\u021bia Sindicatelor Libere din \u00cenv\u0103\u021b\u0103m\u00e2nt (FSLI), Federa\u021bia Sindicatelor din Educa\u021bie \u201eSpiru Haret\u201d \u0219i Federa\u021bia Na\u021bional\u0103 Sindical\u0103 \u201eAlma Mater\u201d, care reprezint\u0103 \u00eempreun\u0103 peste 300.000 de salaria\u021bi din \u00eenv\u0103\u021b\u0103m\u00e2ntul preuniversitar \u0219i universitar, anun\u021b\u0103 c\u0103 [&hellip;]<\/p>\n","protected":false},"author":1,"featured_media":0,"comment_status":"open","ping_status":"","sticky":false,"template":"","format":"standard","meta":{"footnotes":""},"categories":[89],"tags":[204,226],"class_list":["post-2057443","post","type-post","status-publish","format-standard","hentry","category-romania","tag-banatulmeu-ro","tag-crawlmanager"],"_links":{"self":[{"href":"https:\/\/analyse.optim.biz\/index.php?rest_route=\/wp\/v2\/posts\/2057443","targetHints":{"allow":["GET"]}}],"collection":[{"href":"https:\/\/analyse.optim.biz\/index.php?rest_route=\/wp\/v2\/posts"}],"about":[{"href":"https:\/\/analyse.optim.biz\/index.php?rest_route=\/wp\/v2\/types\/post"}],"author":[{"embeddable":true,"href":"https:\/\/analyse.optim.biz\/index.php?rest_route=\/wp\/v2\/users\/1"}],"replies":[{"embeddable":true,"href":"https:\/\/analyse.optim.biz\/index.php?rest_route=%2Fwp%2Fv2%2Fcomments&post=2057443"}],"version-history":[{"count":0,"href":"https:\/\/analyse.optim.biz\/index.php?rest_route=\/wp\/v2\/posts\/2057443\/revisions"}],"wp:attachment":[{"href":"https:\/\/analyse.optim.biz\/index.php?rest_route=%2Fwp%2Fv2%2Fmedia&parent=2057443"}],"wp:term":[{"taxonomy":"category","embeddable":true,"href":"https:\/\/analyse.optim.biz\/index.php?rest_route=%2Fwp%2Fv2%2Fcategories&post=2057443"},{"taxonomy":"post_tag","embeddable":true,"href":"https:\/\/analyse.optim.biz\/index.php?rest_route=%2Fwp%2Fv2%2Ftags&post=2057443"}],"curies":[{"name":"wp","href":"https:\/\/api.w.org\/{rel}","templated":true}]}}