{"id":2057430,"date":"2026-07-23T06:48:40","date_gmt":"2026-07-23T03:48:40","guid":{"rendered":"https:\/\/analyse.optim.biz\/?p=2057430"},"modified":"2026-07-23T06:48:40","modified_gmt":"2026-07-23T03:48:40","slug":"oana-toiu-se-lauda-ca-mae-nu-mai-plateste-chirie-pe-ambasada-romaniei-din-libia-stefan-popescu-intrebarea-reala-e-de-ce-nu-mai-avem-ambasada-functionala-la-tripoli","status":"publish","type":"post","link":"https:\/\/analyse.optim.biz\/?p=2057430","title":{"rendered":"Oana \u021aoiu se laud\u0103 c\u0103 MAE nu mai pl\u0103te\u0219te chirie pe ambasada Rom\u00e2niei din Libia. \u0218tefan Popescu: \u00centrebarea real\u0103 e de ce nu mai avem ambasad\u0103 func\u021bional\u0103 la Tripoli"},"content":{"rendered":"<p>[analyse_image type=&#8221;featured&#8221; src=&#8221;https:\/\/r3media.ro\/wp-content\/uploads\/2026\/06\/oana-toiu-consiliul-de-securitate-onu-e1780379964517.jpghttps:\/\/r3media.ro\/wp-content\/uploads\/2026\/06\/oana-toiu-consiliul-de-securitate-onu-e1780379964517.jpg&#8221;]<\/p>\n<article id=\"template-id-109\" class=\"post-109 tdb_templates type-tdb_templates status-publish post\">\n<div id=\"tdi_2\" class=\"tdc-zone\">\n<div class=\"tdc_zone tdi_3  wpb_row td-pb-row\">\n<div id=\"tdi_4\" class=\"tdc-row\">\n<div class=\"vc_row tdi_5  wpb_row td-pb-row\">\n<div class=\"vc_column tdi_7  wpb_column vc_column_container tdc-column td-pb-span8\">\n<div class=\"wpb_wrapper\">\n<div class=\"td_block_wrap tdb_breadcrumbs tdi_8 td-pb-border-top td_block_template_1 tdb-breadcrumbs \" data-td-block-uid=\"tdi_8\">\n<div class=\"tdb-block-inner td-fix-index\"><span><a title=\"Vede\u021bi toate articolele \u00een FEATURED\" class=\"tdb-entry-crumb\" href=\"https:\/\/r3media.ro\/category\/featured\/\">FEATURED<\/a><\/span><span class=\"tdb-bred-no-url-last\">Oana \u021aoiu se laud\u0103 c\u0103 MAE nu mai pl\u0103te\u0219te chirie pe ambasada&#8230;<\/span><\/div>\n<\/div>\n<div class=\"td_block_wrap tdb_single_categories tdi_9 td-pb-border-top td_block_template_1 \" data-td-block-uid=\"tdi_9\">\n<div class=\"tdb-category td-fix-index\"><a class=\"tdb-entry-category\" href=\"https:\/\/r3media.ro\/category\/featured\/\">FEATURED<\/a><a class=\"tdb-entry-category\" href=\"https:\/\/r3media.ro\/category\/stiri\/\">\u0218TIRI<\/a><\/div>\n<\/div>\n<div class=\"td_block_wrap tdb_title tdi_10 tdb-single-title td-pb-border-top td_block_template_1\" data-td-block-uid=\"tdi_10\">\n<div class=\"tdb-block-inner td-fix-index\">\n<h1 class=\"tdb-title-text\">Oana \u021aoiu se laud\u0103 c\u0103 MAE nu mai pl\u0103te\u0219te chirie pe ambasada Rom\u00e2niei din Libia. \u0218tefan Popescu: \u00centrebarea real\u0103 e de ce nu mai avem ambasad\u0103 func\u021bional\u0103 la Tripoli<\/h1>\n<\/div>\n<\/div>\n<div class=\"vc_row_inner tdi_12  vc_row vc_inner wpb_row td-pb-row\">\n<div class=\"vc_column_inner tdi_14  wpb_column vc_column_container tdc-inner-column td-pb-span12\">\n<div class=\"vc_column-inner\">\n<div class=\"wpb_wrapper\">\n<div class=\"td_block_wrap tdb_single_author tdi_15 td-pb-border-top td_block_template_1 tdb-post-meta\" data-td-block-uid=\"tdi_15\">\n<div class=\"tdb-block-inner td-fix-index\">\n<div class=\"tdb-author-name-wrap\"><a class=\"tdb-author-name\" href=\"https:\/\/r3media.ro\/author\/teodor_stan\/\">Teodor Stan<\/a><\/div>\n<\/div>\n<\/div>\n<div class=\"td_block_wrap tdb_single_date tdi_16 td-pb-border-top td_block_template_1 tdb-post-meta\" data-td-block-uid=\"tdi_16\">\n<div class=\"tdb-block-inner td-fix-index\"><time class=\"entry-date updated td-module-date\" datetime=\"2026-07-23T09:48:40+03:00\">23\/07\/2026<\/time><\/div>\n<\/div>\n<\/div>\n<\/div>\n<\/div>\n<\/div>\n<div class=\"td_block_wrap tdb_single_featured_image tdi_17 tdb-content-horiz-left td-pb-border-top td_block_template_1\" data-td-block-uid=\"tdi_17\">\n<div class=\"tdb-block-inner td-fix-index\">\n<figure><figcaption class=\"tdb-caption-text\">Sursa foto: UN Photo\/Mark Garten<\/figcaption><\/figure>\n<\/div>\n<\/div>\n<div class=\"td_block_wrap tdb_single_content tdi_18 td-pb-border-top td_block_template_1 td-post-content tagdiv-type\" data-td-block-uid=\"tdi_18\">\n<div class=\"tdb-block-inner td-fix-index\">\n<p><strong>Ministrul de Externe, Oana \u021aoiu, a anun\u021bat c\u0103 institu\u021bia pe care o conduce a reziliat contractul pentru cl\u0103direa care g\u0103zduia Ambasada Rom\u00e2niei \u00een Libia.<\/strong><\/p>\n<p>Potrivit ministrului, statul rom\u00e2n a pl\u0103tit peste 400.000 de dolari \u00een ultimii 12 ani, de\u0219i \u021bara noastr\u0103 nu mai are diploma\u021bi la Tripoli.<\/p>\n<p>\u201eAm identificat \u00een Libia, acolo aveam contract de chirie at\u00e2t pentru ambasad\u0103, c\u00e2t \u0219i pentru re\u0219edin\u021ba, \u00eens\u0103 noi nu mai avem echip\u0103 \u00een teren din 2014. Avem ambasador, dar care a fost relocat la Tunis \u00een momentul \u00een care au crescut riscurile\u201d, a declarat la Euronews Rom\u00e2nia, mar\u021bi sear\u0103, ministrul interimar de Externe Oana \u0162oiu.<\/p>\n<p>Potrivit <a href=\"https:\/\/www.digi24.ro\/stiri\/actualitate\/romania-a-platit-peste-400-000-de-dolari-pentru-chiria-ambasadei-din-libia-care-nu-mai-exista-de-12-ani-spune-oana-toiu-3874077\" target=\"_blank\" rel=\"noopener\">Dig24<\/a> a precizat c\u0103 a decis \u00eenchiderea acestor contracte: \u201ePractic, \u00een ultimii 12 ani au fost pl\u0103ti\u021bi peste 400.000 de dolari\u201d.<\/p>\n<p>\u021aoiu a precizat c\u0103, atunci c\u00e2nd situa\u0163ia de securitate va permite, Rom\u00e2nia va avea din nou echip\u0103 de diploma\u021bi \u00een Libia, caz \u00een care va \u00eenchiria o nou\u0103 cl\u0103dire.<\/p>\n<h2>\u00centrebarea cu adev\u0103rat important\u0103<\/h2>\n<p>Analistul de politic\u0103 extern\u0103, <a href=\"https:\/\/r3media.ro\/tag\/stefan-popescu\/\" target=\"_blank\" rel=\"noopener\">\u0218tefan Popescu<\/a>, spune \u00eens\u0103 c\u0103 acest anun\u021b ascunde o alt\u0103 \u00eentrebare, mult mai important\u0103.<\/p>\n<p>Fostul secretar de stat \u00een MAE afirm\u0103 c\u0103 alte \u021b\u0103ri din regiune au ambasade func\u021bionale la Tripoli.<\/p>\n<p>\u201e\u00centrebarea corecta ar fi fost de ce, dup\u0103 mai bine de un deceniu de absen\u021b\u0103 efectiv\u0103, Bucure\u0219tiul nu a g\u0103sit mijloacele pentru ca ambasada sa de la Tripoli s\u0103 redevin\u0103 func\u021bional\u0103.<\/p>\n<p>Pentru ca ce sa vezi, \u00een timp ce noi prezentam o retragere dintr-un spa\u021biu ca succes, alte state din regiune au ales logica prezen\u021bei la Tripoli cu ambasade func\u021bionale: Ungaria, Serbia, Bulgaria sau Grecia\u201d, a scris \u0218tefan Popescu.<\/p>\n<div class=\"crp_related     crp-masonry\">\n<h2>\u00ceN CONTEXT<\/h2>\n<ul>\n<li><a href=\"https:\/\/r3media.ro\/oana-se-ia-la-tranta-cu-america-toiu-a-sters-postarea-in-care-l-omagia-pe-charlie-kirk\/\" class=\"crp_link post-113249\"><span class=\"crp_title\">Oana se face de r\u00e2s \u00een America: \u021aoiu a \u0219ters postarea \u00een care-l omagia pe Charlie Kirk dup\u0103\u2026<\/span><\/a><\/li>\n<li><a href=\"https:\/\/r3media.ro\/oana-toiu-recunoaste-administratia-trump-explicatii-autoritati-romane-anularea-alegerilor-prezidentiale-2024\/\" class=\"crp_link post-112649\"><span class=\"crp_title\">Oana \u021aoiu o spune din nou \u0219i din nou: Administra\u021bia Trump a cerut explica\u021bii fa\u0163\u0103 de decizia\u2026<\/span><\/a><\/li>\n<li><a href=\"https:\/\/r3media.ro\/dezastru-oana-toiu-sua-ministru-afaceri-externe-romani-ocean-sala-goala-chicago\/\" class=\"crp_link post-113241\"><span class=\"crp_title\">Dezastru pentru Oana \u021aoiu \u00een SUA: Rom\u00e2nii de peste ocean nu au vrut s\u0103 o vad\u0103 \u0219i ministra de\u2026<\/span><\/a><\/li>\n<li><a href=\"https:\/\/r3media.ro\/romania-adio-program-visa-waiver-anularea-alegerilor-subiect-bilaterala-oana-toiu-marco-rubio-sua\/\" class=\"crp_link post-113570\"><span class=\"crp_title\">Rom\u00e2nia \u00ee\u0219i ia adio de la Programul Visa Waiver, din cauza anul\u0103rii alegerilor: Subiectul nu\u2026<\/span><\/a><\/li>\n<li><a href=\"https:\/\/r3media.ro\/oana-toiu-recunoaste-secretul-lui-polichinelle-romania-scoasa-visa-waiver-anulat-alegeri-prezidentiale-2024\/\" class=\"crp_link post-112395\"><span class=\"crp_title\">Oana \u021aoiu recunoa\u0219te secretul lui Polichinelle: Rom\u00e2nia a fost scoas\u0103 din Visa Waiver pentru\u2026<\/span><\/a><\/li>\n<li><a href=\"https:\/\/r3media.ro\/stefan-popescu-romania-intariri-nato-vorbe\/\" class=\"crp_link post-118150\"><span class=\"crp_title\">\u0218tefan Popescu: Rom\u00e2nia a cerut \u00eent\u0103riri din partea NATO, dar a primit doar vorbe frumoase<\/span><\/a><\/li>\n<li><a href=\"https:\/\/r3media.ro\/stefan-popescu-miza-reala-intalnire-nicusor-dan-erdogan-romania-turcia\/\" class=\"crp_link post-118714\"><span class=\"crp_title\">\u0218tefan Popescu, despre miza REAL\u0102 a \u00eent\u00e2lnirii Nicu\u0219or Dan &#8211; Erdogan: Securitatea Rom\u00e2niei\u2026<\/span><\/a><\/li>\n<li><a href=\"https:\/\/r3media.ro\/stefan-popescu-romania-vulnerabil-flanc-estic-baltica-sud-est\/\" class=\"crp_link post-117255\"><span class=\"crp_title\">\u0218tefan Popescu: Rom\u00e2nia este adev\u0103ratul punct vulnerabil de pe flancul estic, nu Baltica.\u2026<\/span><\/a><\/li>\n<\/ul>\n<\/div>\n<\/div>\n<\/div>\n<div class=\"td_block_wrap tdb_single_tags tdi_19 td-pb-border-top td_block_template_1\" data-td-block-uid=\"tdi_19\">\n<div class=\"tdb-block-inner td-fix-index\">\n<ul class=\"tdb-tags\">\n<li><span>SUBIECTE FIERBIN\u021aI<\/span><\/li>\n<li><a href=\"https:\/\/r3media.ro\/tag\/libia\/\">libia<\/a><\/li>\n<li><a href=\"https:\/\/r3media.ro\/tag\/ministerul-afacerilor-externe-mae\/\">ministerul afacerilor externe (MAE)<\/a><\/li>\n<li><a href=\"https:\/\/r3media.ro\/tag\/oana-toiu\/\">oana toiu<\/a><\/li>\n<li><a href=\"https:\/\/r3media.ro\/tag\/politica-externa-a-romaniei\/\">politica externa a romaniei<\/a><\/li>\n<li><a href=\"https:\/\/r3media.ro\/tag\/stefan-popescu\/\">stefan popescu<\/a><\/li>\n<\/ul>\n<\/div>\n<\/div>\n<div class=\"td_block_wrap td_block_9 tdi_20 td_with_ajax_pagination td-pb-border-top td_block_template_1 td-column-2 td_block_padding td_block_bot_line\" data-td-block-uid=\"tdi_20\">\n<div class=\"td-block-title-wrap\">\n<h4 class=\"block-title td-block-title\"><span class=\"td-pulldown-size\">CITE\u0218TE MAI MULT<\/span><\/h4>\n<\/div>\n<div id=\"tdi_20\" class=\"td_block_inner\">\n<div class=\"td-block-row\">\n<div class=\"td-block-span6\">\n<div class=\"td_module_8 td_module_wrap\">\n<div class=\"item-details\">\n<h3 class=\"entry-title td-module-title\"><a href=\"https:\/\/r3media.ro\/campion-olimpic-olaf-tufte-mort-subit-50-ani\/\" rel=\"bookmark\" title=\"Campionul olimpic Olaf Tufte a murit subit la 50 de ani\">Campionul olimpic Olaf Tufte a murit subit la 50 de ani<\/a><\/h3>\n<div class=\"td-module-meta-info\"><a href=\"https:\/\/r3media.ro\/category\/stiri-prim-plan\/\" class=\"td-post-category\">PRIM PLAN<\/a><span class=\"td-post-author-name\"><a href=\"https:\/\/r3media.ro\/author\/oana\/\">Oana Ivan<\/a><span>&#8211;<\/span><\/span><span class=\"td-post-date\"><time class=\"entry-date updated td-module-date\" datetime=\"2026-07-22T12:11:02+03:00\">22\/07\/2026<\/time><\/span><\/div>\n<\/div>\n<\/div>\n<\/div>\n<div class=\"td-block-span6\">\n<div class=\"td_module_8 td_module_wrap\">\n<div class=\"item-details\">\n<h3 class=\"entry-title td-module-title\"><a href=\"https:\/\/r3media.ro\/explozie-incendiu-fabrica-kronospan-brasov-video\/\" rel=\"bookmark\" title=\"VIDEO | Explozie urmat\u0103 de un incendiu la fabrica Kronospan din Bra\u0219ov. \u00cen timp ce pompierii \u00eencercau s\u0103 sting\u0103 focul s-a produs o alt\u0103 explozie\">VIDEO | Explozie urmat\u0103 de un incendiu la fabrica Kronospan din Bra\u0219ov. \u00cen timp&#8230;<\/a><\/h3>\n<div class=\"td-module-meta-info\"><a href=\"https:\/\/r3media.ro\/category\/stiri-prim-plan\/\" class=\"td-post-category\">PRIM PLAN<\/a><span class=\"td-post-author-name\"><a href=\"https:\/\/r3media.ro\/author\/oana\/\">Oana Ivan<\/a><span>&#8211;<\/span><\/span><span class=\"td-post-date\"><time class=\"entry-date updated td-module-date\" datetime=\"2026-07-22T10:01:28+03:00\">22\/07\/2026<\/time><\/span><\/div>\n<\/div>\n<\/div>\n<\/div>\n<\/div>\n<div class=\"td-block-row\">\n<div class=\"td-block-span6\">\n<div class=\"td_module_8 td_module_wrap\">\n<div class=\"item-details\">\n<h3 class=\"entry-title td-module-title\"><a href=\"https:\/\/r3media.ro\/asa-incepe-compania-openai-afirma-un-model-de-inteligenta-artificiala-a-atacat-din-proprie-initiativa-sistemele-unei-alte-companii\/\" rel=\"bookmark\" title=\"A\u0219a \u00eencepe? Compania OpenAI afirm\u0103 un model de inteligen\u021b\u0103 artificial\u0103 a ATACAT din proprie ini\u021biativ\u0103 sistemele unei alte companii\">A\u0219a \u00eencepe? Compania OpenAI afirm\u0103 un model de inteligen\u021b\u0103 artificial\u0103 a ATACAT din proprie&#8230;<\/a><\/h3>\n<div class=\"td-module-meta-info\"><a href=\"https:\/\/r3media.ro\/category\/stiri-prim-plan\/\" class=\"td-post-category\">PRIM PLAN<\/a><span class=\"td-post-author-name\"><a href=\"https:\/\/r3media.ro\/author\/teodor_stan\/\">Teodor Stan<\/a><span>&#8211;<\/span><\/span><span class=\"td-post-date\"><time class=\"entry-date updated td-module-date\" datetime=\"2026-07-22T09:10:53+03:00\">22\/07\/2026<\/time><\/span><\/div>\n<\/div>\n<\/div>\n<\/div>\n<div class=\"td-block-span6\">\n<div class=\"td_module_8 td_module_wrap\">\n<div class=\"item-details\">\n<h3 class=\"entry-title td-module-title\"><a href=\"https:\/\/r3media.ro\/episcopul-husilor-oameni-animale-therieni-degradare-progresism\/\" rel=\"bookmark\" title=\"Episcopul Hu\u0219ilor, despre oamenii care se cred animale: V\u0103 da\u021bi seama c\u00e2t\u0103 degradare uman\u0103 este? De ce? Pentru c\u0103 se \u00eencred \u00een progresism\">Episcopul Hu\u0219ilor, despre oamenii care se cred animale: V\u0103 da\u021bi seama c\u00e2t\u0103 degradare uman\u0103&#8230;<\/a><\/h3>\n<div class=\"td-module-meta-info\"><a href=\"https:\/\/r3media.ro\/category\/actualitate\/\" class=\"td-post-category\">ACTUALITATE<\/a><span class=\"td-post-author-name\"><a href=\"https:\/\/r3media.ro\/author\/radu_ursan\/\">Radu Ursan<\/a><span>&#8211;<\/span><\/span><span class=\"td-post-date\"><time class=\"entry-date updated td-module-date\" datetime=\"2026-07-21T19:30:46+03:00\">21\/07\/2026<\/time><\/span><\/div>\n<\/div>\n<\/div>\n<\/div>\n<\/div>\n<div class=\"td-block-row\">\n<div class=\"td-block-span6\">\n<div class=\"td_module_8 td_module_wrap\">\n<div class=\"item-details\">\n<h3 class=\"entry-title td-module-title\"><a href=\"https:\/\/r3media.ro\/video-cult-femeie-dumnezeu-mama-romania\/\" rel=\"bookmark\" title=\"VIDEO | Un cult care consider\u0103 o femeie coreean\u0103 drept \u201eDumnezeu Mama\u201d face prozeli\u021bi \u00een Rom\u00e2nia\">VIDEO | Un cult care consider\u0103 o femeie coreean\u0103 drept \u201eDumnezeu Mama\u201d face prozeli\u021bi&#8230;<\/a><\/h3>\n<div class=\"td-module-meta-info\"><a href=\"https:\/\/r3media.ro\/category\/actualitate\/\" class=\"td-post-category\">ACTUALITATE<\/a><span class=\"td-post-author-name\"><a href=\"https:\/\/r3media.ro\/author\/redactia\/\">Redac\u021bia<\/a><span>&#8211;<\/span><\/span><span class=\"td-post-date\"><time class=\"entry-date updated td-module-date\" datetime=\"2026-07-21T11:14:08+03:00\">21\/07\/2026<\/time><\/span><\/div>\n<\/div>\n<\/div>\n<\/div>\n<div class=\"td-block-span6\">\n<div class=\"td_module_8 td_module_wrap\">\n<div class=\"item-details\">\n<h3 class=\"entry-title td-module-title\"><a href=\"https:\/\/r3media.ro\/cehia-interzice-telefoanele-in-scoli\/\" rel=\"bookmark\" title=\"Cehia se preg\u0103te\u0219te s\u0103 interzic\u0103 telefoanele mobile \u00een \u0219coli\">Cehia se preg\u0103te\u0219te s\u0103 interzic\u0103 telefoanele mobile \u00een \u0219coli<\/a><\/h3>\n<div class=\"td-module-meta-info\"><a href=\"https:\/\/r3media.ro\/category\/actualitate\/\" class=\"td-post-category\">ACTUALITATE<\/a><span class=\"td-post-author-name\"><a href=\"https:\/\/r3media.ro\/author\/redactia\/\">Redac\u021bia<\/a><span>&#8211;<\/span><\/span><span class=\"td-post-date\"><time class=\"entry-date updated td-module-date\" datetime=\"2026-07-20T22:34:13+03:00\">20\/07\/2026<\/time><\/span><\/div>\n<\/div>\n<\/div>\n<\/div>\n<\/div>\n<div class=\"td-block-row\">\n<div class=\"td-block-span6\">\n<div class=\"td_module_8 td_module_wrap\">\n<div class=\"item-details\">\n<h3 class=\"entry-title td-module-title\"><a href=\"https:\/\/r3media.ro\/mihail-neamtu-oblgatie-romania\/\" rel=\"bookmark\" title=\"Mihail Neam\u021bu: Suntem o \u021bar\u0103 mic\u0103, iar singura obliga\u021bie a politicienilor de la Bucure\u0219ti e s\u0103 nu introduc\u0103 Rom\u00e2nia \u00eentr-un r\u0103zboi stupid \u0219i perdant\">Mihail Neam\u021bu: Suntem o \u021bar\u0103 mic\u0103, iar singura obliga\u021bie a politicienilor de la Bucure\u0219ti&#8230;<\/a><\/h3>\n<div class=\"td-module-meta-info\"><a href=\"https:\/\/r3media.ro\/category\/actualitate\/\" class=\"td-post-category\">ACTUALITATE<\/a><span class=\"td-post-author-name\"><a href=\"https:\/\/r3media.ro\/author\/redactia\/\">Redac\u021bia<\/a><span>&#8211;<\/span><\/span><span class=\"td-post-date\"><time class=\"entry-date updated td-module-date\" datetime=\"2026-07-20T22:01:16+03:00\">20\/07\/2026<\/time><\/span><\/div>\n<\/div>\n<\/div>\n<\/div>\n<div class=\"td-block-span6\">\n<div class=\"td_module_8 td_module_wrap\">\n<div class=\"item-details\">\n<h3 class=\"entry-title td-module-title\"><a href=\"https:\/\/r3media.ro\/petrisor-peiu-conditii-aur-vot-guvernul-vestea-nicusor-dan-solutii-bunastare-romani\/\" rel=\"bookmark\" title=\"Condi\u021biile AUR pentru a vota Guvernul Ve\u0219tea. Petri\u0219or Peiu propune solu\u021bii clare pentru bun\u0103starea rom\u00e2nilor\">Condi\u021biile AUR pentru a vota Guvernul Ve\u0219tea. Petri\u0219or Peiu propune solu\u021bii clare pentru bun\u0103starea&#8230;<\/a><\/h3>\n<div class=\"td-module-meta-info\"><a href=\"https:\/\/r3media.ro\/category\/stiri\/\" class=\"td-post-category\">\u0218TIRI<\/a><span class=\"td-post-author-name\"><a href=\"https:\/\/r3media.ro\/author\/oana\/\">Oana Ivan<\/a><span>&#8211;<\/span><\/span><span class=\"td-post-date\"><time class=\"entry-date updated td-module-date\" datetime=\"2026-06-17T10:10:31+03:00\">17\/06\/2026<\/time><\/span><\/div>\n<\/div>\n<\/div>\n<\/div>\n<\/div>\n<div class=\"td-block-row\">\n<div class=\"td-block-span6\">\n<div class=\"td_module_8 td_module_wrap\">\n<div class=\"item-details\">\n<h3 class=\"entry-title td-module-title\"><a href=\"https:\/\/r3media.ro\/mihail-neamtu-neeuropeana-imperiu-birocrati-bruxelles-inarmarea-germaniei\/\" rel=\"bookmark\" title=\"EXCLUSIVITATE Mihail Neam\u021bu: Exist\u0103 o tendin\u021b\u0103 neeuropean\u0103 de a se crea un imperiu condus de birocra\u021bi de la Bruxelles \/ Pericolul \u00eenarm\u0103rii Germaniei\">EXCLUSIVITATE Mihail Neam\u021bu: Exist\u0103 o tendin\u021b\u0103 neeuropean\u0103 de a se crea un imperiu condus&#8230;<\/a><\/h3>\n<div class=\"td-module-meta-info\"><a href=\"https:\/\/r3media.ro\/category\/stiri\/\" class=\"td-post-category\">\u0218TIRI<\/a><span class=\"td-post-author-name\"><a href=\"https:\/\/r3media.ro\/author\/oana\/\">Oana Ivan<\/a><span>&#8211;<\/span><\/span><span class=\"td-post-date\"><time class=\"entry-date updated td-module-date\" datetime=\"2026-06-22T09:02:12+03:00\">22\/06\/2026<\/time><\/span><\/div>\n<\/div>\n<\/div>\n<\/div>\n<div class=\"td-block-span6\">\n<div class=\"td_module_8 td_module_wrap\">\n<div class=\"item-details\">\n<h3 class=\"entry-title td-module-title\"><a href=\"https:\/\/r3media.ro\/spania-invinge-argentina-castiga-cupa-mondiala\/\" rel=\"bookmark\" title=\"Spania a \u00eenvins Argentina \u0219i a c\u00e2\u0219tigat Cupa Mondial\u0103 pentru a doua oar\u0103 \u00een istorie\">Spania a \u00eenvins Argentina \u0219i a c\u00e2\u0219tigat Cupa Mondial\u0103 pentru a doua oar\u0103 \u00een&#8230;<\/a><\/h3>\n<div class=\"td-module-meta-info\"><a href=\"https:\/\/r3media.ro\/category\/actualitate\/\" class=\"td-post-category\">ACTUALITATE<\/a><span class=\"td-post-author-name\"><a href=\"https:\/\/r3media.ro\/author\/oana\/\">Oana Ivan<\/a><span>&#8211;<\/span><\/span><span class=\"td-post-date\"><time class=\"entry-date updated td-module-date\" datetime=\"2026-07-20T01:04:07+03:00\">20\/07\/2026<\/time><\/span><\/div>\n<\/div>\n<\/div>\n<\/div>\n<\/div>\n<div class=\"td-block-row\">\n<div class=\"td-block-span6\">\n<div class=\"td_module_8 td_module_wrap\">\n<div class=\"item-details\">\n<h3 class=\"entry-title td-module-title\"><a href=\"https:\/\/r3media.ro\/prapad-busteni-valea-prahovei-statiuni-ploi-viitura-oameni-raniti-masini-avariate-case-inundate\/\" rel=\"bookmark\" title=\"VIDEO | Pr\u0103p\u0103d la Bu\u0219teni! Ploile au cauzat o viitur\u0103 care a m\u0103turat tot \u00een cale \u00een sta\u021biunile de pe valea Prahovei: oameni r\u0103ni\u021bi, ma\u0219ini avariate \u0219i locuin\u021be inundate\">VIDEO | Pr\u0103p\u0103d la Bu\u0219teni! Ploile au cauzat o viitur\u0103 care a m\u0103turat tot&#8230;<\/a><\/h3>\n<div class=\"td-module-meta-info\"><a href=\"https:\/\/r3media.ro\/category\/actualitate\/\" class=\"td-post-category\">ACTUALITATE<\/a><span class=\"td-post-author-name\"><a href=\"https:\/\/r3media.ro\/author\/oana\/\">Oana Ivan<\/a><span>&#8211;<\/span><\/span><span class=\"td-post-date\"><time class=\"entry-date updated td-module-date\" datetime=\"2026-07-19T19:07:45+03:00\">19\/07\/2026<\/time><\/span><\/div>\n<\/div>\n<\/div>\n<\/div>\n<div class=\"td-block-span6\">\n<div class=\"td_module_8 td_module_wrap\">\n<div class=\"item-details\">\n<h3 class=\"entry-title td-module-title\"><a href=\"https:\/\/r3media.ro\/parinte-adrian-agachi-reactie-declaratii-ora-de-religie-corina-atanasiu-usr-totalitarism\/\" rel=\"bookmark\" title=\"P\u0103rintele Adrian Agachi a reac\u021bionat la afirma\u021biile despre ora de Religie f\u0103cute de Corina Atanasiu (USR): E inadmisibil s\u0103 ne \u00eentoarcem la discursuri totalitare. Scuzele ar fi absolut necesare\">P\u0103rintele Adrian Agachi a reac\u021bionat la afirma\u021biile despre ora de Religie f\u0103cute de Corina&#8230;<\/a><\/h3>\n<div class=\"td-module-meta-info\"><a href=\"https:\/\/r3media.ro\/category\/actualitate\/\" class=\"td-post-category\">ACTUALITATE<\/a><span class=\"td-post-author-name\"><a href=\"https:\/\/r3media.ro\/author\/oana\/\">Oana Ivan<\/a><span>&#8211;<\/span><\/span><span class=\"td-post-date\"><time class=\"entry-date updated td-module-date\" datetime=\"2026-07-19T02:45:37+03:00\">19\/07\/2026<\/time><\/span><\/div>\n<\/div>\n<\/div>\n<\/div>\n<\/div>\n<\/div>\n<div class=\"td-load-more-wrap td-load-more-infinite-wrap\" id=\"infinite-lm-tdi_20\"><a href=\"https:\/\/r3media.ro\/oana-toiu-mae-ambasada-romaniei-libia-stefan-popescu\/\" class=\"td_ajax_load_more td_ajax_load_more_js\" aria-label=\"\u00cenc\u0103rca\u021bi mai multe\" id=\"next-page-tdi_20\" data-td_block_id=\"tdi_20\">\u00cenc\u0103rca\u021bi mai multe<\/a><\/div>\n<\/div>\n<div class=\"td_block_wrap tdb_single_comments tdi_21 tdb-comm-layout2 td-pb-border-top td_block_template_1\" data-td-block-uid=\"tdi_21\">\n<div class=\"tdb-block-inner td-fix-index\">\n<div class=\"comments\" id=\"comments\">\n<div id=\"respond\" class=\"comment-respond\">\n<h3 id=\"reply-title\" class=\"comment-reply-title\">AI CEVA DE SPUS? <small><a rel=\"nofollow\" id=\"cancel-comment-reply-link\" href=\"https:\/\/r3media.ro\/oana-toiu-mae-ambasada-romaniei-libia-stefan-popescu\/#respond\">Renun\u021ba\u021bi la r\u0103spuns<\/a><\/small><\/h3>\n<div class=\"comment-form-input-wrap td-form-comment\">\n<div class=\"td-warning-comment\">V\u0103 rug\u0103m s\u0103 introduce\u021bi comentariul dvs.!<\/div>\n<\/div>\n<div class=\"comment-form-input-wrap td-form-author\">\n<div class=\"td-warning-author\">Introduce\u021bi aici numele dvs.<\/div>\n<\/div>\n<div class=\"comment-form-input-wrap td-form-email\">\n<div class=\"td-warning-email-error\">A\u021bi introdus o adres\u0103 de e-mail incorect\u0103!<\/div>\n<div class=\"td-warning-email\">V\u0103 rug\u0103m s\u0103 introduce\u021bi adresa dvs. de e-mail aici<\/div>\n<\/div>\n<\/div>\n<\/div>\n<\/div>\n<\/div>\n<\/div>\n<\/div>\n<div class=\"vc_column tdi_23  wpb_column vc_column_container tdc-column td-pb-span4 td-is-sticky\">\n<div class=\"wpb_wrapper\" data-sticky-enabled-on=\"W3RydWUsdHJ1ZSx0cnVlLHRydWVd\" data-sticky-offset=\"20\" data-sticky-is-width-auto=\"W2ZhbHNlLGZhbHNlLGZhbHNlLGZhbHNlXQ==\">\n<div class=\"wpb_wrapper td_block_wrap vc_widget_sidebar tdi_25 \">\n<div class=\"td_block_wrap td_block_7 td_block_widget tdi_26 td-pb-border-top td_block_template_1 td-column-1 td_block_padding\" data-td-block-uid=\"tdi_26\">\n<div class=\"td-block-title-wrap\">\n<h4 class=\"block-title td-block-title\"><span class=\"td-pulldown-size\">Articole RELA\u021aIONATE<\/span><\/h4>\n<\/div>\n<div id=\"tdi_26\" class=\"td_block_inner\">\n<div class=\"td-block-span12\">\n<div class=\"td_module_6 td_module_wrap td-animation-stack\">\n<div class=\"td-module-thumb\"><a href=\"https:\/\/r3media.ro\/pretul-gazelor-romania-razboi-ucraina\/\" rel=\"bookmark\" class=\"td-image-wrap \" title=\"Pre\u021bul gazelor a explodat \u00een Rom\u00e2nia, la cel mai \u00eenalt nivel de la declan\u0219area r\u0103zboiului din Ucraina\"><img loading=\"lazy\" decoding=\"async\" class=\"entry-thumb\" src=\"https:\/\/r3media.ro\/wp-content\/uploads\/2020\/12\/contor-facebook-100x70.jpg\" alt title=\"Pre\u021bul gazelor a explodat \u00een Rom\u00e2nia, la cel mai \u00eenalt nivel de la declan\u0219area r\u0103zboiului din Ucraina\" width=\"100\" height=\"70\"><\/a><\/div>\n<div class=\"item-details\">\n<h3 class=\"entry-title td-module-title\"><a href=\"https:\/\/r3media.ro\/pretul-gazelor-romania-razboi-ucraina\/\" rel=\"bookmark\" title=\"Pre\u021bul gazelor a explodat \u00een Rom\u00e2nia, la cel mai \u00eenalt nivel de la declan\u0219area r\u0103zboiului din Ucraina\">Pre\u021bul gazelor a explodat \u00een Rom\u00e2nia, la cel mai \u00eenalt nivel&#8230;<\/a><\/h3>\n<div class=\"td-module-meta-info\"><span class=\"td-post-date\"><time class=\"entry-date updated td-module-date\" datetime=\"2026-07-23T10:19:38+03:00\">23\/07\/2026<\/time><\/span><\/div>\n<\/div>\n<\/div>\n<\/div>\n<div class=\"td-block-span12\">\n<div class=\"td_module_6 td_module_wrap td-animation-stack\">\n<div class=\"td-module-thumb\"><a href=\"https:\/\/r3media.ro\/noua-intelegere-germania-unda-verde-proiect-colaborare-rusia-domeniu-nuclear\/\" rel=\"bookmark\" class=\"td-image-wrap \" title=\"Germania a dat und\u0103 verde unei colabor\u0103ri cu Rusia \u00een domeniul nuclear\"><img loading=\"lazy\" decoding=\"async\" class=\"entry-thumb\" src=\"https:\/\/r3media.ro\/wp-content\/uploads\/2023\/09\/germania-1536x1069-1-100x70.webp\" alt title=\"Germania a dat und\u0103 verde unei colabor\u0103ri cu Rusia \u00een domeniul nuclear\" width=\"100\" height=\"70\"><\/a><\/div>\n<div class=\"item-details\">\n<h3 class=\"entry-title td-module-title\"><a href=\"https:\/\/r3media.ro\/noua-intelegere-germania-unda-verde-proiect-colaborare-rusia-domeniu-nuclear\/\" rel=\"bookmark\" title=\"Germania a dat und\u0103 verde unei colabor\u0103ri cu Rusia \u00een domeniul nuclear\">Germania a dat und\u0103 verde unei colabor\u0103ri cu Rusia \u00een domeniul&#8230;<\/a><\/h3>\n<div class=\"td-module-meta-info\"><span class=\"td-post-date\"><time class=\"entry-date updated td-module-date\" datetime=\"2026-07-22T23:55:16+03:00\">22\/07\/2026<\/time><\/span><\/div>\n<\/div>\n<\/div>\n<\/div>\n<div class=\"td-block-span12\">\n<div class=\"td_module_6 td_module_wrap td-animation-stack\">\n<div class=\"td-module-thumb\"><a href=\"https:\/\/r3media.ro\/romania-in-fata-unei-crize-a-combustibilului-dupa-atacurile-ucrainene-cu-drone-asupra-petrolierelor\/\" rel=\"bookmark\" class=\"td-image-wrap \" title=\"Rom\u00e2nia, \u00een fa\u021ba unei crize a combustibilului dup\u0103 atacurile ucrainene cu drone asupra petrolierelor\"><img loading=\"lazy\" decoding=\"async\" class=\"entry-thumb\" src=\"https:\/\/r3media.ro\/wp-content\/uploads\/2026\/07\/petrol-kazahstan-100x70.jpg\" alt title=\"Rom\u00e2nia, \u00een fa\u021ba unei crize a combustibilului dup\u0103 atacurile ucrainene cu drone asupra petrolierelor\" width=\"100\" height=\"70\"><\/a><\/div>\n<div class=\"item-details\">\n<h3 class=\"entry-title td-module-title\"><a href=\"https:\/\/r3media.ro\/romania-in-fata-unei-crize-a-combustibilului-dupa-atacurile-ucrainene-cu-drone-asupra-petrolierelor\/\" rel=\"bookmark\" title=\"Rom\u00e2nia, \u00een fa\u021ba unei crize a combustibilului dup\u0103 atacurile ucrainene cu drone asupra petrolierelor\">Rom\u00e2nia, \u00een fa\u021ba unei crize a combustibilului dup\u0103 atacurile ucrainene cu&#8230;<\/a><\/h3>\n<div class=\"td-module-meta-info\"><span class=\"td-post-date\"><time class=\"entry-date updated td-module-date\" datetime=\"2026-07-22T21:51:57+03:00\">22\/07\/2026<\/time><\/span><\/div>\n<\/div>\n<\/div>\n<\/div>\n<div class=\"td-block-span12\">\n<div class=\"td_module_6 td_module_wrap td-animation-stack\">\n<div class=\"td-module-thumb\"><a href=\"https:\/\/r3media.ro\/23-iulie-aducerea-moastelor-sfantului-sfintit-mucenic-foca-sfintii-mucenici-apolinarie-vitalie-si-valeria\/\" rel=\"bookmark\" class=\"td-image-wrap \" title=\"Calendarul zilei 23 iulie: Aducerea moa\u015ftelor Sf\u00e2ntului Sfin\u0163it Mucenic Foca; Sfin\u0163ii Mucenici Apolinarie, Vitalie \u015fi Valeria\"><img loading=\"lazy\" decoding=\"async\" class=\"entry-thumb\" src=\"https:\/\/r3media.ro\/wp-content\/uploads\/2024\/07\/aducerea-moastelor-sfantului-sfintit-mucenic-foca-sfintii-mucenici-apolinarie-vitalie-si-valeria-178050-100x70.jpg\" alt title=\"Calendarul zilei 23 iulie: Aducerea moa\u015ftelor Sf\u00e2ntului Sfin\u0163it Mucenic Foca; Sfin\u0163ii Mucenici Apolinarie, Vitalie \u015fi Valeria\" width=\"100\" height=\"70\"><\/a><\/div>\n<div class=\"item-details\">\n<h3 class=\"entry-title td-module-title\"><a href=\"https:\/\/r3media.ro\/23-iulie-aducerea-moastelor-sfantului-sfintit-mucenic-foca-sfintii-mucenici-apolinarie-vitalie-si-valeria\/\" rel=\"bookmark\" title=\"Calendarul zilei 23 iulie: Aducerea moa\u015ftelor Sf\u00e2ntului Sfin\u0163it Mucenic Foca; Sfin\u0163ii Mucenici Apolinarie, Vitalie \u015fi Valeria\">Calendarul zilei 23 iulie: Aducerea moa\u015ftelor Sf\u00e2ntului Sfin\u0163it Mucenic Foca; Sfin\u0163ii&#8230;<\/a><\/h3>\n<div class=\"td-module-meta-info\"><span class=\"td-post-date\"><time class=\"entry-date updated td-module-date\" datetime=\"2026-07-22T21:24:00+03:00\">22\/07\/2026<\/time><\/span><\/div>\n<\/div>\n<\/div>\n<\/div>\n<div class=\"td-block-span12\">\n<div class=\"td_module_6 td_module_wrap td-animation-stack\">\n<div class=\"td-module-thumb\"><a href=\"https:\/\/r3media.ro\/catre-toti-cei-care-intretin-aceasta-stare-de-dezbinare-intre-suveranisti-din-ignoranta-prostie-mandrie-dar-si-multa-necredinta\/\" rel=\"bookmark\" class=\"td-image-wrap \" title=\"C\u0103tre to\u021bi cei care \u00eentre\u021bin aceast\u0103 stare de dezbinare \u00eentre suverani\u0219ti, din ignoran\u021b\u0103, prostie, m\u00e2ndrie dar \u0219i mult\u0103 necredin\u021b\u0103\"><img loading=\"lazy\" decoding=\"async\" class=\"entry-thumb\" src=\"https:\/\/r3media.ro\/wp-content\/uploads\/2021\/11\/tricolor-mana-pe-pamant-620x400-1-100x70.jpg\" alt title=\"C\u0103tre to\u021bi cei care \u00eentre\u021bin aceast\u0103 stare de dezbinare \u00eentre suverani\u0219ti, din ignoran\u021b\u0103, prostie, m\u00e2ndrie dar \u0219i mult\u0103 necredin\u021b\u0103\" width=\"100\" height=\"70\"><\/a><\/div>\n<div class=\"item-details\">\n<h3 class=\"entry-title td-module-title\"><a href=\"https:\/\/r3media.ro\/catre-toti-cei-care-intretin-aceasta-stare-de-dezbinare-intre-suveranisti-din-ignoranta-prostie-mandrie-dar-si-multa-necredinta\/\" rel=\"bookmark\" title=\"C\u0103tre to\u021bi cei care \u00eentre\u021bin aceast\u0103 stare de dezbinare \u00eentre suverani\u0219ti, din ignoran\u021b\u0103, prostie, m\u00e2ndrie dar \u0219i mult\u0103 necredin\u021b\u0103\">C\u0103tre to\u021bi cei care \u00eentre\u021bin aceast\u0103 stare de dezbinare \u00eentre suverani\u0219ti,&#8230;<\/a><\/h3>\n<div class=\"td-module-meta-info\"><span class=\"td-post-date\"><time class=\"entry-date updated td-module-date\" datetime=\"2026-07-22T17:17:44+03:00\">22\/07\/2026<\/time><\/span><\/div>\n<\/div>\n<\/div>\n<\/div>\n<div class=\"td-block-span12\">\n<div class=\"td_module_6 td_module_wrap td-animation-stack\">\n<div class=\"td-module-thumb\"><a href=\"https:\/\/r3media.ro\/presiunile-n-au-avut-succes-primaria-nu-a-avizat-marsul-homosexualitatii-la-oradea-pentru-al-patrulea-an-consecutiv\/\" rel=\"bookmark\" class=\"td-image-wrap \" title=\"Presiunile n-au avut succes: Prim\u0103ria NU a avizat mar\u0219ul homosexualit\u0103\u021bii la Oradea, pentru al patrulea an consecutiv\"><img loading=\"lazy\" decoding=\"async\" class=\"entry-thumb\" src=\"https:\/\/r3media.ro\/wp-content\/uploads\/2026\/07\/primaria-oradea-magnolie-bihoreanul-100x70.jpg\" alt title=\"Presiunile n-au avut succes: Prim\u0103ria NU a avizat mar\u0219ul homosexualit\u0103\u021bii la Oradea, pentru al patrulea an consecutiv\" width=\"100\" height=\"70\"><\/a><\/div>\n<div class=\"item-details\">\n<h3 class=\"entry-title td-module-title\"><a href=\"https:\/\/r3media.ro\/presiunile-n-au-avut-succes-primaria-nu-a-avizat-marsul-homosexualitatii-la-oradea-pentru-al-patrulea-an-consecutiv\/\" rel=\"bookmark\" title=\"Presiunile n-au avut succes: Prim\u0103ria NU a avizat mar\u0219ul homosexualit\u0103\u021bii la Oradea, pentru al patrulea an consecutiv\">Presiunile n-au avut succes: Prim\u0103ria NU a avizat mar\u0219ul homosexualit\u0103\u021bii la&#8230;<\/a><\/h3>\n<div class=\"td-module-meta-info\"><span class=\"td-post-date\"><time class=\"entry-date updated td-module-date\" datetime=\"2026-07-22T17:06:31+03:00\">22\/07\/2026<\/time><\/span><\/div>\n<\/div>\n<\/div>\n<\/div>\n<div class=\"td-block-span12\">\n<div class=\"td_module_6 td_module_wrap td-animation-stack\">\n<div class=\"td-module-thumb\"><a href=\"https:\/\/r3media.ro\/campion-olimpic-olaf-tufte-mort-subit-50-ani\/\" rel=\"bookmark\" class=\"td-image-wrap \" title=\"Campionul olimpic Olaf Tufte a murit subit la 50 de ani\"><img loading=\"lazy\" decoding=\"async\" class=\"entry-thumb\" src=\"https:\/\/r3media.ro\/wp-content\/uploads\/2026\/07\/olaf-tufte-100x70.jpg\" alt title=\"Campionul olimpic Olaf Tufte a murit subit la 50 de ani\" width=\"100\" height=\"70\"><\/a><\/div>\n<div class=\"item-details\">\n<h3 class=\"entry-title td-module-title\"><a href=\"https:\/\/r3media.ro\/campion-olimpic-olaf-tufte-mort-subit-50-ani\/\" rel=\"bookmark\" title=\"Campionul olimpic Olaf Tufte a murit subit la 50 de ani\">Campionul olimpic Olaf Tufte a murit subit la 50 de ani<\/a><\/h3>\n<div class=\"td-module-meta-info\"><span class=\"td-post-date\"><time class=\"entry-date updated td-module-date\" datetime=\"2026-07-22T12:11:02+03:00\">22\/07\/2026<\/time><\/span><\/div>\n<\/div>\n<\/div>\n<\/div>\n<\/div>\n<\/div>\n<aside class=\"td_block_template_1 widget widget_recent_comments\">\n<h4 class=\"block-title\"><span>INTR\u0102 \u00ceN DISCU\u021aIE!<\/span><\/h4>\n<ul id=\"recentcomments\">\n<li class=\"recentcomments\"><span class=\"comment-author-link\">reno<\/span> la <a href=\"https:\/\/r3media.ro\/asa-incepe-compania-openai-afirma-un-model-de-inteligenta-artificiala-a-atacat-din-proprie-initiativa-sistemele-unei-alte-companii\/#comment-40298\">A\u0219a \u00eencepe? Compania OpenAI afirm\u0103 un model de inteligen\u021b\u0103 artificial\u0103 a ATACAT din proprie ini\u021biativ\u0103 sistemele unei alte companii<\/a><\/li>\n<li class=\"recentcomments\"><span class=\"comment-author-link\">Sumen<\/span> la <a href=\"https:\/\/r3media.ro\/deznationala-frantei-a-invins-franta\/#comment-40297\">Dezna\u021bionala Fran\u021bei a \u00eenvins Fran\u021ba \u00a0\u00a0<\/a><\/li>\n<li class=\"recentcomments\"><span class=\"comment-author-link\">Decebal<\/span> la <a href=\"https:\/\/r3media.ro\/video-cult-femeie-dumnezeu-mama-romania\/#comment-40295\">VIDEO | Un cult care consider\u0103 o femeie coreean\u0103 drept \u201eDumnezeu Mama\u201d face prozeli\u021bi \u00een Rom\u00e2nia<\/a><\/li>\n<li class=\"recentcomments\"><span class=\"comment-author-link\">Nicu<\/span> la <a href=\"https:\/\/r3media.ro\/nicusor-dan-in-cursul-noptii-trecute-o-nava-sub-pavilion-liberian-a-fost-lovita-in-afara-apelor-teritoriale-ale-romaniei-la-20-de-mile-marine-de-tarmul-romanesc\/#comment-40294\">Nicu\u0219or Dan: \u00cen cursul nop\u0163ii trecute, o nav\u0103 sub pavilion liberian a fost lovit\u0103 \u00een afara apelor teritoriale ale Rom\u00e2niei, la 20 de mile marine de \u0163\u0103rmul rom\u00e2nesc<\/a><\/li>\n<li class=\"recentcomments\"><span class=\"comment-author-link\">E.T.<\/span> la <a href=\"https:\/\/r3media.ro\/mihail-neamtu-oblgatie-romania\/#comment-40293\">Mihail Neam\u021bu: Suntem o \u021bar\u0103 mic\u0103, iar singura obliga\u021bie a politicienilor de la Bucure\u0219ti e s\u0103 nu introduc\u0103 Rom\u00e2nia \u00eentr-un r\u0103zboi stupid \u0219i perdant<\/a><\/li>\n<li class=\"recentcomments\"><span class=\"comment-author-link\">Ion<\/span> la <a href=\"https:\/\/r3media.ro\/nicusor-dan-in-cursul-noptii-trecute-o-nava-sub-pavilion-liberian-a-fost-lovita-in-afara-apelor-teritoriale-ale-romaniei-la-20-de-mile-marine-de-tarmul-romanesc\/#comment-40292\">Nicu\u0219or Dan: \u00cen cursul nop\u0163ii trecute, o nav\u0103 sub pavilion liberian a fost lovit\u0103 \u00een afara apelor teritoriale ale Rom\u00e2niei, la 20 de mile marine de \u0163\u0103rmul rom\u00e2nesc<\/a><\/li>\n<li class=\"recentcomments\"><span class=\"comment-author-link\">Mihaela<\/span> la <a href=\"https:\/\/r3media.ro\/candidat-barbat-partidul-democrat-sua-menstruatie-sangerare-rect\/#comment-40291\">VIDEO | Un b\u0103rbat care candideaz\u0103 de la Partidul Democrat din SUA ar fi sus\u021binut c\u0103 are menstrua\u021bie \u0219i elimin\u0103 s\u00e2ngele prin rect<\/a><\/li>\n<\/ul>\n<\/aside>\n<aside class=\"td_block_template_1 widget widget_search\">\n<h4 class=\"block-title\"><span>CAUT\u0102 \u0218I VEI G\u0102SI<\/span><\/h4>\n<\/aside>\n<\/div>\n<\/div>\n<\/div>\n<\/div>\n<\/div>\n<\/div>\n<\/div>\n<p><span class=\"td-page-meta\"><\/span><span class=\"td-page-meta\"><span class=\"td-page-meta\"><\/span><\/span><span class=\"td-page-meta\"><\/span><\/article>\n<\/p>\n<div class=\"td_block_wrap tdb_single_content tdi_18 td-pb-border-top td_block_template_1 td-post-content tagdiv-type\" data-td-block-uid=\"tdi_18\">\n<div class=\"tdb-block-inner td-fix-index\">\n<p><strong>Ministrul de Externe, Oana \u021aoiu, a anun\u021bat c\u0103 institu\u021bia pe care o conduce a reziliat contractul pentru cl\u0103direa care g\u0103zduia Ambasada Rom\u00e2niei \u00een Libia.<\/strong><\/p>\n<p>Potrivit ministrului, statul rom\u00e2n a pl\u0103tit peste 400.000 de dolari \u00een ultimii 12 ani, de\u0219i \u021bara noastr\u0103 nu mai are diploma\u021bi la Tripoli.<\/p>\n<p>\u201eAm identificat \u00een Libia, acolo aveam contract de chirie at\u00e2t pentru ambasad\u0103, c\u00e2t \u0219i pentru re\u0219edin\u021ba, \u00eens\u0103 noi nu mai avem echip\u0103 \u00een teren din 2014. Avem ambasador, dar care a fost relocat la Tunis \u00een momentul \u00een care au crescut riscurile\u201d, a declarat la Euronews Rom\u00e2nia, mar\u021bi sear\u0103, ministrul interimar de Externe Oana \u0162oiu.<\/p>\n<p>Potrivit <a href=\"https:\/\/www.digi24.ro\/stiri\/actualitate\/romania-a-platit-peste-400-000-de-dolari-pentru-chiria-ambasadei-din-libia-care-nu-mai-exista-de-12-ani-spune-oana-toiu-3874077\" target=\"_blank\" rel=\"noopener\">Dig24<\/a> a precizat c\u0103 a decis \u00eenchiderea acestor contracte: \u201ePractic, \u00een ultimii 12 ani au fost pl\u0103ti\u021bi peste 400.000 de dolari\u201d.<\/p>\n<p>\u021aoiu a precizat c\u0103, atunci c\u00e2nd situa\u0163ia de securitate va permite, Rom\u00e2nia va avea din nou echip\u0103 de diploma\u021bi \u00een Libia, caz \u00een care va \u00eenchiria o nou\u0103 cl\u0103dire.<\/p>\n<h2>\u00centrebarea cu adev\u0103rat important\u0103<\/h2>\n<p>Analistul de politic\u0103 extern\u0103, <a href=\"https:\/\/r3media.ro\/tag\/stefan-popescu\/\" target=\"_blank\" rel=\"noopener\">\u0218tefan Popescu<\/a>, spune \u00eens\u0103 c\u0103 acest anun\u021b ascunde o alt\u0103 \u00eentrebare, mult mai important\u0103.<\/p>\n<p>Fostul secretar de stat \u00een MAE afirm\u0103 c\u0103 alte \u021b\u0103ri din regiune au ambasade func\u021bionale la Tripoli.<\/p>\n<p>\u201e\u00centrebarea corecta ar fi fost de ce, dup\u0103 mai bine de un deceniu de absen\u021b\u0103 efectiv\u0103, Bucure\u0219tiul nu a g\u0103sit mijloacele pentru ca ambasada sa de la Tripoli s\u0103 redevin\u0103 func\u021bional\u0103.<\/p>\n<p>Pentru ca ce sa vezi, \u00een timp ce noi prezentam o retragere dintr-un spa\u021biu ca succes, alte state din regiune au ales logica prezen\u021bei la Tripoli cu ambasade func\u021bionale: Ungaria, Serbia, Bulgaria sau Grecia\u201d, a scris \u0218tefan Popescu.<\/p>\n<div class=\"crp_related     crp-masonry\">\n<h2>\u00ceN CONTEXT<\/h2>\n<ul>\n<li><a href=\"https:\/\/r3media.ro\/oana-se-ia-la-tranta-cu-america-toiu-a-sters-postarea-in-care-l-omagia-pe-charlie-kirk\/\" class=\"crp_link post-113249\"><span class=\"crp_title\">Oana se face de r\u00e2s \u00een America: \u021aoiu a \u0219ters postarea \u00een care-l omagia pe Charlie Kirk dup\u0103\u2026<\/span><\/a><\/li>\n<li><a href=\"https:\/\/r3media.ro\/oana-toiu-recunoaste-administratia-trump-explicatii-autoritati-romane-anularea-alegerilor-prezidentiale-2024\/\" class=\"crp_link post-112649\"><span class=\"crp_title\">Oana \u021aoiu o spune din nou \u0219i din nou: Administra\u021bia Trump a cerut explica\u021bii fa\u0163\u0103 de decizia\u2026<\/span><\/a><\/li>\n<li><a href=\"https:\/\/r3media.ro\/dezastru-oana-toiu-sua-ministru-afaceri-externe-romani-ocean-sala-goala-chicago\/\" class=\"crp_link post-113241\"><span class=\"crp_title\">Dezastru pentru Oana \u021aoiu \u00een SUA: Rom\u00e2nii de peste ocean nu au vrut s\u0103 o vad\u0103 \u0219i ministra de\u2026<\/span><\/a><\/li>\n<li><a href=\"https:\/\/r3media.ro\/romania-adio-program-visa-waiver-anularea-alegerilor-subiect-bilaterala-oana-toiu-marco-rubio-sua\/\" class=\"crp_link post-113570\"><span class=\"crp_title\">Rom\u00e2nia \u00ee\u0219i ia adio de la Programul Visa Waiver, din cauza anul\u0103rii alegerilor: Subiectul nu\u2026<\/span><\/a><\/li>\n<li><a href=\"https:\/\/r3media.ro\/oana-toiu-recunoaste-secretul-lui-polichinelle-romania-scoasa-visa-waiver-anulat-alegeri-prezidentiale-2024\/\" class=\"crp_link post-112395\"><span class=\"crp_title\">Oana \u021aoiu recunoa\u0219te secretul lui Polichinelle: Rom\u00e2nia a fost scoas\u0103 din Visa Waiver pentru\u2026<\/span><\/a><\/li>\n<li><a href=\"https:\/\/r3media.ro\/stefan-popescu-romania-intariri-nato-vorbe\/\" class=\"crp_link post-118150\"><span class=\"crp_title\">\u0218tefan Popescu: Rom\u00e2nia a cerut \u00eent\u0103riri din partea NATO, dar a primit doar vorbe frumoase<\/span><\/a><\/li>\n<li><a href=\"https:\/\/r3media.ro\/stefan-popescu-miza-reala-intalnire-nicusor-dan-erdogan-romania-turcia\/\" class=\"crp_link post-118714\"><span class=\"crp_title\">\u0218tefan Popescu, despre miza REAL\u0102 a \u00eent\u00e2lnirii Nicu\u0219or Dan &#8211; Erdogan: Securitatea Rom\u00e2niei\u2026<\/span><\/a><\/li>\n<li><a href=\"https:\/\/r3media.ro\/stefan-popescu-romania-vulnerabil-flanc-estic-baltica-sud-est\/\" class=\"crp_link post-117255\"><span class=\"crp_title\">\u0218tefan Popescu: Rom\u00e2nia este adev\u0103ratul punct vulnerabil de pe flancul estic, nu Baltica.\u2026<\/span><\/a><\/li>\n<\/ul>\n<\/div>\n<\/div>\n<\/div>\n<p>[analyse_source url=&#8221;https:\/\/r3media.ro\/oana-toiu-mae-ambasada-romaniei-libia-stefan-popescu\/&#8221;]<\/p>\n","protected":false},"excerpt":{"rendered":"<p>[analyse_image type=&#8221;featured&#8221; src=&#8221;https:\/\/r3media.ro\/wp-content\/uploads\/2026\/06\/oana-toiu-consiliul-de-securitate-onu-e1780379964517.jpghttps:\/\/r3media.ro\/wp-content\/uploads\/2026\/06\/oana-toiu-consiliul-de-securitate-onu-e1780379964517.jpg&#8221;] FEATUREDOana \u021aoiu se laud\u0103 c\u0103 MAE nu mai pl\u0103te\u0219te chirie pe ambasada&#8230; FEATURED\u0218TIRI Oana \u021aoiu se laud\u0103 c\u0103 MAE nu mai pl\u0103te\u0219te chirie pe ambasada Rom\u00e2niei din Libia. \u0218tefan Popescu: \u00centrebarea real\u0103 e de ce nu mai avem ambasad\u0103 func\u021bional\u0103 la Tripoli Teodor Stan 23\/07\/2026 Sursa foto: UN Photo\/Mark Garten Ministrul de [&hellip;]<\/p>\n","protected":false},"author":1,"featured_media":0,"comment_status":"open","ping_status":"","sticky":false,"template":"","format":"standard","meta":{"footnotes":""},"categories":[89],"tags":[226,93],"class_list":["post-2057430","post","type-post","status-publish","format-standard","hentry","category-romania","tag-crawlmanager","tag-r3media-ro"],"_links":{"self":[{"href":"https:\/\/analyse.optim.biz\/index.php?rest_route=\/wp\/v2\/posts\/2057430","targetHints":{"allow":["GET"]}}],"collection":[{"href":"https:\/\/analyse.optim.biz\/index.php?rest_route=\/wp\/v2\/posts"}],"about":[{"href":"https:\/\/analyse.optim.biz\/index.php?rest_route=\/wp\/v2\/types\/post"}],"author":[{"embeddable":true,"href":"https:\/\/analyse.optim.biz\/index.php?rest_route=\/wp\/v2\/users\/1"}],"replies":[{"embeddable":true,"href":"https:\/\/analyse.optim.biz\/index.php?rest_route=%2Fwp%2Fv2%2Fcomments&post=2057430"}],"version-history":[{"count":0,"href":"https:\/\/analyse.optim.biz\/index.php?rest_route=\/wp\/v2\/posts\/2057430\/revisions"}],"wp:attachment":[{"href":"https:\/\/analyse.optim.biz\/index.php?rest_route=%2Fwp%2Fv2%2Fmedia&parent=2057430"}],"wp:term":[{"taxonomy":"category","embeddable":true,"href":"https:\/\/analyse.optim.biz\/index.php?rest_route=%2Fwp%2Fv2%2Fcategories&post=2057430"},{"taxonomy":"post_tag","embeddable":true,"href":"https:\/\/analyse.optim.biz\/index.php?rest_route=%2Fwp%2Fv2%2Ftags&post=2057430"}],"curies":[{"name":"wp","href":"https:\/\/api.w.org\/{rel}","templated":true}]}}