{"id":2057428,"date":"2026-07-23T07:19:38","date_gmt":"2026-07-23T04:19:38","guid":{"rendered":"https:\/\/analyse.optim.biz\/?p=2057428"},"modified":"2026-07-23T07:19:38","modified_gmt":"2026-07-23T04:19:38","slug":"pretul-gazelor-a-explodat-in-romania-la-cel-mai-inalt-nivel-de-la-declansarea-razboiului-din-ucraina","status":"publish","type":"post","link":"https:\/\/analyse.optim.biz\/?p=2057428","title":{"rendered":"Pre\u021bul gazelor a explodat \u00een Rom\u00e2nia, la cel mai \u00eenalt nivel de la declan\u0219area r\u0103zboiului din Ucraina"},"content":{"rendered":"<p>[analyse_image type=&#8221;featured&#8221; src=&#8221;https:\/\/r3media.ro\/wp-content\/uploads\/2020\/12\/contor-facebook.jpghttps:\/\/r3media.ro\/wp-content\/uploads\/2020\/12\/contor-facebook.jpg&#8221;]<\/p>\n<article id=\"template-id-109\" class=\"post-109 tdb_templates type-tdb_templates status-publish post\">\n<div id=\"tdi_2\" class=\"tdc-zone\">\n<div class=\"tdc_zone tdi_3  wpb_row td-pb-row\">\n<div id=\"tdi_4\" class=\"tdc-row\">\n<div class=\"vc_row tdi_5  wpb_row td-pb-row\">\n<div class=\"vc_column tdi_7  wpb_column vc_column_container tdc-column td-pb-span8\">\n<div class=\"wpb_wrapper\">\n<div class=\"td_block_wrap tdb_breadcrumbs tdi_8 td-pb-border-top td_block_template_1 tdb-breadcrumbs \" data-td-block-uid=\"tdi_8\">\n<div class=\"tdb-block-inner td-fix-index\"><span><a title=\"Vede\u021bi toate articolele \u00een ENERGIE\" class=\"tdb-entry-crumb\" href=\"https:\/\/r3media.ro\/category\/energie\/\">ENERGIE<\/a><\/span><span class=\"tdb-bred-no-url-last\">Pre\u021bul gazelor a explodat \u00een Rom\u00e2nia, la cel mai \u00eenalt nivel de&#8230;<\/span><\/div>\n<\/div>\n<div class=\"td_block_wrap tdb_single_categories tdi_9 td-pb-border-top td_block_template_1 \" data-td-block-uid=\"tdi_9\">\n<div class=\"tdb-category td-fix-index\"><a class=\"tdb-entry-category\" href=\"https:\/\/r3media.ro\/category\/energie\/\">ENERGIE<\/a><a class=\"tdb-entry-category\" href=\"https:\/\/r3media.ro\/category\/featured\/\">FEATURED<\/a><a class=\"tdb-entry-category\" href=\"https:\/\/r3media.ro\/category\/stiri\/\">\u0218TIRI<\/a><\/div>\n<\/div>\n<div class=\"td_block_wrap tdb_title tdi_10 tdb-single-title td-pb-border-top td_block_template_1\" data-td-block-uid=\"tdi_10\">\n<div class=\"tdb-block-inner td-fix-index\">\n<h1 class=\"tdb-title-text\">Pre\u021bul gazelor a explodat \u00een Rom\u00e2nia, la cel mai \u00eenalt nivel de la declan\u0219area r\u0103zboiului din Ucraina<\/h1>\n<\/div>\n<\/div>\n<div class=\"vc_row_inner tdi_12  vc_row vc_inner wpb_row td-pb-row\">\n<div class=\"vc_column_inner tdi_14  wpb_column vc_column_container tdc-inner-column td-pb-span12\">\n<div class=\"vc_column-inner\">\n<div class=\"wpb_wrapper\">\n<div class=\"td_block_wrap tdb_single_author tdi_15 td-pb-border-top td_block_template_1 tdb-post-meta\" data-td-block-uid=\"tdi_15\">\n<div class=\"tdb-block-inner td-fix-index\">\n<div class=\"tdb-author-name-wrap\"><a class=\"tdb-author-name\" href=\"https:\/\/r3media.ro\/author\/radu_ursan\/\">Radu Ursan<\/a><\/div>\n<\/div>\n<\/div>\n<div class=\"td_block_wrap tdb_single_date tdi_16 td-pb-border-top td_block_template_1 tdb-post-meta\" data-td-block-uid=\"tdi_16\">\n<div class=\"tdb-block-inner td-fix-index\"><time class=\"entry-date updated td-module-date\" datetime=\"2026-07-23T10:19:38+03:00\">23\/07\/2026<\/time><\/div>\n<\/div>\n<\/div>\n<\/div>\n<\/div>\n<\/div>\n<div class=\"td_block_wrap tdb_single_featured_image tdi_17 tdb-content-horiz-left td-pb-border-top td_block_template_1\" data-td-block-uid=\"tdi_17\">\n<div class=\"tdb-block-inner td-fix-index\">\n<figure><figcaption class=\"tdb-caption-text\">Sursa foto: Facebook<\/figcaption><\/figure>\n<\/div>\n<\/div>\n<div class=\"td_block_wrap tdb_single_content tdi_18 td-pb-border-top td_block_template_1 td-post-content tagdiv-type\" data-td-block-uid=\"tdi_18\">\n<div class=\"tdb-block-inner td-fix-index\">\n<p><strong>Pre\u021bul gazelor naturale a atins un nivel record pentru perioada de var\u0103, dep\u0103\u0219ind pragul de 300 de lei\/MWh, pe fondul intensific\u0103rii conflictelor geopolitice din Ucraina \u0219i Orientul Mijlociu, regiuni care implic\u0103 state mari produc\u0103toare de gaze, arat\u0103 datele analizate de <\/strong><a href=\"https:\/\/www.profit.ro\/povesti-cu-profit\/energie\/record-pretul-gazelor-sare-in-romania-in-plina-vara-la-cel-mai-inalt-nivel-de-la-declansarea-razboiului-din-ucraina-cu-exceptia-a-10-zile-geroase-din-urma-cu-doua-ierni-grafice-22528481\" target=\"_blank\" rel=\"noopener\"><strong>Profit.ro.<\/strong><\/a><\/p>\n<p>De\u0219i Rom\u00e2nia este cel mai mare produc\u0103tor de gaze din Uniunea European\u0103, produc\u021bia intern\u0103 nu acoper\u0103 consumul anual.<\/p>\n<p>\u00cen prezent, \u021bara are \u00eenmagazinate 19 TWh de gaze, echivalentul a 56,6% din capacitatea total\u0103 de depozitare \u2014 cu peste 2,7 TWh mai pu\u021bin dec\u00e2t la aceea\u0219i dat\u0103 a anului trecut, c\u00e2nd stocurile ajungeau la 21,7 TWh, respectiv 64,2% din capacitate.<\/p>\n<p>Cre\u0219terea cererii a \u00eempins cota\u021bia unui MWh cu livrare joi peste 300 de lei, un nivel atins \u00een timpul verii doar \u00een 2022, anul declan\u0219\u0103rii r\u0103zboiului din Ucraina. Din februarie 2023 au mai fost \u00eenregistrate circa 10 zile cu pre\u021buri de peste 300 lei\/MWh, cele mai multe \u00een februarie 2025, c\u00e2nd Rom\u00e2nia a fost lovit\u0103 de un val de frig sever.<\/p>\n<p>Atunci, produc\u021bia intern\u0103 \u0219i extragerile din depozite nu au reu\u0219it s\u0103 acopere consumul, iar companiile autohtone, la fel ca altele din regiune, au fost nevoite s\u0103 importe gaze prin Bulgaria (cel mai probabil de origine rus\u0103).<\/p>\n<p>Pre\u021bul mediu al gazului cu livrare joi a ajuns la 297,5 lei\/MWh (56,8 euro\/MWh), cu 6,4 euro\/MWh sub nivelul de pe cea mai important\u0103 pia\u021b\u0103 regional\u0103, hub-ul austriac CEGH, unde tranzac\u021biile s-au f\u0103cut la 63,2 euro\/MWh.<\/p>\n<p>O cantitate de 300 MWh a fost tranzac\u021bionat\u0103 la maximul zilei, de 302,5 lei\/MWh. Faptul c\u0103 pre\u021bul intern r\u0103m\u00e2ne sub cel din Austria indic\u0103 o presiune venit\u0103 \u00een principal din exterior.<\/p>\n<p>\u00cen ultima lun\u0103, pre\u021bul mediu zilnic al gazelor pe BRM s-a apreciat cu peste 43%, de la 208 lei\/MWh la 297,5 lei\/MWh. Cota\u021biile europene au crescut \u00eentr-un ritm \u0219i mai alert \u2014 aproape 50% \u00een aceea\u0219i perioad\u0103 \u2014 canicula \u0219i incertitudinile privind aprovizionarea pentru iarn\u0103 f\u0103c\u00e2nd pia\u021ba vulnerabil\u0103 la eventuale perturb\u0103ri ale fluxurilor prin Str\u00e2mtoarea Ormuz.<\/p>\n<h2>Combustibili pu\u021bini \u0219i scumpi<\/h2>\n<p>\u021aara noastr\u0103 se afl\u0103 \u0219i-n fa\u021ba unei <a href=\"https:\/\/r3media.ro\/romania-in-fata-unei-crize-a-combustibilului-dupa-atacurile-ucrainene-cu-drone-asupra-petrolierelor\/\" target=\"_blank\" rel=\"noopener\">crize a combustibilului<\/a>, dup\u0103 ce ucrainenii au lovit petrolierele care duceau petrol kazah \u00een terminalul CPC din ora\u0219ul rusesc Novorossisk.<\/p>\n<p>Aceast\u0103 situa\u021bie vine pe fondul statisticii Eurostat care ar\u0103ta c\u0103 \u00een luna iunie, Rom\u00e2nia<a href=\"https:\/\/r3media.ro\/romania-singura-tara-din-ue-crestere-pret-motorina\/\" target=\"_blank\" rel=\"noopener\"> a fost singura \u021bar\u0103 din UE<\/a> unde a crescut pre\u021bul motorinei fa\u021b\u0103 de luna anterioar\u0103.<\/p>\n<p>Rom\u00e2nia este cel mai mare produc\u0103tor de gaze din Uniunea European\u0103, iar consumul industrial este minim.<\/p>\n<div class=\"crp_related     crp-masonry\">\n<h2>\u00ceN CONTEXT<\/h2>\n<ul>\n<li><a href=\"https:\/\/r3media.ro\/pret-motorina-benzina-pompa-explodat-bucuresti-statii-vanzare-9-lei-litru-ministrul-energiei-bogdan-ivan-asigurari\/\" class=\"crp_link post-115368\"><span class=\"crp_title\">Pre\u021bul benzinei \u0219i motorinei a explodat \u00een Bucure\u0219ti, iar la unele sta\u021bii se vinde cu\u2026<\/span><\/a><\/li>\n<li><a href=\"https:\/\/r3media.ro\/discursul-integral-al-premierului-ungariei-viktor-orban-de-la-baile-tusnad-bugetul-ue-este-un-buget-de-razboi-sper-sa-avem-o-alianta-pentru-pace-cu-romanii\/\" class=\"crp_link post-111993\"><span class=\"crp_title\">Discursul INTEGRAL al premierului Ungariei, Viktor Orban, de la B\u0103ile Tu\u0219nad: Bugetul UE\u2026<\/span><\/a><\/li>\n<li><a href=\"https:\/\/r3media.ro\/grupul-maghiar-mol-vanzari-record-in-romania\/\" class=\"crp_link post-116468\"><span class=\"crp_title\">Grupul maghiar MOL a \u00eenregistrat v\u00e2nz\u0103ri RECORD \u00een Rom\u00e2nia<\/span><\/a><\/li>\n<li><a href=\"https:\/\/r3media.ro\/drona-marina-constanta-explozie-mapn-razboi-rusia-ucraina-video\/\" class=\"crp_link post-117786\"><span class=\"crp_title\">VIDEO | O dron\u0103 marin\u0103 a explodat vineri \u00een Portul Constan\u021ba. MApN: Este de tipul celor\u2026<\/span><\/a><\/li>\n<li><a href=\"https:\/\/r3media.ro\/ni-se-spune-ca-epoca-energiei-ieftine-pentru-romani-s-a-incheiat-dar-se-ocoleste-cu-grija-motivul-de-ce\/\" class=\"crp_link post-113596\"><span class=\"crp_title\">Ni se spune c\u0103 \u201eEpoca energiei ieftine pentru rom\u00e2ni s-a \u00eencheiat!\u201d dar se ocole\u0219te cu grij\u0103\u2026<\/span><\/a><\/li>\n<li><a href=\"https:\/\/r3media.ro\/guvernul-tusk-bani-spitale-polonia-ucraina-polonezi-romani-fonduri-kiev\/\" class=\"crp_link post-114222\"><span class=\"crp_title\">Guvernul Tusk nu mai are bani pentru spitalele din Polonia, dar are pentru Ucraina.\u2026<\/span><\/a><\/li>\n<li><a href=\"https:\/\/r3media.ro\/scadere-accize-guvernul-bolojan-limiteaza-adaos-comercial-carburanti-madalin-ionescu-romani-revoltati\/\" class=\"crp_link post-115565\"><span class=\"crp_title\">\u00cen loc s\u0103 scad\u0103 accizele care reprezint\u0103 peste 50% din pre\u021bul benzinei \u0219i motorinei,\u2026<\/span><\/a><\/li>\n<li><a href=\"https:\/\/r3media.ro\/sfirsitul-continua\/\" class=\"crp_link post-113290\"><span class=\"crp_title\">Sf\u00eer\u0219itul continu\u0103<\/span><\/a><\/li>\n<\/ul>\n<\/div>\n<\/div>\n<\/div>\n<div class=\"td_block_wrap tdb_single_tags tdi_19 td-pb-border-top td_block_template_1\" data-td-block-uid=\"tdi_19\">\n<div class=\"tdb-block-inner td-fix-index\">\n<ul class=\"tdb-tags\">\n<li><span>SUBIECTE FIERBIN\u021aI<\/span><\/li>\n<li><a href=\"https:\/\/r3media.ro\/tag\/energie-romania\/\">energie romania<\/a><\/li>\n<li><a href=\"https:\/\/r3media.ro\/tag\/pret-benzina\/\">pre\u021b benzin\u0103<\/a><\/li>\n<li><a href=\"https:\/\/r3media.ro\/tag\/pret-energie-romania\/\">pret energie romania<\/a><\/li>\n<li><a href=\"https:\/\/r3media.ro\/tag\/pret-motorina\/\">pre\u021b motorin\u0103<\/a><\/li>\n<li><a href=\"https:\/\/r3media.ro\/tag\/razboi-rusia-ucraina\/\">razboi rusia ucraina<\/a><\/li>\n<\/ul>\n<\/div>\n<\/div>\n<div class=\"td_block_wrap td_block_9 tdi_20 td_with_ajax_pagination td-pb-border-top td_block_template_1 td-column-2 td_block_padding td_block_bot_line\" data-td-block-uid=\"tdi_20\">\n<div class=\"td-block-title-wrap\">\n<h4 class=\"block-title td-block-title\"><span class=\"td-pulldown-size\">CITE\u0218TE MAI MULT<\/span><\/h4>\n<\/div>\n<div id=\"tdi_20\" class=\"td_block_inner\">\n<div class=\"td-block-row\">\n<div class=\"td-block-span6\">\n<div class=\"td_module_8 td_module_wrap\">\n<div class=\"item-details\">\n<h3 class=\"entry-title td-module-title\"><a href=\"https:\/\/r3media.ro\/campion-olimpic-olaf-tufte-mort-subit-50-ani\/\" rel=\"bookmark\" title=\"Campionul olimpic Olaf Tufte a murit subit la 50 de ani\">Campionul olimpic Olaf Tufte a murit subit la 50 de ani<\/a><\/h3>\n<div class=\"td-module-meta-info\"><a href=\"https:\/\/r3media.ro\/category\/stiri-prim-plan\/\" class=\"td-post-category\">PRIM PLAN<\/a><span class=\"td-post-author-name\"><a href=\"https:\/\/r3media.ro\/author\/oana\/\">Oana Ivan<\/a><span>&#8211;<\/span><\/span><span class=\"td-post-date\"><time class=\"entry-date updated td-module-date\" datetime=\"2026-07-22T12:11:02+03:00\">22\/07\/2026<\/time><\/span><\/div>\n<\/div>\n<\/div>\n<\/div>\n<div class=\"td-block-span6\">\n<div class=\"td_module_8 td_module_wrap\">\n<div class=\"item-details\">\n<h3 class=\"entry-title td-module-title\"><a href=\"https:\/\/r3media.ro\/explozie-incendiu-fabrica-kronospan-brasov-video\/\" rel=\"bookmark\" title=\"VIDEO | Explozie urmat\u0103 de un incendiu la fabrica Kronospan din Bra\u0219ov. \u00cen timp ce pompierii \u00eencercau s\u0103 sting\u0103 focul s-a produs o alt\u0103 explozie\">VIDEO | Explozie urmat\u0103 de un incendiu la fabrica Kronospan din Bra\u0219ov. \u00cen timp&#8230;<\/a><\/h3>\n<div class=\"td-module-meta-info\"><a href=\"https:\/\/r3media.ro\/category\/stiri-prim-plan\/\" class=\"td-post-category\">PRIM PLAN<\/a><span class=\"td-post-author-name\"><a href=\"https:\/\/r3media.ro\/author\/oana\/\">Oana Ivan<\/a><span>&#8211;<\/span><\/span><span class=\"td-post-date\"><time class=\"entry-date updated td-module-date\" datetime=\"2026-07-22T10:01:28+03:00\">22\/07\/2026<\/time><\/span><\/div>\n<\/div>\n<\/div>\n<\/div>\n<\/div>\n<div class=\"td-block-row\">\n<div class=\"td-block-span6\">\n<div class=\"td_module_8 td_module_wrap\">\n<div class=\"item-details\">\n<h3 class=\"entry-title td-module-title\"><a href=\"https:\/\/r3media.ro\/asa-incepe-compania-openai-afirma-un-model-de-inteligenta-artificiala-a-atacat-din-proprie-initiativa-sistemele-unei-alte-companii\/\" rel=\"bookmark\" title=\"A\u0219a \u00eencepe? Compania OpenAI afirm\u0103 un model de inteligen\u021b\u0103 artificial\u0103 a ATACAT din proprie ini\u021biativ\u0103 sistemele unei alte companii\">A\u0219a \u00eencepe? Compania OpenAI afirm\u0103 un model de inteligen\u021b\u0103 artificial\u0103 a ATACAT din proprie&#8230;<\/a><\/h3>\n<div class=\"td-module-meta-info\"><a href=\"https:\/\/r3media.ro\/category\/stiri-prim-plan\/\" class=\"td-post-category\">PRIM PLAN<\/a><span class=\"td-post-author-name\"><a href=\"https:\/\/r3media.ro\/author\/teodor_stan\/\">Teodor Stan<\/a><span>&#8211;<\/span><\/span><span class=\"td-post-date\"><time class=\"entry-date updated td-module-date\" datetime=\"2026-07-22T09:10:53+03:00\">22\/07\/2026<\/time><\/span><\/div>\n<\/div>\n<\/div>\n<\/div>\n<div class=\"td-block-span6\">\n<div class=\"td_module_8 td_module_wrap\">\n<div class=\"item-details\">\n<h3 class=\"entry-title td-module-title\"><a href=\"https:\/\/r3media.ro\/episcopul-husilor-oameni-animale-therieni-degradare-progresism\/\" rel=\"bookmark\" title=\"Episcopul Hu\u0219ilor, despre oamenii care se cred animale: V\u0103 da\u021bi seama c\u00e2t\u0103 degradare uman\u0103 este? De ce? Pentru c\u0103 se \u00eencred \u00een progresism\">Episcopul Hu\u0219ilor, despre oamenii care se cred animale: V\u0103 da\u021bi seama c\u00e2t\u0103 degradare uman\u0103&#8230;<\/a><\/h3>\n<div class=\"td-module-meta-info\"><a href=\"https:\/\/r3media.ro\/category\/actualitate\/\" class=\"td-post-category\">ACTUALITATE<\/a><span class=\"td-post-author-name\"><a href=\"https:\/\/r3media.ro\/author\/radu_ursan\/\">Radu Ursan<\/a><span>&#8211;<\/span><\/span><span class=\"td-post-date\"><time class=\"entry-date updated td-module-date\" datetime=\"2026-07-21T19:30:46+03:00\">21\/07\/2026<\/time><\/span><\/div>\n<\/div>\n<\/div>\n<\/div>\n<\/div>\n<div class=\"td-block-row\">\n<div class=\"td-block-span6\">\n<div class=\"td_module_8 td_module_wrap\">\n<div class=\"item-details\">\n<h3 class=\"entry-title td-module-title\"><a href=\"https:\/\/r3media.ro\/video-cult-femeie-dumnezeu-mama-romania\/\" rel=\"bookmark\" title=\"VIDEO | Un cult care consider\u0103 o femeie coreean\u0103 drept \u201eDumnezeu Mama\u201d face prozeli\u021bi \u00een Rom\u00e2nia\">VIDEO | Un cult care consider\u0103 o femeie coreean\u0103 drept \u201eDumnezeu Mama\u201d face prozeli\u021bi&#8230;<\/a><\/h3>\n<div class=\"td-module-meta-info\"><a href=\"https:\/\/r3media.ro\/category\/actualitate\/\" class=\"td-post-category\">ACTUALITATE<\/a><span class=\"td-post-author-name\"><a href=\"https:\/\/r3media.ro\/author\/redactia\/\">Redac\u021bia<\/a><span>&#8211;<\/span><\/span><span class=\"td-post-date\"><time class=\"entry-date updated td-module-date\" datetime=\"2026-07-21T11:14:08+03:00\">21\/07\/2026<\/time><\/span><\/div>\n<\/div>\n<\/div>\n<\/div>\n<div class=\"td-block-span6\">\n<div class=\"td_module_8 td_module_wrap\">\n<div class=\"item-details\">\n<h3 class=\"entry-title td-module-title\"><a href=\"https:\/\/r3media.ro\/cehia-interzice-telefoanele-in-scoli\/\" rel=\"bookmark\" title=\"Cehia se preg\u0103te\u0219te s\u0103 interzic\u0103 telefoanele mobile \u00een \u0219coli\">Cehia se preg\u0103te\u0219te s\u0103 interzic\u0103 telefoanele mobile \u00een \u0219coli<\/a><\/h3>\n<div class=\"td-module-meta-info\"><a href=\"https:\/\/r3media.ro\/category\/actualitate\/\" class=\"td-post-category\">ACTUALITATE<\/a><span class=\"td-post-author-name\"><a href=\"https:\/\/r3media.ro\/author\/redactia\/\">Redac\u021bia<\/a><span>&#8211;<\/span><\/span><span class=\"td-post-date\"><time class=\"entry-date updated td-module-date\" datetime=\"2026-07-20T22:34:13+03:00\">20\/07\/2026<\/time><\/span><\/div>\n<\/div>\n<\/div>\n<\/div>\n<\/div>\n<div class=\"td-block-row\">\n<div class=\"td-block-span6\">\n<div class=\"td_module_8 td_module_wrap\">\n<div class=\"item-details\">\n<h3 class=\"entry-title td-module-title\"><a href=\"https:\/\/r3media.ro\/mihail-neamtu-oblgatie-romania\/\" rel=\"bookmark\" title=\"Mihail Neam\u021bu: Suntem o \u021bar\u0103 mic\u0103, iar singura obliga\u021bie a politicienilor de la Bucure\u0219ti e s\u0103 nu introduc\u0103 Rom\u00e2nia \u00eentr-un r\u0103zboi stupid \u0219i perdant\">Mihail Neam\u021bu: Suntem o \u021bar\u0103 mic\u0103, iar singura obliga\u021bie a politicienilor de la Bucure\u0219ti&#8230;<\/a><\/h3>\n<div class=\"td-module-meta-info\"><a href=\"https:\/\/r3media.ro\/category\/actualitate\/\" class=\"td-post-category\">ACTUALITATE<\/a><span class=\"td-post-author-name\"><a href=\"https:\/\/r3media.ro\/author\/redactia\/\">Redac\u021bia<\/a><span>&#8211;<\/span><\/span><span class=\"td-post-date\"><time class=\"entry-date updated td-module-date\" datetime=\"2026-07-20T22:01:16+03:00\">20\/07\/2026<\/time><\/span><\/div>\n<\/div>\n<\/div>\n<\/div>\n<div class=\"td-block-span6\">\n<div class=\"td_module_8 td_module_wrap\">\n<div class=\"item-details\">\n<h3 class=\"entry-title td-module-title\"><a href=\"https:\/\/r3media.ro\/petrisor-peiu-conditii-aur-vot-guvernul-vestea-nicusor-dan-solutii-bunastare-romani\/\" rel=\"bookmark\" title=\"Condi\u021biile AUR pentru a vota Guvernul Ve\u0219tea. Petri\u0219or Peiu propune solu\u021bii clare pentru bun\u0103starea rom\u00e2nilor\">Condi\u021biile AUR pentru a vota Guvernul Ve\u0219tea. Petri\u0219or Peiu propune solu\u021bii clare pentru bun\u0103starea&#8230;<\/a><\/h3>\n<div class=\"td-module-meta-info\"><a href=\"https:\/\/r3media.ro\/category\/stiri\/\" class=\"td-post-category\">\u0218TIRI<\/a><span class=\"td-post-author-name\"><a href=\"https:\/\/r3media.ro\/author\/oana\/\">Oana Ivan<\/a><span>&#8211;<\/span><\/span><span class=\"td-post-date\"><time class=\"entry-date updated td-module-date\" datetime=\"2026-06-17T10:10:31+03:00\">17\/06\/2026<\/time><\/span><\/div>\n<\/div>\n<\/div>\n<\/div>\n<\/div>\n<div class=\"td-block-row\">\n<div class=\"td-block-span6\">\n<div class=\"td_module_8 td_module_wrap\">\n<div class=\"item-details\">\n<h3 class=\"entry-title td-module-title\"><a href=\"https:\/\/r3media.ro\/mihail-neamtu-neeuropeana-imperiu-birocrati-bruxelles-inarmarea-germaniei\/\" rel=\"bookmark\" title=\"EXCLUSIVITATE Mihail Neam\u021bu: Exist\u0103 o tendin\u021b\u0103 neeuropean\u0103 de a se crea un imperiu condus de birocra\u021bi de la Bruxelles \/ Pericolul \u00eenarm\u0103rii Germaniei\">EXCLUSIVITATE Mihail Neam\u021bu: Exist\u0103 o tendin\u021b\u0103 neeuropean\u0103 de a se crea un imperiu condus&#8230;<\/a><\/h3>\n<div class=\"td-module-meta-info\"><a href=\"https:\/\/r3media.ro\/category\/stiri\/\" class=\"td-post-category\">\u0218TIRI<\/a><span class=\"td-post-author-name\"><a href=\"https:\/\/r3media.ro\/author\/oana\/\">Oana Ivan<\/a><span>&#8211;<\/span><\/span><span class=\"td-post-date\"><time class=\"entry-date updated td-module-date\" datetime=\"2026-06-22T09:02:12+03:00\">22\/06\/2026<\/time><\/span><\/div>\n<\/div>\n<\/div>\n<\/div>\n<div class=\"td-block-span6\">\n<div class=\"td_module_8 td_module_wrap\">\n<div class=\"item-details\">\n<h3 class=\"entry-title td-module-title\"><a href=\"https:\/\/r3media.ro\/spania-invinge-argentina-castiga-cupa-mondiala\/\" rel=\"bookmark\" title=\"Spania a \u00eenvins Argentina \u0219i a c\u00e2\u0219tigat Cupa Mondial\u0103 pentru a doua oar\u0103 \u00een istorie\">Spania a \u00eenvins Argentina \u0219i a c\u00e2\u0219tigat Cupa Mondial\u0103 pentru a doua oar\u0103 \u00een&#8230;<\/a><\/h3>\n<div class=\"td-module-meta-info\"><a href=\"https:\/\/r3media.ro\/category\/actualitate\/\" class=\"td-post-category\">ACTUALITATE<\/a><span class=\"td-post-author-name\"><a href=\"https:\/\/r3media.ro\/author\/oana\/\">Oana Ivan<\/a><span>&#8211;<\/span><\/span><span class=\"td-post-date\"><time class=\"entry-date updated td-module-date\" datetime=\"2026-07-20T01:04:07+03:00\">20\/07\/2026<\/time><\/span><\/div>\n<\/div>\n<\/div>\n<\/div>\n<\/div>\n<div class=\"td-block-row\">\n<div class=\"td-block-span6\">\n<div class=\"td_module_8 td_module_wrap\">\n<div class=\"item-details\">\n<h3 class=\"entry-title td-module-title\"><a href=\"https:\/\/r3media.ro\/prapad-busteni-valea-prahovei-statiuni-ploi-viitura-oameni-raniti-masini-avariate-case-inundate\/\" rel=\"bookmark\" title=\"VIDEO | Pr\u0103p\u0103d la Bu\u0219teni! Ploile au cauzat o viitur\u0103 care a m\u0103turat tot \u00een cale \u00een sta\u021biunile de pe valea Prahovei: oameni r\u0103ni\u021bi, ma\u0219ini avariate \u0219i locuin\u021be inundate\">VIDEO | Pr\u0103p\u0103d la Bu\u0219teni! Ploile au cauzat o viitur\u0103 care a m\u0103turat tot&#8230;<\/a><\/h3>\n<div class=\"td-module-meta-info\"><a href=\"https:\/\/r3media.ro\/category\/actualitate\/\" class=\"td-post-category\">ACTUALITATE<\/a><span class=\"td-post-author-name\"><a href=\"https:\/\/r3media.ro\/author\/oana\/\">Oana Ivan<\/a><span>&#8211;<\/span><\/span><span class=\"td-post-date\"><time class=\"entry-date updated td-module-date\" datetime=\"2026-07-19T19:07:45+03:00\">19\/07\/2026<\/time><\/span><\/div>\n<\/div>\n<\/div>\n<\/div>\n<div class=\"td-block-span6\">\n<div class=\"td_module_8 td_module_wrap\">\n<div class=\"item-details\">\n<h3 class=\"entry-title td-module-title\"><a href=\"https:\/\/r3media.ro\/parinte-adrian-agachi-reactie-declaratii-ora-de-religie-corina-atanasiu-usr-totalitarism\/\" rel=\"bookmark\" title=\"P\u0103rintele Adrian Agachi a reac\u021bionat la afirma\u021biile despre ora de Religie f\u0103cute de Corina Atanasiu (USR): E inadmisibil s\u0103 ne \u00eentoarcem la discursuri totalitare. Scuzele ar fi absolut necesare\">P\u0103rintele Adrian Agachi a reac\u021bionat la afirma\u021biile despre ora de Religie f\u0103cute de Corina&#8230;<\/a><\/h3>\n<div class=\"td-module-meta-info\"><a href=\"https:\/\/r3media.ro\/category\/actualitate\/\" class=\"td-post-category\">ACTUALITATE<\/a><span class=\"td-post-author-name\"><a href=\"https:\/\/r3media.ro\/author\/oana\/\">Oana Ivan<\/a><span>&#8211;<\/span><\/span><span class=\"td-post-date\"><time class=\"entry-date updated td-module-date\" datetime=\"2026-07-19T02:45:37+03:00\">19\/07\/2026<\/time><\/span><\/div>\n<\/div>\n<\/div>\n<\/div>\n<\/div>\n<\/div>\n<div class=\"td-load-more-wrap td-load-more-infinite-wrap\" id=\"infinite-lm-tdi_20\"><a href=\"https:\/\/r3media.ro\/pretul-gazelor-romania-razboi-ucraina\/\" class=\"td_ajax_load_more td_ajax_load_more_js\" aria-label=\"\u00cenc\u0103rca\u021bi mai multe\" id=\"next-page-tdi_20\" data-td_block_id=\"tdi_20\">\u00cenc\u0103rca\u021bi mai multe<\/a><\/div>\n<\/div>\n<div class=\"td_block_wrap tdb_single_comments tdi_21 tdb-comm-layout2 td-pb-border-top td_block_template_1\" data-td-block-uid=\"tdi_21\">\n<div class=\"tdb-block-inner td-fix-index\">\n<div class=\"comments\" id=\"comments\">\n<div id=\"respond\" class=\"comment-respond\">\n<h3 id=\"reply-title\" class=\"comment-reply-title\">AI CEVA DE SPUS? <small><a rel=\"nofollow\" id=\"cancel-comment-reply-link\" href=\"https:\/\/r3media.ro\/pretul-gazelor-romania-razboi-ucraina\/#respond\">Renun\u021ba\u021bi la r\u0103spuns<\/a><\/small><\/h3>\n<div class=\"comment-form-input-wrap td-form-comment\">\n<div class=\"td-warning-comment\">V\u0103 rug\u0103m s\u0103 introduce\u021bi comentariul dvs.!<\/div>\n<\/div>\n<div class=\"comment-form-input-wrap td-form-author\">\n<div class=\"td-warning-author\">Introduce\u021bi aici numele dvs.<\/div>\n<\/div>\n<div class=\"comment-form-input-wrap td-form-email\">\n<div class=\"td-warning-email-error\">A\u021bi introdus o adres\u0103 de e-mail incorect\u0103!<\/div>\n<div class=\"td-warning-email\">V\u0103 rug\u0103m s\u0103 introduce\u021bi adresa dvs. de e-mail aici<\/div>\n<\/div>\n<\/div>\n<\/div>\n<\/div>\n<\/div>\n<\/div>\n<\/div>\n<div class=\"vc_column tdi_23  wpb_column vc_column_container tdc-column td-pb-span4 td-is-sticky\">\n<div class=\"wpb_wrapper\" data-sticky-enabled-on=\"W3RydWUsdHJ1ZSx0cnVlLHRydWVd\" data-sticky-offset=\"20\" data-sticky-is-width-auto=\"W2ZhbHNlLGZhbHNlLGZhbHNlLGZhbHNlXQ==\">\n<div class=\"wpb_wrapper td_block_wrap vc_widget_sidebar tdi_25 \">\n<div class=\"td_block_wrap td_block_7 td_block_widget tdi_26 td-pb-border-top td_block_template_1 td-column-1 td_block_padding\" data-td-block-uid=\"tdi_26\">\n<div class=\"td-block-title-wrap\">\n<h4 class=\"block-title td-block-title\"><span class=\"td-pulldown-size\">Articole RELA\u021aIONATE<\/span><\/h4>\n<\/div>\n<div id=\"tdi_26\" class=\"td_block_inner\">\n<div class=\"td-block-span12\">\n<div class=\"td_module_6 td_module_wrap td-animation-stack\">\n<div class=\"td-module-thumb\"><a href=\"https:\/\/r3media.ro\/oana-toiu-mae-ambasada-romaniei-libia-stefan-popescu\/\" rel=\"bookmark\" class=\"td-image-wrap \" title=\"Oana \u021aoiu se laud\u0103 c\u0103 MAE nu mai pl\u0103te\u0219te chirie pe ambasada Rom\u00e2niei din Libia. \u0218tefan Popescu: \u00centrebarea real\u0103 e de ce nu mai avem ambasad\u0103 func\u021bional\u0103 la Tripoli\"><img loading=\"lazy\" decoding=\"async\" class=\"entry-thumb\" src=\"https:\/\/r3media.ro\/wp-content\/uploads\/2026\/06\/oana-toiu-consiliul-de-securitate-onu-100x70.jpg\" alt title=\"Oana \u021aoiu se laud\u0103 c\u0103 MAE nu mai pl\u0103te\u0219te chirie pe ambasada Rom\u00e2niei din Libia. \u0218tefan Popescu: \u00centrebarea real\u0103 e de ce nu mai avem ambasad\u0103 func\u021bional\u0103 la Tripoli\" width=\"100\" height=\"70\"><\/a><\/div>\n<div class=\"item-details\">\n<h3 class=\"entry-title td-module-title\"><a href=\"https:\/\/r3media.ro\/oana-toiu-mae-ambasada-romaniei-libia-stefan-popescu\/\" rel=\"bookmark\" title=\"Oana \u021aoiu se laud\u0103 c\u0103 MAE nu mai pl\u0103te\u0219te chirie pe ambasada Rom\u00e2niei din Libia. \u0218tefan Popescu: \u00centrebarea real\u0103 e de ce nu mai avem ambasad\u0103 func\u021bional\u0103 la Tripoli\">Oana \u021aoiu se laud\u0103 c\u0103 MAE nu mai pl\u0103te\u0219te chirie pe&#8230;<\/a><\/h3>\n<div class=\"td-module-meta-info\"><span class=\"td-post-date\"><time class=\"entry-date updated td-module-date\" datetime=\"2026-07-23T09:48:40+03:00\">23\/07\/2026<\/time><\/span><\/div>\n<\/div>\n<\/div>\n<\/div>\n<div class=\"td-block-span12\">\n<div class=\"td_module_6 td_module_wrap td-animation-stack\">\n<div class=\"td-module-thumb\"><a href=\"https:\/\/r3media.ro\/noua-intelegere-germania-unda-verde-proiect-colaborare-rusia-domeniu-nuclear\/\" rel=\"bookmark\" class=\"td-image-wrap \" title=\"Germania a dat und\u0103 verde unei colabor\u0103ri cu Rusia \u00een domeniul nuclear\"><img loading=\"lazy\" decoding=\"async\" class=\"entry-thumb\" src=\"https:\/\/r3media.ro\/wp-content\/uploads\/2023\/09\/germania-1536x1069-1-100x70.webp\" alt title=\"Germania a dat und\u0103 verde unei colabor\u0103ri cu Rusia \u00een domeniul nuclear\" width=\"100\" height=\"70\"><\/a><\/div>\n<div class=\"item-details\">\n<h3 class=\"entry-title td-module-title\"><a href=\"https:\/\/r3media.ro\/noua-intelegere-germania-unda-verde-proiect-colaborare-rusia-domeniu-nuclear\/\" rel=\"bookmark\" title=\"Germania a dat und\u0103 verde unei colabor\u0103ri cu Rusia \u00een domeniul nuclear\">Germania a dat und\u0103 verde unei colabor\u0103ri cu Rusia \u00een domeniul&#8230;<\/a><\/h3>\n<div class=\"td-module-meta-info\"><span class=\"td-post-date\"><time class=\"entry-date updated td-module-date\" datetime=\"2026-07-22T23:55:16+03:00\">22\/07\/2026<\/time><\/span><\/div>\n<\/div>\n<\/div>\n<\/div>\n<div class=\"td-block-span12\">\n<div class=\"td_module_6 td_module_wrap td-animation-stack\">\n<div class=\"td-module-thumb\"><a href=\"https:\/\/r3media.ro\/romania-in-fata-unei-crize-a-combustibilului-dupa-atacurile-ucrainene-cu-drone-asupra-petrolierelor\/\" rel=\"bookmark\" class=\"td-image-wrap \" title=\"Rom\u00e2nia, \u00een fa\u021ba unei crize a combustibilului dup\u0103 atacurile ucrainene cu drone asupra petrolierelor\"><img loading=\"lazy\" decoding=\"async\" class=\"entry-thumb\" src=\"https:\/\/r3media.ro\/wp-content\/uploads\/2026\/07\/petrol-kazahstan-100x70.jpg\" alt title=\"Rom\u00e2nia, \u00een fa\u021ba unei crize a combustibilului dup\u0103 atacurile ucrainene cu drone asupra petrolierelor\" width=\"100\" height=\"70\"><\/a><\/div>\n<div class=\"item-details\">\n<h3 class=\"entry-title td-module-title\"><a href=\"https:\/\/r3media.ro\/romania-in-fata-unei-crize-a-combustibilului-dupa-atacurile-ucrainene-cu-drone-asupra-petrolierelor\/\" rel=\"bookmark\" title=\"Rom\u00e2nia, \u00een fa\u021ba unei crize a combustibilului dup\u0103 atacurile ucrainene cu drone asupra petrolierelor\">Rom\u00e2nia, \u00een fa\u021ba unei crize a combustibilului dup\u0103 atacurile ucrainene cu&#8230;<\/a><\/h3>\n<div class=\"td-module-meta-info\"><span class=\"td-post-date\"><time class=\"entry-date updated td-module-date\" datetime=\"2026-07-22T21:51:57+03:00\">22\/07\/2026<\/time><\/span><\/div>\n<\/div>\n<\/div>\n<\/div>\n<div class=\"td-block-span12\">\n<div class=\"td_module_6 td_module_wrap td-animation-stack\">\n<div class=\"td-module-thumb\"><a href=\"https:\/\/r3media.ro\/23-iulie-aducerea-moastelor-sfantului-sfintit-mucenic-foca-sfintii-mucenici-apolinarie-vitalie-si-valeria\/\" rel=\"bookmark\" class=\"td-image-wrap \" title=\"Calendarul zilei 23 iulie: Aducerea moa\u015ftelor Sf\u00e2ntului Sfin\u0163it Mucenic Foca; Sfin\u0163ii Mucenici Apolinarie, Vitalie \u015fi Valeria\"><img loading=\"lazy\" decoding=\"async\" class=\"entry-thumb\" src=\"https:\/\/r3media.ro\/wp-content\/uploads\/2024\/07\/aducerea-moastelor-sfantului-sfintit-mucenic-foca-sfintii-mucenici-apolinarie-vitalie-si-valeria-178050-100x70.jpg\" alt title=\"Calendarul zilei 23 iulie: Aducerea moa\u015ftelor Sf\u00e2ntului Sfin\u0163it Mucenic Foca; Sfin\u0163ii Mucenici Apolinarie, Vitalie \u015fi Valeria\" width=\"100\" height=\"70\"><\/a><\/div>\n<div class=\"item-details\">\n<h3 class=\"entry-title td-module-title\"><a href=\"https:\/\/r3media.ro\/23-iulie-aducerea-moastelor-sfantului-sfintit-mucenic-foca-sfintii-mucenici-apolinarie-vitalie-si-valeria\/\" rel=\"bookmark\" title=\"Calendarul zilei 23 iulie: Aducerea moa\u015ftelor Sf\u00e2ntului Sfin\u0163it Mucenic Foca; Sfin\u0163ii Mucenici Apolinarie, Vitalie \u015fi Valeria\">Calendarul zilei 23 iulie: Aducerea moa\u015ftelor Sf\u00e2ntului Sfin\u0163it Mucenic Foca; Sfin\u0163ii&#8230;<\/a><\/h3>\n<div class=\"td-module-meta-info\"><span class=\"td-post-date\"><time class=\"entry-date updated td-module-date\" datetime=\"2026-07-22T21:24:00+03:00\">22\/07\/2026<\/time><\/span><\/div>\n<\/div>\n<\/div>\n<\/div>\n<div class=\"td-block-span12\">\n<div class=\"td_module_6 td_module_wrap td-animation-stack\">\n<div class=\"td-module-thumb\"><a href=\"https:\/\/r3media.ro\/catre-toti-cei-care-intretin-aceasta-stare-de-dezbinare-intre-suveranisti-din-ignoranta-prostie-mandrie-dar-si-multa-necredinta\/\" rel=\"bookmark\" class=\"td-image-wrap \" title=\"C\u0103tre to\u021bi cei care \u00eentre\u021bin aceast\u0103 stare de dezbinare \u00eentre suverani\u0219ti, din ignoran\u021b\u0103, prostie, m\u00e2ndrie dar \u0219i mult\u0103 necredin\u021b\u0103\"><img loading=\"lazy\" decoding=\"async\" class=\"entry-thumb\" src=\"https:\/\/r3media.ro\/wp-content\/uploads\/2021\/11\/tricolor-mana-pe-pamant-620x400-1-100x70.jpg\" alt title=\"C\u0103tre to\u021bi cei care \u00eentre\u021bin aceast\u0103 stare de dezbinare \u00eentre suverani\u0219ti, din ignoran\u021b\u0103, prostie, m\u00e2ndrie dar \u0219i mult\u0103 necredin\u021b\u0103\" width=\"100\" height=\"70\"><\/a><\/div>\n<div class=\"item-details\">\n<h3 class=\"entry-title td-module-title\"><a href=\"https:\/\/r3media.ro\/catre-toti-cei-care-intretin-aceasta-stare-de-dezbinare-intre-suveranisti-din-ignoranta-prostie-mandrie-dar-si-multa-necredinta\/\" rel=\"bookmark\" title=\"C\u0103tre to\u021bi cei care \u00eentre\u021bin aceast\u0103 stare de dezbinare \u00eentre suverani\u0219ti, din ignoran\u021b\u0103, prostie, m\u00e2ndrie dar \u0219i mult\u0103 necredin\u021b\u0103\">C\u0103tre to\u021bi cei care \u00eentre\u021bin aceast\u0103 stare de dezbinare \u00eentre suverani\u0219ti,&#8230;<\/a><\/h3>\n<div class=\"td-module-meta-info\"><span class=\"td-post-date\"><time class=\"entry-date updated td-module-date\" datetime=\"2026-07-22T17:17:44+03:00\">22\/07\/2026<\/time><\/span><\/div>\n<\/div>\n<\/div>\n<\/div>\n<div class=\"td-block-span12\">\n<div class=\"td_module_6 td_module_wrap td-animation-stack\">\n<div class=\"td-module-thumb\"><a href=\"https:\/\/r3media.ro\/presiunile-n-au-avut-succes-primaria-nu-a-avizat-marsul-homosexualitatii-la-oradea-pentru-al-patrulea-an-consecutiv\/\" rel=\"bookmark\" class=\"td-image-wrap \" title=\"Presiunile n-au avut succes: Prim\u0103ria NU a avizat mar\u0219ul homosexualit\u0103\u021bii la Oradea, pentru al patrulea an consecutiv\"><img loading=\"lazy\" decoding=\"async\" class=\"entry-thumb\" src=\"https:\/\/r3media.ro\/wp-content\/uploads\/2026\/07\/primaria-oradea-magnolie-bihoreanul-100x70.jpg\" alt title=\"Presiunile n-au avut succes: Prim\u0103ria NU a avizat mar\u0219ul homosexualit\u0103\u021bii la Oradea, pentru al patrulea an consecutiv\" width=\"100\" height=\"70\"><\/a><\/div>\n<div class=\"item-details\">\n<h3 class=\"entry-title td-module-title\"><a href=\"https:\/\/r3media.ro\/presiunile-n-au-avut-succes-primaria-nu-a-avizat-marsul-homosexualitatii-la-oradea-pentru-al-patrulea-an-consecutiv\/\" rel=\"bookmark\" title=\"Presiunile n-au avut succes: Prim\u0103ria NU a avizat mar\u0219ul homosexualit\u0103\u021bii la Oradea, pentru al patrulea an consecutiv\">Presiunile n-au avut succes: Prim\u0103ria NU a avizat mar\u0219ul homosexualit\u0103\u021bii la&#8230;<\/a><\/h3>\n<div class=\"td-module-meta-info\"><span class=\"td-post-date\"><time class=\"entry-date updated td-module-date\" datetime=\"2026-07-22T17:06:31+03:00\">22\/07\/2026<\/time><\/span><\/div>\n<\/div>\n<\/div>\n<\/div>\n<div class=\"td-block-span12\">\n<div class=\"td_module_6 td_module_wrap td-animation-stack\">\n<div class=\"td-module-thumb\"><a href=\"https:\/\/r3media.ro\/campion-olimpic-olaf-tufte-mort-subit-50-ani\/\" rel=\"bookmark\" class=\"td-image-wrap \" title=\"Campionul olimpic Olaf Tufte a murit subit la 50 de ani\"><img loading=\"lazy\" decoding=\"async\" class=\"entry-thumb\" src=\"https:\/\/r3media.ro\/wp-content\/uploads\/2026\/07\/olaf-tufte-100x70.jpg\" alt title=\"Campionul olimpic Olaf Tufte a murit subit la 50 de ani\" width=\"100\" height=\"70\"><\/a><\/div>\n<div class=\"item-details\">\n<h3 class=\"entry-title td-module-title\"><a href=\"https:\/\/r3media.ro\/campion-olimpic-olaf-tufte-mort-subit-50-ani\/\" rel=\"bookmark\" title=\"Campionul olimpic Olaf Tufte a murit subit la 50 de ani\">Campionul olimpic Olaf Tufte a murit subit la 50 de ani<\/a><\/h3>\n<div class=\"td-module-meta-info\"><span class=\"td-post-date\"><time class=\"entry-date updated td-module-date\" datetime=\"2026-07-22T12:11:02+03:00\">22\/07\/2026<\/time><\/span><\/div>\n<\/div>\n<\/div>\n<\/div>\n<\/div>\n<\/div>\n<aside class=\"td_block_template_1 widget widget_recent_comments\">\n<h4 class=\"block-title\"><span>INTR\u0102 \u00ceN DISCU\u021aIE!<\/span><\/h4>\n<ul id=\"recentcomments\">\n<li class=\"recentcomments\"><span class=\"comment-author-link\">reno<\/span> la <a href=\"https:\/\/r3media.ro\/asa-incepe-compania-openai-afirma-un-model-de-inteligenta-artificiala-a-atacat-din-proprie-initiativa-sistemele-unei-alte-companii\/#comment-40298\">A\u0219a \u00eencepe? Compania OpenAI afirm\u0103 un model de inteligen\u021b\u0103 artificial\u0103 a ATACAT din proprie ini\u021biativ\u0103 sistemele unei alte companii<\/a><\/li>\n<li class=\"recentcomments\"><span class=\"comment-author-link\">Sumen<\/span> la <a href=\"https:\/\/r3media.ro\/deznationala-frantei-a-invins-franta\/#comment-40297\">Dezna\u021bionala Fran\u021bei a \u00eenvins Fran\u021ba \u00a0\u00a0<\/a><\/li>\n<li class=\"recentcomments\"><span class=\"comment-author-link\">Decebal<\/span> la <a href=\"https:\/\/r3media.ro\/video-cult-femeie-dumnezeu-mama-romania\/#comment-40295\">VIDEO | Un cult care consider\u0103 o femeie coreean\u0103 drept \u201eDumnezeu Mama\u201d face prozeli\u021bi \u00een Rom\u00e2nia<\/a><\/li>\n<li class=\"recentcomments\"><span class=\"comment-author-link\">Nicu<\/span> la <a href=\"https:\/\/r3media.ro\/nicusor-dan-in-cursul-noptii-trecute-o-nava-sub-pavilion-liberian-a-fost-lovita-in-afara-apelor-teritoriale-ale-romaniei-la-20-de-mile-marine-de-tarmul-romanesc\/#comment-40294\">Nicu\u0219or Dan: \u00cen cursul nop\u0163ii trecute, o nav\u0103 sub pavilion liberian a fost lovit\u0103 \u00een afara apelor teritoriale ale Rom\u00e2niei, la 20 de mile marine de \u0163\u0103rmul rom\u00e2nesc<\/a><\/li>\n<li class=\"recentcomments\"><span class=\"comment-author-link\">E.T.<\/span> la <a href=\"https:\/\/r3media.ro\/mihail-neamtu-oblgatie-romania\/#comment-40293\">Mihail Neam\u021bu: Suntem o \u021bar\u0103 mic\u0103, iar singura obliga\u021bie a politicienilor de la Bucure\u0219ti e s\u0103 nu introduc\u0103 Rom\u00e2nia \u00eentr-un r\u0103zboi stupid \u0219i perdant<\/a><\/li>\n<li class=\"recentcomments\"><span class=\"comment-author-link\">Ion<\/span> la <a href=\"https:\/\/r3media.ro\/nicusor-dan-in-cursul-noptii-trecute-o-nava-sub-pavilion-liberian-a-fost-lovita-in-afara-apelor-teritoriale-ale-romaniei-la-20-de-mile-marine-de-tarmul-romanesc\/#comment-40292\">Nicu\u0219or Dan: \u00cen cursul nop\u0163ii trecute, o nav\u0103 sub pavilion liberian a fost lovit\u0103 \u00een afara apelor teritoriale ale Rom\u00e2niei, la 20 de mile marine de \u0163\u0103rmul rom\u00e2nesc<\/a><\/li>\n<li class=\"recentcomments\"><span class=\"comment-author-link\">Mihaela<\/span> la <a href=\"https:\/\/r3media.ro\/candidat-barbat-partidul-democrat-sua-menstruatie-sangerare-rect\/#comment-40291\">VIDEO | Un b\u0103rbat care candideaz\u0103 de la Partidul Democrat din SUA ar fi sus\u021binut c\u0103 are menstrua\u021bie \u0219i elimin\u0103 s\u00e2ngele prin rect<\/a><\/li>\n<\/ul>\n<\/aside>\n<aside class=\"td_block_template_1 widget widget_search\">\n<h4 class=\"block-title\"><span>CAUT\u0102 \u0218I VEI G\u0102SI<\/span><\/h4>\n<\/aside>\n<\/div>\n<\/div>\n<\/div>\n<\/div>\n<\/div>\n<\/div>\n<\/div>\n<p><span class=\"td-page-meta\"><\/span><span class=\"td-page-meta\"><span class=\"td-page-meta\"><\/span><\/span><span class=\"td-page-meta\"><\/span><\/article>\n<\/p>\n<div class=\"td_block_wrap tdb_single_content tdi_18 td-pb-border-top td_block_template_1 td-post-content tagdiv-type\" data-td-block-uid=\"tdi_18\">\n<div class=\"tdb-block-inner td-fix-index\">\n<p><strong>Pre\u021bul gazelor naturale a atins un nivel record pentru perioada de var\u0103, dep\u0103\u0219ind pragul de 300 de lei\/MWh, pe fondul intensific\u0103rii conflictelor geopolitice din Ucraina \u0219i Orientul Mijlociu, regiuni care implic\u0103 state mari produc\u0103toare de gaze, arat\u0103 datele analizate de <\/strong><a href=\"https:\/\/www.profit.ro\/povesti-cu-profit\/energie\/record-pretul-gazelor-sare-in-romania-in-plina-vara-la-cel-mai-inalt-nivel-de-la-declansarea-razboiului-din-ucraina-cu-exceptia-a-10-zile-geroase-din-urma-cu-doua-ierni-grafice-22528481\" target=\"_blank\" rel=\"noopener\"><strong>Profit.ro.<\/strong><\/a><\/p>\n<p>De\u0219i Rom\u00e2nia este cel mai mare produc\u0103tor de gaze din Uniunea European\u0103, produc\u021bia intern\u0103 nu acoper\u0103 consumul anual.<\/p>\n<p>\u00cen prezent, \u021bara are \u00eenmagazinate 19 TWh de gaze, echivalentul a 56,6% din capacitatea total\u0103 de depozitare \u2014 cu peste 2,7 TWh mai pu\u021bin dec\u00e2t la aceea\u0219i dat\u0103 a anului trecut, c\u00e2nd stocurile ajungeau la 21,7 TWh, respectiv 64,2% din capacitate.<\/p>\n<p>Cre\u0219terea cererii a \u00eempins cota\u021bia unui MWh cu livrare joi peste 300 de lei, un nivel atins \u00een timpul verii doar \u00een 2022, anul declan\u0219\u0103rii r\u0103zboiului din Ucraina. Din februarie 2023 au mai fost \u00eenregistrate circa 10 zile cu pre\u021buri de peste 300 lei\/MWh, cele mai multe \u00een februarie 2025, c\u00e2nd Rom\u00e2nia a fost lovit\u0103 de un val de frig sever.<\/p>\n<p>Atunci, produc\u021bia intern\u0103 \u0219i extragerile din depozite nu au reu\u0219it s\u0103 acopere consumul, iar companiile autohtone, la fel ca altele din regiune, au fost nevoite s\u0103 importe gaze prin Bulgaria (cel mai probabil de origine rus\u0103).<\/p>\n<p>Pre\u021bul mediu al gazului cu livrare joi a ajuns la 297,5 lei\/MWh (56,8 euro\/MWh), cu 6,4 euro\/MWh sub nivelul de pe cea mai important\u0103 pia\u021b\u0103 regional\u0103, hub-ul austriac CEGH, unde tranzac\u021biile s-au f\u0103cut la 63,2 euro\/MWh.<\/p>\n<p>O cantitate de 300 MWh a fost tranzac\u021bionat\u0103 la maximul zilei, de 302,5 lei\/MWh. Faptul c\u0103 pre\u021bul intern r\u0103m\u00e2ne sub cel din Austria indic\u0103 o presiune venit\u0103 \u00een principal din exterior.<\/p>\n<p>\u00cen ultima lun\u0103, pre\u021bul mediu zilnic al gazelor pe BRM s-a apreciat cu peste 43%, de la 208 lei\/MWh la 297,5 lei\/MWh. Cota\u021biile europene au crescut \u00eentr-un ritm \u0219i mai alert \u2014 aproape 50% \u00een aceea\u0219i perioad\u0103 \u2014 canicula \u0219i incertitudinile privind aprovizionarea pentru iarn\u0103 f\u0103c\u00e2nd pia\u021ba vulnerabil\u0103 la eventuale perturb\u0103ri ale fluxurilor prin Str\u00e2mtoarea Ormuz.<\/p>\n<h2>Combustibili pu\u021bini \u0219i scumpi<\/h2>\n<p>\u021aara noastr\u0103 se afl\u0103 \u0219i-n fa\u021ba unei <a href=\"https:\/\/r3media.ro\/romania-in-fata-unei-crize-a-combustibilului-dupa-atacurile-ucrainene-cu-drone-asupra-petrolierelor\/\" target=\"_blank\" rel=\"noopener\">crize a combustibilului<\/a>, dup\u0103 ce ucrainenii au lovit petrolierele care duceau petrol kazah \u00een terminalul CPC din ora\u0219ul rusesc Novorossisk.<\/p>\n<p>Aceast\u0103 situa\u021bie vine pe fondul statisticii Eurostat care ar\u0103ta c\u0103 \u00een luna iunie, Rom\u00e2nia<a href=\"https:\/\/r3media.ro\/romania-singura-tara-din-ue-crestere-pret-motorina\/\" target=\"_blank\" rel=\"noopener\"> a fost singura \u021bar\u0103 din UE<\/a> unde a crescut pre\u021bul motorinei fa\u021b\u0103 de luna anterioar\u0103.<\/p>\n<p>Rom\u00e2nia este cel mai mare produc\u0103tor de gaze din Uniunea European\u0103, iar consumul industrial este minim.<\/p>\n<div class=\"crp_related     crp-masonry\">\n<h2>\u00ceN CONTEXT<\/h2>\n<ul>\n<li><a href=\"https:\/\/r3media.ro\/pret-motorina-benzina-pompa-explodat-bucuresti-statii-vanzare-9-lei-litru-ministrul-energiei-bogdan-ivan-asigurari\/\" class=\"crp_link post-115368\"><span class=\"crp_title\">Pre\u021bul benzinei \u0219i motorinei a explodat \u00een Bucure\u0219ti, iar la unele sta\u021bii se vinde cu\u2026<\/span><\/a><\/li>\n<li><a href=\"https:\/\/r3media.ro\/discursul-integral-al-premierului-ungariei-viktor-orban-de-la-baile-tusnad-bugetul-ue-este-un-buget-de-razboi-sper-sa-avem-o-alianta-pentru-pace-cu-romanii\/\" class=\"crp_link post-111993\"><span class=\"crp_title\">Discursul INTEGRAL al premierului Ungariei, Viktor Orban, de la B\u0103ile Tu\u0219nad: Bugetul UE\u2026<\/span><\/a><\/li>\n<li><a href=\"https:\/\/r3media.ro\/grupul-maghiar-mol-vanzari-record-in-romania\/\" class=\"crp_link post-116468\"><span class=\"crp_title\">Grupul maghiar MOL a \u00eenregistrat v\u00e2nz\u0103ri RECORD \u00een Rom\u00e2nia<\/span><\/a><\/li>\n<li><a href=\"https:\/\/r3media.ro\/drona-marina-constanta-explozie-mapn-razboi-rusia-ucraina-video\/\" class=\"crp_link post-117786\"><span class=\"crp_title\">VIDEO | O dron\u0103 marin\u0103 a explodat vineri \u00een Portul Constan\u021ba. MApN: Este de tipul celor\u2026<\/span><\/a><\/li>\n<li><a href=\"https:\/\/r3media.ro\/ni-se-spune-ca-epoca-energiei-ieftine-pentru-romani-s-a-incheiat-dar-se-ocoleste-cu-grija-motivul-de-ce\/\" class=\"crp_link post-113596\"><span class=\"crp_title\">Ni se spune c\u0103 \u201eEpoca energiei ieftine pentru rom\u00e2ni s-a \u00eencheiat!\u201d dar se ocole\u0219te cu grij\u0103\u2026<\/span><\/a><\/li>\n<li><a href=\"https:\/\/r3media.ro\/guvernul-tusk-bani-spitale-polonia-ucraina-polonezi-romani-fonduri-kiev\/\" class=\"crp_link post-114222\"><span class=\"crp_title\">Guvernul Tusk nu mai are bani pentru spitalele din Polonia, dar are pentru Ucraina.\u2026<\/span><\/a><\/li>\n<li><a href=\"https:\/\/r3media.ro\/scadere-accize-guvernul-bolojan-limiteaza-adaos-comercial-carburanti-madalin-ionescu-romani-revoltati\/\" class=\"crp_link post-115565\"><span class=\"crp_title\">\u00cen loc s\u0103 scad\u0103 accizele care reprezint\u0103 peste 50% din pre\u021bul benzinei \u0219i motorinei,\u2026<\/span><\/a><\/li>\n<li><a href=\"https:\/\/r3media.ro\/sfirsitul-continua\/\" class=\"crp_link post-113290\"><span class=\"crp_title\">Sf\u00eer\u0219itul continu\u0103<\/span><\/a><\/li>\n<\/ul>\n<\/div>\n<\/div>\n<\/div>\n<p>[analyse_source url=&#8221;https:\/\/r3media.ro\/pretul-gazelor-romania-razboi-ucraina\/&#8221;]<\/p>\n","protected":false},"excerpt":{"rendered":"<p>[analyse_image type=&#8221;featured&#8221; src=&#8221;https:\/\/r3media.ro\/wp-content\/uploads\/2020\/12\/contor-facebook.jpghttps:\/\/r3media.ro\/wp-content\/uploads\/2020\/12\/contor-facebook.jpg&#8221;] ENERGIEPre\u021bul gazelor a explodat \u00een Rom\u00e2nia, la cel mai \u00eenalt nivel de&#8230; ENERGIEFEATURED\u0218TIRI Pre\u021bul gazelor a explodat \u00een Rom\u00e2nia, la cel mai \u00eenalt nivel de la declan\u0219area r\u0103zboiului din Ucraina Radu Ursan 23\/07\/2026 Sursa foto: Facebook Pre\u021bul gazelor naturale a atins un nivel record pentru perioada de var\u0103, dep\u0103\u0219ind pragul de 300 [&hellip;]<\/p>\n","protected":false},"author":1,"featured_media":0,"comment_status":"open","ping_status":"","sticky":false,"template":"","format":"standard","meta":{"footnotes":""},"categories":[89],"tags":[226,93],"class_list":["post-2057428","post","type-post","status-publish","format-standard","hentry","category-romania","tag-crawlmanager","tag-r3media-ro"],"_links":{"self":[{"href":"https:\/\/analyse.optim.biz\/index.php?rest_route=\/wp\/v2\/posts\/2057428","targetHints":{"allow":["GET"]}}],"collection":[{"href":"https:\/\/analyse.optim.biz\/index.php?rest_route=\/wp\/v2\/posts"}],"about":[{"href":"https:\/\/analyse.optim.biz\/index.php?rest_route=\/wp\/v2\/types\/post"}],"author":[{"embeddable":true,"href":"https:\/\/analyse.optim.biz\/index.php?rest_route=\/wp\/v2\/users\/1"}],"replies":[{"embeddable":true,"href":"https:\/\/analyse.optim.biz\/index.php?rest_route=%2Fwp%2Fv2%2Fcomments&post=2057428"}],"version-history":[{"count":0,"href":"https:\/\/analyse.optim.biz\/index.php?rest_route=\/wp\/v2\/posts\/2057428\/revisions"}],"wp:attachment":[{"href":"https:\/\/analyse.optim.biz\/index.php?rest_route=%2Fwp%2Fv2%2Fmedia&parent=2057428"}],"wp:term":[{"taxonomy":"category","embeddable":true,"href":"https:\/\/analyse.optim.biz\/index.php?rest_route=%2Fwp%2Fv2%2Fcategories&post=2057428"},{"taxonomy":"post_tag","embeddable":true,"href":"https:\/\/analyse.optim.biz\/index.php?rest_route=%2Fwp%2Fv2%2Ftags&post=2057428"}],"curies":[{"name":"wp","href":"https:\/\/api.w.org\/{rel}","templated":true}]}}