{"id":205730,"date":"2014-05-13T23:01:47","date_gmt":"2014-05-13T20:01:47","guid":{"rendered":"https:\/\/analyse.optim.biz\/?p=205730"},"modified":"2014-05-13T23:01:47","modified_gmt":"2014-05-13T20:01:47","slug":"emil-hurezeanu-e-trist-ca-intr-o-tara-cu-atatea-probleme-si-amenintari-oamenii-sa-renunte-la-prima-lege-a-strangerii-randurilor","status":"publish","type":"post","link":"https:\/\/analyse.optim.biz\/?p=205730","title":{"rendered":"Emil Hurezeanu:\u00a0E trist ca \u00eentr-o \u0163ar\u0103 cu at\u00e2tea probleme \u015fi amenin\u0163\u0103ri oamenii s\u0103 renun\u0163e la prima lege a str\u00e2ngerii r\u00e2ndurilor"},"content":{"rendered":"<div class=\"entry data-app-meta data-app-meta-article\" data-embed-base-url-canonical=\"https:\/\/www.digi24.ro\/embed\/stiri\/actualitate\/politica\/emil-hurezeanu-e-trist-ca-intr-o-tara-cu-atatea-probleme-si-amenintari-oamenii-sa-renunte-la-prima-lege-a-strangerii-randurilor-242734\">\n<p data-index=\"1\"><img decoding=\"async\" src=\"https:\/\/analyse.optim.biz\/wp-content\/uploads\/2024\/09\/c2g9zdlmotlkywywmgnlytfhnzqyzti4otjmotvjntezmmy-thumb_.jpg\" data-skip-htmlfix=\"1\" title=\"c2g9zdlmotlkywywmgnlytfhnzqyzti4otjmotvjntezmmy-thumb_\"><\/p>\n<p data-index=\"2\">\u201e<span>\u015eeful statului, care este \u015fi dispecerul politicii externe, are la \u00eendem\u00e2n\u0103 acest monolog tactic cu opinia public\u0103, prin conferin\u0163ele de pres\u0103. To\u0163i pre\u015fedin\u0163ii procedeaz\u0103 a\u015fa, \u00eens\u0103 domnul Traian B\u0103sescu practic\u0103 infla\u0163ia apari\u0163iilor \u00een ultimul timp \u015fi, din p\u0103cate, \u00eentr-o perioad\u0103 electoral\u0103, se confund\u0103 foarte u\u015for. Chiar dac\u0103 n-ar dori s\u0103 fac\u0103 asta, dar nu o evit\u0103, se confund\u0103 mesajul electoral cu mesajul \u015fefului statului \u00een criz\u0103 politic\u0103 interna\u0163ional\u0103. Aici v\u0103d o mare problem\u0103, pentru c\u0103 vo<\/span><span lang=\"en-US\">m<\/span><span> tot avea, \u00eens\u0103ilate, campanii electorale p\u00e2n\u0103 la sf\u00e2r\u015fitul anului \u015fi evenimentele din vecin\u0103tatea noastr\u0103, \u00een general, &#8211; crizele interna\u0163ionale se \u0163in lan\u0163 \u2013 sau mai degrab\u0103 se agraveaz\u0103, \u015fi atunci e foarte d\u0103un\u0103toare suprapunerea \u00een bruiaj a mesajelor de politic\u0103 extern\u0103 cu cea a mesajelor electorale. Pre\u015fedintele practic\u0103 aceast\u0103 confuzie cu o oarecare dezinvoltur\u0103, la care, mi-ar pl\u0103cea s\u0103 cred, a renun\u0163at ast\u0103zi\u201d, <\/span><span lang=\"en-US\">a explicat Emil Hurezeanu.<\/span><\/p>\n<p data-index=\"3\"><strong><span lang=\"en-US\">Interese electorale<\/span><\/strong><\/p>\n<p data-index=\"4\">\u201e<span>Fiecare dintre politicienii de v\u00e2rf, \u015fi domnul B\u0103sescu, \u015fi domnul Ponta, \u00ee\u015fi imprim\u0103 un fel de cip care \u0163ine de interesele electorale, persoanele, ale partidului, ale grupului, ale persoanelor apropiate. E greu s\u0103 nu interpretezi insisten\u0163a premierului Ponta de a organiza un CSAT, mai ales c\u0103 a spus c\u0103 domnul B\u0103sescu \u015fi doamna Udrea fac campanie electoral\u0103 \u015fi el, \u00een calitate de vicepre\u015fedinte al CSAT, ar dori s\u0103 ia m\u0103suri urgente. Asta e o contracampanie electoral\u0103 venit\u0103 din partea cuiva care a p\u0103rut p\u00e2n\u0103 acum destul de distant fa\u0163\u0103 de politica extern\u0103 \u00een general \u015fi \u00een special fa\u0163\u0103 de raporturile cu Rusia \u015fi Ucraina\u201d, spune Emil Hurezeanu. <\/span><\/p>\n<p data-index=\"5\">\u201eDomnul Ponta, cu toate defectele domnului B\u0103sescu, &#8211; c\u00e2nd e vorba de manipularea portativului public &#8211; , \u00eenc\u0103 trebuie s\u0103 fac\u0103 proba unei competen\u0163e \u00een politica extern\u0103, pe care am\u00e2n\u0103 s\u0103 o fac\u0103, nu pentru c\u0103 i-ar lipsi datele, resursele, ci pentru c\u0103 joac\u0103 un rol. Acela de a-l l\u0103sa pe pre\u015fedintele B\u0103sescu s\u0103-\u015fi ard\u0103 aripile \u00een rela\u0163ia cu Rusia \u00een perioada asta, iar el s\u0103-\u015fi p\u0103streze virginitatea asta \u00een geopolitic\u0103, pentru rela\u0163iile excelente cu China \u015fi, eventual, cu Federa\u0163ia Rus\u0103. Nu-l suspectez pe domnul Ponta c\u0103 are o agend\u0103 dubl\u0103, dar \u00eel suspectez c\u0103 se g\u00e2nde\u015fte \u00een vechea tradi\u0163ie a politicienilor rom\u00e2ni din perioada Primului R\u0103zboi Mondial\u201d, <span lang=\"en-US\">crede jurnalistul.<\/span><\/p>\n<p data-index=\"6\"><strong>Consensul debusoleaz<span>\u0103 opinia public\u0103<\/span><\/strong><\/p>\n<p data-index=\"7\">\u201e<span>De c\u00e2te ori pre\u015fedintele se \u00een\u0163elege cu premierul, avem \u00eempresia c\u0103 exist\u0103 o \u00een\u0163elegere suplimentar\u0103, redundant\u0103, care, de fapt, stric\u0103 sensul \u00een\u0163elegerii. Dac\u0103 \u00een\u0163elegerea e bun\u0103 \u015fi binevenit\u0103, rezumat\u0103, ea stric\u0103 sensul, pentru c\u0103 ne g\u00e2ndim c\u0103 au un vicle\u015fug \u00een comun. Vor s\u0103 <\/span><span lang=\"en-US\">n<\/span><span>e fac\u0103 s\u0103 credem c\u0103 se \u00een\u0163eleg, c\u00e2nd ei de fapt nu se \u00een\u0163eleg. A\u015fa am ajuns, cu concursul generos al celor dou\u0103 personalit\u0103\u0163i\u201d, <\/span><span lang=\"en-US\">spune Emil Hurezeanu.<\/span><\/p>\n<p data-index=\"8\">\u201e<span>La CSAT se iau hot\u0103r\u00e2rile mari \u015fi se stabile\u015fte o anumit\u0103 caden\u0163\u0103 a strategiilor. Politica extern\u0103 o face, totu\u015fi, Guvernul, \u00een coordonare str\u00e2ns\u0103 cu pre\u015fedintele. Iar pre\u015fedintele, \u00eentr-o astfel de criz\u0103 intensificat\u0103, este cel mai bun purt\u0103tor de cuv\u00e2nt al intereselor de politic\u0103 extern\u0103 ale statului. Din p\u0103cate exist\u0103 sciziuni \u00eentre ce face pre\u015fedinte \u015fi ministrul de externe, \u015fi \u00eentre ceea ce face pre\u015fedintele \u015fi nu face suficient primul ministru \u00een materie de politic\u0103 extern\u0103. Acolo e o form\u0103 de necoordonare\u201d, a ar\u0103tat jurnalistul.<\/span><\/p>\n<p data-index=\"9\">\u201eA\u015f interzice prin Constitu\u0163ie ca \u00een timp de criz\u0103 s\u0103 existe disensiuni. Nu l-a\u015f mai vrea pe domnul Corl\u0103\u0163ean s\u0103 mai fac\u0103 observa\u0163ii la adresa pre\u015fedintelui, pe pre\u015fedinte \u00een postura de a-l trata pe ministrul de externe ca pe un po\u015fta\u015f oarecare. E trist ca \u00eentr-o \u0163ar\u0103 cu at\u00e2tea probleme \u015fi amenin\u0163\u0103ri, pe care ace\u015fti oameni le formuleaz\u0103 uneori foarte exact, oamenii s\u0103 renun\u0163e la prima lege a str\u00e2ngerii r\u00e2ndurilor. \u00cen situa\u0163ii de criz\u0103 se str\u00e2ng r\u00e2ndurile ,faci o mic\u0103 fort\u0103rea\u0163\u0103 \u00een situa\u0163ie de criz\u0103.\u00a0<span>Se de\u015fir\u0103 \u0163esutul rezisten\u0163ei naturale \u00eentr-un stat, pentru c\u0103 fiecare trage de c\u00e2te un fir, cu g\u00e2ndul, probabil, la rezisten\u0163a scutului american, care nu e mai solid dec\u00e2t \u0163esutul na\u0163ional\u201d <\/span><span lang=\"en-US\">spune Emil Hurezeanu.<\/span><\/p>\n<\/div>\n<p> Source URL: https:\/\/www.digi24.ro\/stiri\/actualitate\/politica\/emil-hurezeanu-e-trist-ca-intr-o-tara-cu-atatea-probleme-si-amenintari-oamenii-sa-renunte-la-prima-lege-a-strangerii-randurilor-242734<\/p>\n","protected":false},"excerpt":{"rendered":"<p>\u201e\u015eeful statului, care este \u015fi dispecerul politicii externe, are la \u00eendem\u00e2n\u0103 acest monolog tactic cu opinia public\u0103, prin conferin\u0163ele de pres\u0103. To\u0163i pre\u015fedin\u0163ii procedeaz\u0103 a\u015fa, \u00eens\u0103 domnul Traian B\u0103sescu practic\u0103 infla\u0163ia apari\u0163iilor \u00een ultimul timp \u015fi, din p\u0103cate, \u00eentr-o perioad\u0103 electoral\u0103, se confund\u0103 foarte u\u015for. Chiar dac\u0103 n-ar dori s\u0103 fac\u0103 asta, dar nu o [&hellip;]<\/p>\n","protected":false},"author":1,"featured_media":205731,"comment_status":"open","ping_status":"","sticky":false,"template":"","format":"standard","meta":{"footnotes":""},"categories":[2],"tags":[11],"class_list":["post-205730","post","type-post","status-publish","format-standard","has-post-thumbnail","hentry","category-politics","tag-digi24"],"_links":{"self":[{"href":"https:\/\/analyse.optim.biz\/index.php?rest_route=\/wp\/v2\/posts\/205730","targetHints":{"allow":["GET"]}}],"collection":[{"href":"https:\/\/analyse.optim.biz\/index.php?rest_route=\/wp\/v2\/posts"}],"about":[{"href":"https:\/\/analyse.optim.biz\/index.php?rest_route=\/wp\/v2\/types\/post"}],"author":[{"embeddable":true,"href":"https:\/\/analyse.optim.biz\/index.php?rest_route=\/wp\/v2\/users\/1"}],"replies":[{"embeddable":true,"href":"https:\/\/analyse.optim.biz\/index.php?rest_route=%2Fwp%2Fv2%2Fcomments&post=205730"}],"version-history":[{"count":0,"href":"https:\/\/analyse.optim.biz\/index.php?rest_route=\/wp\/v2\/posts\/205730\/revisions"}],"wp:featuredmedia":[{"embeddable":true,"href":"https:\/\/analyse.optim.biz\/index.php?rest_route=\/wp\/v2\/media\/205731"}],"wp:attachment":[{"href":"https:\/\/analyse.optim.biz\/index.php?rest_route=%2Fwp%2Fv2%2Fmedia&parent=205730"}],"wp:term":[{"taxonomy":"category","embeddable":true,"href":"https:\/\/analyse.optim.biz\/index.php?rest_route=%2Fwp%2Fv2%2Fcategories&post=205730"},{"taxonomy":"post_tag","embeddable":true,"href":"https:\/\/analyse.optim.biz\/index.php?rest_route=%2Fwp%2Fv2%2Ftags&post=205730"}],"curies":[{"name":"wp","href":"https:\/\/api.w.org\/{rel}","templated":true}]}}