{"id":2057236,"date":"2026-07-22T11:14:25","date_gmt":"2026-07-22T08:14:25","guid":{"rendered":"https:\/\/analyse.optim.biz\/?p=2057236"},"modified":"2026-07-22T11:14:25","modified_gmt":"2026-07-22T08:14:25","slug":"te-opui-imigratiei-dar-si-romanii-sunt-imigranti-in-vest","status":"publish","type":"post","link":"https:\/\/analyse.optim.biz\/?p=2057236","title":{"rendered":"\u201cTe opui imigra\u021biei? Dar \u0219i rom\u00e2nii sunt imigran\u021bi \u00een vest\u201d"},"content":{"rendered":"<p>[analyse_image type=&#8221;featured&#8221; src=&#8221;https:\/\/www.incorectpolitic.com\/wp-content\/uploads\/2023\/08\/immigration.jpg&#8221;]<\/p>\n<div class=\"entry\">\n<p><strong>Incorect Politic<\/strong><br \/>\nIulie 21, 2026<\/p>\n<p><a href=\"https:\/\/www.incorectpolitic.com\/dan-diaconu-despre-planul-kalergi-umplerea-tarii-cu-muncitori-nu-e-decat-o-masca-pentru-stramutarea-aici-a-unor-populatii-in-vederea-metisarii\/immigration\/\" rel=\"attachment wp-att-69197\"><img loading=\"lazy\" decoding=\"async\" class=\"size-full wp-image-69197 aligncenter\" src=\"https:\/\/www.incorectpolitic.com\/wp-content\/uploads\/2023\/08\/immigration.jpg\" alt width=\"4096\" height=\"2308\"><\/a><\/p>\n<h1><strong>\u201cTe opui imigra\u021biei? Dar \u0219i rom\u00e2nii sunt imigran\u021bi \u00een vest\u201d<\/strong><\/h1>\n<p><em>Via <a href=\"https:\/\/evadare.ro\/politica\/de-ce-va-opuneti-imigratiei-daca-atatia-romani-au-plecat\/\">EVADARE<\/a>:<\/em><\/p>\n<p>\u00a0<\/p>\n<h2><a title=\"Permanent Link to \u201eDe ce v\u0103 opune\u021bi imigra\u021biei, dac\u0103 at\u00e2\u021bia rom\u00e2ni au plecat?\u201d\" href=\"https:\/\/evadare.ro\/politica\/de-ce-va-opuneti-imigratiei-daca-atatia-romani-au-plecat\/\" rel=\"bookmark\">\u201eDe ce v\u0103 opune\u021bi imigra\u021biei, dac\u0103 at\u00e2\u021bia rom\u00e2ni au plecat?\u201d<\/a><\/h2>\n<p class=\"wp-block-paragraph\">Una din cele mai m\u00e2r\u0219ave manipul\u0103ri insist\u0103 s\u0103 \u00eenchid\u0103 orice discu\u021bie pe tema migra\u021biei, cu acest argument: \u201ecum at\u00e2t de mul\u021bi rom\u00e2ni au plecat \u00een alte \u021b\u0103ri, trebuie \u0219i la noi s\u0103 vin\u0103 alte popoare\u201d. Am mai multe argumente pentru a demonta sofistica din spatele acestei retorici.<\/p>\n<p class=\"wp-block-paragraph\">1.\u00a0<strong>alegerea celor pleca\u021bi nu ar trebui s\u0103 anuleze dreptul la alegere celor r\u0103ma\u0219i<\/strong><\/p>\n<p class=\"wp-block-paragraph\">Mai mult sau mai pu\u021bin \u00een cuno\u0219tin\u021b\u0103 de cauz\u0103, mai mult sau mai pu\u021bin for\u021ba\u021bi de \u00eemprejur\u0103ri, cei pleca\u021bi au ales s\u0103 tr\u0103iasc\u0103 \u00eentr-un mediu multicultural, s\u0103 \u00eenve\u021be \u0219i s\u0103 vorbeasc\u0103 alt\u0103 limb\u0103. Cei r\u0103ma\u0219i acas\u0103 au f\u0103cut o alegere de sens contrar, r\u0103m\u00e2n\u00e2nd \u00eentr-un anumit tip de mediu cultural, cu care sunt familiari. La fel cum unii aleg s\u0103 tr\u0103iasc\u0103 \u00eentr-un ora\u0219 aglomerat \u0219i al\u021bii \u00eentr-un sat de munte. De ce doar alegerea celor pleca\u021bi merit\u0103 respectat\u0103 \u0219i de ce ea ar trebui s\u0103 aib\u0103 un impact asupra op\u021biunilor celor r\u0103ma\u0219i!?<\/p>\n<p class=\"wp-block-paragraph\">Se vehiculeaz\u0103 o solidaritate \u00een bloc. Dar exist\u0103 la fel de bine al\u021bi rom\u00e2ni, care aleg meserii care implic\u0103 beneficii \u0219i riscuri specifice. Unii se fac poli\u021bi\u0219ti, al\u021bii doctori de boli infec\u021bioase, alpini\u0219ti utilitari, militari sau prostituate. Ce validitate are argumentul c\u0103 \u201eat\u00e2\u021bia rom\u00e2ni fac X, deci trebuie s\u0103 accep\u021bi \u0219i tu, pentru c\u0103 e\u0219ti unul de-al lor\u201d? Oare are vreo logic\u0103 s\u0103 \u00eei spui unei tinere: \u201esunt mii de rom\u00e2nce, care fac videochat \u0219i tu nu vrei s\u0103 te dezbraci\u201d!?<\/p>\n<p class=\"wp-block-paragraph\">2.<strong>\u00a0chiar cei pleca\u021bi temporar nu au declarat c\u0103 ar fi renun\u021bat la a avea o \u021bar\u0103 a lor, \u00een care s\u0103 se \u00eentoarc\u0103<\/strong><\/p>\n<p class=\"wp-block-paragraph\">Alegerea celor pleca\u021bi e deseori for\u021bat\u0103 de \u00eemprejur\u0103ri. Dar e de cele mai multe ori una pe timp limitat. Rom\u00e2nii din afara grani\u021belor nu au renun\u021bat la cet\u0103\u021benia rom\u00e2neasc\u0103, devenind apatrizi. Dimpotriv\u0103, foarte mul\u021bi \u00ee\u0219i doresc s\u0103 se \u00eentoarc\u0103 \u00een singurul loc din lume pe care \u00eel consider\u0103 cu adev\u0103rat \u201eacas\u0103\u201d. C\u0103 al\u021bii nu mai vor s\u0103 se \u00eentoarc\u0103, sau spun asta la m\u00e2nie pe internet, brav\u00e2nd, n-are importan\u021b\u0103. Doar timpul ne va ar\u0103ta cum se vor cerne apele.<\/p>\n<p class=\"wp-block-paragraph\">Ce e foarte important: tocmai rom\u00e2nii emigran\u021bi resimt cel mai dureros drama \u00eenstr\u0103in\u0103rii, sentimentul de a fi un musafir \u00eentr-un loc care nu-\u021bi apar\u021bine. Leg\u0103tura lor cu \u021bara e deseori foarte emo\u021bional\u0103, acolo \u00ee\u0219i investesc toat\u0103 agoniseala sau surplusul, acolo viseaz\u0103 s\u0103 se \u00eentoarc\u0103 \u0219i s\u0103 \u00ee\u0219i reia via\u021ba. De ce ar trebui s\u0103 \u00eei condamne cineva, dup\u0103 5 ani, 10, 20 de ani \u00een \u021bara altora, la sentimentul c\u0103 nu mai au nicio \u021bar\u0103 propriu-zis a lor, nic\u0103ieri \u00een lume!? Cei printre care tr\u0103iesc au o \u021bar\u0103 a lor. \u0218i al\u021bi imigran\u021bi, cu care sunt colegi, au o \u021bar\u0103 a lor. De ce ar fi condamna\u021bi ei s\u0103 li se r\u0103peasc\u0103 acest punct de sprijin \u0219i acest vis?<\/p>\n<p class=\"wp-block-paragraph\">3.\u00a0<strong>modelul multicultural nu este unicul pe glob, amenin\u021barea cu reeducarea e abuziv\u0103<\/strong><\/p>\n<p class=\"wp-block-paragraph\">Directorii de con\u0219tiin\u021b\u0103 ai na\u021biunii au trecut cu tupeu la jignirea \u0219i intimidarea celor care \u00eendr\u0103znesc s\u0103 pun\u0103 \u00een discu\u021bie tema migra\u021biei ca principiu. Rom\u00e2nilor li s-a spus c\u0103 trebuie \u201es\u0103 ia lec\u021bii de civiliza\u021bie\u201d \u0219i \u201es\u0103 ias\u0103 din Evul Mediu\u201d. Cu alte cuvinte, s\u0103 treac\u0103 printr-o reeducare rapid\u0103, pentru schimbarea mentalit\u0103\u021bii.<\/p>\n<p class=\"wp-block-paragraph\">Nu e clar c\u00e2nd s-a sf\u00e2r\u0219it acel \u201eev mediu\u201d cu care suntem ru\u0219ina\u021bi retoric. Cu doar un deceniu \u00een urm\u0103, \u021b\u0103rile europene, pe care suntem acuza\u021bi c\u0103 le-am luat cu asalt, ne cereau s\u0103 avem viz\u0103 pe pa\u0219aport. Erau ele \u00een Evul Mediu c\u00e2nd f\u0103ceau asta? Statele Unite \u0219i altele practic\u0103 aceast\u0103 form\u0103 de selec\u021bie \u0219i pun evidente restric\u021bii pe pia\u021ba muncii pentru rom\u00e2ni. Ba construiesc \u0219i ziduri la grani\u021b\u0103. Sunt americanii \u00een Evul Mediu din pricina asta?<\/p>\n<p class=\"wp-block-paragraph\">Dar sunt \u021b\u0103ri pentru care retorica diversit\u0103\u021bii nu face nici doi bani. \u00cencerca\u021bi s\u0103 v\u0103 stabili\u021bi \u00een Japonia, \u00een Taiwan sau Coreea de Sud \u0219i vede\u021bi c\u00e2t de u\u0219or e \u0219i cum sunte\u021bi primi\u021bi. \u00censeamn\u0103 cumva c\u0103 acele societ\u0103\u021bi, foarte avansate \u0219i civilizate, se afl\u0103 \u00een Evul Mediu \u0219i ar trebui puse la st\u00e2lpul infamiei pentru alegerea lor? Chiar multiculturala Elve\u021bie organizeaz\u0103 periodic referendumuri pe diverse chestiuni de schimbare cultural\u0103.<\/p>\n<p class=\"wp-block-paragraph\">4.\u00a0<strong>cet\u0103\u021benii rom\u00e2ni nu au fost consulta\u021bi<\/strong><\/p>\n<p class=\"wp-block-paragraph\">Ceea ce ne aduce la argumentul democratic. Nu a existat nicio dezbatere public\u0103, atunci c\u00e2nd politicienii au semnat tratate bilaterale \u0219i interna\u021bionale pe tema migra\u021biei. Nu ne-au fost comunicate niciodat\u0103 cifre reale privind ponderea emigra\u021biei deja existente, nici estim\u0103ri privind cota considerat\u0103 limit\u0103 sau acceptabil\u0103. Compozi\u021bia etnic\u0103 a societ\u0103\u021bii e tr\u0103s\u0103tura definitorie a societ\u0103\u021bii, ea nu poate fi schimbat\u0103 f\u0103r\u0103 consultarea cet\u0103\u021benilor b\u0103\u0219tina\u0219i, proprietarii de drept ai \u021b\u0103rii.<\/p>\n<p class=\"wp-block-paragraph\">5.\u00a0<strong>rom\u00e2nii au aderat la Uniunea European\u0103, nu la Eurasia, la Uniunea Asiatic\u0103 sau Uniunea African\u0103<\/strong><\/p>\n<p class=\"wp-block-paragraph\">Aceast\u0103 afirma\u021bie nu e rasism, e o constatare juridic\u0103. \u00centre Rom\u00e2nia \u0219i \u021b\u0103rile din Vest, unde lucreaz\u0103 rom\u00e2ni, exist\u0103 un contract: tratatul de aderare. Acest tratat nu prevede deschiderea grani\u021belor pentru popula\u021biile din afara Europei. Evident, nu prevede nimic despre reloc\u0103ri de refugia\u021bi din alte \u021b\u0103ri ale UE.<\/p>\n<p class=\"wp-block-paragraph\">Cu toat\u0103 lipsa de informare, de bine de r\u0103u, la aderare a existat o oarecare dezbatere public\u0103. S-a votat \u0219i o schimbare a Constitu\u021biei pentru acomodarea cu tratatul. S-a dat un vot, la vedere, \u00een Parlamentul Rom\u00e2niei. Decizia de a aduce muncitori str\u0103ini de pe alte continente e una pentru care nu am fost consulta\u021bi. Da, e normal s\u0103 vin\u0103 italieni, spanioli \u0219i englezi, nu din \u021b\u0103ri cu care nu suntem \u00een nicio uniune juridic\u0103.<\/p>\n<p class=\"wp-block-paragraph\">6.\u00a0<strong>migra\u021bia intra-european\u0103 e una temporar\u0103, cea din afar\u0103 e ireversibil\u0103<\/strong><\/p>\n<p class=\"wp-block-paragraph\">Exist\u0103 numero\u0219i europeni, care tr\u0103iesc \u00een alte \u021b\u0103ri europene. Leg\u0103turile dintre ei sunt istorice, au aceea\u0219i civiliza\u021bie. Logistic, sunt aproape, le e u\u0219or s\u0103 \u021bin\u0103 leg\u0103tura, chiar s\u0103 fac\u0103 naveta \u00eentre \u021b\u0103ri \u00eenvecinate. Diferen\u021ba de bog\u0103\u021bie nu e at\u00e2t de mare \u00eentre \u021b\u0103ri. Excluz\u00e2nd cazurile \u00een care se c\u0103s\u0103toresc acolo sau aleg s\u0103-\u0219i tr\u0103iasc\u0103 pensia \u00eentr-un loc mai lini\u0219tit, europenii disloca\u021bi \u00een Europa se \u00eentorc dup\u0103 un num\u0103r de ani. \u00cen acest caz, \u021bara care \u00eei prime\u0219te doar \u00een perioada cea mai activ\u0103 are beneficii sporite, spre deosebire de \u021bara \u00een care au crescut sau cea \u00een care apas\u0103 pe sistemele de pensii \u0219i asisten\u021b\u0103 medical\u0103. Dar, per total, portughezii \u0219i italienii afla\u021bi \u00een Anglia, se vor \u00eentoarce \u00een frumoasele lor \u021b\u0103ri, la fel \u0219i polonezii din Germania.<\/p>\n<p class=\"wp-block-paragraph\">Cu totul alta e situa\u021bia migran\u021bilor din \u021b\u0103ri calamitate, lovite de r\u0103zboaie civile lungi de decenii, unde crima e la ordinea zilei; a celor veni\u021bi din \u021b\u0103ri cu s\u0103r\u0103cie extrem\u0103, f\u0103r\u0103 institu\u021bii performante de educa\u021bie \u0219i s\u0103n\u0103tate, a celor veni\u021bi din zone de\u0219ertice, pentru care chiar accesul la ap\u0103 potabil\u0103 e o problem\u0103. Sunt \u021b\u0103ri care au o diaspor\u0103 numeroas\u0103, state e\u0219uate, f\u0103r\u0103 speran\u021ba de a ajunge prea cur\u00e2nd \u00een parametrii europeni. Aceste \u021b\u0103ri furnizeaz\u0103 emigran\u021bi pentru totdeauna, al c\u0103ror scop este s\u0103 \u00ee\u0219i aduc\u0103 \u0219i rudele, care formeaz\u0103 comunit\u0103\u021bi \u00eenchise.<\/p>\n<p class=\"wp-block-paragraph\">7.\u00a0<strong>condi\u021biile economice fluctueaz\u0103, demografia nu urmeaz\u0103 mereu economia<\/strong><\/p>\n<p class=\"wp-block-paragraph\">\u201eDemografia este destin\u201d, spunea Oswald Spengler. Altfel spus, dac\u0103 vedem cum arat\u0103 azi \u0219colile, \u0219tim cum va ar\u0103ta viitoarea societate. Nu e nevoie de un ghicitor, pentru a trage concluzia dup\u0103 ce vezi \u0219colile din marile capitale occidentale, \u00een care abia dac\u0103 mai g\u0103se\u0219ti c\u00e2te un alb-doi. Valul migrator al unor asemenea popoare prolifice nu mai poate fi schimbat.<\/p>\n<p class=\"wp-block-paragraph\">Ni se aduce argumentul cre\u0219terii economice. Acestea sunt fluctua\u021bii trec\u0103toare. Anumite industrii pot fi lovite pe nea\u0219teptate \u2013 cum a fost cazul investi\u021biei Nokia de la Jucu. Ceva asem\u0103n\u0103tor se poate \u00eent\u00e2mpla \u0219i cu industria auto \u00een deceniul care vine. La scara istoriei, cre\u0219terea sau sc\u0103derea unei industrii pe durata unor ani e irelevant\u0103. Cine mai \u0219tie \u00een ce secol a crescut pia\u021ba t\u0103b\u0103c\u0103riei \u0219i c\u00e2nd a fost mare nevoie de mineri \u00een mun\u021bii Rom\u00e2niei?<\/p>\n<p>Totu\u0219i, comunit\u0103\u021bile venite cu asemenea ocazii r\u0103m\u00e2n \u00eentr-un loc pentru sute \u0219i mii de ani dup\u0103. E cazul comunit\u0103\u021bilor de secui, de \u021bigani, r\u0103mase aici de\u0219i (\u00een cazul primilor), nu mai e o grani\u021b\u0103 de p\u0103zit unde se afl\u0103. De sute de ani ne str\u0103duim s\u0103 g\u0103sim modalit\u0103\u021bi de convie\u021buire cu aceste popoare \u2013 ne-a fost \u0219i bine \u0219i r\u0103u \u00eempreun\u0103 \u2013 dar n-a fost deloc u\u0219or. \u0218i vorbim doar de c\u00e2teva comunit\u0103\u021bi. Ar fi total iresponsabil s\u0103 l\u0103s\u0103m urma\u0219ilor urma\u0219ilor no\u0219tri mo\u0219tenirea de a se descurca \u00eentr-un turn babel de comunit\u0103\u021bi diverse, \u00eenc\u0103 mai pu\u021bin interesate s\u0103 se acomodeze locului.<\/p>\n<p class=\"wp-block-paragraph\">8.\u00a0<strong>Constitu\u021bia Rom\u00e2niei interzice colonizarea<\/strong><\/p>\n<p class=\"wp-block-paragraph\">Exist\u0103 un articol explicit, care interzice popularea teritoriului na\u021bional cu grupuri compacte de alogeni. Agen\u021biile de for\u021b\u0103 de munc\u0103 \u0219i funda\u021biile, care deruleaz\u0103 programe de transfera a refugia\u021bilor, vin \u00een contradic\u021bie cu acest articol din legea fundamental\u0103. Acest argument singur, ar pune \u00een mod normal cap\u0103t discu\u021biei, dar e ignorat \u00een totalitate. \u00cen cazul celor redistribui\u021bi din alte \u021b\u0103ri, mai e o ilegalitate \u00een raport cu legile interna\u021bionale, care stipuleaz\u0103 c\u0103 statutul de refugiat se pierde la p\u0103r\u0103sirea primei \u021b\u0103ri sigure (\u00een afara conflictului sau pericolului) \u00een care a reu\u0219it s\u0103 ajung\u0103 fugarul.<\/p>\n<p class=\"wp-block-paragraph\">9.\u00a0<strong>diferen\u021bele culturale \u0219i de natalitate sunt semnificative<\/strong><\/p>\n<p class=\"wp-block-paragraph\">Dac\u0103 nu suntem ipocri\u021bi, va trebui s\u0103 constat\u0103m numeroasele deosebiri. Iar asta nu ne face anti-europeni. Dimpotriv\u0103, suntem europeni tocmai pentru c\u0103 avem o cultur\u0103 comun\u0103 cu restul popoarelor Europei \u0219i distinct\u0103 de a altor continente. Sunt destul de rare atentatele organizate de europeni \u00eempotriva altor europeni, de exemplu. Sau ostilitatea izvor\u00e2t\u0103 din dispre\u021bul fa\u021b\u0103 de societ\u0103\u021bi \u00een care se consum\u0103 alcool sau \u00een care femeile sunt \u00eembr\u0103cate mai decoltat. Suntem obi\u0219nui\u021bi cu aceste lucruri, nu sim\u021bim pornirea de a pune m\u00e2na pe cu\u021bit pentru a pedepsi felul de a fi al celorlal\u021bi. De culturile tribale ale de\u0219ertului ne separ\u0103 totu\u0219i o lume.<\/p>\n<p class=\"wp-block-paragraph\">La fel, nu putem s\u0103 nu constat\u0103m c\u0103 singura minoritate de pe teritoriul Rom\u00e2niei, cu o natalitate exploziv\u0103, are r\u0103d\u0103cini \u00een Asia de Sud-Vest. Rom\u00e2nii s-au \u00eenscris, din p\u0103cate, \u00een tendin\u021ba de declin demografic a vest-europenilor. Se c\u0103s\u0103toresc t\u00e2rziu, femeile urmeaz\u0103 o carier\u0103, nasc primul copil t\u00e2rziu \u0219i nu mai au timp pentru a-i ad\u0103uga mul\u021bi fra\u021bi \u0219i surori. O familie cu doi copii e deja norocoas\u0103 \u0219i considerat\u0103 mare, de la trei \u00een sus, p\u0103rin\u021bii sunt considera\u021bi suspec\u021bi.<\/p>\n<p>Ar fi imposibil ca o \u021bar\u0103 gazd\u0103 cu asemenea comportamente demografice s\u0103 poat\u0103 \u021bine pasul cu alte culturi, care nu \u00eent\u00e2mpl\u0103tor au ajuns la popula\u021bii considerabile \u2013 dou\u0103 \u021b\u0103ri ale globului dep\u0103\u0219ind borna de un miliard. Iar noi import\u0103m for\u021b\u0103 de munc\u0103 tocmai din asemenea \u021b\u0103ri cu natalitate prolific\u0103. Chiar dac\u0103 primii veni\u021bi nu \u0219i-au \u00eentregit \u00eenc\u0103 familiile, e doar o chestiune de timp.<\/p>\n<p class=\"wp-block-paragraph\">10.\u00a0<strong>import\u00e2nd lumea a treia, vom ajunge ca lumea a treia<\/strong><\/p>\n<p class=\"wp-block-paragraph\">Istoria a fost nemiloas\u0103 cu multe popoare. Nici cu noi n-a fost bl\u00e2nd\u0103 mereu. Au fost r\u0103zboaie, imperii coloniale sadice, molime, dezastre naturale. Dar nu po\u021bi \u00eendep\u0103rta total responsabilitatea popoarelor pentru starea \u021b\u0103rilor lor. Nu \u0219tiu cum au ajuns unii s\u0103 se conving\u0103 c\u0103 putem ajunge s\u0103 ar\u0103t\u0103m ca Elve\u021bia \u0219i Norvegia, import\u00e2nd popula\u021bii din locuri cu o istorie a violen\u021bei, unde traiul e periculos, unde bordeiul \u0219i mahalaua insalubr\u0103 sunt peisajul obi\u0219nuit al a\u0219ez\u0103rilor umane.<\/p>\n<p>Dac\u0103 popoarele alea erau a\u0219a harnice cum ni-i prezint\u0103 \u201esamsarii\u201d de oameni de prin agen\u021biile de recrutare, ar fi construit la ei acas\u0103 \u0219i industrie \u0219i metropole \u0219i autostr\u0103zi. Sigur c\u0103 sunt deocamdat\u0103 decen\u021bi \u0219i mode\u0219ti. Dar nu v\u0103d de ce ar ar\u0103ta diferit de Ferentari sau de Karachi un cartier \u00een care s-ar aduna emigra\u021bia pakistanez\u0103.<\/p>\n<p class=\"wp-block-paragraph\">11.\u00a0<strong>aportul emigra\u021biei e neglijabil economic<\/strong><\/p>\n<p class=\"wp-block-paragraph\">Intervine aici o alt\u0103 deosebire, care face \u00een\u0219el\u0103toare compara\u021bia cu emigra\u021bia rom\u00e2neasc\u0103 \u00een Europa. Dac\u0103 am fi fost o destina\u021bie pentru grupuri \u00eenalt calificate din Apusul Europei, altfel ar fi stat lucrurile. De\u0219i rela\u021bia cu sa\u0219ii n-a fost chiar cum e ea idealizat\u0103 azi, pot s\u0103 le recunosc un aport semnificativ. Nem\u021bii au construit marile ora\u0219e ale Ardealului \u0219i Banatului. E drept c\u0103 rom\u00e2nii n-aveam mereu voie prin ele \u0219i c\u0103 erau practic ridicate prin favoritism fiscal. Erau, adic\u0103, la fel de favoriza\u021bi de stat ca multina\u021bionalele de azi sau ca firmele off-shore. Dar au ridicat ni\u0219te cet\u0103\u021bi, pe care le ar\u0103t\u0103m turi\u0219tilor, nimic de zis.<\/p>\n<p class=\"wp-block-paragraph\">Care e marele beneficiu pe care \u00eel aduc muncitorii ieftini din Asia? Deocamdat\u0103 servesc masa \u00een restaurante, schimb\u0103 a\u0219ternuturi \u00een hoteluri, v\u0103d de copii \u0219i termoizoleaz\u0103 blocurile comuniste. Nu le desconsider munca. Dimpotriv\u0103, am toat\u0103 \u00een\u021belegerea la nivel uman, fa\u021b\u0103 de soarta lor grea. Dar sunt ocupa\u021bii slab calificate. Nu e ca \u0219i cum ar fi f\u0103cut vreo linie de tren ultra-rapid de la Bucure\u0219ti la Cluj, vreun baraj de hidrocentral\u0103 sau ar face opera\u021bii chirurgicale de care doctorii no\u0219tri n-au auzit. A\u0219 fi \u00een\u021beles sacrificiul demografic \u00een numele unor asemenea realiz\u0103ri.<\/p>\n<p class=\"wp-block-paragraph\">A\u0219a, ce facem? Ne vindem lini\u0219tea \u0219i viitorul pentru c\u0103 sunt zugr\u0103vite c\u00e2teva din blocurile lui Ceau\u0219escu!? M\u0103car dac\u0103 ridicau un cartier nou, cu o arhitectur\u0103 nemaiv\u0103zut de frumoas\u0103, s\u0103 spui: da, domnule, nu eram noi \u00een stare f\u0103r\u0103 ei! Cine ar accepta, la el acas\u0103, \u00een schimbul unei zugr\u0103veli mai ieftine, s\u0103 primeasc\u0103 sub acoperi\u0219ul s\u0103u pe zugrav, nevasta lui \u0219i to\u021bi copiii lor de atunci \u00eenainte!? Ca afacere, mi se pare una chiar prosteasc\u0103.<\/p>\n<p class=\"wp-block-paragraph\">\u0218i noi am exportat necalifica\u021bi, uneori neciviliza\u021bi, chiar infractori. Dar, per total, au plecat mul\u021bi ingineri, doctori, IT-i\u0219ti, meseria\u0219i bine califica\u021bi, mul\u021bi \u0219coli\u021bi pe vremea c\u00e2nd \u00eenv\u0103\u021b\u0103m\u00e2ntul era riguros. Chiar \u0219i dup\u0103 aceast\u0103 continu\u0103 degradare, avem un sistem de \u00eenv\u0103\u021b\u0103m\u00e2nt superior acelor \u021b\u0103ri cu rate uria\u0219e de analfabetism, de unde import\u0103m acum personal. Din nou, o afacere proast\u0103: d\u0103m personal \u00eendelung calificat, poliglot, cu studii superioare Vestului, \u0219i lu\u0103m muncitori altfel harnici, care cu chiu cu vai rup c\u00e2teva vorbe \u00een englez\u0103.<\/p>\n<p class=\"wp-block-paragraph\">12.\u00a0<strong>rom\u00e2nii pleca\u021bi nu au pus probleme similare de securitate<\/strong><\/p>\n<p class=\"wp-block-paragraph\">Au fost cazuri de rom\u00e2ni, care ne-au f\u0103cut de r\u00e2s pe unde s-au dus. Unii chiar dintre minorit\u0103\u021bile etnice, dar s\u0103 ne facem c\u0103 nu conteaz\u0103. Cu toate astea, nu s-a auzit s\u0103 organizeze atentate, celule teroriste pe unde s-au dus. Nu \u0219i-au pus \u00een cap s\u0103 distrug\u0103 societ\u0103\u021bile unde au pus piciorul. Emigra\u021bia din afara Europei a obi\u0219nuit continentul cu atacurile cu acid la adresa necunoscu\u021bilor, atacurile cu cu\u021bitul, bombele plasate \u00een tren.<\/p>\n<p class=\"wp-block-paragraph\">13.\u00a0<strong>emigra\u021bia reduce salariile<\/strong><\/p>\n<p class=\"wp-block-paragraph\">Poate unii rom\u00e2ni pleca\u021bi pe afar\u0103, privind superficial, s\u0103 fi tras concluzia c\u0103 societ\u0103\u021bile multiculturale sunt mai prospere. Chiar c\u0103 sunt prospere tocmai pentru c\u0103 sunt multiculturale. (A\u0219a e sugestia indus\u0103 de propagandi\u0219ti.) Nimic mai fals. Ei nu \u0219i-au pus problema care era nivelul de trai \u0219i de siguran\u021b\u0103 \u00eenainte ca acele societ\u0103\u021bi s\u0103 devin\u0103 multiculturale. Dac\u0103 ar fi vorbit sincer cu autohtonii, ar fi aflat c\u0103 aceia regret\u0103 vremurile de demult (nu foarte \u00eendep\u0103rtate).<\/p>\n<p class=\"wp-block-paragraph\">Matematic, nu exist\u0103 posibilitatea ca sporind oferta de for\u021b\u0103 de munc\u0103 s\u0103 creasc\u0103 \u0219i oferta salarial\u0103. Dimpotriv\u0103. Prin simpla cre\u0219tere de candida\u021bi scade puterea de negociere. Dar lucrul e mai dramatic c\u00e2nd oferta e crescut\u0103 artificial cu \u201edesperados\u201d din \u021b\u0103ri de pe fundul pr\u0103pastiei. Aici intervine alt\u0103 deosebire fa\u021b\u0103 de emigra\u021bia rom\u00e2neasc\u0103.<\/p>\n<p class=\"wp-block-paragraph\">Dac\u0103 ne-ar fi fost adu\u0219i al\u021bi europeni, s\u0103 zicem, bulgari, diferen\u021ba nu era a\u0219a mare la salarii. Dar c\u00e2nd concurentul t\u0103u e cineva dintr-o \u021bar\u0103 unde se c\u00e2\u0219tig\u0103 doar 60 de euro pe lun\u0103, care mai sunt \u0219ansele s\u0103 ai succes a\u0219tept\u00e2nd ca salariul t\u0103u s\u0103 creasc\u0103?<\/p>\n<p class=\"wp-block-paragraph\">14.\u00a0<strong>emigra\u021bia masiv\u0103 e o piedic\u0103 \u00een calea \u00eentoarcerii rom\u00e2nilor<\/strong><\/p>\n<p class=\"wp-block-paragraph\">\u00cen condi\u021biile \u00een care salariile se vor echilibra \u00een jos (\u00eentre Rom\u00e2nia \u0219i Vietnam) \u0219i nu \u00een sus (\u00eentre Rom\u00e2nia \u0219i Germania sau m\u0103car Polonia), \u0219ansele ca rom\u00e2nii s\u0103 se \u00eentoarc\u0103 de la salariile lor occidentale scad. Procesul fugii \u00een bejenie se va accelera prin afluxul de popula\u021bii asiatice \u0219i africane, nu se va \u00eencetini.<\/p>\n<p class=\"wp-block-paragraph\">15.<strong>\u00a0emigra\u021bia degradeaz\u0103 condi\u021biile de munc\u0103<\/strong><\/p>\n<p class=\"wp-block-paragraph\">Rom\u00e2nii pleca\u021bi \u00een Occident au avut parte de experien\u021be diferite, de la caz la caz. Cei mai pu\u021bin noroco\u0219i au nimerit \u00een ghearele trafican\u021bilor de fiin\u021be umane, au ajuns s\u0103 fie abuza\u021bi \u00een condi\u021bii de sclavie. Al\u021bii au fost doar c\u00e2nd \u0219i c\u00e2nd umili\u021bi. Dar mul\u021bi au descoperit un mod de lucru mai civilizat, \u00eentr-o societate a\u0219ezat\u0103, muncind al\u0103turi de al\u021bi occidentali. Au primit salariul la timp, li s-a respectat programul, li s-au pl\u0103tit toate taxele legale \u0219i contribu\u021biile, li s-a vorbit politicos, au devenit chiar membri ai unor sindicate cu putere de negociere. Efectul acestor din urm\u0103 practici \u00eencepea s\u0103 fie pozitiv \u0219i asupra procedurilor de lucru din \u021bar\u0103. Oamenii aflau de la al\u021bii sau \u0219tiau din propria experien\u021b\u0103 cum ar trebui s\u0103 fie trata\u021bi \u00eentr-o \u021bar\u0103 european\u0103.<\/p>\n<p class=\"wp-block-paragraph\">Lucrurile nu stau deloc a\u0219a \u00een Asia sau \u00een Africa, unde respectul pentru muncitor e deseori precar \u0219i abuzul norma. Una din motiva\u021biile explicite pe care unii angajatori rom\u00e2ni le au \u00een a aduce muncitori str\u0103ini e c\u0103 rom\u00e2nii sau maghiarii nu prea le mai acceptau abuzurile. Cu alte cuvinte, chiar presupun\u00e2nd (prin absurd) c\u0103 salariile ar r\u0103m\u00e2ne acelea\u0219i \u0219i nu ar sc\u0103dea urmare a afluxului de migratori, se va constata un efect negativ \u00een condi\u021biile de munc\u0103.<\/p>\n<p>L-au constatat \u0219i vest-europenii pe pielea lor. C\u00e2nd ai la dispozi\u021bie muncitori, care nu pot amenin\u021ba prea lesne c\u0103 pleac\u0103 acas\u0103 sau se mut\u0103 la alt\u0103 firm\u0103, \u00ee\u021bi permi\u021bi s\u0103 fii zbir. Salaria\u021bii rom\u00e2ni vor putea fi cu u\u0219urin\u021b\u0103 constr\u00e2n\u0219i s\u0103 lucreze gratis peste program, c\u00e2nd li se va spune: dar uite, Li cum poate s\u0103 munceasc\u0103 10 sau 12 ore f\u0103r\u0103 s\u0103 se pl\u00e2ng\u0103?<\/p>\n<p class=\"wp-block-paragraph\">Din nou, dat fiind c\u0103 decalajul dintre mentalitatea rom\u00e2neasc\u0103 \u0219i cea occidental\u0103 nu era chiar at\u00e2t de mare, compara\u021bia din titlu se v\u0103de\u0219te ca \u00een\u0219el\u0103toare.<\/p>\n<p class=\"wp-block-paragraph\">16.\u00a0<strong>multiculturalismul distruge coeziunea social\u0103<\/strong><\/p>\n<p class=\"wp-block-paragraph\">Cu aceea\u0219i idee \u00een minte, c\u0103 rom\u00e2nii sunt la ei acas\u0103 \u00een Europa, c\u0103 sunt prin structura lor europeni, putem constata la al\u021bii ravagiile experimentului multicultural. Efectele se r\u0103sfr\u00e2ng \u0219i la nivelul cel mai mic, rup\u00e2nd solidaritatea \u0219i \u00eencrederea \u00een interiorul comunit\u0103\u021bilor. C\u00e2nd aduci valuri de popoare, care au alt\u0103 istorie, alte pasiuni, f\u0103r\u0103 amintiri comune, reduci rela\u021biile la nivelul cel mai superficial. Uneori nici m\u0103car acest nivel nu func\u021bioneaz\u0103, c\u00e2nd unii colegi se uit\u0103 la fotbal \u0219i a\u021bii sunt pasiona\u021bi de cricket.<\/p>\n<p class=\"wp-block-paragraph\">Rezult\u0103 societ\u0103\u021bi disfunc\u021bionale, \u00een care oamenii nu au multe s\u0103-\u0219i spun\u0103, comunic\u0103 superficial \u0219i f\u0103\u021barnic. Pentru a preveni conflictele, apar cur\u00e2nd legi de limitare a liberei exprim\u0103ri, iar tabu-urile cresc de la an la an. De\u0219i teoretic la el acas\u0103, autohtonul nu mai \u00eendr\u0103zne\u0219te s\u0103 se manifeste spontan, pentru a nu ofensa \u0219i a nu fi pedepsit sau catalogat. Apare \u0219i un acut sentiment de ne\u00eencredere, mai ales c\u0103 lucrurile nu se pot exprima la suprafa\u021b\u0103 \u0219i e greu de ghicit p\u0103rerea chiar a celor apropia\u021bi.<\/p>\n<p class=\"wp-block-paragraph\">Societ\u0103\u021bile occidentale, lovite de plaga corectitudinii politice, seam\u0103n\u0103 tot mai mult cu societ\u0103\u021bile din comunism. Apar \u201e\u0219op\u00e2rlele\u201d, aluziile, se vorbe\u0219te liber doar acas\u0103 sau \u00eentre prieteni verifica\u021bi, dac\u0103 mai exist\u0103 ideea de prietenie. Rela\u021biile de munc\u0103 sunt deseori armonioase, dar rareori se prelungesc dup\u0103 terminarea programului, c\u00e2nd societ\u0103\u021bile redevin segregate, chiar ghetoizate. Str\u0103inii, a\u0219adar, lucreaz\u0103 \u00eempreun\u0103, pentru c\u0103 sunt obliga\u021bi s\u0103 o fac\u0103. Dar c\u00e2nd au posibilitatea s\u0103 aleag\u0103, aleg s\u0103 tr\u0103iasc\u0103 \u00een cartiere separate \u0219i s\u0103-\u0219i petreac\u0103 timpul liber \u00een cercuri omogene etnic sau cultural.<\/p>\n<p class=\"wp-block-paragraph\">17.\u00a0<strong>ar trebui s\u0103 \u00eenv\u0103\u021b\u0103m din gre\u0219elile altora<\/strong><\/p>\n<p class=\"wp-block-paragraph\">Rom\u00e2nii pleca\u021bi, invoca\u021bi ca argument \u00een favoarea grani\u021belor deschise, ar fi cei mai \u00een m\u0103sur\u0103 s\u0103 sublinieze ce e disfunc\u021bional \u00een acest proiect artificial de inginerie social\u0103. Except\u00e2ndu-i pe cei lovi\u021bi de morbul neo-marxismului, la o discu\u021bie sincer\u0103, cei mai mul\u021bi se vor pl\u00e2nge de neajunsurile societ\u0103\u021bilor cosmopolite.<\/p>\n<p class=\"wp-block-paragraph\">Societ\u0103\u021bile occidentale au cules c\u00e2teva decenii roadele importului de tineri, la v\u00e2rst\u0103 adult\u0103, plini de ambi\u021bie \u0219i vitalitate. Dar acel pom s-a uscat deja. Vechii imigran\u021bi au \u00eemb\u0103tr\u00e2nit la fel ca restul oamenilor \u0219i n-au mai plecat \u00een preajma pensiei, cum probabil vor face mul\u021bi dintre rom\u00e2ni. Au r\u0103mas acolo \u0219i, ce s\u0103 vezi? au \u0219i ei nevoie s\u0103 fie trata\u021bi medical, chiar schimba\u021bi, dac\u0103 au ajuns la v\u00e2rsta neputin\u021bei. Corvoada de a-i schimba pe b\u0103tr\u00e2nii indieni le poate reveni tinerelor englezoaice. Un pic altfel dec\u00e2t \u00ee\u0219i imaginaser\u0103 unii.<\/p>\n<p class=\"wp-block-paragraph\">Mul\u021bi dintre imigran\u021bi au devenit exper\u021bi \u00een exploatarea sistemelor de asisten\u021b\u0103 social\u0103, storc aloca\u021bii pentru to\u021bi cei opt copii, subven\u021bii la cazare, gratuit\u0103\u021bi de transport, de \u0219colarizare \u0219i de tratament medical. Unii dintre ei sunt \u00eencasatori ne\u021bi, o povar\u0103 pentru societ\u0103\u021bile de adop\u021bie, \u00een care au adus lenea sub-saharian\u0103 sau agerimea jamaican\u0103.<\/p>\n<p class=\"wp-block-paragraph\">\u0218i mai grav, de la visul integr\u0103rii \u00een Occident al p\u0103rin\u021bilor, genera\u021bia a doua de imigran\u021bi a cunoscut fie r\u0103sf\u0103\u021bul fie radicalizarea \u00een ostilitate. Atentatele cele mai r\u0103sun\u0103toare au fost f\u0103cute tocmai de ace\u0219ti neadapta\u021bi de genera\u021bie a doua, n\u0103scu\u021bi \u0219i educa\u021bi \u00een Occident. Dar cu un sentiment acut de dispre\u021b pentru dec\u0103derea societ\u0103\u021bilor laicizate, cu o mare frustrare fa\u021b\u0103 de ipocrizia societ\u0103\u021bilor gazd\u0103, fa\u021b\u0103 de falsele lor promisiuni de ascensiune social\u0103.<\/p>\n<p class=\"wp-block-paragraph\">18\u00a0<strong>noi nu avem obliga\u021bii fa\u021b\u0103 de vechile \u0219i noile colonii<\/strong><\/p>\n<p class=\"wp-block-paragraph\">Multiculturalismul, care ni se propune, e o form\u0103 r\u0103sturnat\u0103 de colonialism. Un colonialism sinuciga\u0219, derulat pe terenul metropolei. Societ\u0103\u021bile \u00een care au nimerit rom\u00e2nii pleca\u021bi la munc\u0103 n-au fost mereu a\u0219a, evident. Schimbarea provine abia din ultimii 50 de ani, mult accelerat\u0103 \u00een ultimele dou\u0103 decenii. Vorbim \u00eens\u0103 de un proiect ideologic, \u00een care noi nu ar trebui s\u0103 fim obliga\u021bi s\u0103 lu\u0103m parte, pentru c\u0103 nu avem datorii istorice fa\u021b\u0103 de popoare colonizate.<\/p>\n<p class=\"wp-block-paragraph\">Noi nu am extras bog\u0103\u021biile altor continente s\u0103 ne construim metropolele. Privind la rece, vom \u00een\u021belege c\u0103 \u0219i extinderea european\u0103 a fost o form\u0103 de expansiune imperial\u0103. Victim\u0103 i-a c\u0103zut estul, c\u0103ruia i s-au capturat resursele, capacit\u0103\u021bile de produc\u021bie, pie\u021bele de desfacere, re\u021belele de distribu\u021bie, centrii de decizie, elitele academice. Rom\u00e2nia e, de departe, cel mai dramatic caz al acestei captur\u0103ri totale. De\u0219i el \u00eensu\u0219i un pericol, exodul de for\u021b\u0103 de munc\u0103 la salarii mai mari \u00een Vest, a fost singurul c\u00e2\u0219tig primit la schimb.<\/p>\n<p class=\"wp-block-paragraph\">Dat fiind c\u0103 noi n-am avut beneficii similare nici din extinderea european\u0103, nici din cea anterioar\u0103, din era colonial\u0103 propriu-zis\u0103, nu v\u0103d de ce am fi chema\u021bi s\u0103 \u00eemp\u0103r\u021bim povara \u0219i consecin\u021bele acestor forme de l\u0103comie. Nici nu am pozat vreodat\u0103 ipocrit \u00een civilizatori \u0219i misionari ai planetei.<\/p>\n<\/div>\n<div class=\"entry\">\n<p><strong>Incorect Politic<\/strong><br \/>\nIulie 21, 2026<\/p>\n<p><a href=\"https:\/\/www.incorectpolitic.com\/dan-diaconu-despre-planul-kalergi-umplerea-tarii-cu-muncitori-nu-e-decat-o-masca-pentru-stramutarea-aici-a-unor-populatii-in-vederea-metisarii\/immigration\/\" rel=\"attachment wp-att-69197\"><img loading=\"lazy\" decoding=\"async\" class=\"size-full wp-image-69197 aligncenter\" src=\"https:\/\/www.incorectpolitic.com\/wp-content\/uploads\/2023\/08\/immigration.jpg\" alt width=\"4096\" height=\"2308\"><\/a><\/p>\n<h1><strong>\u201cTe opui imigra\u021biei? Dar \u0219i rom\u00e2nii sunt imigran\u021bi \u00een vest\u201d<\/strong><\/h1>\n<p><em>Via <a href=\"https:\/\/evadare.ro\/politica\/de-ce-va-opuneti-imigratiei-daca-atatia-romani-au-plecat\/\">EVADARE<\/a>:<\/em><\/p>\n<p>\u00a0<\/p>\n<h2><a title=\"Permanent Link to \u201eDe ce v\u0103 opune\u021bi imigra\u021biei, dac\u0103 at\u00e2\u021bia rom\u00e2ni au plecat?\u201d\" href=\"https:\/\/evadare.ro\/politica\/de-ce-va-opuneti-imigratiei-daca-atatia-romani-au-plecat\/\" rel=\"bookmark\">\u201eDe ce v\u0103 opune\u021bi imigra\u021biei, dac\u0103 at\u00e2\u021bia rom\u00e2ni au plecat?\u201d<\/a><\/h2>\n<p class=\"wp-block-paragraph\">Una din cele mai m\u00e2r\u0219ave manipul\u0103ri insist\u0103 s\u0103 \u00eenchid\u0103 orice discu\u021bie pe tema migra\u021biei, cu acest argument: \u201ecum at\u00e2t de mul\u021bi rom\u00e2ni au plecat \u00een alte \u021b\u0103ri, trebuie \u0219i la noi s\u0103 vin\u0103 alte popoare\u201d. Am mai multe argumente pentru a demonta sofistica din spatele acestei retorici.<\/p>\n<p class=\"wp-block-paragraph\">1.\u00a0<strong>alegerea celor pleca\u021bi nu ar trebui s\u0103 anuleze dreptul la alegere celor r\u0103ma\u0219i<\/strong><\/p>\n<p class=\"wp-block-paragraph\">Mai mult sau mai pu\u021bin \u00een cuno\u0219tin\u021b\u0103 de cauz\u0103, mai mult sau mai pu\u021bin for\u021ba\u021bi de \u00eemprejur\u0103ri, cei pleca\u021bi au ales s\u0103 tr\u0103iasc\u0103 \u00eentr-un mediu multicultural, s\u0103 \u00eenve\u021be \u0219i s\u0103 vorbeasc\u0103 alt\u0103 limb\u0103. Cei r\u0103ma\u0219i acas\u0103 au f\u0103cut o alegere de sens contrar, r\u0103m\u00e2n\u00e2nd \u00eentr-un anumit tip de mediu cultural, cu care sunt familiari. La fel cum unii aleg s\u0103 tr\u0103iasc\u0103 \u00eentr-un ora\u0219 aglomerat \u0219i al\u021bii \u00eentr-un sat de munte. De ce doar alegerea celor pleca\u021bi merit\u0103 respectat\u0103 \u0219i de ce ea ar trebui s\u0103 aib\u0103 un impact asupra op\u021biunilor celor r\u0103ma\u0219i!?<\/p>\n<p class=\"wp-block-paragraph\">Se vehiculeaz\u0103 o solidaritate \u00een bloc. Dar exist\u0103 la fel de bine al\u021bi rom\u00e2ni, care aleg meserii care implic\u0103 beneficii \u0219i riscuri specifice. Unii se fac poli\u021bi\u0219ti, al\u021bii doctori de boli infec\u021bioase, alpini\u0219ti utilitari, militari sau prostituate. Ce validitate are argumentul c\u0103 \u201eat\u00e2\u021bia rom\u00e2ni fac X, deci trebuie s\u0103 accep\u021bi \u0219i tu, pentru c\u0103 e\u0219ti unul de-al lor\u201d? Oare are vreo logic\u0103 s\u0103 \u00eei spui unei tinere: \u201esunt mii de rom\u00e2nce, care fac videochat \u0219i tu nu vrei s\u0103 te dezbraci\u201d!?<\/p>\n<p class=\"wp-block-paragraph\">2.<strong>\u00a0chiar cei pleca\u021bi temporar nu au declarat c\u0103 ar fi renun\u021bat la a avea o \u021bar\u0103 a lor, \u00een care s\u0103 se \u00eentoarc\u0103<\/strong><\/p>\n<p class=\"wp-block-paragraph\">Alegerea celor pleca\u021bi e deseori for\u021bat\u0103 de \u00eemprejur\u0103ri. Dar e de cele mai multe ori una pe timp limitat. Rom\u00e2nii din afara grani\u021belor nu au renun\u021bat la cet\u0103\u021benia rom\u00e2neasc\u0103, devenind apatrizi. Dimpotriv\u0103, foarte mul\u021bi \u00ee\u0219i doresc s\u0103 se \u00eentoarc\u0103 \u00een singurul loc din lume pe care \u00eel consider\u0103 cu adev\u0103rat \u201eacas\u0103\u201d. C\u0103 al\u021bii nu mai vor s\u0103 se \u00eentoarc\u0103, sau spun asta la m\u00e2nie pe internet, brav\u00e2nd, n-are importan\u021b\u0103. Doar timpul ne va ar\u0103ta cum se vor cerne apele.<\/p>\n<p class=\"wp-block-paragraph\">Ce e foarte important: tocmai rom\u00e2nii emigran\u021bi resimt cel mai dureros drama \u00eenstr\u0103in\u0103rii, sentimentul de a fi un musafir \u00eentr-un loc care nu-\u021bi apar\u021bine. Leg\u0103tura lor cu \u021bara e deseori foarte emo\u021bional\u0103, acolo \u00ee\u0219i investesc toat\u0103 agoniseala sau surplusul, acolo viseaz\u0103 s\u0103 se \u00eentoarc\u0103 \u0219i s\u0103 \u00ee\u0219i reia via\u021ba. De ce ar trebui s\u0103 \u00eei condamne cineva, dup\u0103 5 ani, 10, 20 de ani \u00een \u021bara altora, la sentimentul c\u0103 nu mai au nicio \u021bar\u0103 propriu-zis a lor, nic\u0103ieri \u00een lume!? Cei printre care tr\u0103iesc au o \u021bar\u0103 a lor. \u0218i al\u021bi imigran\u021bi, cu care sunt colegi, au o \u021bar\u0103 a lor. De ce ar fi condamna\u021bi ei s\u0103 li se r\u0103peasc\u0103 acest punct de sprijin \u0219i acest vis?<\/p>\n<p class=\"wp-block-paragraph\">3.\u00a0<strong>modelul multicultural nu este unicul pe glob, amenin\u021barea cu reeducarea e abuziv\u0103<\/strong><\/p>\n<p class=\"wp-block-paragraph\">Directorii de con\u0219tiin\u021b\u0103 ai na\u021biunii au trecut cu tupeu la jignirea \u0219i intimidarea celor care \u00eendr\u0103znesc s\u0103 pun\u0103 \u00een discu\u021bie tema migra\u021biei ca principiu. Rom\u00e2nilor li s-a spus c\u0103 trebuie \u201es\u0103 ia lec\u021bii de civiliza\u021bie\u201d \u0219i \u201es\u0103 ias\u0103 din Evul Mediu\u201d. Cu alte cuvinte, s\u0103 treac\u0103 printr-o reeducare rapid\u0103, pentru schimbarea mentalit\u0103\u021bii.<\/p>\n<p class=\"wp-block-paragraph\">Nu e clar c\u00e2nd s-a sf\u00e2r\u0219it acel \u201eev mediu\u201d cu care suntem ru\u0219ina\u021bi retoric. Cu doar un deceniu \u00een urm\u0103, \u021b\u0103rile europene, pe care suntem acuza\u021bi c\u0103 le-am luat cu asalt, ne cereau s\u0103 avem viz\u0103 pe pa\u0219aport. Erau ele \u00een Evul Mediu c\u00e2nd f\u0103ceau asta? Statele Unite \u0219i altele practic\u0103 aceast\u0103 form\u0103 de selec\u021bie \u0219i pun evidente restric\u021bii pe pia\u021ba muncii pentru rom\u00e2ni. Ba construiesc \u0219i ziduri la grani\u021b\u0103. Sunt americanii \u00een Evul Mediu din pricina asta?<\/p>\n<p class=\"wp-block-paragraph\">Dar sunt \u021b\u0103ri pentru care retorica diversit\u0103\u021bii nu face nici doi bani. \u00cencerca\u021bi s\u0103 v\u0103 stabili\u021bi \u00een Japonia, \u00een Taiwan sau Coreea de Sud \u0219i vede\u021bi c\u00e2t de u\u0219or e \u0219i cum sunte\u021bi primi\u021bi. \u00censeamn\u0103 cumva c\u0103 acele societ\u0103\u021bi, foarte avansate \u0219i civilizate, se afl\u0103 \u00een Evul Mediu \u0219i ar trebui puse la st\u00e2lpul infamiei pentru alegerea lor? Chiar multiculturala Elve\u021bie organizeaz\u0103 periodic referendumuri pe diverse chestiuni de schimbare cultural\u0103.<\/p>\n<p class=\"wp-block-paragraph\">4.\u00a0<strong>cet\u0103\u021benii rom\u00e2ni nu au fost consulta\u021bi<\/strong><\/p>\n<p class=\"wp-block-paragraph\">Ceea ce ne aduce la argumentul democratic. Nu a existat nicio dezbatere public\u0103, atunci c\u00e2nd politicienii au semnat tratate bilaterale \u0219i interna\u021bionale pe tema migra\u021biei. Nu ne-au fost comunicate niciodat\u0103 cifre reale privind ponderea emigra\u021biei deja existente, nici estim\u0103ri privind cota considerat\u0103 limit\u0103 sau acceptabil\u0103. Compozi\u021bia etnic\u0103 a societ\u0103\u021bii e tr\u0103s\u0103tura definitorie a societ\u0103\u021bii, ea nu poate fi schimbat\u0103 f\u0103r\u0103 consultarea cet\u0103\u021benilor b\u0103\u0219tina\u0219i, proprietarii de drept ai \u021b\u0103rii.<\/p>\n<p class=\"wp-block-paragraph\">5.\u00a0<strong>rom\u00e2nii au aderat la Uniunea European\u0103, nu la Eurasia, la Uniunea Asiatic\u0103 sau Uniunea African\u0103<\/strong><\/p>\n<p class=\"wp-block-paragraph\">Aceast\u0103 afirma\u021bie nu e rasism, e o constatare juridic\u0103. \u00centre Rom\u00e2nia \u0219i \u021b\u0103rile din Vest, unde lucreaz\u0103 rom\u00e2ni, exist\u0103 un contract: tratatul de aderare. Acest tratat nu prevede deschiderea grani\u021belor pentru popula\u021biile din afara Europei. Evident, nu prevede nimic despre reloc\u0103ri de refugia\u021bi din alte \u021b\u0103ri ale UE.<\/p>\n<p class=\"wp-block-paragraph\">Cu toat\u0103 lipsa de informare, de bine de r\u0103u, la aderare a existat o oarecare dezbatere public\u0103. S-a votat \u0219i o schimbare a Constitu\u021biei pentru acomodarea cu tratatul. S-a dat un vot, la vedere, \u00een Parlamentul Rom\u00e2niei. Decizia de a aduce muncitori str\u0103ini de pe alte continente e una pentru care nu am fost consulta\u021bi. Da, e normal s\u0103 vin\u0103 italieni, spanioli \u0219i englezi, nu din \u021b\u0103ri cu care nu suntem \u00een nicio uniune juridic\u0103.<\/p>\n<p class=\"wp-block-paragraph\">6.\u00a0<strong>migra\u021bia intra-european\u0103 e una temporar\u0103, cea din afar\u0103 e ireversibil\u0103<\/strong><\/p>\n<p class=\"wp-block-paragraph\">Exist\u0103 numero\u0219i europeni, care tr\u0103iesc \u00een alte \u021b\u0103ri europene. Leg\u0103turile dintre ei sunt istorice, au aceea\u0219i civiliza\u021bie. Logistic, sunt aproape, le e u\u0219or s\u0103 \u021bin\u0103 leg\u0103tura, chiar s\u0103 fac\u0103 naveta \u00eentre \u021b\u0103ri \u00eenvecinate. Diferen\u021ba de bog\u0103\u021bie nu e at\u00e2t de mare \u00eentre \u021b\u0103ri. Excluz\u00e2nd cazurile \u00een care se c\u0103s\u0103toresc acolo sau aleg s\u0103-\u0219i tr\u0103iasc\u0103 pensia \u00eentr-un loc mai lini\u0219tit, europenii disloca\u021bi \u00een Europa se \u00eentorc dup\u0103 un num\u0103r de ani. \u00cen acest caz, \u021bara care \u00eei prime\u0219te doar \u00een perioada cea mai activ\u0103 are beneficii sporite, spre deosebire de \u021bara \u00een care au crescut sau cea \u00een care apas\u0103 pe sistemele de pensii \u0219i asisten\u021b\u0103 medical\u0103. Dar, per total, portughezii \u0219i italienii afla\u021bi \u00een Anglia, se vor \u00eentoarce \u00een frumoasele lor \u021b\u0103ri, la fel \u0219i polonezii din Germania.<\/p>\n<p class=\"wp-block-paragraph\">Cu totul alta e situa\u021bia migran\u021bilor din \u021b\u0103ri calamitate, lovite de r\u0103zboaie civile lungi de decenii, unde crima e la ordinea zilei; a celor veni\u021bi din \u021b\u0103ri cu s\u0103r\u0103cie extrem\u0103, f\u0103r\u0103 institu\u021bii performante de educa\u021bie \u0219i s\u0103n\u0103tate, a celor veni\u021bi din zone de\u0219ertice, pentru care chiar accesul la ap\u0103 potabil\u0103 e o problem\u0103. Sunt \u021b\u0103ri care au o diaspor\u0103 numeroas\u0103, state e\u0219uate, f\u0103r\u0103 speran\u021ba de a ajunge prea cur\u00e2nd \u00een parametrii europeni. Aceste \u021b\u0103ri furnizeaz\u0103 emigran\u021bi pentru totdeauna, al c\u0103ror scop este s\u0103 \u00ee\u0219i aduc\u0103 \u0219i rudele, care formeaz\u0103 comunit\u0103\u021bi \u00eenchise.<\/p>\n<p class=\"wp-block-paragraph\">7.\u00a0<strong>condi\u021biile economice fluctueaz\u0103, demografia nu urmeaz\u0103 mereu economia<\/strong><\/p>\n<p class=\"wp-block-paragraph\">\u201eDemografia este destin\u201d, spunea Oswald Spengler. Altfel spus, dac\u0103 vedem cum arat\u0103 azi \u0219colile, \u0219tim cum va ar\u0103ta viitoarea societate. Nu e nevoie de un ghicitor, pentru a trage concluzia dup\u0103 ce vezi \u0219colile din marile capitale occidentale, \u00een care abia dac\u0103 mai g\u0103se\u0219ti c\u00e2te un alb-doi. Valul migrator al unor asemenea popoare prolifice nu mai poate fi schimbat.<\/p>\n<p class=\"wp-block-paragraph\">Ni se aduce argumentul cre\u0219terii economice. Acestea sunt fluctua\u021bii trec\u0103toare. Anumite industrii pot fi lovite pe nea\u0219teptate \u2013 cum a fost cazul investi\u021biei Nokia de la Jucu. Ceva asem\u0103n\u0103tor se poate \u00eent\u00e2mpla \u0219i cu industria auto \u00een deceniul care vine. La scara istoriei, cre\u0219terea sau sc\u0103derea unei industrii pe durata unor ani e irelevant\u0103. Cine mai \u0219tie \u00een ce secol a crescut pia\u021ba t\u0103b\u0103c\u0103riei \u0219i c\u00e2nd a fost mare nevoie de mineri \u00een mun\u021bii Rom\u00e2niei?<\/p>\n<p>Totu\u0219i, comunit\u0103\u021bile venite cu asemenea ocazii r\u0103m\u00e2n \u00eentr-un loc pentru sute \u0219i mii de ani dup\u0103. E cazul comunit\u0103\u021bilor de secui, de \u021bigani, r\u0103mase aici de\u0219i (\u00een cazul primilor), nu mai e o grani\u021b\u0103 de p\u0103zit unde se afl\u0103. De sute de ani ne str\u0103duim s\u0103 g\u0103sim modalit\u0103\u021bi de convie\u021buire cu aceste popoare \u2013 ne-a fost \u0219i bine \u0219i r\u0103u \u00eempreun\u0103 \u2013 dar n-a fost deloc u\u0219or. \u0218i vorbim doar de c\u00e2teva comunit\u0103\u021bi. Ar fi total iresponsabil s\u0103 l\u0103s\u0103m urma\u0219ilor urma\u0219ilor no\u0219tri mo\u0219tenirea de a se descurca \u00eentr-un turn babel de comunit\u0103\u021bi diverse, \u00eenc\u0103 mai pu\u021bin interesate s\u0103 se acomodeze locului.<\/p>\n<p class=\"wp-block-paragraph\">8.\u00a0<strong>Constitu\u021bia Rom\u00e2niei interzice colonizarea<\/strong><\/p>\n<p class=\"wp-block-paragraph\">Exist\u0103 un articol explicit, care interzice popularea teritoriului na\u021bional cu grupuri compacte de alogeni. Agen\u021biile de for\u021b\u0103 de munc\u0103 \u0219i funda\u021biile, care deruleaz\u0103 programe de transfera a refugia\u021bilor, vin \u00een contradic\u021bie cu acest articol din legea fundamental\u0103. Acest argument singur, ar pune \u00een mod normal cap\u0103t discu\u021biei, dar e ignorat \u00een totalitate. \u00cen cazul celor redistribui\u021bi din alte \u021b\u0103ri, mai e o ilegalitate \u00een raport cu legile interna\u021bionale, care stipuleaz\u0103 c\u0103 statutul de refugiat se pierde la p\u0103r\u0103sirea primei \u021b\u0103ri sigure (\u00een afara conflictului sau pericolului) \u00een care a reu\u0219it s\u0103 ajung\u0103 fugarul.<\/p>\n<p class=\"wp-block-paragraph\">9.\u00a0<strong>diferen\u021bele culturale \u0219i de natalitate sunt semnificative<\/strong><\/p>\n<p class=\"wp-block-paragraph\">Dac\u0103 nu suntem ipocri\u021bi, va trebui s\u0103 constat\u0103m numeroasele deosebiri. Iar asta nu ne face anti-europeni. Dimpotriv\u0103, suntem europeni tocmai pentru c\u0103 avem o cultur\u0103 comun\u0103 cu restul popoarelor Europei \u0219i distinct\u0103 de a altor continente. Sunt destul de rare atentatele organizate de europeni \u00eempotriva altor europeni, de exemplu. Sau ostilitatea izvor\u00e2t\u0103 din dispre\u021bul fa\u021b\u0103 de societ\u0103\u021bi \u00een care se consum\u0103 alcool sau \u00een care femeile sunt \u00eembr\u0103cate mai decoltat. Suntem obi\u0219nui\u021bi cu aceste lucruri, nu sim\u021bim pornirea de a pune m\u00e2na pe cu\u021bit pentru a pedepsi felul de a fi al celorlal\u021bi. De culturile tribale ale de\u0219ertului ne separ\u0103 totu\u0219i o lume.<\/p>\n<p class=\"wp-block-paragraph\">La fel, nu putem s\u0103 nu constat\u0103m c\u0103 singura minoritate de pe teritoriul Rom\u00e2niei, cu o natalitate exploziv\u0103, are r\u0103d\u0103cini \u00een Asia de Sud-Vest. Rom\u00e2nii s-au \u00eenscris, din p\u0103cate, \u00een tendin\u021ba de declin demografic a vest-europenilor. Se c\u0103s\u0103toresc t\u00e2rziu, femeile urmeaz\u0103 o carier\u0103, nasc primul copil t\u00e2rziu \u0219i nu mai au timp pentru a-i ad\u0103uga mul\u021bi fra\u021bi \u0219i surori. O familie cu doi copii e deja norocoas\u0103 \u0219i considerat\u0103 mare, de la trei \u00een sus, p\u0103rin\u021bii sunt considera\u021bi suspec\u021bi.<\/p>\n<p>Ar fi imposibil ca o \u021bar\u0103 gazd\u0103 cu asemenea comportamente demografice s\u0103 poat\u0103 \u021bine pasul cu alte culturi, care nu \u00eent\u00e2mpl\u0103tor au ajuns la popula\u021bii considerabile \u2013 dou\u0103 \u021b\u0103ri ale globului dep\u0103\u0219ind borna de un miliard. Iar noi import\u0103m for\u021b\u0103 de munc\u0103 tocmai din asemenea \u021b\u0103ri cu natalitate prolific\u0103. Chiar dac\u0103 primii veni\u021bi nu \u0219i-au \u00eentregit \u00eenc\u0103 familiile, e doar o chestiune de timp.<\/p>\n<p class=\"wp-block-paragraph\">10.\u00a0<strong>import\u00e2nd lumea a treia, vom ajunge ca lumea a treia<\/strong><\/p>\n<p class=\"wp-block-paragraph\">Istoria a fost nemiloas\u0103 cu multe popoare. Nici cu noi n-a fost bl\u00e2nd\u0103 mereu. Au fost r\u0103zboaie, imperii coloniale sadice, molime, dezastre naturale. Dar nu po\u021bi \u00eendep\u0103rta total responsabilitatea popoarelor pentru starea \u021b\u0103rilor lor. Nu \u0219tiu cum au ajuns unii s\u0103 se conving\u0103 c\u0103 putem ajunge s\u0103 ar\u0103t\u0103m ca Elve\u021bia \u0219i Norvegia, import\u00e2nd popula\u021bii din locuri cu o istorie a violen\u021bei, unde traiul e periculos, unde bordeiul \u0219i mahalaua insalubr\u0103 sunt peisajul obi\u0219nuit al a\u0219ez\u0103rilor umane.<\/p>\n<p>Dac\u0103 popoarele alea erau a\u0219a harnice cum ni-i prezint\u0103 \u201esamsarii\u201d de oameni de prin agen\u021biile de recrutare, ar fi construit la ei acas\u0103 \u0219i industrie \u0219i metropole \u0219i autostr\u0103zi. Sigur c\u0103 sunt deocamdat\u0103 decen\u021bi \u0219i mode\u0219ti. Dar nu v\u0103d de ce ar ar\u0103ta diferit de Ferentari sau de Karachi un cartier \u00een care s-ar aduna emigra\u021bia pakistanez\u0103.<\/p>\n<p class=\"wp-block-paragraph\">11.\u00a0<strong>aportul emigra\u021biei e neglijabil economic<\/strong><\/p>\n<p class=\"wp-block-paragraph\">Intervine aici o alt\u0103 deosebire, care face \u00een\u0219el\u0103toare compara\u021bia cu emigra\u021bia rom\u00e2neasc\u0103 \u00een Europa. Dac\u0103 am fi fost o destina\u021bie pentru grupuri \u00eenalt calificate din Apusul Europei, altfel ar fi stat lucrurile. De\u0219i rela\u021bia cu sa\u0219ii n-a fost chiar cum e ea idealizat\u0103 azi, pot s\u0103 le recunosc un aport semnificativ. Nem\u021bii au construit marile ora\u0219e ale Ardealului \u0219i Banatului. E drept c\u0103 rom\u00e2nii n-aveam mereu voie prin ele \u0219i c\u0103 erau practic ridicate prin favoritism fiscal. Erau, adic\u0103, la fel de favoriza\u021bi de stat ca multina\u021bionalele de azi sau ca firmele off-shore. Dar au ridicat ni\u0219te cet\u0103\u021bi, pe care le ar\u0103t\u0103m turi\u0219tilor, nimic de zis.<\/p>\n<p class=\"wp-block-paragraph\">Care e marele beneficiu pe care \u00eel aduc muncitorii ieftini din Asia? Deocamdat\u0103 servesc masa \u00een restaurante, schimb\u0103 a\u0219ternuturi \u00een hoteluri, v\u0103d de copii \u0219i termoizoleaz\u0103 blocurile comuniste. Nu le desconsider munca. Dimpotriv\u0103, am toat\u0103 \u00een\u021belegerea la nivel uman, fa\u021b\u0103 de soarta lor grea. Dar sunt ocupa\u021bii slab calificate. Nu e ca \u0219i cum ar fi f\u0103cut vreo linie de tren ultra-rapid de la Bucure\u0219ti la Cluj, vreun baraj de hidrocentral\u0103 sau ar face opera\u021bii chirurgicale de care doctorii no\u0219tri n-au auzit. A\u0219 fi \u00een\u021beles sacrificiul demografic \u00een numele unor asemenea realiz\u0103ri.<\/p>\n<p class=\"wp-block-paragraph\">A\u0219a, ce facem? Ne vindem lini\u0219tea \u0219i viitorul pentru c\u0103 sunt zugr\u0103vite c\u00e2teva din blocurile lui Ceau\u0219escu!? M\u0103car dac\u0103 ridicau un cartier nou, cu o arhitectur\u0103 nemaiv\u0103zut de frumoas\u0103, s\u0103 spui: da, domnule, nu eram noi \u00een stare f\u0103r\u0103 ei! Cine ar accepta, la el acas\u0103, \u00een schimbul unei zugr\u0103veli mai ieftine, s\u0103 primeasc\u0103 sub acoperi\u0219ul s\u0103u pe zugrav, nevasta lui \u0219i to\u021bi copiii lor de atunci \u00eenainte!? Ca afacere, mi se pare una chiar prosteasc\u0103.<\/p>\n<p class=\"wp-block-paragraph\">\u0218i noi am exportat necalifica\u021bi, uneori neciviliza\u021bi, chiar infractori. Dar, per total, au plecat mul\u021bi ingineri, doctori, IT-i\u0219ti, meseria\u0219i bine califica\u021bi, mul\u021bi \u0219coli\u021bi pe vremea c\u00e2nd \u00eenv\u0103\u021b\u0103m\u00e2ntul era riguros. Chiar \u0219i dup\u0103 aceast\u0103 continu\u0103 degradare, avem un sistem de \u00eenv\u0103\u021b\u0103m\u00e2nt superior acelor \u021b\u0103ri cu rate uria\u0219e de analfabetism, de unde import\u0103m acum personal. Din nou, o afacere proast\u0103: d\u0103m personal \u00eendelung calificat, poliglot, cu studii superioare Vestului, \u0219i lu\u0103m muncitori altfel harnici, care cu chiu cu vai rup c\u00e2teva vorbe \u00een englez\u0103.<\/p>\n<p class=\"wp-block-paragraph\">12.\u00a0<strong>rom\u00e2nii pleca\u021bi nu au pus probleme similare de securitate<\/strong><\/p>\n<p class=\"wp-block-paragraph\">Au fost cazuri de rom\u00e2ni, care ne-au f\u0103cut de r\u00e2s pe unde s-au dus. Unii chiar dintre minorit\u0103\u021bile etnice, dar s\u0103 ne facem c\u0103 nu conteaz\u0103. Cu toate astea, nu s-a auzit s\u0103 organizeze atentate, celule teroriste pe unde s-au dus. Nu \u0219i-au pus \u00een cap s\u0103 distrug\u0103 societ\u0103\u021bile unde au pus piciorul. Emigra\u021bia din afara Europei a obi\u0219nuit continentul cu atacurile cu acid la adresa necunoscu\u021bilor, atacurile cu cu\u021bitul, bombele plasate \u00een tren.<\/p>\n<p class=\"wp-block-paragraph\">13.\u00a0<strong>emigra\u021bia reduce salariile<\/strong><\/p>\n<p class=\"wp-block-paragraph\">Poate unii rom\u00e2ni pleca\u021bi pe afar\u0103, privind superficial, s\u0103 fi tras concluzia c\u0103 societ\u0103\u021bile multiculturale sunt mai prospere. Chiar c\u0103 sunt prospere tocmai pentru c\u0103 sunt multiculturale. (A\u0219a e sugestia indus\u0103 de propagandi\u0219ti.) Nimic mai fals. Ei nu \u0219i-au pus problema care era nivelul de trai \u0219i de siguran\u021b\u0103 \u00eenainte ca acele societ\u0103\u021bi s\u0103 devin\u0103 multiculturale. Dac\u0103 ar fi vorbit sincer cu autohtonii, ar fi aflat c\u0103 aceia regret\u0103 vremurile de demult (nu foarte \u00eendep\u0103rtate).<\/p>\n<p class=\"wp-block-paragraph\">Matematic, nu exist\u0103 posibilitatea ca sporind oferta de for\u021b\u0103 de munc\u0103 s\u0103 creasc\u0103 \u0219i oferta salarial\u0103. Dimpotriv\u0103. Prin simpla cre\u0219tere de candida\u021bi scade puterea de negociere. Dar lucrul e mai dramatic c\u00e2nd oferta e crescut\u0103 artificial cu \u201edesperados\u201d din \u021b\u0103ri de pe fundul pr\u0103pastiei. Aici intervine alt\u0103 deosebire fa\u021b\u0103 de emigra\u021bia rom\u00e2neasc\u0103.<\/p>\n<p class=\"wp-block-paragraph\">Dac\u0103 ne-ar fi fost adu\u0219i al\u021bi europeni, s\u0103 zicem, bulgari, diferen\u021ba nu era a\u0219a mare la salarii. Dar c\u00e2nd concurentul t\u0103u e cineva dintr-o \u021bar\u0103 unde se c\u00e2\u0219tig\u0103 doar 60 de euro pe lun\u0103, care mai sunt \u0219ansele s\u0103 ai succes a\u0219tept\u00e2nd ca salariul t\u0103u s\u0103 creasc\u0103?<\/p>\n<p class=\"wp-block-paragraph\">14.\u00a0<strong>emigra\u021bia masiv\u0103 e o piedic\u0103 \u00een calea \u00eentoarcerii rom\u00e2nilor<\/strong><\/p>\n<p class=\"wp-block-paragraph\">\u00cen condi\u021biile \u00een care salariile se vor echilibra \u00een jos (\u00eentre Rom\u00e2nia \u0219i Vietnam) \u0219i nu \u00een sus (\u00eentre Rom\u00e2nia \u0219i Germania sau m\u0103car Polonia), \u0219ansele ca rom\u00e2nii s\u0103 se \u00eentoarc\u0103 de la salariile lor occidentale scad. Procesul fugii \u00een bejenie se va accelera prin afluxul de popula\u021bii asiatice \u0219i africane, nu se va \u00eencetini.<\/p>\n<p class=\"wp-block-paragraph\">15.<strong>\u00a0emigra\u021bia degradeaz\u0103 condi\u021biile de munc\u0103<\/strong><\/p>\n<p class=\"wp-block-paragraph\">Rom\u00e2nii pleca\u021bi \u00een Occident au avut parte de experien\u021be diferite, de la caz la caz. Cei mai pu\u021bin noroco\u0219i au nimerit \u00een ghearele trafican\u021bilor de fiin\u021be umane, au ajuns s\u0103 fie abuza\u021bi \u00een condi\u021bii de sclavie. Al\u021bii au fost doar c\u00e2nd \u0219i c\u00e2nd umili\u021bi. Dar mul\u021bi au descoperit un mod de lucru mai civilizat, \u00eentr-o societate a\u0219ezat\u0103, muncind al\u0103turi de al\u021bi occidentali. Au primit salariul la timp, li s-a respectat programul, li s-au pl\u0103tit toate taxele legale \u0219i contribu\u021biile, li s-a vorbit politicos, au devenit chiar membri ai unor sindicate cu putere de negociere. Efectul acestor din urm\u0103 practici \u00eencepea s\u0103 fie pozitiv \u0219i asupra procedurilor de lucru din \u021bar\u0103. Oamenii aflau de la al\u021bii sau \u0219tiau din propria experien\u021b\u0103 cum ar trebui s\u0103 fie trata\u021bi \u00eentr-o \u021bar\u0103 european\u0103.<\/p>\n<p class=\"wp-block-paragraph\">Lucrurile nu stau deloc a\u0219a \u00een Asia sau \u00een Africa, unde respectul pentru muncitor e deseori precar \u0219i abuzul norma. Una din motiva\u021biile explicite pe care unii angajatori rom\u00e2ni le au \u00een a aduce muncitori str\u0103ini e c\u0103 rom\u00e2nii sau maghiarii nu prea le mai acceptau abuzurile. Cu alte cuvinte, chiar presupun\u00e2nd (prin absurd) c\u0103 salariile ar r\u0103m\u00e2ne acelea\u0219i \u0219i nu ar sc\u0103dea urmare a afluxului de migratori, se va constata un efect negativ \u00een condi\u021biile de munc\u0103.<\/p>\n<p>L-au constatat \u0219i vest-europenii pe pielea lor. C\u00e2nd ai la dispozi\u021bie muncitori, care nu pot amenin\u021ba prea lesne c\u0103 pleac\u0103 acas\u0103 sau se mut\u0103 la alt\u0103 firm\u0103, \u00ee\u021bi permi\u021bi s\u0103 fii zbir. Salaria\u021bii rom\u00e2ni vor putea fi cu u\u0219urin\u021b\u0103 constr\u00e2n\u0219i s\u0103 lucreze gratis peste program, c\u00e2nd li se va spune: dar uite, Li cum poate s\u0103 munceasc\u0103 10 sau 12 ore f\u0103r\u0103 s\u0103 se pl\u00e2ng\u0103?<\/p>\n<p class=\"wp-block-paragraph\">Din nou, dat fiind c\u0103 decalajul dintre mentalitatea rom\u00e2neasc\u0103 \u0219i cea occidental\u0103 nu era chiar at\u00e2t de mare, compara\u021bia din titlu se v\u0103de\u0219te ca \u00een\u0219el\u0103toare.<\/p>\n<p class=\"wp-block-paragraph\">16.\u00a0<strong>multiculturalismul distruge coeziunea social\u0103<\/strong><\/p>\n<p class=\"wp-block-paragraph\">Cu aceea\u0219i idee \u00een minte, c\u0103 rom\u00e2nii sunt la ei acas\u0103 \u00een Europa, c\u0103 sunt prin structura lor europeni, putem constata la al\u021bii ravagiile experimentului multicultural. Efectele se r\u0103sfr\u00e2ng \u0219i la nivelul cel mai mic, rup\u00e2nd solidaritatea \u0219i \u00eencrederea \u00een interiorul comunit\u0103\u021bilor. C\u00e2nd aduci valuri de popoare, care au alt\u0103 istorie, alte pasiuni, f\u0103r\u0103 amintiri comune, reduci rela\u021biile la nivelul cel mai superficial. Uneori nici m\u0103car acest nivel nu func\u021bioneaz\u0103, c\u00e2nd unii colegi se uit\u0103 la fotbal \u0219i a\u021bii sunt pasiona\u021bi de cricket.<\/p>\n<p class=\"wp-block-paragraph\">Rezult\u0103 societ\u0103\u021bi disfunc\u021bionale, \u00een care oamenii nu au multe s\u0103-\u0219i spun\u0103, comunic\u0103 superficial \u0219i f\u0103\u021barnic. Pentru a preveni conflictele, apar cur\u00e2nd legi de limitare a liberei exprim\u0103ri, iar tabu-urile cresc de la an la an. De\u0219i teoretic la el acas\u0103, autohtonul nu mai \u00eendr\u0103zne\u0219te s\u0103 se manifeste spontan, pentru a nu ofensa \u0219i a nu fi pedepsit sau catalogat. Apare \u0219i un acut sentiment de ne\u00eencredere, mai ales c\u0103 lucrurile nu se pot exprima la suprafa\u021b\u0103 \u0219i e greu de ghicit p\u0103rerea chiar a celor apropia\u021bi.<\/p>\n<p class=\"wp-block-paragraph\">Societ\u0103\u021bile occidentale, lovite de plaga corectitudinii politice, seam\u0103n\u0103 tot mai mult cu societ\u0103\u021bile din comunism. Apar \u201e\u0219op\u00e2rlele\u201d, aluziile, se vorbe\u0219te liber doar acas\u0103 sau \u00eentre prieteni verifica\u021bi, dac\u0103 mai exist\u0103 ideea de prietenie. Rela\u021biile de munc\u0103 sunt deseori armonioase, dar rareori se prelungesc dup\u0103 terminarea programului, c\u00e2nd societ\u0103\u021bile redevin segregate, chiar ghetoizate. Str\u0103inii, a\u0219adar, lucreaz\u0103 \u00eempreun\u0103, pentru c\u0103 sunt obliga\u021bi s\u0103 o fac\u0103. Dar c\u00e2nd au posibilitatea s\u0103 aleag\u0103, aleg s\u0103 tr\u0103iasc\u0103 \u00een cartiere separate \u0219i s\u0103-\u0219i petreac\u0103 timpul liber \u00een cercuri omogene etnic sau cultural.<\/p>\n<p class=\"wp-block-paragraph\">17.\u00a0<strong>ar trebui s\u0103 \u00eenv\u0103\u021b\u0103m din gre\u0219elile altora<\/strong><\/p>\n<p class=\"wp-block-paragraph\">Rom\u00e2nii pleca\u021bi, invoca\u021bi ca argument \u00een favoarea grani\u021belor deschise, ar fi cei mai \u00een m\u0103sur\u0103 s\u0103 sublinieze ce e disfunc\u021bional \u00een acest proiect artificial de inginerie social\u0103. Except\u00e2ndu-i pe cei lovi\u021bi de morbul neo-marxismului, la o discu\u021bie sincer\u0103, cei mai mul\u021bi se vor pl\u00e2nge de neajunsurile societ\u0103\u021bilor cosmopolite.<\/p>\n<p class=\"wp-block-paragraph\">Societ\u0103\u021bile occidentale au cules c\u00e2teva decenii roadele importului de tineri, la v\u00e2rst\u0103 adult\u0103, plini de ambi\u021bie \u0219i vitalitate. Dar acel pom s-a uscat deja. Vechii imigran\u021bi au \u00eemb\u0103tr\u00e2nit la fel ca restul oamenilor \u0219i n-au mai plecat \u00een preajma pensiei, cum probabil vor face mul\u021bi dintre rom\u00e2ni. Au r\u0103mas acolo \u0219i, ce s\u0103 vezi? au \u0219i ei nevoie s\u0103 fie trata\u021bi medical, chiar schimba\u021bi, dac\u0103 au ajuns la v\u00e2rsta neputin\u021bei. Corvoada de a-i schimba pe b\u0103tr\u00e2nii indieni le poate reveni tinerelor englezoaice. Un pic altfel dec\u00e2t \u00ee\u0219i imaginaser\u0103 unii.<\/p>\n<p class=\"wp-block-paragraph\">Mul\u021bi dintre imigran\u021bi au devenit exper\u021bi \u00een exploatarea sistemelor de asisten\u021b\u0103 social\u0103, storc aloca\u021bii pentru to\u021bi cei opt copii, subven\u021bii la cazare, gratuit\u0103\u021bi de transport, de \u0219colarizare \u0219i de tratament medical. Unii dintre ei sunt \u00eencasatori ne\u021bi, o povar\u0103 pentru societ\u0103\u021bile de adop\u021bie, \u00een care au adus lenea sub-saharian\u0103 sau agerimea jamaican\u0103.<\/p>\n<p class=\"wp-block-paragraph\">\u0218i mai grav, de la visul integr\u0103rii \u00een Occident al p\u0103rin\u021bilor, genera\u021bia a doua de imigran\u021bi a cunoscut fie r\u0103sf\u0103\u021bul fie radicalizarea \u00een ostilitate. Atentatele cele mai r\u0103sun\u0103toare au fost f\u0103cute tocmai de ace\u0219ti neadapta\u021bi de genera\u021bie a doua, n\u0103scu\u021bi \u0219i educa\u021bi \u00een Occident. Dar cu un sentiment acut de dispre\u021b pentru dec\u0103derea societ\u0103\u021bilor laicizate, cu o mare frustrare fa\u021b\u0103 de ipocrizia societ\u0103\u021bilor gazd\u0103, fa\u021b\u0103 de falsele lor promisiuni de ascensiune social\u0103.<\/p>\n<p class=\"wp-block-paragraph\">18\u00a0<strong>noi nu avem obliga\u021bii fa\u021b\u0103 de vechile \u0219i noile colonii<\/strong><\/p>\n<p class=\"wp-block-paragraph\">Multiculturalismul, care ni se propune, e o form\u0103 r\u0103sturnat\u0103 de colonialism. Un colonialism sinuciga\u0219, derulat pe terenul metropolei. Societ\u0103\u021bile \u00een care au nimerit rom\u00e2nii pleca\u021bi la munc\u0103 n-au fost mereu a\u0219a, evident. Schimbarea provine abia din ultimii 50 de ani, mult accelerat\u0103 \u00een ultimele dou\u0103 decenii. Vorbim \u00eens\u0103 de un proiect ideologic, \u00een care noi nu ar trebui s\u0103 fim obliga\u021bi s\u0103 lu\u0103m parte, pentru c\u0103 nu avem datorii istorice fa\u021b\u0103 de popoare colonizate.<\/p>\n<p class=\"wp-block-paragraph\">Noi nu am extras bog\u0103\u021biile altor continente s\u0103 ne construim metropolele. Privind la rece, vom \u00een\u021belege c\u0103 \u0219i extinderea european\u0103 a fost o form\u0103 de expansiune imperial\u0103. Victim\u0103 i-a c\u0103zut estul, c\u0103ruia i s-au capturat resursele, capacit\u0103\u021bile de produc\u021bie, pie\u021bele de desfacere, re\u021belele de distribu\u021bie, centrii de decizie, elitele academice. Rom\u00e2nia e, de departe, cel mai dramatic caz al acestei captur\u0103ri totale. De\u0219i el \u00eensu\u0219i un pericol, exodul de for\u021b\u0103 de munc\u0103 la salarii mai mari \u00een Vest, a fost singurul c\u00e2\u0219tig primit la schimb.<\/p>\n<p class=\"wp-block-paragraph\">Dat fiind c\u0103 noi n-am avut beneficii similare nici din extinderea european\u0103, nici din cea anterioar\u0103, din era colonial\u0103 propriu-zis\u0103, nu v\u0103d de ce am fi chema\u021bi s\u0103 \u00eemp\u0103r\u021bim povara \u0219i consecin\u021bele acestor forme de l\u0103comie. Nici nu am pozat vreodat\u0103 ipocrit \u00een civilizatori \u0219i misionari ai planetei.<\/p>\n<\/div>\n<article class=\"post-81436 post type-post status-publish entry includes-feat-image\">\n<div class=\"featured-image alignleft\"><a class=\"featured_post_link\" href=\"https:\/\/www.incorectpolitic.com\/curaj-adevar-si-libertate-senatorul-miron-manega-s-o-s-a-propus-abrogarea-legilor-delictului-de-opinie\/\" title=\"CURAJ, ADEV\u0102R \u0218I LIBERTATE! Senatorul Miron Manega (S.O.S.) a propus abrogarea legilor delictului de opinie!\"><img loading=\"lazy\" decoding=\"async\" width=\"150\" height=\"150\" src=\"https:\/\/www.incorectpolitic.com\/wp-content\/uploads\/2019\/04\/manega-150x150.png\" class=\"attachment-thumbnail size-thumbnail wp-post-image lazyload\" alt><img loading=\"lazy\" decoding=\"async\" width=\"150\" height=\"150\" src=\"https:\/\/www.incorectpolitic.com\/wp-content\/uploads\/2019\/04\/manega-150x150.png\" class=\"attachment-thumbnail size-thumbnail wp-post-image\" alt data-eio=\"l\"><\/a><\/div>\n<div class=\"entry-title\"><a class=\"featured_post_link\" href=\"https:\/\/www.incorectpolitic.com\/curaj-adevar-si-libertate-senatorul-miron-manega-s-o-s-a-propus-abrogarea-legilor-delictului-de-opinie\/\" title=\"CURAJ, ADEV\u0102R \u0218I LIBERTATE! Senatorul Miron Manega (S.O.S.) a propus abrogarea legilor delictului de opinie!\">CURAJ, ADEV\u0102R \u0218I LIBERTATE! Senatorul Miron Manega (S.O.S.) a propus abrogarea legilor delictului de opinie!<\/a><\/div>\n<\/article>\n<article class=\"post-80361 post type-post status-publish entry includes-feat-image\">\n<div class=\"featured-image alignleft\"><a class=\"featured_post_link\" href=\"https:\/\/www.incorectpolitic.com\/ultimul-fiu-al-daciei\/\" title=\"Ultimul Fiu al Daciei\"><img loading=\"lazy\" decoding=\"async\" width=\"100\" height=\"150\" src=\"https:\/\/www.incorectpolitic.com\/wp-content\/uploads\/2025\/10\/dac.jpeg\" class=\"attachment-thumbnail size-thumbnail wp-post-image lazyload\" alt><img loading=\"lazy\" decoding=\"async\" width=\"100\" height=\"150\" src=\"https:\/\/www.incorectpolitic.com\/wp-content\/uploads\/2025\/10\/dac.jpeg\" class=\"attachment-thumbnail size-thumbnail wp-post-image\" alt data-eio=\"l\"><\/a><\/div>\n<div class=\"entry-title\"><a class=\"featured_post_link\" href=\"https:\/\/www.incorectpolitic.com\/ultimul-fiu-al-daciei\/\" title=\"Ultimul Fiu al Daciei\">Ultimul Fiu al Daciei<\/a><\/div>\n<\/article>\n<article class=\"post-73927 post type-post status-publish entry includes-feat-image\">\n<div class=\"featured-image alignleft\"><a class=\"featured_post_link\" href=\"https:\/\/www.incorectpolitic.com\/cauzele-si-dinamica-antisemitismului\/\" title=\"Cauzele \u0219i Dinamica Antisemitismului\"><img loading=\"lazy\" decoding=\"async\" width=\"150\" height=\"150\" src=\"https:\/\/www.incorectpolitic.com\/wp-content\/uploads\/2018\/09\/bolshevik-jews-150x150.jpg\" class=\"attachment-thumbnail size-thumbnail wp-post-image lazyload\" alt><img loading=\"lazy\" decoding=\"async\" width=\"150\" height=\"150\" src=\"https:\/\/www.incorectpolitic.com\/wp-content\/uploads\/2018\/09\/bolshevik-jews-150x150.jpg\" class=\"attachment-thumbnail size-thumbnail wp-post-image\" alt data-eio=\"l\"><\/a><\/div>\n<div class=\"entry-title\"><a class=\"featured_post_link\" href=\"https:\/\/www.incorectpolitic.com\/cauzele-si-dinamica-antisemitismului\/\" title=\"Cauzele \u0219i Dinamica Antisemitismului\">Cauzele \u0219i Dinamica Antisemitismului<\/a><\/div>\n<\/article>\n<article class=\"post-72974 post type-post status-publish entry includes-feat-image\">\n<div class=\"featured-image alignleft\"><a class=\"featured_post_link\" href=\"https:\/\/www.incorectpolitic.com\/navalirea-jidanilor-de-vasile-alecsandri-piesa-interzisa\/\" title=\"N\u0103v\u0103lirea Jidanilor \u2013 de Vasile Alecsandri (Pies\u0103 interzis\u0103)\"><img loading=\"lazy\" decoding=\"async\" width=\"150\" height=\"150\" src=\"https:\/\/www.incorectpolitic.com\/wp-content\/uploads\/2024\/02\/jidani-navalire-2.png\" class=\"attachment-thumbnail size-thumbnail wp-post-image lazyload\" alt><img loading=\"lazy\" decoding=\"async\" width=\"150\" height=\"150\" src=\"https:\/\/www.incorectpolitic.com\/wp-content\/uploads\/2024\/02\/jidani-navalire-2.png\" class=\"attachment-thumbnail size-thumbnail wp-post-image\" alt data-eio=\"l\"><\/a><\/div>\n<div class=\"entry-title\"><a class=\"featured_post_link\" href=\"https:\/\/www.incorectpolitic.com\/navalirea-jidanilor-de-vasile-alecsandri-piesa-interzisa\/\" title=\"N\u0103v\u0103lirea Jidanilor \u2013 de Vasile Alecsandri (Pies\u0103 interzis\u0103)\">N\u0103v\u0103lirea Jidanilor \u2013 de Vasile Alecsandri (Pies\u0103 interzis\u0103)<\/a><\/div>\n<\/article>\n<article class=\"post-71879 post type-post status-publish entry includes-feat-image\">\n<div class=\"featured-image alignleft\"><a class=\"featured_post_link\" href=\"https:\/\/www.incorectpolitic.com\/europa-si-romania-in-anul-2050\/\" title=\"Europa \u0219i Rom\u00e2nia \u00een anul 2050\"><img loading=\"lazy\" decoding=\"async\" width=\"147\" height=\"150\" src=\"https:\/\/www.incorectpolitic.com\/wp-content\/uploads\/2024\/01\/Romania-2050-2.png\" class=\"attachment-thumbnail size-thumbnail wp-post-image lazyload\" alt><img loading=\"lazy\" decoding=\"async\" width=\"147\" height=\"150\" src=\"https:\/\/www.incorectpolitic.com\/wp-content\/uploads\/2024\/01\/Romania-2050-2.png\" class=\"attachment-thumbnail size-thumbnail wp-post-image\" alt data-eio=\"l\"><\/a><\/div>\n<div class=\"entry-title\"><a class=\"featured_post_link\" href=\"https:\/\/www.incorectpolitic.com\/europa-si-romania-in-anul-2050\/\" title=\"Europa \u0219i Rom\u00e2nia \u00een anul 2050\">Europa \u0219i Rom\u00e2nia \u00een anul 2050<\/a><\/div>\n<\/article>\n<article class=\"post-23854 post type-post status-publish entry includes-feat-image\">\n<div class=\"featured-image alignleft\"><a class=\"featured_post_link\" href=\"https:\/\/www.incorectpolitic.com\/vizita-papei-autonomie-alternativa\/\" title=\"Vizita Papei \u2013 Autonomie Alternativ\u0103\"><img loading=\"lazy\" decoding=\"async\" width=\"150\" height=\"150\" class=\"attachment-thumbnail size-thumbnail wp-post-image lazyload\" alt src=\"https:\/\/www.incorectpolitic.com\/wp-content\/uploads\/2019\/06\/uI2HFtR-150x150.jpg\"><img loading=\"lazy\" decoding=\"async\" width=\"150\" height=\"150\" src=\"https:\/\/www.incorectpolitic.com\/wp-content\/uploads\/2019\/06\/uI2HFtR-150x150.jpg\" class=\"attachment-thumbnail size-thumbnail wp-post-image\" alt data-eio=\"l\"><\/a><\/div>\n<div class=\"entry-title\"><a class=\"featured_post_link\" href=\"https:\/\/www.incorectpolitic.com\/vizita-papei-autonomie-alternativa\/\" title=\"Vizita Papei \u2013 Autonomie Alternativ\u0103\">Vizita Papei \u2013 Autonomie Alternativ\u0103<\/a><\/div>\n<\/article>\n<article class=\"post-72111 post type-post status-publish entry includes-feat-image\">\n<div class=\"featured-image alignleft\"><a class=\"featured_post_link\" href=\"https:\/\/www.incorectpolitic.com\/revelion-2023-2024-vine-anul-biruintei\/\" title=\"Revelion 2023 \u2013 2024 vine ANUL BIRUIN\u021aEI\"><img loading=\"lazy\" decoding=\"async\" width=\"150\" height=\"150\" src=\"https:\/\/www.incorectpolitic.com\/wp-content\/uploads\/2023\/12\/anul-biruintei.png\" class=\"attachment-thumbnail size-thumbnail wp-post-image lazyload\" alt><img loading=\"lazy\" decoding=\"async\" width=\"150\" height=\"150\" src=\"https:\/\/www.incorectpolitic.com\/wp-content\/uploads\/2023\/12\/anul-biruintei.png\" class=\"attachment-thumbnail size-thumbnail wp-post-image\" alt data-eio=\"l\"><\/a><\/div>\n<div class=\"entry-title\"><a class=\"featured_post_link\" href=\"https:\/\/www.incorectpolitic.com\/revelion-2023-2024-vine-anul-biruintei\/\" title=\"Revelion 2023 \u2013 2024 vine ANUL BIRUIN\u021aEI\">Revelion 2023 \u2013 2024 vine ANUL BIRUIN\u021aEI<\/a><\/div>\n<\/article>\n<article class=\"post-50139 post type-post status-publish entry includes-feat-image\">\n<div class=\"featured-image alignleft\"><a class=\"featured_post_link\" href=\"https:\/\/www.incorectpolitic.com\/analiza-strategiei-adoptata-de-guvern-pentru-combaterea-antisemitismului-xenofobiei-si-discursului-instigator-la-ura-2021-2023\/\" title=\"Analiza Strategiei Adoptat\u0103 de Guvern Pentru Combaterea \u201cantisemitismului, xenofobiei \u0219i discursului instigator la ur\u0103 2021-2023\u201d\"><img loading=\"lazy\" decoding=\"async\" width=\"150\" height=\"150\" src=\"https:\/\/www.incorectpolitic.com\/wp-content\/uploads\/2019\/08\/Jewish-censorship-e1421273251759-2-150x150.jpg\" class=\"attachment-thumbnail size-thumbnail wp-post-image lazyload\" alt><img loading=\"lazy\" decoding=\"async\" width=\"150\" height=\"150\" src=\"https:\/\/www.incorectpolitic.com\/wp-content\/uploads\/2019\/08\/Jewish-censorship-e1421273251759-2-150x150.jpg\" class=\"attachment-thumbnail size-thumbnail wp-post-image\" alt data-eio=\"l\"><\/a><\/div>\n<div class=\"entry-title\"><a class=\"featured_post_link\" href=\"https:\/\/www.incorectpolitic.com\/analiza-strategiei-adoptata-de-guvern-pentru-combaterea-antisemitismului-xenofobiei-si-discursului-instigator-la-ura-2021-2023\/\" title=\"Analiza Strategiei Adoptat\u0103 de Guvern Pentru Combaterea \u201cantisemitismului, xenofobiei \u0219i discursului instigator la ur\u0103 2021-2023\u201d\">Analiza Strategiei Adoptat\u0103 de Guvern Pentru Combaterea \u201cantisemitismului, xenofobiei \u0219i discursului instigator la ur\u0103 2021-2023\u201d<\/a><\/div>\n<\/article>\n<article class=\"post-70829 post type-post status-publish entry includes-feat-image\">\n<div class=\"featured-image alignleft\"><a class=\"featured_post_link\" href=\"https:\/\/www.incorectpolitic.com\/pozitia-unilaterala-a-pseudo-politicienilor-din-romania-si-a-bor-in-sustinerea-israelului-singurul-stat-terorist-din-lume-arata-ca-acestia-nu-au-o-fibra-cu-adevarat-nationala\/\" title=\"Pozi\u021bia unilateral\u0103 a pseudo politicienilor din Rom\u00e2nia \u0219i a BOR \u00een sus\u021binerea Israelului, singurul stat terorist din lume, arat\u0103 c\u0103 ace\u0219tia nu au o fibr\u0103 cu adev\u0103rat na\u021bional\u0103\"><img loading=\"lazy\" decoding=\"async\" width=\"150\" height=\"89\" src=\"https:\/\/www.incorectpolitic.com\/wp-content\/uploads\/2023\/08\/circumcision.png\" class=\"attachment-thumbnail size-thumbnail wp-post-image lazyload\" alt><img loading=\"lazy\" decoding=\"async\" width=\"150\" height=\"89\" src=\"https:\/\/www.incorectpolitic.com\/wp-content\/uploads\/2023\/08\/circumcision.png\" class=\"attachment-thumbnail size-thumbnail wp-post-image\" alt data-eio=\"l\"><\/a><\/div>\n<div class=\"entry-title\"><a class=\"featured_post_link\" href=\"https:\/\/www.incorectpolitic.com\/pozitia-unilaterala-a-pseudo-politicienilor-din-romania-si-a-bor-in-sustinerea-israelului-singurul-stat-terorist-din-lume-arata-ca-acestia-nu-au-o-fibra-cu-adevarat-nationala\/\" title=\"Pozi\u021bia unilateral\u0103 a pseudo politicienilor din Rom\u00e2nia \u0219i a BOR \u00een sus\u021binerea Israelului, singurul stat terorist din lume, arat\u0103 c\u0103 ace\u0219tia nu au o fibr\u0103 cu adev\u0103rat na\u021bional\u0103\">Pozi\u021bia unilateral\u0103 a pseudo politicienilor din Rom\u00e2nia \u0219i a BOR \u00een sus\u021binerea Israelului, singurul stat terorist din lume, arat\u0103 c\u0103 ace\u0219tia nu au o fibr\u0103 cu adev\u0103rat na\u021bional\u0103<\/a><\/div>\n<\/article>\n<article class=\"post-66937 post type-post status-publish entry includes-feat-image\">\n<div class=\"featured-image alignleft\"><a class=\"featured_post_link\" href=\"https:\/\/www.incorectpolitic.com\/agresiunea-impotriva-revizionistilor-istorici-si-efectele-linsajului-judiciar-de-la-nuremberg\/\" title=\"Agresiunea \u00eempotriva Revizioni\u0219tilor Istorici \u0219i efectele lin\u0219ajului judiciar de la Nurnberg\"><img loading=\"lazy\" decoding=\"async\" width=\"150\" height=\"100\" src=\"https:\/\/www.incorectpolitic.com\/wp-content\/uploads\/2023\/04\/image_2023-04-30_134634134.png\" class=\"attachment-thumbnail size-thumbnail wp-post-image lazyload\" alt><img loading=\"lazy\" decoding=\"async\" width=\"150\" height=\"100\" src=\"https:\/\/www.incorectpolitic.com\/wp-content\/uploads\/2023\/04\/image_2023-04-30_134634134.png\" class=\"attachment-thumbnail size-thumbnail wp-post-image\" alt data-eio=\"l\"><\/a><\/div>\n<div class=\"entry-title\"><a class=\"featured_post_link\" href=\"https:\/\/www.incorectpolitic.com\/agresiunea-impotriva-revizionistilor-istorici-si-efectele-linsajului-judiciar-de-la-nuremberg\/\" title=\"Agresiunea \u00eempotriva Revizioni\u0219tilor Istorici \u0219i efectele lin\u0219ajului judiciar de la Nurnberg\">Agresiunea \u00eempotriva Revizioni\u0219tilor Istorici \u0219i efectele lin\u0219ajului judiciar de la Nurnberg<\/a><\/div>\n<\/article>\n<article class=\"post-19111 post type-post status-publish entry includes-feat-image\">\n<div class=\"featured-image alignleft\"><a class=\"featured_post_link\" href=\"https:\/\/www.incorectpolitic.com\/despre-adevar\/\" title=\"Despre Adev\u0103r\"><img loading=\"lazy\" decoding=\"async\" width=\"150\" height=\"150\" src=\"https:\/\/www.incorectpolitic.com\/wp-content\/uploads\/2019\/02\/freedomfromchain-150x150.jpg\" class=\"attachment-thumbnail size-thumbnail wp-post-image lazyload\" alt><img loading=\"lazy\" decoding=\"async\" width=\"150\" height=\"150\" src=\"https:\/\/www.incorectpolitic.com\/wp-content\/uploads\/2019\/02\/freedomfromchain-150x150.jpg\" class=\"attachment-thumbnail size-thumbnail wp-post-image\" alt data-eio=\"l\"><\/a><\/div>\n<div class=\"entry-title\"><a class=\"featured_post_link\" href=\"https:\/\/www.incorectpolitic.com\/despre-adevar\/\" title=\"Despre Adev\u0103r\">Despre Adev\u0103r<\/a><\/div>\n<\/article>\n<article class=\"post-53767 post type-post status-publish entry includes-feat-image\">\n<div class=\"featured-image alignleft\"><a class=\"featured_post_link\" href=\"https:\/\/www.incorectpolitic.com\/dictionarul-coincidentelor-cine-sunt-iudeii-care-ne-au-influentat-tara-in-istoria-recenta\/\" title=\"DIC\u021aIONARUL COINCIDEN\u021aELOR  \u2013 Cine sunt iudeii care ne-au influen\u021bat \u021bara \u00een istoria recent\u0103\"><img loading=\"lazy\" decoding=\"async\" width=\"150\" height=\"150\" src=\"https:\/\/www.incorectpolitic.com\/wp-content\/uploads\/2021\/09\/coinc-150x150.png\" class=\"attachment-thumbnail size-thumbnail wp-post-image lazyload\" alt><img loading=\"lazy\" decoding=\"async\" width=\"150\" height=\"150\" src=\"https:\/\/www.incorectpolitic.com\/wp-content\/uploads\/2021\/09\/coinc-150x150.png\" class=\"attachment-thumbnail size-thumbnail wp-post-image\" alt data-eio=\"l\"><\/a><\/div>\n<div class=\"entry-title\"><a class=\"featured_post_link\" href=\"https:\/\/www.incorectpolitic.com\/dictionarul-coincidentelor-cine-sunt-iudeii-care-ne-au-influentat-tara-in-istoria-recenta\/\" title=\"DIC\u021aIONARUL COINCIDEN\u021aELOR  \u2013 Cine sunt iudeii care ne-au influen\u021bat \u021bara \u00een istoria recent\u0103\">DIC\u021aIONARUL COINCIDEN\u021aELOR  \u2013 Cine sunt iudeii care ne-au influen\u021bat \u021bara \u00een istoria recent\u0103<\/a><\/div>\n<\/article>\n<article class=\"post-51156 post type-post status-publish entry includes-feat-image\">\n<div class=\"featured-image alignleft\"><a class=\"featured_post_link\" href=\"https:\/\/www.incorectpolitic.com\/desertaciune-nu-aparare\/\" title=\"DE\u0218ERT\u0102CIUNE?! Nu, AP\u0102RARE!\"><img loading=\"lazy\" decoding=\"async\" width=\"150\" height=\"150\" class=\"attachment-thumbnail size-thumbnail wp-post-image lazyload\" alt src=\"https:\/\/www.incorectpolitic.com\/wp-content\/uploads\/2021\/06\/desertaciune-nu-aparare-150x150.jpg\"><img loading=\"lazy\" decoding=\"async\" width=\"150\" height=\"150\" src=\"https:\/\/www.incorectpolitic.com\/wp-content\/uploads\/2021\/06\/desertaciune-nu-aparare-150x150.jpg\" class=\"attachment-thumbnail size-thumbnail wp-post-image\" alt data-eio=\"l\"><\/a><\/div>\n<div class=\"entry-title\"><a class=\"featured_post_link\" href=\"https:\/\/www.incorectpolitic.com\/desertaciune-nu-aparare\/\" title=\"DE\u0218ERT\u0102CIUNE?! Nu, AP\u0102RARE!\">DE\u0218ERT\u0102CIUNE?! Nu, AP\u0102RARE!<\/a><\/div>\n<\/article>\n<article class=\"post-44728 post type-post status-publish entry includes-feat-image\">\n<div class=\"featured-image alignleft\"><a class=\"featured_post_link\" href=\"https:\/\/www.incorectpolitic.com\/resetarea-medicinei-sau-resetarea-omenirii-prin-nanotehnologie\/\" title=\"Resetarea Medicinei sau Resetarea Omenirii prin Nanotehnologie\"><img loading=\"lazy\" decoding=\"async\" width=\"150\" height=\"150\" src=\"https:\/\/www.incorectpolitic.com\/wp-content\/uploads\/2020\/12\/ed8a914d6d236c9d231903a8b2e79f63-150x150.gif\" class=\"attachment-thumbnail size-thumbnail wp-post-image lazyload\" alt><img loading=\"lazy\" decoding=\"async\" width=\"150\" height=\"150\" src=\"https:\/\/www.incorectpolitic.com\/wp-content\/uploads\/2020\/12\/ed8a914d6d236c9d231903a8b2e79f63-150x150.gif\" class=\"attachment-thumbnail size-thumbnail wp-post-image\" alt data-eio=\"l\"><\/a><\/div>\n<div class=\"entry-title\"><a class=\"featured_post_link\" href=\"https:\/\/www.incorectpolitic.com\/resetarea-medicinei-sau-resetarea-omenirii-prin-nanotehnologie\/\" title=\"Resetarea Medicinei sau Resetarea Omenirii prin Nanotehnologie\">Resetarea Medicinei sau Resetarea Omenirii prin Nanotehnologie<\/a><\/div>\n<\/article>\n<article class=\"post-43837 post type-post status-publish entry includes-feat-image\">\n<div class=\"featured-image alignleft\"><a class=\"featured_post_link\" href=\"https:\/\/www.incorectpolitic.com\/noul-legamant\/\" title=\"Noul Leg\u0103m\u00e2nt\"><img loading=\"lazy\" decoding=\"async\" width=\"150\" height=\"150\" src=\"https:\/\/www.incorectpolitic.com\/wp-content\/uploads\/2020\/12\/NL-150x150.jpg\" class=\"attachment-thumbnail size-thumbnail wp-post-image lazyload\" alt><img loading=\"lazy\" decoding=\"async\" width=\"150\" height=\"150\" src=\"https:\/\/www.incorectpolitic.com\/wp-content\/uploads\/2020\/12\/NL-150x150.jpg\" class=\"attachment-thumbnail size-thumbnail wp-post-image\" alt data-eio=\"l\"><\/a><\/div>\n<div class=\"entry-title\"><a class=\"featured_post_link\" href=\"https:\/\/www.incorectpolitic.com\/noul-legamant\/\" title=\"Noul Leg\u0103m\u00e2nt\">Noul Leg\u0103m\u00e2nt<\/a><\/div>\n<\/article>\n<article class=\"post-42525 post type-post status-publish entry includes-feat-image\">\n<div class=\"featured-image alignleft\"><a class=\"featured_post_link\" href=\"https:\/\/www.incorectpolitic.com\/vaccinarea-inseamna-crima-un-atentat-la-sanatatea-personala-la-integritatea-corporala-si-intimitatea-oricarui-om-liber-medicul-ce-vaccineaza-cu-forta-un-om-liber-merita-sa-fie-pedepsit-de-acesta\/\" title=\"Vaccinarea \u00eenseamn\u0103 crim\u0103, un atentat la s\u0103n\u0103tatea personal\u0103, la integritatea corporal\u0103 \u0219i intimitatea oric\u0103rui om liber. Medicul ce vaccineaz\u0103 cu for\u021ba un om liber merit\u0103 s\u0103 fie pedepsit de acesta\"><img loading=\"lazy\" decoding=\"async\" width=\"150\" height=\"150\" src=\"https:\/\/www.incorectpolitic.com\/wp-content\/uploads\/2020\/11\/syringe_0-150x150.jpg\" class=\"attachment-thumbnail size-thumbnail wp-post-image lazyload\" alt><img loading=\"lazy\" decoding=\"async\" width=\"150\" height=\"150\" src=\"https:\/\/www.incorectpolitic.com\/wp-content\/uploads\/2020\/11\/syringe_0-150x150.jpg\" class=\"attachment-thumbnail size-thumbnail wp-post-image\" alt data-eio=\"l\"><\/a><\/div>\n<div class=\"entry-title\"><a class=\"featured_post_link\" href=\"https:\/\/www.incorectpolitic.com\/vaccinarea-inseamna-crima-un-atentat-la-sanatatea-personala-la-integritatea-corporala-si-intimitatea-oricarui-om-liber-medicul-ce-vaccineaza-cu-forta-un-om-liber-merita-sa-fie-pedepsit-de-acesta\/\" title=\"Vaccinarea \u00eenseamn\u0103 crim\u0103, un atentat la s\u0103n\u0103tatea personal\u0103, la integritatea corporal\u0103 \u0219i intimitatea oric\u0103rui om liber. Medicul ce vaccineaz\u0103 cu for\u021ba un om liber merit\u0103 s\u0103 fie pedepsit de acesta\">Vaccinarea \u00eenseamn\u0103 crim\u0103, un atentat la s\u0103n\u0103tatea personal\u0103, la integritatea corporal\u0103 \u0219i intimitatea oric\u0103rui om liber. Medicul ce vaccineaz\u0103 cu for\u021ba un om liber merit\u0103 s\u0103 fie pedepsit de acesta<\/a><\/div>\n<\/article>\n<article class=\"post-38338 post type-post status-publish entry includes-feat-image\">\n<div class=\"featured-image alignleft\"><a class=\"featured_post_link\" href=\"https:\/\/www.incorectpolitic.com\/trebuie-sa-distrugem-suprematia-jidoveasca\/\" title=\"Trebuie s\u0103 distrugem superma\u021bia jidoveasc\u0103!\"><img loading=\"lazy\" decoding=\"async\" width=\"150\" height=\"150\" src=\"https:\/\/www.incorectpolitic.com\/wp-content\/uploads\/2018\/11\/GunoiOPS-150x150.png\" class=\"attachment-thumbnail size-thumbnail wp-post-image lazyload\" alt><img loading=\"lazy\" decoding=\"async\" width=\"150\" height=\"150\" src=\"https:\/\/www.incorectpolitic.com\/wp-content\/uploads\/2018\/11\/GunoiOPS-150x150.png\" class=\"attachment-thumbnail size-thumbnail wp-post-image\" alt data-eio=\"l\"><\/a><\/div>\n<div class=\"entry-title\"><a class=\"featured_post_link\" href=\"https:\/\/www.incorectpolitic.com\/trebuie-sa-distrugem-suprematia-jidoveasca\/\" title=\"Trebuie s\u0103 distrugem superma\u021bia jidoveasc\u0103!\">Trebuie s\u0103 distrugem superma\u021bia jidoveasc\u0103!<\/a><\/div>\n<\/article>\n<article class=\"post-30776 post type-post status-publish entry includes-feat-image\">\n<div class=\"featured-image alignleft\"><a class=\"featured_post_link\" href=\"https:\/\/www.incorectpolitic.com\/da-ti-doua-palme-si-ridica-te\/\" title=\"D\u0103-\u021bi Dou\u0103 Palme \u0219i Ridic\u0103-te\"><img loading=\"lazy\" decoding=\"async\" width=\"150\" height=\"150\" src=\"https:\/\/www.incorectpolitic.com\/wp-content\/uploads\/2019\/11\/1-mai-620x350-150x150.jpg\" class=\"attachment-thumbnail size-thumbnail wp-post-image lazyload\" alt><img loading=\"lazy\" decoding=\"async\" width=\"150\" height=\"150\" src=\"https:\/\/www.incorectpolitic.com\/wp-content\/uploads\/2019\/11\/1-mai-620x350-150x150.jpg\" class=\"attachment-thumbnail size-thumbnail wp-post-image\" alt data-eio=\"l\"><\/a><\/div>\n<div class=\"entry-title\"><a class=\"featured_post_link\" href=\"https:\/\/www.incorectpolitic.com\/da-ti-doua-palme-si-ridica-te\/\" title=\"D\u0103-\u021bi Dou\u0103 Palme \u0219i Ridic\u0103-te\">D\u0103-\u021bi Dou\u0103 Palme \u0219i Ridic\u0103-te<\/a><\/div>\n<\/article>\n<article class=\"post-27862 post type-post status-publish entry includes-feat-image\">\n<div class=\"featured-image alignleft\"><a class=\"featured_post_link\" href=\"https:\/\/www.incorectpolitic.com\/scrisoare-deschisa-catre-neamul-romanesc\/\" title=\"Scrisoare Deschis\u0103 C\u0103tre Neamul Rom\u00e2nesc\"><img loading=\"lazy\" decoding=\"async\" width=\"150\" height=\"150\" src=\"https:\/\/www.incorectpolitic.com\/wp-content\/uploads\/2019\/09\/videoblocks-male-hand-reload-a-revolver-magnum-gun-without-bullets-magnum-revolver-and-empty-bullet-magnum-lead-round-nose-45-auto-rim-revolver-rounds_ha1focujz_thumbnail-full01-150x150.jpg\" class=\"attachment-thumbnail size-thumbnail wp-post-image lazyload\" alt><img loading=\"lazy\" decoding=\"async\" width=\"150\" height=\"150\" src=\"https:\/\/www.incorectpolitic.com\/wp-content\/uploads\/2019\/09\/videoblocks-male-hand-reload-a-revolver-magnum-gun-without-bullets-magnum-revolver-and-empty-bullet-magnum-lead-round-nose-45-auto-rim-revolver-rounds_ha1focujz_thumbnail-full01-150x150.jpg\" class=\"attachment-thumbnail size-thumbnail wp-post-image\" alt data-eio=\"l\"><\/a><\/div>\n<div class=\"entry-title\"><a class=\"featured_post_link\" href=\"https:\/\/www.incorectpolitic.com\/scrisoare-deschisa-catre-neamul-romanesc\/\" title=\"Scrisoare Deschis\u0103 C\u0103tre Neamul Rom\u00e2nesc\">Scrisoare Deschis\u0103 C\u0103tre Neamul Rom\u00e2nesc<\/a><\/div>\n<\/article>\n<article class=\"post-26255 post type-post status-publish entry includes-feat-image\">\n<div class=\"featured-image alignleft\"><a class=\"featured_post_link\" href=\"https:\/\/www.incorectpolitic.com\/sociologia-eliberarii-si-curentele-laterale-de-sedimentare-revolutionara\/\" title=\"Sociologia Eliber\u0103rii \u0219i Curentele Laterale de Sedimentare Revolu\u021bionar\u0103\"><img loading=\"lazy\" decoding=\"async\" width=\"150\" height=\"150\" src=\"https:\/\/www.incorectpolitic.com\/wp-content\/uploads\/2020\/12\/nm3-150x150.png\" class=\"attachment-thumbnail size-thumbnail wp-post-image lazyload\" alt><img loading=\"lazy\" decoding=\"async\" width=\"150\" height=\"150\" src=\"https:\/\/www.incorectpolitic.com\/wp-content\/uploads\/2020\/12\/nm3-150x150.png\" class=\"attachment-thumbnail size-thumbnail wp-post-image\" alt data-eio=\"l\"><\/a><\/div>\n<div class=\"entry-title\"><a class=\"featured_post_link\" href=\"https:\/\/www.incorectpolitic.com\/sociologia-eliberarii-si-curentele-laterale-de-sedimentare-revolutionara\/\" title=\"Sociologia Eliber\u0103rii \u0219i Curentele Laterale de Sedimentare Revolu\u021bionar\u0103\">Sociologia Eliber\u0103rii \u0219i Curentele Laterale de Sedimentare Revolu\u021bionar\u0103<\/a><\/div>\n<\/article>\n<article class=\"post-21977 post type-post status-publish entry includes-feat-image\">\n<div class=\"featured-image alignleft\"><a class=\"featured_post_link\" href=\"https:\/\/www.incorectpolitic.com\/impotriva-fatalismului\/\" title=\"\u00cempotriva Fatalismului\"><img loading=\"lazy\" decoding=\"async\" width=\"150\" height=\"150\" src=\"https:\/\/www.incorectpolitic.com\/wp-content\/uploads\/2019\/04\/thumb-150x150.jpg\" class=\"attachment-thumbnail size-thumbnail wp-post-image lazyload\" alt><img loading=\"lazy\" decoding=\"async\" width=\"150\" height=\"150\" src=\"https:\/\/www.incorectpolitic.com\/wp-content\/uploads\/2019\/04\/thumb-150x150.jpg\" class=\"attachment-thumbnail size-thumbnail wp-post-image\" alt data-eio=\"l\"><\/a><\/div>\n<div class=\"entry-title\"><a class=\"featured_post_link\" href=\"https:\/\/www.incorectpolitic.com\/impotriva-fatalismului\/\" title=\"\u00cempotriva Fatalismului\">\u00cempotriva Fatalismului<\/a><\/div>\n<\/article>\n<article class=\"post-20844 post type-post status-publish entry includes-feat-image\">\n<div class=\"featured-image alignleft\"><a class=\"featured_post_link\" href=\"https:\/\/www.incorectpolitic.com\/inceputul-etapei-post-globaliste-mass-media-ultimul-obstacol\/\" title=\"\u00cenceputul Etapei Post-Globaliste \u2013  Mass Media Ultimul Obstacol\"><img loading=\"lazy\" decoding=\"async\" width=\"150\" height=\"150\" src=\"https:\/\/www.incorectpolitic.com\/wp-content\/uploads\/2019\/03\/https___cdn.cnn_.com_cnnnext_dam_assets_181202123002-yellow-vest-protest-150x150.jpg\" class=\"attachment-thumbnail size-thumbnail wp-post-image lazyload\" alt><img loading=\"lazy\" decoding=\"async\" width=\"150\" height=\"150\" src=\"https:\/\/www.incorectpolitic.com\/wp-content\/uploads\/2019\/03\/https___cdn.cnn_.com_cnnnext_dam_assets_181202123002-yellow-vest-protest-150x150.jpg\" class=\"attachment-thumbnail size-thumbnail wp-post-image\" alt data-eio=\"l\"><\/a><\/div>\n<div class=\"entry-title\"><a class=\"featured_post_link\" href=\"https:\/\/www.incorectpolitic.com\/inceputul-etapei-post-globaliste-mass-media-ultimul-obstacol\/\" title=\"\u00cenceputul Etapei Post-Globaliste \u2013  Mass Media Ultimul Obstacol\">\u00cenceputul Etapei Post-Globaliste \u2013  Mass Media Ultimul Obstacol<\/a><\/div>\n<\/article>\n<article class=\"post-19704 post type-post status-publish entry includes-feat-image\">\n<div class=\"featured-image alignleft\"><a class=\"featured_post_link\" href=\"https:\/\/www.incorectpolitic.com\/mlastina-mass-media-serial-complet\/\" title=\"Mla\u0219tina Mass Media  \u2013 Serial Complet\"><img loading=\"lazy\" decoding=\"async\" width=\"150\" height=\"150\" src=\"https:\/\/www.incorectpolitic.com\/wp-content\/uploads\/2018\/06\/colaj-modificat-1-768x278-150x150.jpg\" class=\"attachment-thumbnail size-thumbnail wp-post-image lazyload\" alt><img loading=\"lazy\" decoding=\"async\" width=\"150\" height=\"150\" src=\"https:\/\/www.incorectpolitic.com\/wp-content\/uploads\/2018\/06\/colaj-modificat-1-768x278-150x150.jpg\" class=\"attachment-thumbnail size-thumbnail wp-post-image\" alt data-eio=\"l\"><\/a><\/div>\n<div class=\"entry-title\"><a class=\"featured_post_link\" href=\"https:\/\/www.incorectpolitic.com\/mlastina-mass-media-serial-complet\/\" title=\"Mla\u0219tina Mass Media  \u2013 Serial Complet\">Mla\u0219tina Mass Media  \u2013 Serial Complet<\/a><\/div>\n<\/article>\n<article class=\"post-5104 post type-post status-publish entry includes-feat-image\">\n<div class=\"featured-image alignleft\"><a class=\"featured_post_link\" href=\"https:\/\/www.incorectpolitic.com\/momentul-1937\/\" title=\"Momentul 1937\"><img loading=\"lazy\" decoding=\"async\" width=\"150\" height=\"150\" src=\"https:\/\/www.incorectpolitic.com\/wp-content\/uploads\/2018\/03\/capitanul-codreanu2003a-150x150.jpg\" class=\"attachment-thumbnail size-thumbnail wp-post-image lazyload\" alt><img loading=\"lazy\" decoding=\"async\" width=\"150\" height=\"150\" src=\"https:\/\/www.incorectpolitic.com\/wp-content\/uploads\/2018\/03\/capitanul-codreanu2003a-150x150.jpg\" class=\"attachment-thumbnail size-thumbnail wp-post-image\" alt data-eio=\"l\"><\/a><\/div>\n<div class=\"entry-title\"><a class=\"featured_post_link\" href=\"https:\/\/www.incorectpolitic.com\/momentul-1937\/\" title=\"Momentul 1937\">Momentul 1937<\/a><\/div>\n<\/article>\n<article class=\"post-16914 post type-post status-publish entry includes-feat-image\">\n<div class=\"featured-image alignleft\"><a class=\"featured_post_link\" href=\"https:\/\/www.incorectpolitic.com\/portretul-romanului-iudeo-crestin\/\" title=\"Portretul Rom\u00e2nului Iudeo-Cre\u0219tin Iubitor de Infanticid\"><img loading=\"lazy\" decoding=\"async\" width=\"150\" height=\"150\" src=\"https:\/\/www.incorectpolitic.com\/wp-content\/uploads\/2019\/01\/venn-150x150.jpg\" class=\"attachment-thumbnail size-thumbnail wp-post-image lazyload\" alt><img loading=\"lazy\" decoding=\"async\" width=\"150\" height=\"150\" src=\"https:\/\/www.incorectpolitic.com\/wp-content\/uploads\/2019\/01\/venn-150x150.jpg\" class=\"attachment-thumbnail size-thumbnail wp-post-image\" alt data-eio=\"l\"><\/a><\/div>\n<div class=\"entry-title\"><a class=\"featured_post_link\" href=\"https:\/\/www.incorectpolitic.com\/portretul-romanului-iudeo-crestin\/\" title=\"Portretul Rom\u00e2nului Iudeo-Cre\u0219tin Iubitor de Infanticid\">Portretul Rom\u00e2nului Iudeo-Cre\u0219tin Iubitor de Infanticid<\/a><\/div>\n<\/article>\n<article class=\"post-13899 post type-post status-publish entry includes-feat-image\">\n<div class=\"featured-image alignleft\"><a class=\"featured_post_link\" href=\"https:\/\/www.incorectpolitic.com\/manifest-impotriva-national-sionismului\/\" title=\"Manifest \u00cempotriva Na\u021bional-Sionismului din Rom\u00e2nia\"><img loading=\"lazy\" decoding=\"async\" width=\"150\" height=\"150\" src=\"https:\/\/www.incorectpolitic.com\/wp-content\/uploads\/2018\/10\/z1-150x150.png\" class=\"attachment-thumbnail size-thumbnail wp-post-image lazyload\" alt><img loading=\"lazy\" decoding=\"async\" width=\"150\" height=\"150\" src=\"https:\/\/www.incorectpolitic.com\/wp-content\/uploads\/2018\/10\/z1-150x150.png\" class=\"attachment-thumbnail size-thumbnail wp-post-image\" alt data-eio=\"l\"><\/a><\/div>\n<div class=\"entry-title\"><a class=\"featured_post_link\" href=\"https:\/\/www.incorectpolitic.com\/manifest-impotriva-national-sionismului\/\" title=\"Manifest \u00cempotriva Na\u021bional-Sionismului din Rom\u00e2nia\">Manifest \u00cempotriva Na\u021bional-Sionismului din Rom\u00e2nia<\/a><\/div>\n<\/article>\n<article class=\"post-7498 post type-post status-publish entry includes-feat-image\">\n<div class=\"featured-image alignleft\"><a class=\"featured_post_link\" href=\"https:\/\/www.incorectpolitic.com\/istorie-zydokomuna-cea-mai-completa-lista-a-nomenclaturii-iudeo-bolsevice-din-romania\/\" title=\"Istorie: \u017bYDOKOMUNA, Cea Mai Complet\u0103 List\u0103 a Nomenclaturii Iudeo-Bol\u0219evice din Rom\u00e2nia\"><img loading=\"lazy\" decoding=\"async\" width=\"150\" height=\"150\" src=\"https:\/\/www.incorectpolitic.com\/wp-content\/uploads\/2018\/06\/holocaustul-rosu-150x150.jpg\" class=\"attachment-thumbnail size-thumbnail wp-post-image lazyload\" alt><img loading=\"lazy\" decoding=\"async\" width=\"150\" height=\"150\" src=\"https:\/\/www.incorectpolitic.com\/wp-content\/uploads\/2018\/06\/holocaustul-rosu-150x150.jpg\" class=\"attachment-thumbnail size-thumbnail wp-post-image\" alt data-eio=\"l\"><\/a><\/div>\n<div class=\"entry-title\"><a class=\"featured_post_link\" href=\"https:\/\/www.incorectpolitic.com\/istorie-zydokomuna-cea-mai-completa-lista-a-nomenclaturii-iudeo-bolsevice-din-romania\/\" title=\"Istorie: \u017bYDOKOMUNA, Cea Mai Complet\u0103 List\u0103 a Nomenclaturii Iudeo-Bol\u0219evice din Rom\u00e2nia\">Istorie: \u017bYDOKOMUNA, Cea Mai Complet\u0103 List\u0103 a Nomenclaturii Iudeo-Bol\u0219evice din Rom\u00e2nia<\/a><\/div>\n<\/article>\n<article class=\"post-6413 post type-post status-publish entry includes-feat-image\">\n<div class=\"featured-image alignleft\"><a class=\"featured_post_link\" href=\"https:\/\/www.incorectpolitic.com\/iudaismul-este-un-proiect-politic\/\" title=\"Iudaismul Este Un Proiect Politic\"><img loading=\"lazy\" decoding=\"async\" width=\"150\" height=\"150\" src=\"https:\/\/www.incorectpolitic.com\/wp-content\/uploads\/2018\/05\/israelzionismjudaism5-150x150.jpeg\" class=\"attachment-thumbnail size-thumbnail wp-post-image lazyload\" alt><img loading=\"lazy\" decoding=\"async\" width=\"150\" height=\"150\" src=\"https:\/\/www.incorectpolitic.com\/wp-content\/uploads\/2018\/05\/israelzionismjudaism5-150x150.jpeg\" class=\"attachment-thumbnail size-thumbnail wp-post-image\" alt data-eio=\"l\"><\/a><\/div>\n<div class=\"entry-title\"><a class=\"featured_post_link\" href=\"https:\/\/www.incorectpolitic.com\/iudaismul-este-un-proiect-politic\/\" title=\"Iudaismul Este Un Proiect Politic\">Iudaismul Este Un Proiect Politic<\/a><\/div>\n<\/article>\n<article class=\"post-5089 post type-post status-publish entry includes-feat-image\">\n<div class=\"featured-image alignleft\"><a class=\"featured_post_link\" href=\"https:\/\/www.incorectpolitic.com\/exploziv-si-excluziv-interviul-interzis-in-presa-romaneasca\/\" title=\"EXPLOZIV \u0218I EXCLUSIV: Interviul INTERZIS \u00een Presa Rom\u00e2neasc\u0103\"><img loading=\"lazy\" decoding=\"async\" width=\"150\" height=\"150\" src=\"https:\/\/www.incorectpolitic.com\/wp-content\/uploads\/2018\/03\/gscz6z-150x150.gif\" class=\"attachment-thumbnail size-thumbnail wp-post-image lazyload\" alt><img loading=\"lazy\" decoding=\"async\" width=\"150\" height=\"150\" src=\"https:\/\/www.incorectpolitic.com\/wp-content\/uploads\/2018\/03\/gscz6z-150x150.gif\" class=\"attachment-thumbnail size-thumbnail wp-post-image\" alt data-eio=\"l\"><\/a><\/div>\n<div class=\"entry-title\"><a class=\"featured_post_link\" href=\"https:\/\/www.incorectpolitic.com\/exploziv-si-excluziv-interviul-interzis-in-presa-romaneasca\/\" title=\"EXPLOZIV \u0218I EXCLUSIV: Interviul INTERZIS \u00een Presa Rom\u00e2neasc\u0103\">EXPLOZIV \u0218I EXCLUSIV: Interviul INTERZIS \u00een Presa Rom\u00e2neasc\u0103<\/a><\/div>\n<\/article>\n<article class=\"post-1109 post type-post status-publish entry includes-feat-image\">\n<div class=\"featured-image alignleft\"><a class=\"featured_post_link\" href=\"https:\/\/www.incorectpolitic.com\/ofensiva-spirituala-poloniei\/\" title=\"Ofensiva Spiritual\u0103 a Poloniei\"><img loading=\"lazy\" decoding=\"async\" width=\"150\" height=\"150\" src=\"https:\/\/www.incorectpolitic.com\/wp-content\/uploads\/2017\/10\/jesus-with-whip3-150x150.jpg\" class=\"attachment-thumbnail size-thumbnail wp-post-image lazyload\" alt><img loading=\"lazy\" decoding=\"async\" width=\"150\" height=\"150\" src=\"https:\/\/www.incorectpolitic.com\/wp-content\/uploads\/2017\/10\/jesus-with-whip3-150x150.jpg\" class=\"attachment-thumbnail size-thumbnail wp-post-image\" alt data-eio=\"l\"><\/a><\/div>\n<div class=\"entry-title\"><a class=\"featured_post_link\" href=\"https:\/\/www.incorectpolitic.com\/ofensiva-spirituala-poloniei\/\" title=\"Ofensiva Spiritual\u0103 a Poloniei\">Ofensiva Spiritual\u0103 a Poloniei<\/a><\/div>\n<\/article>\n<article class=\"post-5673 post type-post status-publish entry includes-feat-image\">\n<div class=\"featured-image alignleft\"><a class=\"featured_post_link\" href=\"https:\/\/www.incorectpolitic.com\/biciul-prigonirii-romanilor-este-in-mana-jidanilor\/\" title=\"Biciul Prigonirii Rom\u00e2nilor Este \u00een M\u00e2na Jidanilor!\"><img loading=\"lazy\" decoding=\"async\" width=\"150\" height=\"150\" src=\"https:\/\/www.incorectpolitic.com\/wp-content\/uploads\/2018\/04\/S.-Vexler-si-B.-Netanyahu-150x150.jpg\" class=\"attachment-thumbnail size-thumbnail wp-post-image lazyload\" alt><img loading=\"lazy\" decoding=\"async\" width=\"150\" height=\"150\" src=\"https:\/\/www.incorectpolitic.com\/wp-content\/uploads\/2018\/04\/S.-Vexler-si-B.-Netanyahu-150x150.jpg\" class=\"attachment-thumbnail size-thumbnail wp-post-image\" alt data-eio=\"l\"><\/a><\/div>\n<div class=\"entry-title\"><a class=\"featured_post_link\" href=\"https:\/\/www.incorectpolitic.com\/biciul-prigonirii-romanilor-este-in-mana-jidanilor\/\" title=\"Biciul Prigonirii Rom\u00e2nilor Este \u00een M\u00e2na Jidanilor!\">Biciul Prigonirii Rom\u00e2nilor Este \u00een M\u00e2na Jidanilor!<\/a><\/div>\n<\/article>\n<article class=\"post-80464 post type-post status-publish entry includes-feat-image\">\n<div class=\"featured-image alignleft\"><a class=\"featured_post_link\" href=\"https:\/\/www.incorectpolitic.com\/talmudismul-este-esenta-satanismului\/\" title=\"TALMUDISMUL ESTE ESEN\u021aA SATANISMULUI\"><img loading=\"lazy\" decoding=\"async\" width=\"150\" height=\"150\" src=\"https:\/\/www.incorectpolitic.com\/wp-content\/uploads\/2020\/02\/vasile-zarnescu-150x150.png\" class=\"attachment-thumbnail size-thumbnail wp-post-image lazyload\" alt><img loading=\"lazy\" decoding=\"async\" width=\"150\" height=\"150\" src=\"https:\/\/www.incorectpolitic.com\/wp-content\/uploads\/2020\/02\/vasile-zarnescu-150x150.png\" class=\"attachment-thumbnail size-thumbnail wp-post-image\" alt data-eio=\"l\"><\/a><\/div>\n<div class=\"entry-title\"><a class=\"featured_post_link\" href=\"https:\/\/www.incorectpolitic.com\/talmudismul-este-esenta-satanismului\/\" title=\"TALMUDISMUL ESTE ESEN\u021aA SATANISMULUI\">TALMUDISMUL ESTE ESEN\u021aA SATANISMULUI<\/a><\/div>\n<\/article>\n<article class=\"post-20005 post type-post status-publish entry includes-feat-image\">\n<div class=\"featured-image alignleft\"><a class=\"featured_post_link\" href=\"https:\/\/www.incorectpolitic.com\/viciul-matematic-elementar-v-m-e-2\/\" title=\"Viciul Matematic Elementar (V.M.E.)\"><img loading=\"lazy\" decoding=\"async\" width=\"150\" height=\"150\" src=\"https:\/\/www.incorectpolitic.com\/wp-content\/uploads\/2017\/12\/tell-lie-vision-150x150.jpg\" class=\"attachment-thumbnail size-thumbnail wp-post-image lazyload\" alt><img loading=\"lazy\" decoding=\"async\" width=\"150\" height=\"150\" src=\"https:\/\/www.incorectpolitic.com\/wp-content\/uploads\/2017\/12\/tell-lie-vision-150x150.jpg\" class=\"attachment-thumbnail size-thumbnail wp-post-image\" alt data-eio=\"l\"><\/a><\/div>\n<div class=\"entry-title\"><a class=\"featured_post_link\" href=\"https:\/\/www.incorectpolitic.com\/viciul-matematic-elementar-v-m-e-2\/\" title=\"Viciul Matematic Elementar (V.M.E.)\">Viciul Matematic Elementar (V.M.E.)<\/a><\/div>\n<\/article>\n<p>[analyse_source url=&#8221;https:\/\/www.incorectpolitic.com\/te-opui-imigratiei-dar-si-romanii-sunt-imigranti-in-vest\/&#8221;]<\/p>\n","protected":false},"excerpt":{"rendered":"<p>[analyse_image type=&#8221;featured&#8221; src=&#8221;https:\/\/www.incorectpolitic.com\/wp-content\/uploads\/2023\/08\/immigration.jpg&#8221;] Incorect Politic Iulie 21, 2026 \u201cTe opui imigra\u021biei? Dar \u0219i rom\u00e2nii sunt imigran\u021bi \u00een vest\u201d Via EVADARE: \u00a0 \u201eDe ce v\u0103 opune\u021bi imigra\u021biei, dac\u0103 at\u00e2\u021bia rom\u00e2ni au plecat?\u201d Una din cele mai m\u00e2r\u0219ave manipul\u0103ri insist\u0103 s\u0103 \u00eenchid\u0103 orice discu\u021bie pe tema migra\u021biei, cu acest argument: \u201ecum at\u00e2t de mul\u021bi rom\u00e2ni au plecat [&hellip;]<\/p>\n","protected":false},"author":1,"featured_media":0,"comment_status":"open","ping_status":"","sticky":false,"template":"","format":"standard","meta":{"footnotes":""},"categories":[89],"tags":[226,95],"class_list":["post-2057236","post","type-post","status-publish","format-standard","hentry","category-romania","tag-crawlmanager","tag-incorectpolitic-com"],"_links":{"self":[{"href":"https:\/\/analyse.optim.biz\/index.php?rest_route=\/wp\/v2\/posts\/2057236","targetHints":{"allow":["GET"]}}],"collection":[{"href":"https:\/\/analyse.optim.biz\/index.php?rest_route=\/wp\/v2\/posts"}],"about":[{"href":"https:\/\/analyse.optim.biz\/index.php?rest_route=\/wp\/v2\/types\/post"}],"author":[{"embeddable":true,"href":"https:\/\/analyse.optim.biz\/index.php?rest_route=\/wp\/v2\/users\/1"}],"replies":[{"embeddable":true,"href":"https:\/\/analyse.optim.biz\/index.php?rest_route=%2Fwp%2Fv2%2Fcomments&post=2057236"}],"version-history":[{"count":0,"href":"https:\/\/analyse.optim.biz\/index.php?rest_route=\/wp\/v2\/posts\/2057236\/revisions"}],"wp:attachment":[{"href":"https:\/\/analyse.optim.biz\/index.php?rest_route=%2Fwp%2Fv2%2Fmedia&parent=2057236"}],"wp:term":[{"taxonomy":"category","embeddable":true,"href":"https:\/\/analyse.optim.biz\/index.php?rest_route=%2Fwp%2Fv2%2Fcategories&post=2057236"},{"taxonomy":"post_tag","embeddable":true,"href":"https:\/\/analyse.optim.biz\/index.php?rest_route=%2Fwp%2Fv2%2Ftags&post=2057236"}],"curies":[{"name":"wp","href":"https:\/\/api.w.org\/{rel}","templated":true}]}}