{"id":2057141,"date":"2026-07-22T06:00:18","date_gmt":"2026-07-22T03:00:18","guid":{"rendered":"https:\/\/analyse.optim.biz\/?p=2057141"},"modified":"2026-07-22T06:00:18","modified_gmt":"2026-07-22T03:00:18","slug":"festivalul-enisala-unitate-la-cetate-revine-pe-21-si-22-august-2026-ziarul-delta-tulcea","status":"publish","type":"post","link":"https:\/\/analyse.optim.biz\/?p=2057141","title":{"rendered":"Festivalul Enisala &#8211; Unitate la Cetate revine pe 21 \u015fi 22 august 2026 &#8211; Ziarul Delta Tulcea"},"content":{"rendered":"<p>[analyse_image type=&#8221;featured&#8221; src=&#8221;https:\/\/ziaruldelta.ro\/wp-content\/uploads\/2026\/07\/Festivalul-Enisala.jpg&#8221;]<\/p>\n<article id=\"post-37590\" class=\"module single-post-module post-37590 post type-post status-publish format-standard has-post-thumbnail hentry category-eveniment et-has-post-format-content et_post_format-et-post-format-standard\">\n<div class=\"post-header\">\n<h1 class=\"entry-title\">Festivalul Enisala \u2013 Unitate la Cetate revine pe 21 \u015fi 22 august 2026<\/h1>\n<div class=\"post-meta vcard\">\n<p>Posted by <a href=\"https:\/\/ziaruldelta.ro\/author\/nicoleta-urmuz\/\" class=\"url fn\" title=\"Posts by Nicoleta URMUZ\" rel=\"author\">Nicoleta URMUZ<\/a> | <span class=\"updated\">Jul 22, 2026<\/span> | <a href=\"https:\/\/ziaruldelta.ro\/category\/eveniment\/\" rel=\"tag\">Eveniment<\/a> | <\/p>\n<\/div>\n<\/div>\n<div class=\"post-thumbnail header\"><img decoding=\"async\" src=\"https:\/\/ziaruldelta.ro\/wp-content\/uploads\/2026\/07\/Festivalul-Enisala.jpg\" alt=\"Festivalul Enisala \u2013 Unitate la Cetate revine pe 21 \u015fi 22 august 2026\"><\/div>\n<div class=\"post-wrap\">\n<div class=\"post-content entry-content\">\n<p>Dou\u0103 zile \u00een care istoria prinde via\u0163\u0103. Dou\u0103 zile \u00een care Dobrogea \u015fi Cetatea Enisala devin scena celui mai spectaculos festival al verii.<\/p>\n<p>Festivalul Enisala \u2013 Unitate la Cetate revine pe 21 \u015fi 22 august 2026, transform\u00e2nd impresionanta Cetate Enisala \u00eentr-un loc unde muzica, patrimoniul, emo\u0163ia \u015fi comunitatea se \u00eent\u00e2lnesc \u00eentr-o experien\u0163\u0103 memorabil\u0103.<\/p>\n<p>Organizat de Consiliul Jude\u0163ean Tulcea, UAT Comuna Sarichioi \u015fi Autentic Events, Festivalul Enisala \u2013 Unitate la Cetate s-a impus \u00een ultimii ani drept unul dintre cele mai importante evenimente culturale \u015fi turistice din Dobrogea, atr\u0103g\u00e2nd zeci de mii de participan\u0163i din \u00eentreaga \u0163ar\u0103. La edi\u0163iile anterioare au urcat pe scen\u0103 arti\u015fti de top, iar participarea a ajuns la niveluri record.<\/p>\n<p><strong>O edi\u0163ie care promite s\u0103 ridice din nou \u015ftacheta<\/strong><\/p>\n<p>\u00cen 2026, festivalul revine cu un program artistic divers \u015fi o experien\u0163\u0103 complet\u0103 dedicat\u0103 tuturor genera\u0163iilor.<\/p>\n<p>Pe scena Festivalului Enisala \u2013 Unitate la Cetate vor urca:<\/p>\n<p><strong>Vineri, 21 august<\/strong><\/p>\n<ul>\n<li>Forma\u0163ia Dubin (Tulcea)<\/li>\n<li>F-Charm<\/li>\n<li>Puya<\/li>\n<li>David Ciente &amp; Maria Chivu, Grupul Jianca<\/li>\n<\/ul>\n<p><strong>S\u00e2mb\u0103t\u0103, 22 august<\/strong><\/p>\n<ul>\n<li>Mira<\/li>\n<li>Florian Rus<\/li>\n<li>Horia Brenciu<\/li>\n<\/ul>\n<p>Citi\u0163i continuarea \u00een edi\u0163ia tip\u0103rit\u0103 a Ziarului DELTA.<\/p>\n<\/div>\n<\/div>\n<div class=\"post-footer\">\n<div class=\"social-icons ed-social-share-icons\">\n<p class=\"share-title\">Share:<\/p>\n<\/div>\n<div class=\"rating-stars\">\n<p id=\"rate-title\" class=\"rate-title\">Rate:<\/p>\n<\/div>\n<\/div>\n<\/article>\n<div class=\"post-content entry-content\">\n<p>Dou\u0103 zile \u00een care istoria prinde via\u0163\u0103. Dou\u0103 zile \u00een care Dobrogea \u015fi Cetatea Enisala devin scena celui mai spectaculos festival al verii.<\/p>\n<p>Festivalul Enisala \u2013 Unitate la Cetate revine pe 21 \u015fi 22 august 2026, transform\u00e2nd impresionanta Cetate Enisala \u00eentr-un loc unde muzica, patrimoniul, emo\u0163ia \u015fi comunitatea se \u00eent\u00e2lnesc \u00eentr-o experien\u0163\u0103 memorabil\u0103.<\/p>\n<p>Organizat de Consiliul Jude\u0163ean Tulcea, UAT Comuna Sarichioi \u015fi Autentic Events, Festivalul Enisala \u2013 Unitate la Cetate s-a impus \u00een ultimii ani drept unul dintre cele mai importante evenimente culturale \u015fi turistice din Dobrogea, atr\u0103g\u00e2nd zeci de mii de participan\u0163i din \u00eentreaga \u0163ar\u0103. La edi\u0163iile anterioare au urcat pe scen\u0103 arti\u015fti de top, iar participarea a ajuns la niveluri record.<\/p>\n<p><strong>O edi\u0163ie care promite s\u0103 ridice din nou \u015ftacheta<\/strong><\/p>\n<p>\u00cen 2026, festivalul revine cu un program artistic divers \u015fi o experien\u0163\u0103 complet\u0103 dedicat\u0103 tuturor genera\u0163iilor.<\/p>\n<p>Pe scena Festivalului Enisala \u2013 Unitate la Cetate vor urca:<\/p>\n<p><strong>Vineri, 21 august<\/strong><\/p>\n<ul>\n<li>Forma\u0163ia Dubin (Tulcea)<\/li>\n<li>F-Charm<\/li>\n<li>Puya<\/li>\n<li>David Ciente &amp; Maria Chivu, Grupul Jianca<\/li>\n<\/ul>\n<p><strong>S\u00e2mb\u0103t\u0103, 22 august<\/strong><\/p>\n<ul>\n<li>Mira<\/li>\n<li>Florian Rus<\/li>\n<li>Horia Brenciu<\/li>\n<\/ul>\n<p>Citi\u0163i continuarea \u00een edi\u0163ia tip\u0103rit\u0103 a Ziarului DELTA.<\/p>\n<\/div>\n<div class=\"post-content entry-content\">\n<p>Dou\u0103 zile \u00een care istoria prinde via\u0163\u0103. Dou\u0103 zile \u00een care Dobrogea \u015fi Cetatea Enisala devin scena celui mai spectaculos festival al verii.<\/p>\n<p>Festivalul Enisala \u2013 Unitate la Cetate revine pe 21 \u015fi 22 august 2026, transform\u00e2nd impresionanta Cetate Enisala \u00eentr-un loc unde muzica, patrimoniul, emo\u0163ia \u015fi comunitatea se \u00eent\u00e2lnesc \u00eentr-o experien\u0163\u0103 memorabil\u0103.<\/p>\n<p>Organizat de Consiliul Jude\u0163ean Tulcea, UAT Comuna Sarichioi \u015fi Autentic Events, Festivalul Enisala \u2013 Unitate la Cetate s-a impus \u00een ultimii ani drept unul dintre cele mai importante evenimente culturale \u015fi turistice din Dobrogea, atr\u0103g\u00e2nd zeci de mii de participan\u0163i din \u00eentreaga \u0163ar\u0103. La edi\u0163iile anterioare au urcat pe scen\u0103 arti\u015fti de top, iar participarea a ajuns la niveluri record.<\/p>\n<p><strong>O edi\u0163ie care promite s\u0103 ridice din nou \u015ftacheta<\/strong><\/p>\n<p>\u00cen 2026, festivalul revine cu un program artistic divers \u015fi o experien\u0163\u0103 complet\u0103 dedicat\u0103 tuturor genera\u0163iilor.<\/p>\n<p>Pe scena Festivalului Enisala \u2013 Unitate la Cetate vor urca:<\/p>\n<p><strong>Vineri, 21 august<\/strong><\/p>\n<ul>\n<li>Forma\u0163ia Dubin (Tulcea)<\/li>\n<li>F-Charm<\/li>\n<li>Puya<\/li>\n<li>David Ciente &amp; Maria Chivu, Grupul Jianca<\/li>\n<\/ul>\n<p><strong>S\u00e2mb\u0103t\u0103, 22 august<\/strong><\/p>\n<ul>\n<li>Mira<\/li>\n<li>Florian Rus<\/li>\n<li>Horia Brenciu<\/li>\n<\/ul>\n<p>Citi\u0163i continuarea \u00een edi\u0163ia tip\u0103rit\u0103 a Ziarului DELTA.<\/p>\n<\/div>\n<p>[analyse_source url=&#8221;https:\/\/ziaruldelta.ro\/2026\/07\/22\/festivalul-enisala-unitate-la-cetate-revine-pe-21-si-22-august-2026\/&#8221;]<\/p>\n","protected":false},"excerpt":{"rendered":"<p>[analyse_image type=&#8221;featured&#8221; src=&#8221;https:\/\/ziaruldelta.ro\/wp-content\/uploads\/2026\/07\/Festivalul-Enisala.jpg&#8221;] Festivalul Enisala \u2013 Unitate la Cetate revine pe 21 \u015fi 22 august 2026 Posted by Nicoleta URMUZ | Jul 22, 2026 | Eveniment | Dou\u0103 zile \u00een care istoria prinde via\u0163\u0103. Dou\u0103 zile \u00een care Dobrogea \u015fi Cetatea Enisala devin scena celui mai spectaculos festival al verii. Festivalul Enisala \u2013 Unitate la [&hellip;]<\/p>\n","protected":false},"author":1,"featured_media":0,"comment_status":"open","ping_status":"","sticky":false,"template":"","format":"standard","meta":{"footnotes":""},"categories":[89],"tags":[226,206],"class_list":["post-2057141","post","type-post","status-publish","format-standard","hentry","category-romania","tag-crawlmanager","tag-ziaruldelta-ro"],"_links":{"self":[{"href":"https:\/\/analyse.optim.biz\/index.php?rest_route=\/wp\/v2\/posts\/2057141","targetHints":{"allow":["GET"]}}],"collection":[{"href":"https:\/\/analyse.optim.biz\/index.php?rest_route=\/wp\/v2\/posts"}],"about":[{"href":"https:\/\/analyse.optim.biz\/index.php?rest_route=\/wp\/v2\/types\/post"}],"author":[{"embeddable":true,"href":"https:\/\/analyse.optim.biz\/index.php?rest_route=\/wp\/v2\/users\/1"}],"replies":[{"embeddable":true,"href":"https:\/\/analyse.optim.biz\/index.php?rest_route=%2Fwp%2Fv2%2Fcomments&post=2057141"}],"version-history":[{"count":0,"href":"https:\/\/analyse.optim.biz\/index.php?rest_route=\/wp\/v2\/posts\/2057141\/revisions"}],"wp:attachment":[{"href":"https:\/\/analyse.optim.biz\/index.php?rest_route=%2Fwp%2Fv2%2Fmedia&parent=2057141"}],"wp:term":[{"taxonomy":"category","embeddable":true,"href":"https:\/\/analyse.optim.biz\/index.php?rest_route=%2Fwp%2Fv2%2Fcategories&post=2057141"},{"taxonomy":"post_tag","embeddable":true,"href":"https:\/\/analyse.optim.biz\/index.php?rest_route=%2Fwp%2Fv2%2Ftags&post=2057141"}],"curies":[{"name":"wp","href":"https:\/\/api.w.org\/{rel}","templated":true}]}}