{"id":2057133,"date":"2026-07-20T08:21:23","date_gmt":"2026-07-20T05:21:23","guid":{"rendered":"https:\/\/analyse.optim.biz\/?p=2057133"},"modified":"2026-07-20T08:21:23","modified_gmt":"2026-07-20T05:21:23","slug":"restrictii-de-circulatie-rutiera-pentru-ziua-timisoarei-timisoara-city-celebration","status":"publish","type":"post","link":"https:\/\/analyse.optim.biz\/?p=2057133","title":{"rendered":"Restric\u021bii de circula\u021bie rutier\u0103 pentru Ziua Timi\u0219oarei \u2013 Timi\u0219oara City Celebration"},"content":{"rendered":"<p>[analyse_image type=&#8221;featured&#8221; src=&#8221;http:\/\/www.banatulmeu.ro\/wp-content\/uploads\/2025\/05\/evenimentul-celebrarea-orasului-la-timisoara-e1782915226722.jpg&#8221;]<\/p>\n<div class=\"post-content-bd\">\n<p>Centrul ora\u0219ului va g\u0103zdui, \u00een perioada 25 iulie \u2013 5 august, o nou\u0103 edi\u021bie a \u201eZilei Timi\u0219oarei \u2013 Timi\u0219oara City Celebration\u201d, eveniment care continu\u0103 tradi\u021bia \u201eCelebrarea ora\u0219ului\u201d, parte a Programului Cultural de Mo\u0219tenire \u201eTimi\u0219oara 2023 \u2013 Capital\u0103 European\u0103 a Culturii\u201d.<\/p>\n<p>Timp de aproape dou\u0103 s\u0103pt\u0103m\u00e2ni, timi\u0219orenii \u0219i vizitatorii vor putea participa la concerte, spectacole, instala\u021bii artistice \u0219i alte activit\u0103\u021bi culturale organizate \u00een centrul ora\u0219ului.<\/p>\n<p>A\u0219adar, pentru desf\u0103\u0219urarea evenimentelor \u00een condi\u021bii de siguran\u021b\u0103 \u0219i pentru preg\u0103tirile logistice, autorit\u0103\u021bile locale anun\u021b\u0103 restric\u021bii temporare de circula\u021bie, precum \u0219i modific\u0103ri privind accesul \u0219i parcarea \u00een zona central\u0103, dup\u0103 cum urmeaz\u0103:<span class=\"Apple-converted-space\">\u00a0<\/span><\/p>\n<ul>\n<li>restric\u021bionarea traficului rutier pe traseul bulevardul I.C. Br\u0103tianu, pe tronsonul cuprins \u00eentre Pia\u021ba Iancu Huniade \u0219i Strada Michelangelo, prin \u00eenchiderea primei benzi de circula\u021bie de pe fiecare sens de mers, \u00een perioada <strong>25 iulie (ora 10) \u2013 27 iulie (ora 10)<\/strong>, precum \u0219i \u00een intervalul<strong> 4 august (ora 21:30) \u2013 5 august (ora 16)<\/strong>.<\/li>\n<li>pe bulevardul I.C. Br\u0103tianu, rezervarea locurilor de parcare pe tronsonul cuprins intre Pia\u021ba Iancu Huniade \u2013 Michelangelo, \u00een perioada:<strong> 27 iuie (ora 10) \u2013 5 august (ora 16)<\/strong>, pe ambele sensuri \u0219i rezervarea pe strada Carol Telbisz a 45 de locuri de parcare \u0219i rezervarea integral\u0103 a parc\u0103rii situate pe strada Carol Telbisz, \u00een spatele imobilului Bega Shopping Center \u00een perioada: <strong>27 iulie (ora 10) \u2013 4 august (ora 10)<\/strong>.<\/li>\n<li>\u00een parcarea public\u0103 din Pia\u021ba Iancu Huniade, rezervarea unui loc special pentru autocare, \u00een perioada:<strong> 27 iulie (ora 10) \u2013 5 august (ora 22)<\/strong>.<\/li>\n<li>\u00eenchiderea traficului rutier pe Bulevardul I.C. Br\u0103tianu, pe tronsonul cuprins \u00eentre Pia\u021ba Iancu Huniade, Str. Michelangelo \u0219i strada Patriarh Miron Cristea (cu excep\u021bia riveranilor), \u00een perioada<strong> 27 iulie (ora 10) \u2013 4 august (ora 21:30)<\/strong>.<\/li>\n<li>\u00eenchiderea traficului rutier pe strada Patriarh Miron Cristea, strada 20 Decembrie 1989, bulevardul Mihai Eminescu \u0219i strada Carol Telbisz, \u00een perioada<strong> 31 iulie \u2013 2 august, zilnic, \u00een intervalul orar 16 \u2013 24<\/strong>.<\/li>\n<li>\u00eenchiderea traficului rutier \u00een perioada <strong>31 iulie \u2013 2 august, \u00een intervalul orar 16 \u2013 24<\/strong>, trafic interzis cu excep\u021bia taxi\/uber\/bolt, care sunt obligate sa vireze st\u00e2nga pe strada Iancu Huniade \u0219i apoi sunt obligate s\u0103 vireze la st\u00e2nga pe strada 20 Decembrie 1989.<\/li>\n<li>pe bulevardul I.C. Br\u0103tianu (tronson: Pia\u021ba Iancu Huniade \u2013 Michelangelo), \u00een perioada: <strong>27 iulie (ora 10) \u2013 4 august (ora 21:30)<\/strong>, pe ambele sensuri; Pe strada Carol Telbisz, rezervarea a 45 de locuri de parcare, \u00een perioada: <strong>27 iulie (ora 10) \u2013 4 august (ora 10)<\/strong>.<\/li>\n<li>\u00cen parcarea Modex (Pia\u021ba Iancu Huniade), rezervarea a 30 de locuri de parcare \u0219i rezervarea integral\u0103 a parc\u0103rii destinate autocarelor si locurile de aprovizonare Drop Off situate in Pia\u021ba Iancu Huniade, \u00een perioada <strong>30 iulie (ora 10) \u2013 3 august (ora 10)<\/strong>.<\/li>\n<\/ul>\n<p>M\u0103surile vizeaz\u0103, astfel, mai multe artere \u0219i parc\u0103ri importante din zona central\u0103, iar \u0219oferii sunt sf\u0103tui\u021bi s\u0103 \u021bin\u0103 cont de perioadele \u00een care traficul va fi restric\u021bionat sau \u00eenchis \u0219i de modific\u0103rile temporare privind locurile de parcare.<span class=\"Apple-converted-space\">\u00a0<\/span><\/p>\n<\/div>\n<p>[analyse_source url=&#8221;https:\/\/www.banatulmeu.ro\/restrictii-de-circulatie-rutiera-pentru-ziua-timisoarei-timisoara-city-celebration\/&#8221;]<\/p>\n","protected":false},"excerpt":{"rendered":"<p>[analyse_image type=&#8221;featured&#8221; src=&#8221;http:\/\/www.banatulmeu.ro\/wp-content\/uploads\/2025\/05\/evenimentul-celebrarea-orasului-la-timisoara-e1782915226722.jpg&#8221;] Centrul ora\u0219ului va g\u0103zdui, \u00een perioada 25 iulie \u2013 5 august, o nou\u0103 edi\u021bie a \u201eZilei Timi\u0219oarei \u2013 Timi\u0219oara City Celebration\u201d, eveniment care continu\u0103 tradi\u021bia \u201eCelebrarea ora\u0219ului\u201d, parte a Programului Cultural de Mo\u0219tenire \u201eTimi\u0219oara 2023 \u2013 Capital\u0103 European\u0103 a Culturii\u201d. Timp de aproape dou\u0103 s\u0103pt\u0103m\u00e2ni, timi\u0219orenii \u0219i vizitatorii vor putea participa la [&hellip;]<\/p>\n","protected":false},"author":1,"featured_media":0,"comment_status":"open","ping_status":"","sticky":false,"template":"","format":"standard","meta":{"footnotes":""},"categories":[89],"tags":[204,226],"class_list":["post-2057133","post","type-post","status-publish","format-standard","hentry","category-romania","tag-banatulmeu-ro","tag-crawlmanager"],"_links":{"self":[{"href":"https:\/\/analyse.optim.biz\/index.php?rest_route=\/wp\/v2\/posts\/2057133","targetHints":{"allow":["GET"]}}],"collection":[{"href":"https:\/\/analyse.optim.biz\/index.php?rest_route=\/wp\/v2\/posts"}],"about":[{"href":"https:\/\/analyse.optim.biz\/index.php?rest_route=\/wp\/v2\/types\/post"}],"author":[{"embeddable":true,"href":"https:\/\/analyse.optim.biz\/index.php?rest_route=\/wp\/v2\/users\/1"}],"replies":[{"embeddable":true,"href":"https:\/\/analyse.optim.biz\/index.php?rest_route=%2Fwp%2Fv2%2Fcomments&post=2057133"}],"version-history":[{"count":0,"href":"https:\/\/analyse.optim.biz\/index.php?rest_route=\/wp\/v2\/posts\/2057133\/revisions"}],"wp:attachment":[{"href":"https:\/\/analyse.optim.biz\/index.php?rest_route=%2Fwp%2Fv2%2Fmedia&parent=2057133"}],"wp:term":[{"taxonomy":"category","embeddable":true,"href":"https:\/\/analyse.optim.biz\/index.php?rest_route=%2Fwp%2Fv2%2Fcategories&post=2057133"},{"taxonomy":"post_tag","embeddable":true,"href":"https:\/\/analyse.optim.biz\/index.php?rest_route=%2Fwp%2Fv2%2Ftags&post=2057133"}],"curies":[{"name":"wp","href":"https:\/\/api.w.org\/{rel}","templated":true}]}}