{"id":2057131,"date":"2026-07-21T06:23:59","date_gmt":"2026-07-21T03:23:59","guid":{"rendered":"https:\/\/analyse.optim.biz\/?p=2057131"},"modified":"2026-07-21T06:23:59","modified_gmt":"2026-07-21T03:23:59","slug":"tragedie-in-timis-un-adolescent-de-16-ani-s-a-inecat-in-raul-bega","status":"publish","type":"post","link":"https:\/\/analyse.optim.biz\/?p=2057131","title":{"rendered":"Tragedie \u00een Timi\u0219: Un adolescent de 16 ani s-a \u00eenecat \u00een r\u00e2ul Bega"},"content":{"rendered":"<p>[analyse_image type=&#8221;featured&#8221; src=&#8221;http:\/\/www.banatulmeu.ro\/wp-content\/uploads\/2024\/11\/091c840d-dabf-42c2-93fc-b47f6aa86d75.jpeg&#8221;]<\/p>\n<div class=\"post-content-bd\">\n<p>Un adolescent \u00een v\u00e2rst\u0103 de 16 ani \u0219i-a pierdut via\u021ba, luni sear\u0103, dup\u0103 ce a fost dat disp\u0103rut \u00een r\u00e2ul Bega, \u00een localitatea Chiz\u0103t\u0103u.<\/p>\n<p>Alarma a fost dat\u0103 \u00een jurul orei 20:00, printr-un apel la 112, care anun\u021ba dispari\u021bia b\u0103iatului \u0219i posibilitatea ca acesta s\u0103 se fi \u00eenecat.<\/p>\n<p>La fa\u021ba locului au intervenit pompierii din cadrul Deta\u0219amentelor 1 \u0219i 2 Timi\u0219oara, Deta\u0219amentului Lugoj \u0219i Sta\u021biei F\u0103get, cu dou\u0103 autospeciale de prim\u0103 interven\u021bie \u0219i comand\u0103, dou\u0103 autospeciale de serviciu, patru b\u0103rci \u0219i o autospecial\u0103 \u00eencadrat\u0103 cu un echipaj format din patru scafandri. \u00cen sprijin a fost mobilizat\u0103 \u0219i o ambulan\u021b\u0103 a SAJ.<\/p>\n<p>Dup\u0103 opera\u021biunile de c\u0103utare desf\u0103\u0219urate\u00a0 \u00een albia r\u00e2ului, victima a fost g\u0103sit\u0103 \u0219i extras\u0103 din ap\u0103. Echipajele medicale au \u00eenceput imediat manevrele de resuscitare, \u00eens\u0103, \u00een ciuda eforturilor depuse, adolescentul nu a putut fi salvat.<\/p>\n<p>Medicii au declarat decesul la fa\u021ba locului.<\/p>\n<\/div>\n<p>[analyse_source url=&#8221;https:\/\/www.banatulmeu.ro\/tragedie-in-timis-un-adolescent-de-16-ani-s-a-inecat-in-raul-bega\/&#8221;]<\/p>\n","protected":false},"excerpt":{"rendered":"<p>[analyse_image type=&#8221;featured&#8221; src=&#8221;http:\/\/www.banatulmeu.ro\/wp-content\/uploads\/2024\/11\/091c840d-dabf-42c2-93fc-b47f6aa86d75.jpeg&#8221;] Un adolescent \u00een v\u00e2rst\u0103 de 16 ani \u0219i-a pierdut via\u021ba, luni sear\u0103, dup\u0103 ce a fost dat disp\u0103rut \u00een r\u00e2ul Bega, \u00een localitatea Chiz\u0103t\u0103u. Alarma a fost dat\u0103 \u00een jurul orei 20:00, printr-un apel la 112, care anun\u021ba dispari\u021bia b\u0103iatului \u0219i posibilitatea ca acesta s\u0103 se fi \u00eenecat. La fa\u021ba locului au [&hellip;]<\/p>\n","protected":false},"author":1,"featured_media":0,"comment_status":"open","ping_status":"","sticky":false,"template":"","format":"standard","meta":{"footnotes":""},"categories":[89],"tags":[204,226],"class_list":["post-2057131","post","type-post","status-publish","format-standard","hentry","category-romania","tag-banatulmeu-ro","tag-crawlmanager"],"_links":{"self":[{"href":"https:\/\/analyse.optim.biz\/index.php?rest_route=\/wp\/v2\/posts\/2057131","targetHints":{"allow":["GET"]}}],"collection":[{"href":"https:\/\/analyse.optim.biz\/index.php?rest_route=\/wp\/v2\/posts"}],"about":[{"href":"https:\/\/analyse.optim.biz\/index.php?rest_route=\/wp\/v2\/types\/post"}],"author":[{"embeddable":true,"href":"https:\/\/analyse.optim.biz\/index.php?rest_route=\/wp\/v2\/users\/1"}],"replies":[{"embeddable":true,"href":"https:\/\/analyse.optim.biz\/index.php?rest_route=%2Fwp%2Fv2%2Fcomments&post=2057131"}],"version-history":[{"count":0,"href":"https:\/\/analyse.optim.biz\/index.php?rest_route=\/wp\/v2\/posts\/2057131\/revisions"}],"wp:attachment":[{"href":"https:\/\/analyse.optim.biz\/index.php?rest_route=%2Fwp%2Fv2%2Fmedia&parent=2057131"}],"wp:term":[{"taxonomy":"category","embeddable":true,"href":"https:\/\/analyse.optim.biz\/index.php?rest_route=%2Fwp%2Fv2%2Fcategories&post=2057131"},{"taxonomy":"post_tag","embeddable":true,"href":"https:\/\/analyse.optim.biz\/index.php?rest_route=%2Fwp%2Fv2%2Ftags&post=2057131"}],"curies":[{"name":"wp","href":"https:\/\/api.w.org\/{rel}","templated":true}]}}