{"id":205708,"date":"2014-05-14T18:07:22","date_gmt":"2014-05-14T15:07:22","guid":{"rendered":"https:\/\/analyse.optim.biz\/?p=205708"},"modified":"2014-05-14T18:07:22","modified_gmt":"2014-05-14T15:07:22","slug":"disputa-pe-ucraina-s-a-mutat-in-parlament","status":"publish","type":"post","link":"https:\/\/analyse.optim.biz\/?p=205708","title":{"rendered":"Disputa pe Ucraina s-a mutat \u00een Parlament"},"content":{"rendered":"<div class=\"entry data-app-meta data-app-meta-article\" data-embed-base-url-canonical=\"https:\/\/www.digi24.ro\/embed\/stiri\/actualitate\/politica\/disputa-pe-ucraina-s-a-mutat-in-parlament-243148\">\n<p data-index=\"1\">Ale\u015fii puterii propun ca Parlamentul s\u0103 sus\u0163in\u0103<a href=\"https:\/\/www.digi24.ro\/Stiri\/Digi24\/Actualitate\/Politica\/Presedintele+a+convocat+guvernul+la+Cotroceni\" target=\"_blank\" data-skip-linkfix=\"1\" rel=\"noopener\"> punctul de vedere al Pre\u015fedin\u0163iei \u015fi Guvernului<\/a> dup\u0103 ce Traian B\u0103sescu \u015fi Victor Ponta se vor pune de acord. Acest lucru \u00eei nemul\u0163ume\u015fte pe cei din opozi\u0163ie.<\/p>\n<p data-index=\"2\">\u201eAvem impresia c\u0103 deja Parlamentul Rom\u00e2niei este o anex\u0103 care nu mai conteaz\u0103 deloc la Palatul Victoria. De ce nu vrea PSD s\u0103 exprime o pozi\u0163ie public\u0103. De ce se ascunde \u00een spatele unor declara\u0163ii de multe ori iresponsabile ale lui Victor Ponta?<span>\u201d,<\/span> spune <strong>Tinel Gheorghe<\/strong>, deputat PDL.<\/p>\n<p data-index=\"3\">\u201eNu avem \u00een vedere dec\u00e2t interesul Rom\u00e2niei. Nu mi se pare foarte oportun c<span>\u0103<\/span> fiecare institu\u0163ie reprezint\u0103 pentru statul rom\u00e2n repsectiv pre\u0219edinte, Parlament sau Guvern, s\u0103 aib\u0103 pozi\u0163ii disctincte referitatoare la problema din Crimeea \u015fi din Ucraina\u201d, <span lang=\"en-US\">afirm<\/span><span>\u0103\u00a0<\/span><strong>Marian Neac\u015fu<\/strong>, liderului deputa\u0163ilor PSD.<\/p>\n<p data-index=\"4\">S\u0103pt\u0103m\u00e2na trecut\u0103, parlamentarii opozi\u0163iei au transmis o solicitare oficial\u0103 c\u0103tre pre\u015fedin\u0163ii celor dou\u0103 camere pentru convocarea plenului pe tema situa\u0163iei din Ucraina.<\/p>\n<p data-index=\"5\">\u201e<span>Apelul meu este la liderii grupurilor parlamentare, haide\u021bi s\u0103 dezbatem situa\u021bia excep\u021bional\u0103 din Ucraina\u201d, <\/span><span lang=\"en-US\">spune <\/span><span>Tinel Gheorghe .<\/span><\/p>\n<p data-index=\"6\">\u201eRegiunea Odessa este exact la <span>opt<\/span><span>kilometri<\/span> de municipiul Galati. Nu e \u00een nord-vest, este aici langa noi si este foarte important sa dezbatem\u201d, <span lang=\"en-US\">spune <\/span><strong>Victor Paul Dobre<\/strong>, deputat PNL<\/p>\n<p data-index=\"7\">\u00cen luna martie, comisiile de politic\u0103 extern\u0103 ale Senatului \u0219i Camerei Deputa\u021bilor au adoptat o declara\u0163ie pentru sus\u021binerea Ucrainei pe calea european\u0103.<\/p>\n<\/div>\n<p> Source URL: https:\/\/www.digi24.ro\/stiri\/actualitate\/politica\/disputa-pe-ucraina-s-a-mutat-in-parlament-243148<\/p>\n","protected":false},"excerpt":{"rendered":"<p>Ale\u015fii puterii propun ca Parlamentul s\u0103 sus\u0163in\u0103 punctul de vedere al Pre\u015fedin\u0163iei \u015fi Guvernului dup\u0103 ce Traian B\u0103sescu \u015fi Victor Ponta se vor pune de acord. Acest lucru \u00eei nemul\u0163ume\u015fte pe cei din opozi\u0163ie. \u201eAvem impresia c\u0103 deja Parlamentul Rom\u00e2niei este o anex\u0103 care nu mai conteaz\u0103 deloc la Palatul Victoria. De ce nu vrea [&hellip;]<\/p>\n","protected":false},"author":1,"featured_media":205709,"comment_status":"open","ping_status":"","sticky":false,"template":"","format":"standard","meta":{"footnotes":""},"categories":[2],"tags":[11],"class_list":["post-205708","post","type-post","status-publish","format-standard","has-post-thumbnail","hentry","category-politics","tag-digi24"],"_links":{"self":[{"href":"https:\/\/analyse.optim.biz\/index.php?rest_route=\/wp\/v2\/posts\/205708","targetHints":{"allow":["GET"]}}],"collection":[{"href":"https:\/\/analyse.optim.biz\/index.php?rest_route=\/wp\/v2\/posts"}],"about":[{"href":"https:\/\/analyse.optim.biz\/index.php?rest_route=\/wp\/v2\/types\/post"}],"author":[{"embeddable":true,"href":"https:\/\/analyse.optim.biz\/index.php?rest_route=\/wp\/v2\/users\/1"}],"replies":[{"embeddable":true,"href":"https:\/\/analyse.optim.biz\/index.php?rest_route=%2Fwp%2Fv2%2Fcomments&post=205708"}],"version-history":[{"count":0,"href":"https:\/\/analyse.optim.biz\/index.php?rest_route=\/wp\/v2\/posts\/205708\/revisions"}],"wp:featuredmedia":[{"embeddable":true,"href":"https:\/\/analyse.optim.biz\/index.php?rest_route=\/wp\/v2\/media\/205709"}],"wp:attachment":[{"href":"https:\/\/analyse.optim.biz\/index.php?rest_route=%2Fwp%2Fv2%2Fmedia&parent=205708"}],"wp:term":[{"taxonomy":"category","embeddable":true,"href":"https:\/\/analyse.optim.biz\/index.php?rest_route=%2Fwp%2Fv2%2Fcategories&post=205708"},{"taxonomy":"post_tag","embeddable":true,"href":"https:\/\/analyse.optim.biz\/index.php?rest_route=%2Fwp%2Fv2%2Ftags&post=205708"}],"curies":[{"name":"wp","href":"https:\/\/api.w.org\/{rel}","templated":true}]}}