{"id":2056753,"date":"2026-07-22T18:24:00","date_gmt":"2026-07-22T15:24:00","guid":{"rendered":"https:\/\/analyse.optim.biz\/?p=2056753"},"modified":"2026-07-22T18:24:00","modified_gmt":"2026-07-22T15:24:00","slug":"calendarul-zilei-23-iulie-aducerea-moastelor-sfantului-sfintit-mucenic-foca-sfintii-mucenici-apolinarie-vitalie-si-valeria","status":"publish","type":"post","link":"https:\/\/analyse.optim.biz\/?p=2056753","title":{"rendered":"Calendarul zilei 23 iulie: Aducerea moa\u015ftelor Sf\u00e2ntului Sfin\u0163it Mucenic Foca; Sfin\u0163ii Mucenici Apolinarie, Vitalie \u015fi Valeria"},"content":{"rendered":"<p>[analyse_image type=&#8221;featured&#8221; src=&#8221;https:\/\/r3media.ro\/wp-content\/uploads\/2024\/07\/aducerea-moastelor-sfantului-sfintit-mucenic-foca-sfintii-mucenici-apolinarie-vitalie-si-valeria-178050-e1721679837472.jpghttps:\/\/r3media.ro\/wp-content\/uploads\/2024\/07\/aducerea-moastelor-sfantului-sfintit-mucenic-foca-sfintii-mucenici-apolinarie-vitalie-si-valeria-178050-e1721679837472.jpg&#8221;]<\/p>\n<article id=\"template-id-109\" class=\"post-109 tdb_templates type-tdb_templates status-publish post\">\n<div id=\"tdi_2\" class=\"tdc-zone\">\n<div class=\"tdc_zone tdi_3  wpb_row td-pb-row\">\n<div id=\"tdi_4\" class=\"tdc-row\">\n<div class=\"vc_row tdi_5  wpb_row td-pb-row\">\n<div class=\"vc_column tdi_7  wpb_column vc_column_container tdc-column td-pb-span8\">\n<div class=\"wpb_wrapper\">\n<div class=\"td_block_wrap tdb_breadcrumbs tdi_8 td-pb-border-top td_block_template_1 tdb-breadcrumbs \" data-td-block-uid=\"tdi_8\">\n<div class=\"tdb-block-inner td-fix-index\"><span><a title=\"Vede\u021bi toate articolele \u00een PRIM PLAN\" class=\"tdb-entry-crumb\" href=\"https:\/\/r3media.ro\/category\/stiri-prim-plan\/\">PRIM PLAN<\/a><\/span><span class=\"tdb-bred-no-url-last\">Calendarul zilei 23 iulie: Aducerea moa\u015ftelor Sf\u00e2ntului Sfin\u0163it Mucenic Foca; Sfin\u0163ii Mucenici&#8230;<\/span><\/div>\n<\/div>\n<div class=\"td_block_wrap tdb_single_categories tdi_9 td-pb-border-top td_block_template_1 \" data-td-block-uid=\"tdi_9\">\n<div class=\"tdb-category td-fix-index\"><a class=\"tdb-entry-category\" href=\"https:\/\/r3media.ro\/category\/stiri-prim-plan\/\">PRIM PLAN<\/a><a class=\"tdb-entry-category\" href=\"https:\/\/r3media.ro\/category\/stiri\/\">\u0218TIRI<\/a><\/div>\n<\/div>\n<div class=\"td_block_wrap tdb_title tdi_10 tdb-single-title td-pb-border-top td_block_template_1\" data-td-block-uid=\"tdi_10\">\n<div class=\"tdb-block-inner td-fix-index\">\n<h1 class=\"tdb-title-text\">Calendarul zilei 23 iulie: Aducerea moa\u015ftelor Sf\u00e2ntului Sfin\u0163it Mucenic Foca; Sfin\u0163ii Mucenici Apolinarie, Vitalie \u015fi Valeria<\/h1>\n<\/div>\n<\/div>\n<div class=\"vc_row_inner tdi_12  vc_row vc_inner wpb_row td-pb-row\">\n<div class=\"vc_column_inner tdi_14  wpb_column vc_column_container tdc-inner-column td-pb-span12\">\n<div class=\"vc_column-inner\">\n<div class=\"wpb_wrapper\">\n<div class=\"td_block_wrap tdb_single_author tdi_15 td-pb-border-top td_block_template_1 tdb-post-meta\" data-td-block-uid=\"tdi_15\">\n<div class=\"tdb-block-inner td-fix-index\">\n<div class=\"tdb-author-name-wrap\"><a class=\"tdb-author-name\" href=\"https:\/\/r3media.ro\/author\/redactia\/\">Redac\u021bia<\/a><\/div>\n<\/div>\n<\/div>\n<div class=\"td_block_wrap tdb_single_date tdi_16 td-pb-border-top td_block_template_1 tdb-post-meta\" data-td-block-uid=\"tdi_16\">\n<div class=\"tdb-block-inner td-fix-index\"><time class=\"entry-date updated td-module-date\" datetime=\"2026-07-22T21:24:00+03:00\">22\/07\/2026<\/time><\/div>\n<\/div>\n<\/div>\n<\/div>\n<\/div>\n<\/div>\n<div class=\"td_block_wrap tdb_single_content tdi_18 td-pb-border-top td_block_template_1 td-post-content tagdiv-type\" data-td-block-uid=\"tdi_18\">\n<div class=\"tdb-block-inner td-fix-index\">\n<p><strong>Sf\u00e2ntul Mucenic Foca este unul din cei patru sfin\u021bi cu numele acesta, pomeni\u0163i de sinaxar. El a tr\u0103it \u00een Sinope, \u00een zilele \u00eemp\u0103ratului Traian, str\u0103lucind cu toate faptele bune \u015fi cu petrecere neprih\u0103nit\u0103, scrie<a href=\"https:\/\/ziarullumina.ro\/teologie-si-spiritualitate\/sinaxar\/aducerea-moastelor-sfantului-sfintit-mucenic-foca-sfintii-mucenici-apolinarie-vitalie-si-valeria-164227.html\" target=\"_blank\" rel=\"noopener\"> Ziarul Lumina.<\/a><\/strong><\/p>\n<p>C\u00e2nd a fost adus \u00eenaintea eparhului African \u015fi \u00eentrebat dac\u0103 este cre\u015ftin, el a m\u0103rturisit cu \u00eendr\u0103zneal\u0103 credin\u0163a \u00een Domnul nostru Iisus Hristos. Plin de m\u00e2nie, eparhul African l-a chinuit pe Sf\u00e2ntul Foca pentru m\u0103rturisirea lui. \u00cens\u0103, s-a f\u0103cut un cutremur mare \u015fi, f\u0103r\u0103 de veste, c\u0103z\u00e2nd eparhul \u00eempreun\u0103 cu slujitorii lui, au r\u0103mas f\u0103r\u0103 suflare.<\/p>\n<p>V\u0103z\u00e2nd femeia eparhului aceast\u0103 minune, s-a \u00eenfrico\u015fat \u015fi s-a rugat sf\u00e2ntului, care l-a \u00eenviat pe African.<\/p>\n<p>Dup\u0103 aceea, l-au dus la \u00eemp\u0103ratul Traian \u015fi m\u0103rturisind Sf\u00e2ntul Foca pe Hristos, a fost sp\u00e2nzurat \u015fi strujit, iar apoi b\u0103gat \u00een var. Fiind pus \u00eentr-o baie foarte fierbinte, mucenicul s-a rugat Domnului, apoi \u015fi-a dat sufletul \u00een m\u00e2inile Sale. Moa\u0219tele Sf\u00e2ntului Mucenic Foca au fost mutate din Sinope (unde el fusese episcop) la Constantinopol, \u00een ziua de 23 iulie 403 sau 404.<\/p>\n<p>Tot ast\u0103zi, Biserica Ortodox\u0103 \u00eei pomene\u015fte pe Sf\u00e2ntul Mucenic Apolinarie, Episcopul Ravenei, \u015fi pe Sfin\u0163ii Mucenici Vitalie \u015fi Valeria.<\/p>\n<p>Sf\u00e2ntul Apolinarie a fost sfin\u0163it Episcop al Ravenei de \u00eensu\u015fi Sf\u00e2ntul Apostol Pavel, care l-a \u00eendemnat s\u0103 mearg\u0103 \u00een acel loc \u015fi s\u0103 propov\u0103duiasc\u0103 Evanghelia lui Hristos f\u0103r\u0103 team\u0103.<\/p>\n<p>Ajung\u00e2nd \u00een cetate, Apolinarie a intrat \u00een casa unui oarecare osta\u015f roman Irineu, c\u0103ruia i-a vorbit despre Hristos Domnul, apoi i-a vindecat copilul care era orb.<\/p>\n<p>V\u0103z\u00e2nd acestea, Irineu \u015fi toat\u0103 casa lui s-au botezat \u00een numele Preasfintei Treimi.<\/p>\n<p>De asemenea, Apolinarie a vindecat o femeie ce se numea Tecla, care era so\u0163ia tribunului.<\/p>\n<p>Deci, f\u0103c\u00e2nd peste ea semnul Sfintei Cruci, femeia s-a ridicat din patul durerii \u015fi a\u015fa, tribunul \u015fi to\u0163i osta\u015fii din subordinea sa au crezut \u00een Hristos. Sf\u00e2ntul Apolinarie, arhiereul lui Hristos, a p\u0103storit Biserica timp de 28 de ani, o lun\u0103 \u0219i patru zile \u0219i a p\u0103timit \u00een ziua a 23-a a lunii iulie, peste romani fiind st\u0103p\u00e2nitor Vespasian (69-79 d. Hr.).<\/p>\n<div class=\"crp_related     crp-masonry\">\n<h2>\u00ceN CONTEXT<\/h2>\n<ul>\n<li><a href=\"https:\/\/r3media.ro\/calendarul-zilei-4-ianuarie-soborul-sfintilor-70-de-apostoli\/\" class=\"crp_link post-34856\"><span class=\"crp_title\">Calendarul zilei 4 ianuarie: Soborul Sfin\u021bilor 70 de apostoli<\/span><\/a><\/li>\n<li><a href=\"https:\/\/r3media.ro\/calendarul-zilei-9-mai-sf-proroc-isaia-sf-mc-hristofor-aducerea-la-bari-a-moastelor-sf-ier-nicolae\/\" class=\"crp_link post-94576\"><span class=\"crp_title\">Calendarul zilei 9 mai: Sf. Proroc Isaia; Sf. Mc. Hristofor; Aducerea la Bari a moa\u0219telor\u2026<\/span><\/a><\/li>\n<li><a href=\"https:\/\/r3media.ro\/calendarul-zilei-22-iunie-sf-ierarh-grigorie-dascalul-mitropolitul-tarii-romanesti-sf-sfintit-mc-eusebiu-episcopul-samosatei\/\" class=\"crp_link post-48963\"><span class=\"crp_title\">Calendarul zilei 22 iunie: Sf. Ierarh Grigorie Dasc\u0103lul, Mitropolitul \u021a\u0103rii Rom\u00e2ne\u0219ti; Sf.\u2026<\/span><\/a><\/li>\n<li><a href=\"https:\/\/r3media.ro\/calendarul-zilei-26-august-sfintii-adrian-si-natalia-cei-doi-soti-a-caror-dragoste-a-fost-mai-tare-decat-moartea-si-sunt-ocrotitorii-familiei\/\" class=\"crp_link post-26673\"><span class=\"crp_title\">Calendarul zilei 26 august: Sfin\u021bii Adrian \u0219i Natalia, cei doi so\u021bi a c\u0103ror dragoste a fost\u2026<\/span><\/a><\/li>\n<li><a href=\"https:\/\/r3media.ro\/calendarul-zilei-22-septembrie-sf-ier-mc-teodosie-de-la-m-brazi-mitr-moldovei-sf-sfintit-mc-foca-ep-de-sinope\/\" class=\"crp_link post-54726\"><span class=\"crp_title\">Calendarul zilei 22 septembrie: Sf. Ier. Mc. Teodosie de la M. Brazi, mitr. Moldovei; Sf.\u2026<\/span><\/a><\/li>\n<li><a href=\"https:\/\/r3media.ro\/calendarul-zilei-2-august-aducerea-moastelor-sfantului-intai-mucenic-si-arhidiacon-stefan\/\" class=\"crp_link post-99006\"><span class=\"crp_title\">Calendarul zilei 2 august: Aducerea moa\u015ftelor Sf\u00e2ntului \u00cent\u00e2i Mucenic \u015fi Arhidiacon \u015etefan<\/span><\/a><\/li>\n<li><a href=\"https:\/\/r3media.ro\/1-iulie-sf-leontie-de-la-radauti-sf-doctori-fara-de-arginti-cosma-si-damian-cei-din-roma\/\" class=\"crp_link post-49753\"><span class=\"crp_title\">Calendarul zilei 1 iulie: Sf. Leontie de la R\u0103d\u0103u\u021bi. Sf. Doctori f\u0103r\u0103 de argin\u021bi Cosma \u0219i\u2026<\/span><\/a><\/li>\n<li><a href=\"https:\/\/r3media.ro\/calendarul-zilei-26-octombrie-sf-dimitrie-dumitru-izvoratorul-de-mir-ocrotitorul-craiovei\/\" class=\"crp_link post-4638\"><span class=\"crp_title\">Calendarul zilei 26 octombrie: Sf. Dimitrie (Dumitru), Izvor\u00e2torul de Mir, ocrotitorul Craiovei<\/span><\/a><\/li>\n<\/ul>\n<\/div>\n<\/div>\n<\/div>\n<div class=\"td_block_wrap tdb_single_tags tdi_19 td-pb-border-top td_block_template_1\" data-td-block-uid=\"tdi_19\">\n<div class=\"tdb-block-inner td-fix-index\">\n<ul class=\"tdb-tags\">\n<li><span>SUBIECTE FIERBIN\u021aI<\/span><\/li>\n<li><a href=\"https:\/\/r3media.ro\/tag\/calendar-ortodox\/\">calendar ortodox<\/a><\/li>\n<li><a href=\"https:\/\/r3media.ro\/tag\/calendarul-zilei\/\">calendarul zilei<\/a><\/li>\n<li><a href=\"https:\/\/r3media.ro\/tag\/calendarul-zilei-23-iulie\/\">calendarul zilei 23 iulie<\/a><\/li>\n<\/ul>\n<\/div>\n<\/div>\n<div class=\"td_block_wrap td_block_9 tdi_20 td_with_ajax_pagination td-pb-border-top td_block_template_1 td-column-2 td_block_padding td_block_bot_line\" data-td-block-uid=\"tdi_20\">\n<div class=\"td-block-title-wrap\">\n<h4 class=\"block-title td-block-title\"><span class=\"td-pulldown-size\">CITE\u0218TE MAI MULT<\/span><\/h4>\n<\/div>\n<div id=\"tdi_20\" class=\"td_block_inner\">\n<div class=\"td-block-row\">\n<div class=\"td-block-span6\">\n<div class=\"td_module_8 td_module_wrap\">\n<div class=\"item-details\">\n<h3 class=\"entry-title td-module-title\"><a href=\"https:\/\/r3media.ro\/asa-incepe-compania-openai-afirma-un-model-de-inteligenta-artificiala-a-atacat-din-proprie-initiativa-sistemele-unei-alte-companii\/\" rel=\"bookmark\" title=\"A\u0219a \u00eencepe? Compania OpenAI afirm\u0103 un model de inteligen\u021b\u0103 artificial\u0103 a ATACAT din proprie ini\u021biativ\u0103 sistemele unei alte companii\">A\u0219a \u00eencepe? Compania OpenAI afirm\u0103 un model de inteligen\u021b\u0103 artificial\u0103 a ATACAT din proprie&#8230;<\/a><\/h3>\n<div class=\"td-module-meta-info\"><a href=\"https:\/\/r3media.ro\/category\/stiri-prim-plan\/\" class=\"td-post-category\">PRIM PLAN<\/a><span class=\"td-post-author-name\"><a href=\"https:\/\/r3media.ro\/author\/teodor_stan\/\">Teodor Stan<\/a><span>&#8211;<\/span><\/span><span class=\"td-post-date\"><time class=\"entry-date updated td-module-date\" datetime=\"2026-07-22T09:10:53+03:00\">22\/07\/2026<\/time><\/span><\/div>\n<\/div>\n<\/div>\n<\/div>\n<div class=\"td-block-span6\">\n<div class=\"td_module_8 td_module_wrap\">\n<div class=\"item-details\">\n<h3 class=\"entry-title td-module-title\"><a href=\"https:\/\/r3media.ro\/episcopul-husilor-oameni-animale-therieni-degradare-progresism\/\" rel=\"bookmark\" title=\"Episcopul Hu\u0219ilor, despre oamenii care se cred animale: V\u0103 da\u021bi seama c\u00e2t\u0103 degradare uman\u0103 este? De ce? Pentru c\u0103 se \u00eencred \u00een progresism\">Episcopul Hu\u0219ilor, despre oamenii care se cred animale: V\u0103 da\u021bi seama c\u00e2t\u0103 degradare uman\u0103&#8230;<\/a><\/h3>\n<div class=\"td-module-meta-info\"><a href=\"https:\/\/r3media.ro\/category\/actualitate\/\" class=\"td-post-category\">ACTUALITATE<\/a><span class=\"td-post-author-name\"><a href=\"https:\/\/r3media.ro\/author\/radu_ursan\/\">Radu Ursan<\/a><span>&#8211;<\/span><\/span><span class=\"td-post-date\"><time class=\"entry-date updated td-module-date\" datetime=\"2026-07-21T19:30:46+03:00\">21\/07\/2026<\/time><\/span><\/div>\n<\/div>\n<\/div>\n<\/div>\n<\/div>\n<div class=\"td-block-row\">\n<div class=\"td-block-span6\">\n<div class=\"td_module_8 td_module_wrap\">\n<div class=\"item-details\">\n<h3 class=\"entry-title td-module-title\"><a href=\"https:\/\/r3media.ro\/campion-olimpic-olaf-tufte-mort-subit-50-ani\/\" rel=\"bookmark\" title=\"Campionul olimpic Olaf Tufte a murit subit la 50 de ani\">Campionul olimpic Olaf Tufte a murit subit la 50 de ani<\/a><\/h3>\n<div class=\"td-module-meta-info\"><a href=\"https:\/\/r3media.ro\/category\/featured\/\" class=\"td-post-category\">FEATURED<\/a><span class=\"td-post-author-name\"><a href=\"https:\/\/r3media.ro\/author\/oana\/\">Oana Ivan<\/a><span>&#8211;<\/span><\/span><span class=\"td-post-date\"><time class=\"entry-date updated td-module-date\" datetime=\"2026-07-22T12:11:02+03:00\">22\/07\/2026<\/time><\/span><\/div>\n<\/div>\n<\/div>\n<\/div>\n<div class=\"td-block-span6\">\n<div class=\"td_module_8 td_module_wrap\">\n<div class=\"item-details\">\n<h3 class=\"entry-title td-module-title\"><a href=\"https:\/\/r3media.ro\/explozie-incendiu-fabrica-kronospan-brasov-video\/\" rel=\"bookmark\" title=\"VIDEO | Explozie urmat\u0103 de un incendiu la fabrica Kronospan din Bra\u0219ov. \u00cen timp ce pompierii \u00eencercau s\u0103 sting\u0103 focul s-a produs o alt\u0103 explozie\">VIDEO | Explozie urmat\u0103 de un incendiu la fabrica Kronospan din Bra\u0219ov. \u00cen timp&#8230;<\/a><\/h3>\n<div class=\"td-module-meta-info\"><a href=\"https:\/\/r3media.ro\/category\/featured\/\" class=\"td-post-category\">FEATURED<\/a><span class=\"td-post-author-name\"><a href=\"https:\/\/r3media.ro\/author\/oana\/\">Oana Ivan<\/a><span>&#8211;<\/span><\/span><span class=\"td-post-date\"><time class=\"entry-date updated td-module-date\" datetime=\"2026-07-22T10:01:28+03:00\">22\/07\/2026<\/time><\/span><\/div>\n<\/div>\n<\/div>\n<\/div>\n<\/div>\n<div class=\"td-block-row\">\n<div class=\"td-block-span6\">\n<div class=\"td_module_8 td_module_wrap\">\n<div class=\"item-details\">\n<h3 class=\"entry-title td-module-title\"><a href=\"https:\/\/r3media.ro\/video-cult-femeie-dumnezeu-mama-romania\/\" rel=\"bookmark\" title=\"VIDEO | Un cult care consider\u0103 o femeie coreean\u0103 drept \u201eDumnezeu Mama\u201d face prozeli\u021bi \u00een Rom\u00e2nia\">VIDEO | Un cult care consider\u0103 o femeie coreean\u0103 drept \u201eDumnezeu Mama\u201d face prozeli\u021bi&#8230;<\/a><\/h3>\n<div class=\"td-module-meta-info\"><a href=\"https:\/\/r3media.ro\/category\/actualitate\/\" class=\"td-post-category\">ACTUALITATE<\/a><span class=\"td-post-author-name\"><a href=\"https:\/\/r3media.ro\/author\/redactia\/\">Redac\u021bia<\/a><span>&#8211;<\/span><\/span><span class=\"td-post-date\"><time class=\"entry-date updated td-module-date\" datetime=\"2026-07-21T11:14:08+03:00\">21\/07\/2026<\/time><\/span><\/div>\n<\/div>\n<\/div>\n<\/div>\n<div class=\"td-block-span6\">\n<div class=\"td_module_8 td_module_wrap\">\n<div class=\"item-details\">\n<h3 class=\"entry-title td-module-title\"><a href=\"https:\/\/r3media.ro\/cehia-interzice-telefoanele-in-scoli\/\" rel=\"bookmark\" title=\"Cehia se preg\u0103te\u0219te s\u0103 interzic\u0103 telefoanele mobile \u00een \u0219coli\">Cehia se preg\u0103te\u0219te s\u0103 interzic\u0103 telefoanele mobile \u00een \u0219coli<\/a><\/h3>\n<div class=\"td-module-meta-info\"><a href=\"https:\/\/r3media.ro\/category\/actualitate\/\" class=\"td-post-category\">ACTUALITATE<\/a><span class=\"td-post-author-name\"><a href=\"https:\/\/r3media.ro\/author\/redactia\/\">Redac\u021bia<\/a><span>&#8211;<\/span><\/span><span class=\"td-post-date\"><time class=\"entry-date updated td-module-date\" datetime=\"2026-07-20T22:34:13+03:00\">20\/07\/2026<\/time><\/span><\/div>\n<\/div>\n<\/div>\n<\/div>\n<\/div>\n<div class=\"td-block-row\">\n<div class=\"td-block-span6\">\n<div class=\"td_module_8 td_module_wrap\">\n<div class=\"item-details\">\n<h3 class=\"entry-title td-module-title\"><a href=\"https:\/\/r3media.ro\/mihail-neamtu-oblgatie-romania\/\" rel=\"bookmark\" title=\"Mihail Neam\u021bu: Suntem o \u021bar\u0103 mic\u0103, iar singura obliga\u021bie a politicienilor de la Bucure\u0219ti e s\u0103 nu introduc\u0103 Rom\u00e2nia \u00eentr-un r\u0103zboi stupid \u0219i perdant\">Mihail Neam\u021bu: Suntem o \u021bar\u0103 mic\u0103, iar singura obliga\u021bie a politicienilor de la Bucure\u0219ti&#8230;<\/a><\/h3>\n<div class=\"td-module-meta-info\"><a href=\"https:\/\/r3media.ro\/category\/actualitate\/\" class=\"td-post-category\">ACTUALITATE<\/a><span class=\"td-post-author-name\"><a href=\"https:\/\/r3media.ro\/author\/redactia\/\">Redac\u021bia<\/a><span>&#8211;<\/span><\/span><span class=\"td-post-date\"><time class=\"entry-date updated td-module-date\" datetime=\"2026-07-20T22:01:16+03:00\">20\/07\/2026<\/time><\/span><\/div>\n<\/div>\n<\/div>\n<\/div>\n<div class=\"td-block-span6\">\n<div class=\"td_module_8 td_module_wrap\">\n<div class=\"item-details\">\n<h3 class=\"entry-title td-module-title\"><a href=\"https:\/\/r3media.ro\/petrisor-peiu-conditii-aur-vot-guvernul-vestea-nicusor-dan-solutii-bunastare-romani\/\" rel=\"bookmark\" title=\"Condi\u021biile AUR pentru a vota Guvernul Ve\u0219tea. Petri\u0219or Peiu propune solu\u021bii clare pentru bun\u0103starea rom\u00e2nilor\">Condi\u021biile AUR pentru a vota Guvernul Ve\u0219tea. Petri\u0219or Peiu propune solu\u021bii clare pentru bun\u0103starea&#8230;<\/a><\/h3>\n<div class=\"td-module-meta-info\"><a href=\"https:\/\/r3media.ro\/category\/stiri\/\" class=\"td-post-category\">\u0218TIRI<\/a><span class=\"td-post-author-name\"><a href=\"https:\/\/r3media.ro\/author\/oana\/\">Oana Ivan<\/a><span>&#8211;<\/span><\/span><span class=\"td-post-date\"><time class=\"entry-date updated td-module-date\" datetime=\"2026-06-17T10:10:31+03:00\">17\/06\/2026<\/time><\/span><\/div>\n<\/div>\n<\/div>\n<\/div>\n<\/div>\n<div class=\"td-block-row\">\n<div class=\"td-block-span6\">\n<div class=\"td_module_8 td_module_wrap\">\n<div class=\"item-details\">\n<h3 class=\"entry-title td-module-title\"><a href=\"https:\/\/r3media.ro\/mihail-neamtu-neeuropeana-imperiu-birocrati-bruxelles-inarmarea-germaniei\/\" rel=\"bookmark\" title=\"EXCLUSIVITATE Mihail Neam\u021bu: Exist\u0103 o tendin\u021b\u0103 neeuropean\u0103 de a se crea un imperiu condus de birocra\u021bi de la Bruxelles \/ Pericolul \u00eenarm\u0103rii Germaniei\">EXCLUSIVITATE Mihail Neam\u021bu: Exist\u0103 o tendin\u021b\u0103 neeuropean\u0103 de a se crea un imperiu condus&#8230;<\/a><\/h3>\n<div class=\"td-module-meta-info\"><a href=\"https:\/\/r3media.ro\/category\/stiri\/\" class=\"td-post-category\">\u0218TIRI<\/a><span class=\"td-post-author-name\"><a href=\"https:\/\/r3media.ro\/author\/oana\/\">Oana Ivan<\/a><span>&#8211;<\/span><\/span><span class=\"td-post-date\"><time class=\"entry-date updated td-module-date\" datetime=\"2026-06-22T09:02:12+03:00\">22\/06\/2026<\/time><\/span><\/div>\n<\/div>\n<\/div>\n<\/div>\n<div class=\"td-block-span6\">\n<div class=\"td_module_8 td_module_wrap\">\n<div class=\"item-details\">\n<h3 class=\"entry-title td-module-title\"><a href=\"https:\/\/r3media.ro\/spania-invinge-argentina-castiga-cupa-mondiala\/\" rel=\"bookmark\" title=\"Spania a \u00eenvins Argentina \u0219i a c\u00e2\u0219tigat Cupa Mondial\u0103 pentru a doua oar\u0103 \u00een istorie\">Spania a \u00eenvins Argentina \u0219i a c\u00e2\u0219tigat Cupa Mondial\u0103 pentru a doua oar\u0103 \u00een&#8230;<\/a><\/h3>\n<div class=\"td-module-meta-info\"><a href=\"https:\/\/r3media.ro\/category\/actualitate\/\" class=\"td-post-category\">ACTUALITATE<\/a><span class=\"td-post-author-name\"><a href=\"https:\/\/r3media.ro\/author\/oana\/\">Oana Ivan<\/a><span>&#8211;<\/span><\/span><span class=\"td-post-date\"><time class=\"entry-date updated td-module-date\" datetime=\"2026-07-20T01:04:07+03:00\">20\/07\/2026<\/time><\/span><\/div>\n<\/div>\n<\/div>\n<\/div>\n<\/div>\n<div class=\"td-block-row\">\n<div class=\"td-block-span6\">\n<div class=\"td_module_8 td_module_wrap\">\n<div class=\"item-details\">\n<h3 class=\"entry-title td-module-title\"><a href=\"https:\/\/r3media.ro\/prapad-busteni-valea-prahovei-statiuni-ploi-viitura-oameni-raniti-masini-avariate-case-inundate\/\" rel=\"bookmark\" title=\"VIDEO | Pr\u0103p\u0103d la Bu\u0219teni! Ploile au cauzat o viitur\u0103 care a m\u0103turat tot \u00een cale \u00een sta\u021biunile de pe valea Prahovei: oameni r\u0103ni\u021bi, ma\u0219ini avariate \u0219i locuin\u021be inundate\">VIDEO | Pr\u0103p\u0103d la Bu\u0219teni! Ploile au cauzat o viitur\u0103 care a m\u0103turat tot&#8230;<\/a><\/h3>\n<div class=\"td-module-meta-info\"><a href=\"https:\/\/r3media.ro\/category\/actualitate\/\" class=\"td-post-category\">ACTUALITATE<\/a><span class=\"td-post-author-name\"><a href=\"https:\/\/r3media.ro\/author\/oana\/\">Oana Ivan<\/a><span>&#8211;<\/span><\/span><span class=\"td-post-date\"><time class=\"entry-date updated td-module-date\" datetime=\"2026-07-19T19:07:45+03:00\">19\/07\/2026<\/time><\/span><\/div>\n<\/div>\n<\/div>\n<\/div>\n<div class=\"td-block-span6\">\n<div class=\"td_module_8 td_module_wrap\">\n<div class=\"item-details\">\n<h3 class=\"entry-title td-module-title\"><a href=\"https:\/\/r3media.ro\/parinte-adrian-agachi-reactie-declaratii-ora-de-religie-corina-atanasiu-usr-totalitarism\/\" rel=\"bookmark\" title=\"P\u0103rintele Adrian Agachi a reac\u021bionat la afirma\u021biile despre ora de Religie f\u0103cute de Corina Atanasiu (USR): E inadmisibil s\u0103 ne \u00eentoarcem la discursuri totalitare. Scuzele ar fi absolut necesare\">P\u0103rintele Adrian Agachi a reac\u021bionat la afirma\u021biile despre ora de Religie f\u0103cute de Corina&#8230;<\/a><\/h3>\n<div class=\"td-module-meta-info\"><a href=\"https:\/\/r3media.ro\/category\/actualitate\/\" class=\"td-post-category\">ACTUALITATE<\/a><span class=\"td-post-author-name\"><a href=\"https:\/\/r3media.ro\/author\/oana\/\">Oana Ivan<\/a><span>&#8211;<\/span><\/span><span class=\"td-post-date\"><time class=\"entry-date updated td-module-date\" datetime=\"2026-07-19T02:45:37+03:00\">19\/07\/2026<\/time><\/span><\/div>\n<\/div>\n<\/div>\n<\/div>\n<\/div>\n<\/div>\n<div class=\"td-load-more-wrap td-load-more-infinite-wrap\" id=\"infinite-lm-tdi_20\"><a href=\"https:\/\/r3media.ro\/23-iulie-aducerea-moastelor-sfantului-sfintit-mucenic-foca-sfintii-mucenici-apolinarie-vitalie-si-valeria\/\" class=\"td_ajax_load_more td_ajax_load_more_js\" aria-label=\"\u00cenc\u0103rca\u021bi mai multe\" id=\"next-page-tdi_20\" data-td_block_id=\"tdi_20\">\u00cenc\u0103rca\u021bi mai multe<\/a><\/div>\n<\/div>\n<div class=\"td_block_wrap tdb_single_comments tdi_21 tdb-comm-layout2 td-pb-border-top td_block_template_1\" data-td-block-uid=\"tdi_21\">\n<div class=\"tdb-block-inner td-fix-index\">\n<div class=\"comments\" id=\"comments\">\n<div id=\"respond\" class=\"comment-respond\">\n<h3 id=\"reply-title\" class=\"comment-reply-title\">AI CEVA DE SPUS? <small><a rel=\"nofollow\" id=\"cancel-comment-reply-link\" href=\"https:\/\/r3media.ro\/23-iulie-aducerea-moastelor-sfantului-sfintit-mucenic-foca-sfintii-mucenici-apolinarie-vitalie-si-valeria\/#respond\">Renun\u021ba\u021bi la r\u0103spuns<\/a><\/small><\/h3>\n<div class=\"comment-form-input-wrap td-form-comment\">\n<div class=\"td-warning-comment\">V\u0103 rug\u0103m s\u0103 introduce\u021bi comentariul dvs.!<\/div>\n<\/div>\n<div class=\"comment-form-input-wrap td-form-author\">\n<div class=\"td-warning-author\">Introduce\u021bi aici numele dvs.<\/div>\n<\/div>\n<div class=\"comment-form-input-wrap td-form-email\">\n<div class=\"td-warning-email-error\">A\u021bi introdus o adres\u0103 de e-mail incorect\u0103!<\/div>\n<div class=\"td-warning-email\">V\u0103 rug\u0103m s\u0103 introduce\u021bi adresa dvs. de e-mail aici<\/div>\n<\/div>\n<\/div>\n<\/div>\n<\/div>\n<\/div>\n<\/div>\n<\/div>\n<div class=\"vc_column tdi_23  wpb_column vc_column_container tdc-column td-pb-span4 td-is-sticky\">\n<div class=\"wpb_wrapper\" data-sticky-enabled-on=\"W3RydWUsdHJ1ZSx0cnVlLHRydWVd\" data-sticky-offset=\"20\" data-sticky-is-width-auto=\"W2ZhbHNlLGZhbHNlLGZhbHNlLGZhbHNlXQ==\">\n<div class=\"wpb_wrapper td_block_wrap vc_widget_sidebar tdi_25 \">\n<div class=\"td_block_wrap td_block_7 td_block_widget tdi_26 td-pb-border-top td_block_template_1 td-column-1 td_block_padding\" data-td-block-uid=\"tdi_26\">\n<div class=\"td-block-title-wrap\">\n<h4 class=\"block-title td-block-title\"><span class=\"td-pulldown-size\">Articole RELA\u021aIONATE<\/span><\/h4>\n<\/div>\n<div id=\"tdi_26\" class=\"td_block_inner\">\n<div class=\"td-block-span12\">\n<div class=\"td_module_6 td_module_wrap td-animation-stack\">\n<div class=\"td-module-thumb\"><a href=\"https:\/\/r3media.ro\/noua-intelegere-germania-unda-verde-proiect-colaborare-rusia-domeniu-nuclear\/\" rel=\"bookmark\" class=\"td-image-wrap \" title=\"O nou\u0103 \u00een\u021belegere? Germania a dat und\u0103 verde unei colabor\u0103ri cu Rusia \u00een domeniul nuclear\"><img loading=\"lazy\" decoding=\"async\" class=\"entry-thumb\" src=\"https:\/\/r3media.ro\/wp-content\/uploads\/2026\/07\/oameni-care-isi-strang-mainile-100x70.jpg\" alt title=\"O nou\u0103 \u00een\u021belegere? Germania a dat und\u0103 verde unei colabor\u0103ri cu Rusia \u00een domeniul nuclear\" width=\"100\" height=\"70\"><\/a><\/div>\n<div class=\"item-details\">\n<h3 class=\"entry-title td-module-title\"><a href=\"https:\/\/r3media.ro\/noua-intelegere-germania-unda-verde-proiect-colaborare-rusia-domeniu-nuclear\/\" rel=\"bookmark\" title=\"O nou\u0103 \u00een\u021belegere? Germania a dat und\u0103 verde unei colabor\u0103ri cu Rusia \u00een domeniul nuclear\">O nou\u0103 \u00een\u021belegere? Germania a dat und\u0103 verde unei colabor\u0103ri cu&#8230;<\/a><\/h3>\n<div class=\"td-module-meta-info\"><span class=\"td-post-date\"><time class=\"entry-date updated td-module-date\" datetime=\"2026-07-22T23:55:16+03:00\">22\/07\/2026<\/time><\/span><\/div>\n<\/div>\n<\/div>\n<\/div>\n<div class=\"td-block-span12\">\n<div class=\"td_module_6 td_module_wrap td-animation-stack\">\n<div class=\"td-module-thumb\"><a href=\"https:\/\/r3media.ro\/romania-in-fata-unei-crize-a-combustibilului-dupa-atacurile-ucrainene-cu-drone-asupra-petrolierelor\/\" rel=\"bookmark\" class=\"td-image-wrap \" title=\"Rom\u00e2nia, \u00een fa\u021ba unei crize a combustibilului dup\u0103 atacurile ucrainene cu drone asupra petrolierelor\"><img loading=\"lazy\" decoding=\"async\" class=\"entry-thumb\" src=\"https:\/\/r3media.ro\/wp-content\/uploads\/2026\/07\/petrol-kazahstan-100x70.jpg\" alt title=\"Rom\u00e2nia, \u00een fa\u021ba unei crize a combustibilului dup\u0103 atacurile ucrainene cu drone asupra petrolierelor\" width=\"100\" height=\"70\"><\/a><\/div>\n<div class=\"item-details\">\n<h3 class=\"entry-title td-module-title\"><a href=\"https:\/\/r3media.ro\/romania-in-fata-unei-crize-a-combustibilului-dupa-atacurile-ucrainene-cu-drone-asupra-petrolierelor\/\" rel=\"bookmark\" title=\"Rom\u00e2nia, \u00een fa\u021ba unei crize a combustibilului dup\u0103 atacurile ucrainene cu drone asupra petrolierelor\">Rom\u00e2nia, \u00een fa\u021ba unei crize a combustibilului dup\u0103 atacurile ucrainene cu&#8230;<\/a><\/h3>\n<div class=\"td-module-meta-info\"><span class=\"td-post-date\"><time class=\"entry-date updated td-module-date\" datetime=\"2026-07-22T21:51:57+03:00\">22\/07\/2026<\/time><\/span><\/div>\n<\/div>\n<\/div>\n<\/div>\n<div class=\"td-block-span12\">\n<div class=\"td_module_6 td_module_wrap td-animation-stack\">\n<div class=\"td-module-thumb\"><a href=\"https:\/\/r3media.ro\/catre-toti-cei-care-intretin-aceasta-stare-de-dezbinare-intre-suveranisti-din-ignoranta-prostie-mandrie-dar-si-multa-necredinta\/\" rel=\"bookmark\" class=\"td-image-wrap \" title=\"C\u0103tre to\u021bi cei care \u00eentre\u021bin aceast\u0103 stare de dezbinare \u00eentre suverani\u0219ti, din ignoran\u021b\u0103, prostie, m\u00e2ndrie dar \u0219i mult\u0103 necredin\u021b\u0103\"><img loading=\"lazy\" decoding=\"async\" class=\"entry-thumb\" src=\"https:\/\/r3media.ro\/wp-content\/uploads\/2021\/11\/tricolor-mana-pe-pamant-620x400-1-100x70.jpg\" alt title=\"C\u0103tre to\u021bi cei care \u00eentre\u021bin aceast\u0103 stare de dezbinare \u00eentre suverani\u0219ti, din ignoran\u021b\u0103, prostie, m\u00e2ndrie dar \u0219i mult\u0103 necredin\u021b\u0103\" width=\"100\" height=\"70\"><\/a><\/div>\n<div class=\"item-details\">\n<h3 class=\"entry-title td-module-title\"><a href=\"https:\/\/r3media.ro\/catre-toti-cei-care-intretin-aceasta-stare-de-dezbinare-intre-suveranisti-din-ignoranta-prostie-mandrie-dar-si-multa-necredinta\/\" rel=\"bookmark\" title=\"C\u0103tre to\u021bi cei care \u00eentre\u021bin aceast\u0103 stare de dezbinare \u00eentre suverani\u0219ti, din ignoran\u021b\u0103, prostie, m\u00e2ndrie dar \u0219i mult\u0103 necredin\u021b\u0103\">C\u0103tre to\u021bi cei care \u00eentre\u021bin aceast\u0103 stare de dezbinare \u00eentre suverani\u0219ti,&#8230;<\/a><\/h3>\n<div class=\"td-module-meta-info\"><span class=\"td-post-date\"><time class=\"entry-date updated td-module-date\" datetime=\"2026-07-22T17:17:44+03:00\">22\/07\/2026<\/time><\/span><\/div>\n<\/div>\n<\/div>\n<\/div>\n<div class=\"td-block-span12\">\n<div class=\"td_module_6 td_module_wrap td-animation-stack\">\n<div class=\"td-module-thumb\"><a href=\"https:\/\/r3media.ro\/presiunile-n-au-avut-succes-primaria-nu-a-avizat-marsul-homosexualitatii-la-oradea-pentru-al-patrulea-an-consecutiv\/\" rel=\"bookmark\" class=\"td-image-wrap \" title=\"Presiunile n-au avut succes: Prim\u0103ria NU a avizat mar\u0219ul homosexualit\u0103\u021bii la Oradea, pentru al patrulea an consecutiv\"><img loading=\"lazy\" decoding=\"async\" class=\"entry-thumb\" src=\"https:\/\/r3media.ro\/wp-content\/uploads\/2026\/07\/primaria-oradea-magnolie-bihoreanul-100x70.jpg\" alt title=\"Presiunile n-au avut succes: Prim\u0103ria NU a avizat mar\u0219ul homosexualit\u0103\u021bii la Oradea, pentru al patrulea an consecutiv\" width=\"100\" height=\"70\"><\/a><\/div>\n<div class=\"item-details\">\n<h3 class=\"entry-title td-module-title\"><a href=\"https:\/\/r3media.ro\/presiunile-n-au-avut-succes-primaria-nu-a-avizat-marsul-homosexualitatii-la-oradea-pentru-al-patrulea-an-consecutiv\/\" rel=\"bookmark\" title=\"Presiunile n-au avut succes: Prim\u0103ria NU a avizat mar\u0219ul homosexualit\u0103\u021bii la Oradea, pentru al patrulea an consecutiv\">Presiunile n-au avut succes: Prim\u0103ria NU a avizat mar\u0219ul homosexualit\u0103\u021bii la&#8230;<\/a><\/h3>\n<div class=\"td-module-meta-info\"><span class=\"td-post-date\"><time class=\"entry-date updated td-module-date\" datetime=\"2026-07-22T17:06:31+03:00\">22\/07\/2026<\/time><\/span><\/div>\n<\/div>\n<\/div>\n<\/div>\n<div class=\"td-block-span12\">\n<div class=\"td_module_6 td_module_wrap td-animation-stack\">\n<div class=\"td-module-thumb\"><a href=\"https:\/\/r3media.ro\/campion-olimpic-olaf-tufte-mort-subit-50-ani\/\" rel=\"bookmark\" class=\"td-image-wrap \" title=\"Campionul olimpic Olaf Tufte a murit subit la 50 de ani\"><img loading=\"lazy\" decoding=\"async\" class=\"entry-thumb\" src=\"https:\/\/r3media.ro\/wp-content\/uploads\/2026\/07\/olaf-tufte-100x70.jpg\" alt title=\"Campionul olimpic Olaf Tufte a murit subit la 50 de ani\" width=\"100\" height=\"70\"><\/a><\/div>\n<div class=\"item-details\">\n<h3 class=\"entry-title td-module-title\"><a href=\"https:\/\/r3media.ro\/campion-olimpic-olaf-tufte-mort-subit-50-ani\/\" rel=\"bookmark\" title=\"Campionul olimpic Olaf Tufte a murit subit la 50 de ani\">Campionul olimpic Olaf Tufte a murit subit la 50 de ani<\/a><\/h3>\n<div class=\"td-module-meta-info\"><span class=\"td-post-date\"><time class=\"entry-date updated td-module-date\" datetime=\"2026-07-22T12:11:02+03:00\">22\/07\/2026<\/time><\/span><\/div>\n<\/div>\n<\/div>\n<\/div>\n<div class=\"td-block-span12\">\n<div class=\"td_module_6 td_module_wrap td-animation-stack\">\n<div class=\"td-module-thumb\"><a href=\"https:\/\/r3media.ro\/epava-avionul-pan-am-descoperita-74-ani-video\/\" rel=\"bookmark\" class=\"td-image-wrap \" title=\"VIDEO | Epava avionului Pan Am a fost descoperit\u0103 dup\u0103 74 de ani\"><img loading=\"lazy\" decoding=\"async\" class=\"entry-thumb\" src=\"https:\/\/r3media.ro\/wp-content\/uploads\/2026\/07\/avion-care-zboara-100x70.jpg\" alt title=\"VIDEO | Epava avionului Pan Am a fost descoperit\u0103 dup\u0103 74 de ani\" width=\"100\" height=\"70\"><\/a><\/div>\n<div class=\"item-details\">\n<h3 class=\"entry-title td-module-title\"><a href=\"https:\/\/r3media.ro\/epava-avionul-pan-am-descoperita-74-ani-video\/\" rel=\"bookmark\" title=\"VIDEO | Epava avionului Pan Am a fost descoperit\u0103 dup\u0103 74 de ani\">VIDEO | Epava avionului Pan Am a fost descoperit\u0103 dup\u0103 74&#8230;<\/a><\/h3>\n<div class=\"td-module-meta-info\"><span class=\"td-post-date\"><time class=\"entry-date updated td-module-date\" datetime=\"2026-07-22T11:17:40+03:00\">22\/07\/2026<\/time><\/span><\/div>\n<\/div>\n<\/div>\n<\/div>\n<div class=\"td-block-span12\">\n<div class=\"td_module_6 td_module_wrap td-animation-stack\">\n<div class=\"td-module-thumb\"><a href=\"https:\/\/r3media.ro\/prof-vlad-muresan-florentin-tuca-progres-regres-final-libertate\/\" rel=\"bookmark\" class=\"td-image-wrap \" title=\"VIDEO | Prof. Vlad Mure\u0219an, \u00een dialog cu Florentin \u021auca despre progres, ca \u201eregres final\u201d: Libertatea se pierde \u00eentr-o genera\u021bie\"><img loading=\"lazy\" decoding=\"async\" class=\"entry-thumb\" src=\"https:\/\/r3media.ro\/wp-content\/uploads\/2026\/07\/vlad-muresan-florentin-tuca-100x70.jpg\" alt title=\"VIDEO | Prof. Vlad Mure\u0219an, \u00een dialog cu Florentin \u021auca despre progres, ca \u201eregres final\u201d: Libertatea se pierde \u00eentr-o genera\u021bie\" width=\"100\" height=\"70\"><\/a><\/div>\n<div class=\"item-details\">\n<h3 class=\"entry-title td-module-title\"><a href=\"https:\/\/r3media.ro\/prof-vlad-muresan-florentin-tuca-progres-regres-final-libertate\/\" rel=\"bookmark\" title=\"VIDEO | Prof. Vlad Mure\u0219an, \u00een dialog cu Florentin \u021auca despre progres, ca \u201eregres final\u201d: Libertatea se pierde \u00eentr-o genera\u021bie\">VIDEO | Prof. Vlad Mure\u0219an, \u00een dialog cu Florentin \u021auca despre&#8230;<\/a><\/h3>\n<div class=\"td-module-meta-info\"><span class=\"td-post-date\"><time class=\"entry-date updated td-module-date\" datetime=\"2026-07-22T11:14:21+03:00\">22\/07\/2026<\/time><\/span><\/div>\n<\/div>\n<\/div>\n<\/div>\n<\/div>\n<\/div>\n<aside class=\"td_block_template_1 widget widget_recent_comments\">\n<h4 class=\"block-title\"><span>INTR\u0102 \u00ceN DISCU\u021aIE!<\/span><\/h4>\n<ul id=\"recentcomments\">\n<li class=\"recentcomments\"><span class=\"comment-author-link\">Sumen<\/span> la <a href=\"https:\/\/r3media.ro\/deznationala-frantei-a-invins-franta\/#comment-40297\">Dezna\u021bionala Fran\u021bei a \u00eenvins Fran\u021ba \u00a0\u00a0<\/a><\/li>\n<li class=\"recentcomments\"><span class=\"comment-author-link\">Decebal<\/span> la <a href=\"https:\/\/r3media.ro\/video-cult-femeie-dumnezeu-mama-romania\/#comment-40295\">VIDEO | Un cult care consider\u0103 o femeie coreean\u0103 drept \u201eDumnezeu Mama\u201d face prozeli\u021bi \u00een Rom\u00e2nia<\/a><\/li>\n<li class=\"recentcomments\"><span class=\"comment-author-link\">Nicu<\/span> la <a href=\"https:\/\/r3media.ro\/nicusor-dan-in-cursul-noptii-trecute-o-nava-sub-pavilion-liberian-a-fost-lovita-in-afara-apelor-teritoriale-ale-romaniei-la-20-de-mile-marine-de-tarmul-romanesc\/#comment-40294\">Nicu\u0219or Dan: \u00cen cursul nop\u0163ii trecute, o nav\u0103 sub pavilion liberian a fost lovit\u0103 \u00een afara apelor teritoriale ale Rom\u00e2niei, la 20 de mile marine de \u0163\u0103rmul rom\u00e2nesc<\/a><\/li>\n<li class=\"recentcomments\"><span class=\"comment-author-link\">E.T.<\/span> la <a href=\"https:\/\/r3media.ro\/mihail-neamtu-oblgatie-romania\/#comment-40293\">Mihail Neam\u021bu: Suntem o \u021bar\u0103 mic\u0103, iar singura obliga\u021bie a politicienilor de la Bucure\u0219ti e s\u0103 nu introduc\u0103 Rom\u00e2nia \u00eentr-un r\u0103zboi stupid \u0219i perdant<\/a><\/li>\n<li class=\"recentcomments\"><span class=\"comment-author-link\">Ion<\/span> la <a href=\"https:\/\/r3media.ro\/nicusor-dan-in-cursul-noptii-trecute-o-nava-sub-pavilion-liberian-a-fost-lovita-in-afara-apelor-teritoriale-ale-romaniei-la-20-de-mile-marine-de-tarmul-romanesc\/#comment-40292\">Nicu\u0219or Dan: \u00cen cursul nop\u0163ii trecute, o nav\u0103 sub pavilion liberian a fost lovit\u0103 \u00een afara apelor teritoriale ale Rom\u00e2niei, la 20 de mile marine de \u0163\u0103rmul rom\u00e2nesc<\/a><\/li>\n<li class=\"recentcomments\"><span class=\"comment-author-link\">Mihaela<\/span> la <a href=\"https:\/\/r3media.ro\/candidat-barbat-partidul-democrat-sua-menstruatie-sangerare-rect\/#comment-40291\">VIDEO | Un b\u0103rbat care candideaz\u0103 de la Partidul Democrat din SUA ar fi sus\u021binut c\u0103 are menstrua\u021bie \u0219i elimin\u0103 s\u00e2ngele prin rect<\/a><\/li>\n<li class=\"recentcomments\"><span class=\"comment-author-link\">Nicu<\/span> la <a href=\"https:\/\/r3media.ro\/mihail-neamtu-oblgatie-romania\/#comment-40290\">Mihail Neam\u021bu: Suntem o \u021bar\u0103 mic\u0103, iar singura obliga\u021bie a politicienilor de la Bucure\u0219ti e s\u0103 nu introduc\u0103 Rom\u00e2nia \u00eentr-un r\u0103zboi stupid \u0219i perdant<\/a><\/li>\n<\/ul>\n<\/aside>\n<aside class=\"td_block_template_1 widget widget_search\">\n<h4 class=\"block-title\"><span>CAUT\u0102 \u0218I VEI G\u0102SI<\/span><\/h4>\n<\/aside>\n<\/div>\n<\/div>\n<\/div>\n<\/div>\n<\/div>\n<\/div>\n<\/div>\n<p><span class=\"td-page-meta\"><\/span><span class=\"td-page-meta\"><span class=\"td-page-meta\"><\/span><\/span><span class=\"td-page-meta\"><\/span><\/article>\n<\/p>\n<div class=\"td_block_wrap tdb_single_content tdi_18 td-pb-border-top td_block_template_1 td-post-content tagdiv-type\" data-td-block-uid=\"tdi_18\">\n<div class=\"tdb-block-inner td-fix-index\">\n<p><strong>Sf\u00e2ntul Mucenic Foca este unul din cei patru sfin\u021bi cu numele acesta, pomeni\u0163i de sinaxar. El a tr\u0103it \u00een Sinope, \u00een zilele \u00eemp\u0103ratului Traian, str\u0103lucind cu toate faptele bune \u015fi cu petrecere neprih\u0103nit\u0103, scrie<a href=\"https:\/\/ziarullumina.ro\/teologie-si-spiritualitate\/sinaxar\/aducerea-moastelor-sfantului-sfintit-mucenic-foca-sfintii-mucenici-apolinarie-vitalie-si-valeria-164227.html\" target=\"_blank\" rel=\"noopener\"> Ziarul Lumina.<\/a><\/strong><\/p>\n<p>C\u00e2nd a fost adus \u00eenaintea eparhului African \u015fi \u00eentrebat dac\u0103 este cre\u015ftin, el a m\u0103rturisit cu \u00eendr\u0103zneal\u0103 credin\u0163a \u00een Domnul nostru Iisus Hristos. Plin de m\u00e2nie, eparhul African l-a chinuit pe Sf\u00e2ntul Foca pentru m\u0103rturisirea lui. \u00cens\u0103, s-a f\u0103cut un cutremur mare \u015fi, f\u0103r\u0103 de veste, c\u0103z\u00e2nd eparhul \u00eempreun\u0103 cu slujitorii lui, au r\u0103mas f\u0103r\u0103 suflare.<\/p>\n<p>V\u0103z\u00e2nd femeia eparhului aceast\u0103 minune, s-a \u00eenfrico\u015fat \u015fi s-a rugat sf\u00e2ntului, care l-a \u00eenviat pe African.<\/p>\n<p>Dup\u0103 aceea, l-au dus la \u00eemp\u0103ratul Traian \u015fi m\u0103rturisind Sf\u00e2ntul Foca pe Hristos, a fost sp\u00e2nzurat \u015fi strujit, iar apoi b\u0103gat \u00een var. Fiind pus \u00eentr-o baie foarte fierbinte, mucenicul s-a rugat Domnului, apoi \u015fi-a dat sufletul \u00een m\u00e2inile Sale. Moa\u0219tele Sf\u00e2ntului Mucenic Foca au fost mutate din Sinope (unde el fusese episcop) la Constantinopol, \u00een ziua de 23 iulie 403 sau 404.<\/p>\n<p>Tot ast\u0103zi, Biserica Ortodox\u0103 \u00eei pomene\u015fte pe Sf\u00e2ntul Mucenic Apolinarie, Episcopul Ravenei, \u015fi pe Sfin\u0163ii Mucenici Vitalie \u015fi Valeria.<\/p>\n<p>Sf\u00e2ntul Apolinarie a fost sfin\u0163it Episcop al Ravenei de \u00eensu\u015fi Sf\u00e2ntul Apostol Pavel, care l-a \u00eendemnat s\u0103 mearg\u0103 \u00een acel loc \u015fi s\u0103 propov\u0103duiasc\u0103 Evanghelia lui Hristos f\u0103r\u0103 team\u0103.<\/p>\n<p>Ajung\u00e2nd \u00een cetate, Apolinarie a intrat \u00een casa unui oarecare osta\u015f roman Irineu, c\u0103ruia i-a vorbit despre Hristos Domnul, apoi i-a vindecat copilul care era orb.<\/p>\n<p>V\u0103z\u00e2nd acestea, Irineu \u015fi toat\u0103 casa lui s-au botezat \u00een numele Preasfintei Treimi.<\/p>\n<p>De asemenea, Apolinarie a vindecat o femeie ce se numea Tecla, care era so\u0163ia tribunului.<\/p>\n<p>Deci, f\u0103c\u00e2nd peste ea semnul Sfintei Cruci, femeia s-a ridicat din patul durerii \u015fi a\u015fa, tribunul \u015fi to\u0163i osta\u015fii din subordinea sa au crezut \u00een Hristos. Sf\u00e2ntul Apolinarie, arhiereul lui Hristos, a p\u0103storit Biserica timp de 28 de ani, o lun\u0103 \u0219i patru zile \u0219i a p\u0103timit \u00een ziua a 23-a a lunii iulie, peste romani fiind st\u0103p\u00e2nitor Vespasian (69-79 d. Hr.).<\/p>\n<div class=\"crp_related     crp-masonry\">\n<h2>\u00ceN CONTEXT<\/h2>\n<ul>\n<li><a href=\"https:\/\/r3media.ro\/calendarul-zilei-4-ianuarie-soborul-sfintilor-70-de-apostoli\/\" class=\"crp_link post-34856\"><span class=\"crp_title\">Calendarul zilei 4 ianuarie: Soborul Sfin\u021bilor 70 de apostoli<\/span><\/a><\/li>\n<li><a href=\"https:\/\/r3media.ro\/calendarul-zilei-9-mai-sf-proroc-isaia-sf-mc-hristofor-aducerea-la-bari-a-moastelor-sf-ier-nicolae\/\" class=\"crp_link post-94576\"><span class=\"crp_title\">Calendarul zilei 9 mai: Sf. Proroc Isaia; Sf. Mc. Hristofor; Aducerea la Bari a moa\u0219telor\u2026<\/span><\/a><\/li>\n<li><a href=\"https:\/\/r3media.ro\/calendarul-zilei-22-iunie-sf-ierarh-grigorie-dascalul-mitropolitul-tarii-romanesti-sf-sfintit-mc-eusebiu-episcopul-samosatei\/\" class=\"crp_link post-48963\"><span class=\"crp_title\">Calendarul zilei 22 iunie: Sf. Ierarh Grigorie Dasc\u0103lul, Mitropolitul \u021a\u0103rii Rom\u00e2ne\u0219ti; Sf.\u2026<\/span><\/a><\/li>\n<li><a href=\"https:\/\/r3media.ro\/calendarul-zilei-26-august-sfintii-adrian-si-natalia-cei-doi-soti-a-caror-dragoste-a-fost-mai-tare-decat-moartea-si-sunt-ocrotitorii-familiei\/\" class=\"crp_link post-26673\"><span class=\"crp_title\">Calendarul zilei 26 august: Sfin\u021bii Adrian \u0219i Natalia, cei doi so\u021bi a c\u0103ror dragoste a fost\u2026<\/span><\/a><\/li>\n<li><a href=\"https:\/\/r3media.ro\/calendarul-zilei-22-septembrie-sf-ier-mc-teodosie-de-la-m-brazi-mitr-moldovei-sf-sfintit-mc-foca-ep-de-sinope\/\" class=\"crp_link post-54726\"><span class=\"crp_title\">Calendarul zilei 22 septembrie: Sf. Ier. Mc. Teodosie de la M. Brazi, mitr. Moldovei; Sf.\u2026<\/span><\/a><\/li>\n<li><a href=\"https:\/\/r3media.ro\/calendarul-zilei-2-august-aducerea-moastelor-sfantului-intai-mucenic-si-arhidiacon-stefan\/\" class=\"crp_link post-99006\"><span class=\"crp_title\">Calendarul zilei 2 august: Aducerea moa\u015ftelor Sf\u00e2ntului \u00cent\u00e2i Mucenic \u015fi Arhidiacon \u015etefan<\/span><\/a><\/li>\n<li><a href=\"https:\/\/r3media.ro\/1-iulie-sf-leontie-de-la-radauti-sf-doctori-fara-de-arginti-cosma-si-damian-cei-din-roma\/\" class=\"crp_link post-49753\"><span class=\"crp_title\">Calendarul zilei 1 iulie: Sf. Leontie de la R\u0103d\u0103u\u021bi. Sf. Doctori f\u0103r\u0103 de argin\u021bi Cosma \u0219i\u2026<\/span><\/a><\/li>\n<li><a href=\"https:\/\/r3media.ro\/calendarul-zilei-26-octombrie-sf-dimitrie-dumitru-izvoratorul-de-mir-ocrotitorul-craiovei\/\" class=\"crp_link post-4638\"><span class=\"crp_title\">Calendarul zilei 26 octombrie: Sf. Dimitrie (Dumitru), Izvor\u00e2torul de Mir, ocrotitorul Craiovei<\/span><\/a><\/li>\n<\/ul>\n<\/div>\n<\/div>\n<\/div>\n<p>[analyse_source url=&#8221;https:\/\/r3media.ro\/23-iulie-aducerea-moastelor-sfantului-sfintit-mucenic-foca-sfintii-mucenici-apolinarie-vitalie-si-valeria\/&#8221;]<\/p>\n","protected":false},"excerpt":{"rendered":"<p>[analyse_image type=&#8221;featured&#8221; src=&#8221;https:\/\/r3media.ro\/wp-content\/uploads\/2024\/07\/aducerea-moastelor-sfantului-sfintit-mucenic-foca-sfintii-mucenici-apolinarie-vitalie-si-valeria-178050-e1721679837472.jpghttps:\/\/r3media.ro\/wp-content\/uploads\/2024\/07\/aducerea-moastelor-sfantului-sfintit-mucenic-foca-sfintii-mucenici-apolinarie-vitalie-si-valeria-178050-e1721679837472.jpg&#8221;] PRIM PLANCalendarul zilei 23 iulie: Aducerea moa\u015ftelor Sf\u00e2ntului Sfin\u0163it Mucenic Foca; Sfin\u0163ii Mucenici&#8230; PRIM PLAN\u0218TIRI Calendarul zilei 23 iulie: Aducerea moa\u015ftelor Sf\u00e2ntului Sfin\u0163it Mucenic Foca; Sfin\u0163ii Mucenici Apolinarie, Vitalie \u015fi Valeria Redac\u021bia 22\/07\/2026 Sf\u00e2ntul Mucenic Foca este unul din cei patru sfin\u021bi cu numele acesta, pomeni\u0163i de sinaxar. El a tr\u0103it \u00een [&hellip;]<\/p>\n","protected":false},"author":1,"featured_media":0,"comment_status":"open","ping_status":"","sticky":false,"template":"","format":"standard","meta":{"footnotes":""},"categories":[89],"tags":[226,93],"class_list":["post-2056753","post","type-post","status-publish","format-standard","hentry","category-romania","tag-crawlmanager","tag-r3media-ro"],"_links":{"self":[{"href":"https:\/\/analyse.optim.biz\/index.php?rest_route=\/wp\/v2\/posts\/2056753","targetHints":{"allow":["GET"]}}],"collection":[{"href":"https:\/\/analyse.optim.biz\/index.php?rest_route=\/wp\/v2\/posts"}],"about":[{"href":"https:\/\/analyse.optim.biz\/index.php?rest_route=\/wp\/v2\/types\/post"}],"author":[{"embeddable":true,"href":"https:\/\/analyse.optim.biz\/index.php?rest_route=\/wp\/v2\/users\/1"}],"replies":[{"embeddable":true,"href":"https:\/\/analyse.optim.biz\/index.php?rest_route=%2Fwp%2Fv2%2Fcomments&post=2056753"}],"version-history":[{"count":0,"href":"https:\/\/analyse.optim.biz\/index.php?rest_route=\/wp\/v2\/posts\/2056753\/revisions"}],"wp:attachment":[{"href":"https:\/\/analyse.optim.biz\/index.php?rest_route=%2Fwp%2Fv2%2Fmedia&parent=2056753"}],"wp:term":[{"taxonomy":"category","embeddable":true,"href":"https:\/\/analyse.optim.biz\/index.php?rest_route=%2Fwp%2Fv2%2Fcategories&post=2056753"},{"taxonomy":"post_tag","embeddable":true,"href":"https:\/\/analyse.optim.biz\/index.php?rest_route=%2Fwp%2Fv2%2Ftags&post=2056753"}],"curies":[{"name":"wp","href":"https:\/\/api.w.org\/{rel}","templated":true}]}}