{"id":2056746,"date":"2026-07-22T14:17:44","date_gmt":"2026-07-22T11:17:44","guid":{"rendered":"https:\/\/analyse.optim.biz\/?p=2056746"},"modified":"2026-07-22T14:17:44","modified_gmt":"2026-07-22T11:17:44","slug":"catre-toti-cei-care-intretin-aceasta-stare-de-dezbinare-intre-suveranisti-din-ignoranta-prostie-mandrie-dar-si-multa-necredinta","status":"publish","type":"post","link":"https:\/\/analyse.optim.biz\/?p=2056746","title":{"rendered":"C\u0103tre to\u021bi cei care \u00eentre\u021bin aceast\u0103 stare de dezbinare \u00eentre suverani\u0219ti, din ignoran\u021b\u0103, prostie, m\u00e2ndrie dar \u0219i mult\u0103 necredin\u021b\u0103"},"content":{"rendered":"<p>[analyse_image type=&#8221;featured&#8221; src=&#8221;https:\/\/r3media.ro\/wp-content\/uploads\/2021\/11\/tricolor-mana-pe-pamant-620&#215;400-1.jpghttps:\/\/r3media.ro\/wp-content\/uploads\/2021\/11\/tricolor-mana-pe-pamant-620&#215;400-1.jpg&#8221;]<\/p>\n<article id=\"template-id-109\" class=\"post-109 tdb_templates type-tdb_templates status-publish post\">\n<div id=\"tdi_2\" class=\"tdc-zone\">\n<div class=\"tdc_zone tdi_3  wpb_row td-pb-row\">\n<div id=\"tdi_4\" class=\"tdc-row\">\n<div class=\"vc_row tdi_5  wpb_row td-pb-row\">\n<div class=\"vc_column tdi_7  wpb_column vc_column_container tdc-column td-pb-span8\">\n<div class=\"wpb_wrapper\">\n<div class=\"td_block_wrap tdb_breadcrumbs tdi_8 td-pb-border-top td_block_template_1 tdb-breadcrumbs \" data-td-block-uid=\"tdi_8\">\n<div class=\"tdb-block-inner td-fix-index\"><span><a title=\"Vede\u021bi toate articolele \u00een OPINII\" class=\"tdb-entry-crumb\" href=\"https:\/\/r3media.ro\/category\/opinii\/\">OPINII<\/a><\/span><span class=\"tdb-bred-no-url-last\">C\u0103tre to\u021bi cei care \u00eentre\u021bin aceast\u0103 stare de dezbinare \u00eentre suverani\u0219ti, din&#8230;<\/span><\/div>\n<\/div>\n<div class=\"td_block_wrap tdb_single_categories tdi_9 td-pb-border-top td_block_template_1 \" data-td-block-uid=\"tdi_9\">\n<div class=\"tdb-category td-fix-index\"><a class=\"tdb-entry-category\" href=\"https:\/\/r3media.ro\/category\/opinii\/\">OPINII<\/a><a class=\"tdb-entry-category\" href=\"https:\/\/r3media.ro\/category\/stiri-prim-plan\/\">PRIM PLAN<\/a><a class=\"tdb-entry-category\" href=\"https:\/\/r3media.ro\/category\/stiri\/\">\u0218TIRI<\/a><\/div>\n<\/div>\n<div class=\"td_block_wrap tdb_title tdi_10 tdb-single-title td-pb-border-top td_block_template_1\" data-td-block-uid=\"tdi_10\">\n<div class=\"tdb-block-inner td-fix-index\">\n<h1 class=\"tdb-title-text\">C\u0103tre to\u021bi cei care \u00eentre\u021bin aceast\u0103 stare de dezbinare \u00eentre suverani\u0219ti, din ignoran\u021b\u0103, prostie, m\u00e2ndrie dar \u0219i mult\u0103 necredin\u021b\u0103<\/h1>\n<\/div>\n<\/div>\n<div class=\"vc_row_inner tdi_12  vc_row vc_inner wpb_row td-pb-row\">\n<div class=\"vc_column_inner tdi_14  wpb_column vc_column_container tdc-inner-column td-pb-span12\">\n<div class=\"vc_column-inner\">\n<div class=\"wpb_wrapper\">\n<div class=\"td_block_wrap tdb_single_author tdi_15 td-pb-border-top td_block_template_1 tdb-post-meta\" data-td-block-uid=\"tdi_15\">\n<div class=\"tdb-block-inner td-fix-index\">\n<div class=\"tdb-author-name-wrap\"><a class=\"tdb-author-name\" href=\"https:\/\/r3media.ro\/author\/gabriel_branzaru\/\">Gabriel Br\u00e2nzaru<\/a><\/div>\n<\/div>\n<\/div>\n<div class=\"td_block_wrap tdb_single_date tdi_16 td-pb-border-top td_block_template_1 tdb-post-meta\" data-td-block-uid=\"tdi_16\">\n<div class=\"tdb-block-inner td-fix-index\"><time class=\"entry-date updated td-module-date\" datetime=\"2026-07-22T17:17:44+03:00\">22\/07\/2026<\/time><\/div>\n<\/div>\n<\/div>\n<\/div>\n<\/div>\n<\/div>\n<div class=\"td_block_wrap tdb_single_content tdi_18 td-pb-border-top td_block_template_1 td-post-content tagdiv-type\" data-td-block-uid=\"tdi_18\">\n<div class=\"tdb-block-inner td-fix-index\">\n<p><strong>M\u0103 g\u00e2ndesc \u00eenainte de toate la cei care-\u0219i spun c\u0103 au credin\u021b\u0103 la Dumnezeu. Nu vreau s\u0103-i judec, Doamne fere\u0219te!\u2026dar cum te mai po\u021bi \u00eemp\u0103rt\u0103\u0219i cu Hristos, c\u00e2nd tu e\u0219ti certat cu semenul t\u0103u?<\/strong><\/p>\n<p>Citeam zilele acestea ce spunea Preotul Adrian Agachi, purt\u0103torul de cuv\u00e2nt al Patriarhiei \u2013 un om pe care \u00eel pre\u021buiesc foarte mult.<\/p>\n<p>Spunea despre \u00eenc\u0103p\u0103\u021b\u00e2nare, m\u00e2ndrie \u0219i egoismul care p\u00e2n\u0103 la urm\u0103 \u00ee\u021bi hr\u0103ne\u0219te p\u0103rerea \u00eenalt\u0103 despre propria persoan\u0103. De fapt toate acestea te vor m\u0103cina \u0219i te vor distruge p\u00e2n\u0103 la urm\u0103. \u0218i mi-a r\u0103mas \u00een minte ce spunea P\u0103rintele Agachi c\u0103 un mare om de cultur\u0103 renascentist, B Castiglione, a spus un cuv\u00e2nt mare, asupra c\u0103ruia se cuvine s\u0103 medit\u0103m dac\u0103 vrem s\u0103 restaur\u0103m o \u00eenc\u0103p\u0103\u021b\u00e2nare bolnav\u0103 \u00eentr-o verticalitate statornic\u0103: \u201e\u00cenc\u0103p\u0103\u021b\u00e2nare ce urm\u0103re\u0219te un scop virtuos trebuie numit\u0103 statornicie\u201d.<\/p>\n<p>Textul \u00eei apar\u021bine Preotului Adrian Agachi.<\/p>\n<p>Anca Alexandrescu to\u021bi ne merit\u0103m soarta. Lipse\u0219te din p\u0103cate credin\u021ba. Acea credin\u021b\u0103 tr\u0103it\u0103 \u0219i asumat\u0103, nu formal\u0103. E puzderie de farisei \u0219i iude, care una zic \u0219i alta fac, iar politica a ajuns o hazna unde fiecare se ceart\u0103 cu fiecare, to\u021bi se dau de\u0219tep\u021bi, orgolii nem\u0103surate, iar unitate \u00eentre oamenii care-\u0219i mai zic c\u0103 sunt cu Dumnezeu, nici vorb\u0103\u2026ioc.<\/p>\n<p>Sunt pline re\u021belele de de\u0219tep\u021bi care fac mezalian\u021be dup\u0103 ce arunc\u0103 vorbe porcoase \u0219i injurii unii altora, acuz\u00e2nd de tr\u0103dare pe cei care nu le \u00eemp\u0103rt\u0103\u0219esc ,,valorile\u201d.<\/p>\n<p>Aten\u021bie, un om care vorbe\u0219te ur\u00e2t, are \u0219i sufletul la fel de ur\u00e2t.<\/p>\n<p>\u00cen schimb, pe zi ce trece \u021bara se afund\u0103 din ce \u00een ce mai mult \u00een h\u0103u, umilit\u0103 \u0219i s\u0103r\u0103cit\u0103, iar rom\u00e2nii sunt c\u0103lca\u021bi \u00een picioare, \u0219i Constitu\u021bia nu mai valoreaz\u0103 nici dou\u0103 parale, pentru liftele astea de politicieni care ar vinde-o \u0219i pe mama lor \u0219i nu mai zic de Dumnezeu.<\/p>\n<p>Mai conteaz\u0103 Anca Alexandrescu cine are dreptate \u00een cazul acesta? Chiar at\u00e2t de mari sunt ni\u0219te orgolii m\u0103runte p\u00e2n\u0103 la urm\u0103, \u00eenc\u00e2t s\u0103 nu mai primeze interesul na\u021bional?<\/p>\n<p>O mahala infect\u0103, o cloac\u0103 mizerabil\u0103, iar to\u021bi oamenii deopotriv\u0103, care \u00eentre\u021bin a\u0219a ceva sunt vinova\u021bi f\u0103r\u0103 t\u0103gad\u0103\u2026iar excep\u021bie nu faci nici tu Anca, dac\u0103 te cobori la acest nivel\u2026aten\u021bie mare!<\/p>\n<p>Dumnezeu lipse\u0219te cu des\u0103v\u00e2r\u0219ire acolo unde este m\u00e2ndrie, ne\u00een\u021belegere \u0219i haos. Pentru ce ar trebui s\u0103 lupt\u0103m, dac\u0103 nu pentru viitorul copiilor no\u0219tri \u00eentr-o \u021bar\u0103 mai bun\u0103 \u0219i cu Dumnezeu \u00een primul r\u00e2nd?<\/p>\n<p>Unde este unitatea \u0219i fr\u0103\u021bietatea \u00eentre cei care sunt pe baricade pentru a ap\u0103ra valorile adev\u0103rate, Credin\u021ba, Na\u021biunea, Adev\u0103rul, Familia?<\/p>\n<p>Dumnezeu ne vede \u0219i ne \u0219tie pe to\u021bi, pentru c\u0103 pe EL nu-L po\u021bi min\u021bi niciodat\u0103.<\/p>\n<p>De asta oamenii buni stau departe de politic\u0103 \u0219i vezi numai impostori, tic\u0103lo\u0219i \u0219i pro\u0219ti c\u00e2t cuprinde.<\/p>\n<p>Poporul cel bine credincios e minoritar ast\u0103zi, din p\u0103cate\u2026dar lua\u021bi exemplul de la el \u0219i ridica\u021bi-v\u0103, oameni buni! L\u0103sa\u021bi m\u00e2ndria \u0219i orgoliile, pentru cine are dreptate sau nu, discuta\u021bi \u00eentre voi ca ni\u0219te oameni cu fric\u0103 de Dumnezeu \u0219i cu dragoste, pentru c\u0103 Dragostea le \u00eenvinge pe toate \u0219i nu moare niciodat\u0103.<\/p>\n<p>Nu exist\u0103 credin\u021b\u0103 f\u0103r\u0103 curaj \u0219i demnitate, iar curajul f\u0103r\u0103 credin\u021b\u0103 in Dumnezeu e nebunie curat\u0103.<\/p>\n<p>Altfel, e trist de tot\ud83d\ude22 Cred c\u0103 depinde de fiecare dintre noi, p\u00e2n\u0103 la urm\u0103 ceea ce se \u00eent\u00e2mpl\u0103 \u2026pentru c\u0103 Dumnezeu ne d\u0103 fiec\u0103ruia dup\u0103 inim\u0103. Ferici\u021bi cei cura\u021bi cu inima, c\u0103 aceia vor vedea pe Dumnezeu, ne spune M\u00e2ntuitorul Nostru Iisus Hristos.<\/p>\n<div class=\"crp_related     crp-masonry\">\n<h2>\u00ceN CONTEXT<\/h2>\n<ul>\n<li><a href=\"https:\/\/r3media.ro\/sa-fim-buni-si-blanzi-intre-noi-cei-care-mai-credem-dragii-mei-ca-vremurile-sunt-deja-grele-iar-dumnezeu-iubeste-pacea-si-bucuria\/\" class=\"crp_link post-119436\"><span class=\"crp_title\">S\u0103 fim buni \u0219i bl\u00e2nzi \u00eentre noi, cei care mai credem dragii mei, c\u0103 vremurile sunt deja\u2026<\/span><\/a><\/li>\n<li><a href=\"https:\/\/r3media.ro\/nicusor-dan-parlamentari-suveranisti-neafiliati\/\" class=\"crp_link post-116636\"><span class=\"crp_title\">Nicu\u0219or Dan \u00eei curteaz\u0103 pe parlamentarii suverani\u0219ti neafilia\u021bi?<\/span><\/a><\/li>\n<li><a href=\"https:\/\/r3media.ro\/oana-roman-videoclip-sters-tradatori-scursuri-suveranisti-retragere-cetatenie-romana\/\" class=\"crp_link post-117792\"><span class=\"crp_title\">Oana Roman a \u0219ters videoclipul \u00een care \u00eei numea \u201etr\u0103d\u0103tori\u201d \u0219i \u201escursuri\u201d pe suverani\u0219ti \u0219i\u2026<\/span><\/a><\/li>\n<li><a href=\"https:\/\/r3media.ro\/suveranismul-romanesc-o-carcasa-goala\/\" class=\"crp_link post-114740\"><span class=\"crp_title\">Suveranismul rom\u00e2nesc &#8211; o carcas\u0103 goal\u0103<\/span><\/a><\/li>\n<li><a href=\"https:\/\/r3media.ro\/cateva-raspunsuri-de-la-un-suveranist\/\" class=\"crp_link post-118223\"><span class=\"crp_title\">C\u00e2teva r\u0103spunsuri de la un suveranist<\/span><\/a><\/li>\n<li><a href=\"https:\/\/r3media.ro\/madalin-ionescu-analiza-la-sange-romania-sfarsit-era-bruxelles-control-rapoarte-jaloane-formule-fiscale\/\" class=\"crp_link post-116062\"><span class=\"crp_title\">Jurnalistul M\u0103d\u0103lin Ionescu face o analiz\u0103 la s\u00e2nge a Rom\u00e2niei: Se simte sf\u00e2r\u0219itul unei ere.\u2026<\/span><\/a><\/li>\n<li><a href=\"https:\/\/r3media.ro\/ce-se-mai-intampla-la-chisinau-un-europarlamentar-ceh-luat-de-pe-aeroport-si-expulzat-din-moldova-desi-avea-pasaport-diplomatic\/\" class=\"crp_link post-112015\"><span class=\"crp_title\">Ce se mai \u00eent\u00e2mpl\u0103 la Chi\u0219in\u0103u: un europarlamentar ceh, luat de pe aeroport \u0219i expulzat din\u2026<\/span><\/a><\/li>\n<\/ul>\n<\/div>\n<\/div>\n<\/div>\n<div class=\"td_block_wrap tdb_single_tags tdi_19 td-pb-border-top td_block_template_1\" data-td-block-uid=\"tdi_19\">\n<div class=\"tdb-block-inner td-fix-index\">\n<ul class=\"tdb-tags\">\n<li><span>SUBIECTE FIERBIN\u021aI<\/span><\/li>\n<li><a href=\"https:\/\/r3media.ro\/tag\/suveranism\/\">suveranism<\/a><\/li>\n<\/ul>\n<\/div>\n<\/div>\n<div class=\"td_block_wrap td_block_9 tdi_20 td_with_ajax_pagination td-pb-border-top td_block_template_1 td-column-2 td_block_padding td_block_bot_line\" data-td-block-uid=\"tdi_20\">\n<div class=\"td-block-title-wrap\">\n<h4 class=\"block-title td-block-title\"><span class=\"td-pulldown-size\">CITE\u0218TE MAI MULT<\/span><\/h4>\n<\/div>\n<div id=\"tdi_20\" class=\"td_block_inner\">\n<div class=\"td-block-row\">\n<div class=\"td-block-span6\">\n<div class=\"td_module_8 td_module_wrap\">\n<div class=\"item-details\">\n<h3 class=\"entry-title td-module-title\"><a href=\"https:\/\/r3media.ro\/asa-incepe-compania-openai-afirma-un-model-de-inteligenta-artificiala-a-atacat-din-proprie-initiativa-sistemele-unei-alte-companii\/\" rel=\"bookmark\" title=\"A\u0219a \u00eencepe? Compania OpenAI afirm\u0103 un model de inteligen\u021b\u0103 artificial\u0103 a ATACAT din proprie ini\u021biativ\u0103 sistemele unei alte companii\">A\u0219a \u00eencepe? Compania OpenAI afirm\u0103 un model de inteligen\u021b\u0103 artificial\u0103 a ATACAT din proprie&#8230;<\/a><\/h3>\n<div class=\"td-module-meta-info\"><a href=\"https:\/\/r3media.ro\/category\/stiri-prim-plan\/\" class=\"td-post-category\">PRIM PLAN<\/a><span class=\"td-post-author-name\"><a href=\"https:\/\/r3media.ro\/author\/teodor_stan\/\">Teodor Stan<\/a><span>&#8211;<\/span><\/span><span class=\"td-post-date\"><time class=\"entry-date updated td-module-date\" datetime=\"2026-07-22T09:10:53+03:00\">22\/07\/2026<\/time><\/span><\/div>\n<\/div>\n<\/div>\n<\/div>\n<div class=\"td-block-span6\">\n<div class=\"td_module_8 td_module_wrap\">\n<div class=\"item-details\">\n<h3 class=\"entry-title td-module-title\"><a href=\"https:\/\/r3media.ro\/episcopul-husilor-oameni-animale-therieni-degradare-progresism\/\" rel=\"bookmark\" title=\"Episcopul Hu\u0219ilor, despre oamenii care se cred animale: V\u0103 da\u021bi seama c\u00e2t\u0103 degradare uman\u0103 este? De ce? Pentru c\u0103 se \u00eencred \u00een progresism\">Episcopul Hu\u0219ilor, despre oamenii care se cred animale: V\u0103 da\u021bi seama c\u00e2t\u0103 degradare uman\u0103&#8230;<\/a><\/h3>\n<div class=\"td-module-meta-info\"><a href=\"https:\/\/r3media.ro\/category\/actualitate\/\" class=\"td-post-category\">ACTUALITATE<\/a><span class=\"td-post-author-name\"><a href=\"https:\/\/r3media.ro\/author\/radu_ursan\/\">Radu Ursan<\/a><span>&#8211;<\/span><\/span><span class=\"td-post-date\"><time class=\"entry-date updated td-module-date\" datetime=\"2026-07-21T19:30:46+03:00\">21\/07\/2026<\/time><\/span><\/div>\n<\/div>\n<\/div>\n<\/div>\n<\/div>\n<div class=\"td-block-row\">\n<div class=\"td-block-span6\">\n<div class=\"td_module_8 td_module_wrap\">\n<div class=\"item-details\">\n<h3 class=\"entry-title td-module-title\"><a href=\"https:\/\/r3media.ro\/campion-olimpic-olaf-tufte-mort-subit-50-ani\/\" rel=\"bookmark\" title=\"Campionul olimpic Olaf Tufte a murit subit la 50 de ani\">Campionul olimpic Olaf Tufte a murit subit la 50 de ani<\/a><\/h3>\n<div class=\"td-module-meta-info\"><a href=\"https:\/\/r3media.ro\/category\/featured\/\" class=\"td-post-category\">FEATURED<\/a><span class=\"td-post-author-name\"><a href=\"https:\/\/r3media.ro\/author\/oana\/\">Oana Ivan<\/a><span>&#8211;<\/span><\/span><span class=\"td-post-date\"><time class=\"entry-date updated td-module-date\" datetime=\"2026-07-22T12:11:02+03:00\">22\/07\/2026<\/time><\/span><\/div>\n<\/div>\n<\/div>\n<\/div>\n<div class=\"td-block-span6\">\n<div class=\"td_module_8 td_module_wrap\">\n<div class=\"item-details\">\n<h3 class=\"entry-title td-module-title\"><a href=\"https:\/\/r3media.ro\/explozie-incendiu-fabrica-kronospan-brasov-video\/\" rel=\"bookmark\" title=\"VIDEO | Explozie urmat\u0103 de un incendiu la fabrica Kronospan din Bra\u0219ov. \u00cen timp ce pompierii \u00eencercau s\u0103 sting\u0103 focul s-a produs o alt\u0103 explozie\">VIDEO | Explozie urmat\u0103 de un incendiu la fabrica Kronospan din Bra\u0219ov. \u00cen timp&#8230;<\/a><\/h3>\n<div class=\"td-module-meta-info\"><a href=\"https:\/\/r3media.ro\/category\/featured\/\" class=\"td-post-category\">FEATURED<\/a><span class=\"td-post-author-name\"><a href=\"https:\/\/r3media.ro\/author\/oana\/\">Oana Ivan<\/a><span>&#8211;<\/span><\/span><span class=\"td-post-date\"><time class=\"entry-date updated td-module-date\" datetime=\"2026-07-22T10:01:28+03:00\">22\/07\/2026<\/time><\/span><\/div>\n<\/div>\n<\/div>\n<\/div>\n<\/div>\n<div class=\"td-block-row\">\n<div class=\"td-block-span6\">\n<div class=\"td_module_8 td_module_wrap\">\n<div class=\"item-details\">\n<h3 class=\"entry-title td-module-title\"><a href=\"https:\/\/r3media.ro\/video-cult-femeie-dumnezeu-mama-romania\/\" rel=\"bookmark\" title=\"VIDEO | Un cult care consider\u0103 o femeie coreean\u0103 drept \u201eDumnezeu Mama\u201d face prozeli\u021bi \u00een Rom\u00e2nia\">VIDEO | Un cult care consider\u0103 o femeie coreean\u0103 drept \u201eDumnezeu Mama\u201d face prozeli\u021bi&#8230;<\/a><\/h3>\n<div class=\"td-module-meta-info\"><a href=\"https:\/\/r3media.ro\/category\/actualitate\/\" class=\"td-post-category\">ACTUALITATE<\/a><span class=\"td-post-author-name\"><a href=\"https:\/\/r3media.ro\/author\/redactia\/\">Redac\u021bia<\/a><span>&#8211;<\/span><\/span><span class=\"td-post-date\"><time class=\"entry-date updated td-module-date\" datetime=\"2026-07-21T11:14:08+03:00\">21\/07\/2026<\/time><\/span><\/div>\n<\/div>\n<\/div>\n<\/div>\n<div class=\"td-block-span6\">\n<div class=\"td_module_8 td_module_wrap\">\n<div class=\"item-details\">\n<h3 class=\"entry-title td-module-title\"><a href=\"https:\/\/r3media.ro\/cehia-interzice-telefoanele-in-scoli\/\" rel=\"bookmark\" title=\"Cehia se preg\u0103te\u0219te s\u0103 interzic\u0103 telefoanele mobile \u00een \u0219coli\">Cehia se preg\u0103te\u0219te s\u0103 interzic\u0103 telefoanele mobile \u00een \u0219coli<\/a><\/h3>\n<div class=\"td-module-meta-info\"><a href=\"https:\/\/r3media.ro\/category\/actualitate\/\" class=\"td-post-category\">ACTUALITATE<\/a><span class=\"td-post-author-name\"><a href=\"https:\/\/r3media.ro\/author\/redactia\/\">Redac\u021bia<\/a><span>&#8211;<\/span><\/span><span class=\"td-post-date\"><time class=\"entry-date updated td-module-date\" datetime=\"2026-07-20T22:34:13+03:00\">20\/07\/2026<\/time><\/span><\/div>\n<\/div>\n<\/div>\n<\/div>\n<\/div>\n<div class=\"td-block-row\">\n<div class=\"td-block-span6\">\n<div class=\"td_module_8 td_module_wrap\">\n<div class=\"item-details\">\n<h3 class=\"entry-title td-module-title\"><a href=\"https:\/\/r3media.ro\/mihail-neamtu-oblgatie-romania\/\" rel=\"bookmark\" title=\"Mihail Neam\u021bu: Suntem o \u021bar\u0103 mic\u0103, iar singura obliga\u021bie a politicienilor de la Bucure\u0219ti e s\u0103 nu introduc\u0103 Rom\u00e2nia \u00eentr-un r\u0103zboi stupid \u0219i perdant\">Mihail Neam\u021bu: Suntem o \u021bar\u0103 mic\u0103, iar singura obliga\u021bie a politicienilor de la Bucure\u0219ti&#8230;<\/a><\/h3>\n<div class=\"td-module-meta-info\"><a href=\"https:\/\/r3media.ro\/category\/actualitate\/\" class=\"td-post-category\">ACTUALITATE<\/a><span class=\"td-post-author-name\"><a href=\"https:\/\/r3media.ro\/author\/redactia\/\">Redac\u021bia<\/a><span>&#8211;<\/span><\/span><span class=\"td-post-date\"><time class=\"entry-date updated td-module-date\" datetime=\"2026-07-20T22:01:16+03:00\">20\/07\/2026<\/time><\/span><\/div>\n<\/div>\n<\/div>\n<\/div>\n<div class=\"td-block-span6\">\n<div class=\"td_module_8 td_module_wrap\">\n<div class=\"item-details\">\n<h3 class=\"entry-title td-module-title\"><a href=\"https:\/\/r3media.ro\/petrisor-peiu-conditii-aur-vot-guvernul-vestea-nicusor-dan-solutii-bunastare-romani\/\" rel=\"bookmark\" title=\"Condi\u021biile AUR pentru a vota Guvernul Ve\u0219tea. Petri\u0219or Peiu propune solu\u021bii clare pentru bun\u0103starea rom\u00e2nilor\">Condi\u021biile AUR pentru a vota Guvernul Ve\u0219tea. Petri\u0219or Peiu propune solu\u021bii clare pentru bun\u0103starea&#8230;<\/a><\/h3>\n<div class=\"td-module-meta-info\"><a href=\"https:\/\/r3media.ro\/category\/stiri\/\" class=\"td-post-category\">\u0218TIRI<\/a><span class=\"td-post-author-name\"><a href=\"https:\/\/r3media.ro\/author\/oana\/\">Oana Ivan<\/a><span>&#8211;<\/span><\/span><span class=\"td-post-date\"><time class=\"entry-date updated td-module-date\" datetime=\"2026-06-17T10:10:31+03:00\">17\/06\/2026<\/time><\/span><\/div>\n<\/div>\n<\/div>\n<\/div>\n<\/div>\n<div class=\"td-block-row\">\n<div class=\"td-block-span6\">\n<div class=\"td_module_8 td_module_wrap\">\n<div class=\"item-details\">\n<h3 class=\"entry-title td-module-title\"><a href=\"https:\/\/r3media.ro\/mihail-neamtu-neeuropeana-imperiu-birocrati-bruxelles-inarmarea-germaniei\/\" rel=\"bookmark\" title=\"EXCLUSIVITATE Mihail Neam\u021bu: Exist\u0103 o tendin\u021b\u0103 neeuropean\u0103 de a se crea un imperiu condus de birocra\u021bi de la Bruxelles \/ Pericolul \u00eenarm\u0103rii Germaniei\">EXCLUSIVITATE Mihail Neam\u021bu: Exist\u0103 o tendin\u021b\u0103 neeuropean\u0103 de a se crea un imperiu condus&#8230;<\/a><\/h3>\n<div class=\"td-module-meta-info\"><a href=\"https:\/\/r3media.ro\/category\/stiri\/\" class=\"td-post-category\">\u0218TIRI<\/a><span class=\"td-post-author-name\"><a href=\"https:\/\/r3media.ro\/author\/oana\/\">Oana Ivan<\/a><span>&#8211;<\/span><\/span><span class=\"td-post-date\"><time class=\"entry-date updated td-module-date\" datetime=\"2026-06-22T09:02:12+03:00\">22\/06\/2026<\/time><\/span><\/div>\n<\/div>\n<\/div>\n<\/div>\n<div class=\"td-block-span6\">\n<div class=\"td_module_8 td_module_wrap\">\n<div class=\"item-details\">\n<h3 class=\"entry-title td-module-title\"><a href=\"https:\/\/r3media.ro\/spania-invinge-argentina-castiga-cupa-mondiala\/\" rel=\"bookmark\" title=\"Spania a \u00eenvins Argentina \u0219i a c\u00e2\u0219tigat Cupa Mondial\u0103 pentru a doua oar\u0103 \u00een istorie\">Spania a \u00eenvins Argentina \u0219i a c\u00e2\u0219tigat Cupa Mondial\u0103 pentru a doua oar\u0103 \u00een&#8230;<\/a><\/h3>\n<div class=\"td-module-meta-info\"><a href=\"https:\/\/r3media.ro\/category\/actualitate\/\" class=\"td-post-category\">ACTUALITATE<\/a><span class=\"td-post-author-name\"><a href=\"https:\/\/r3media.ro\/author\/oana\/\">Oana Ivan<\/a><span>&#8211;<\/span><\/span><span class=\"td-post-date\"><time class=\"entry-date updated td-module-date\" datetime=\"2026-07-20T01:04:07+03:00\">20\/07\/2026<\/time><\/span><\/div>\n<\/div>\n<\/div>\n<\/div>\n<\/div>\n<div class=\"td-block-row\">\n<div class=\"td-block-span6\">\n<div class=\"td_module_8 td_module_wrap\">\n<div class=\"item-details\">\n<h3 class=\"entry-title td-module-title\"><a href=\"https:\/\/r3media.ro\/prapad-busteni-valea-prahovei-statiuni-ploi-viitura-oameni-raniti-masini-avariate-case-inundate\/\" rel=\"bookmark\" title=\"VIDEO | Pr\u0103p\u0103d la Bu\u0219teni! Ploile au cauzat o viitur\u0103 care a m\u0103turat tot \u00een cale \u00een sta\u021biunile de pe valea Prahovei: oameni r\u0103ni\u021bi, ma\u0219ini avariate \u0219i locuin\u021be inundate\">VIDEO | Pr\u0103p\u0103d la Bu\u0219teni! Ploile au cauzat o viitur\u0103 care a m\u0103turat tot&#8230;<\/a><\/h3>\n<div class=\"td-module-meta-info\"><a href=\"https:\/\/r3media.ro\/category\/actualitate\/\" class=\"td-post-category\">ACTUALITATE<\/a><span class=\"td-post-author-name\"><a href=\"https:\/\/r3media.ro\/author\/oana\/\">Oana Ivan<\/a><span>&#8211;<\/span><\/span><span class=\"td-post-date\"><time class=\"entry-date updated td-module-date\" datetime=\"2026-07-19T19:07:45+03:00\">19\/07\/2026<\/time><\/span><\/div>\n<\/div>\n<\/div>\n<\/div>\n<div class=\"td-block-span6\">\n<div class=\"td_module_8 td_module_wrap\">\n<div class=\"item-details\">\n<h3 class=\"entry-title td-module-title\"><a href=\"https:\/\/r3media.ro\/parinte-adrian-agachi-reactie-declaratii-ora-de-religie-corina-atanasiu-usr-totalitarism\/\" rel=\"bookmark\" title=\"P\u0103rintele Adrian Agachi a reac\u021bionat la afirma\u021biile despre ora de Religie f\u0103cute de Corina Atanasiu (USR): E inadmisibil s\u0103 ne \u00eentoarcem la discursuri totalitare. Scuzele ar fi absolut necesare\">P\u0103rintele Adrian Agachi a reac\u021bionat la afirma\u021biile despre ora de Religie f\u0103cute de Corina&#8230;<\/a><\/h3>\n<div class=\"td-module-meta-info\"><a href=\"https:\/\/r3media.ro\/category\/actualitate\/\" class=\"td-post-category\">ACTUALITATE<\/a><span class=\"td-post-author-name\"><a href=\"https:\/\/r3media.ro\/author\/oana\/\">Oana Ivan<\/a><span>&#8211;<\/span><\/span><span class=\"td-post-date\"><time class=\"entry-date updated td-module-date\" datetime=\"2026-07-19T02:45:37+03:00\">19\/07\/2026<\/time><\/span><\/div>\n<\/div>\n<\/div>\n<\/div>\n<\/div>\n<\/div>\n<div class=\"td-load-more-wrap td-load-more-infinite-wrap\" id=\"infinite-lm-tdi_20\"><a href=\"https:\/\/r3media.ro\/catre-toti-cei-care-intretin-aceasta-stare-de-dezbinare-intre-suveranisti-din-ignoranta-prostie-mandrie-dar-si-multa-necredinta\/\" class=\"td_ajax_load_more td_ajax_load_more_js\" aria-label=\"\u00cenc\u0103rca\u021bi mai multe\" id=\"next-page-tdi_20\" data-td_block_id=\"tdi_20\">\u00cenc\u0103rca\u021bi mai multe<\/a><\/div>\n<\/div>\n<div class=\"td_block_wrap tdb_single_comments tdi_21 tdb-comm-layout2 td-pb-border-top td_block_template_1\" data-td-block-uid=\"tdi_21\">\n<div class=\"tdb-block-inner td-fix-index\">\n<div class=\"comments\" id=\"comments\">\n<div id=\"respond\" class=\"comment-respond\">\n<h3 id=\"reply-title\" class=\"comment-reply-title\">AI CEVA DE SPUS? <small><a rel=\"nofollow\" id=\"cancel-comment-reply-link\" href=\"https:\/\/r3media.ro\/catre-toti-cei-care-intretin-aceasta-stare-de-dezbinare-intre-suveranisti-din-ignoranta-prostie-mandrie-dar-si-multa-necredinta\/#respond\">Renun\u021ba\u021bi la r\u0103spuns<\/a><\/small><\/h3>\n<div class=\"comment-form-input-wrap td-form-comment\">\n<div class=\"td-warning-comment\">V\u0103 rug\u0103m s\u0103 introduce\u021bi comentariul dvs.!<\/div>\n<\/div>\n<div class=\"comment-form-input-wrap td-form-author\">\n<div class=\"td-warning-author\">Introduce\u021bi aici numele dvs.<\/div>\n<\/div>\n<div class=\"comment-form-input-wrap td-form-email\">\n<div class=\"td-warning-email-error\">A\u021bi introdus o adres\u0103 de e-mail incorect\u0103!<\/div>\n<div class=\"td-warning-email\">V\u0103 rug\u0103m s\u0103 introduce\u021bi adresa dvs. de e-mail aici<\/div>\n<\/div>\n<\/div>\n<\/div>\n<\/div>\n<\/div>\n<\/div>\n<\/div>\n<div class=\"vc_column tdi_23  wpb_column vc_column_container tdc-column td-pb-span4 td-is-sticky\">\n<div class=\"wpb_wrapper\" data-sticky-enabled-on=\"W3RydWUsdHJ1ZSx0cnVlLHRydWVd\" data-sticky-offset=\"20\" data-sticky-is-width-auto=\"W2ZhbHNlLGZhbHNlLGZhbHNlLGZhbHNlXQ==\">\n<div class=\"wpb_wrapper td_block_wrap vc_widget_sidebar tdi_25 \">\n<div class=\"td_block_wrap td_block_7 td_block_widget tdi_26 td-pb-border-top td_block_template_1 td-column-1 td_block_padding\" data-td-block-uid=\"tdi_26\">\n<div class=\"td-block-title-wrap\">\n<h4 class=\"block-title td-block-title\"><span class=\"td-pulldown-size\">Articole RELA\u021aIONATE<\/span><\/h4>\n<\/div>\n<div id=\"tdi_26\" class=\"td_block_inner\">\n<div class=\"td-block-span12\">\n<div class=\"td_module_6 td_module_wrap td-animation-stack\">\n<div class=\"td-module-thumb\"><a href=\"https:\/\/r3media.ro\/noua-intelegere-germania-unda-verde-proiect-colaborare-rusia-domeniu-nuclear\/\" rel=\"bookmark\" class=\"td-image-wrap \" title=\"O nou\u0103 \u00een\u021belegere? Germania a dat und\u0103 verde unei colabor\u0103ri cu Rusia \u00een domeniul nuclear\"><img loading=\"lazy\" decoding=\"async\" class=\"entry-thumb\" src=\"https:\/\/r3media.ro\/wp-content\/uploads\/2026\/07\/oameni-care-isi-strang-mainile-100x70.jpg\" alt title=\"O nou\u0103 \u00een\u021belegere? Germania a dat und\u0103 verde unei colabor\u0103ri cu Rusia \u00een domeniul nuclear\" width=\"100\" height=\"70\"><\/a><\/div>\n<div class=\"item-details\">\n<h3 class=\"entry-title td-module-title\"><a href=\"https:\/\/r3media.ro\/noua-intelegere-germania-unda-verde-proiect-colaborare-rusia-domeniu-nuclear\/\" rel=\"bookmark\" title=\"O nou\u0103 \u00een\u021belegere? Germania a dat und\u0103 verde unei colabor\u0103ri cu Rusia \u00een domeniul nuclear\">O nou\u0103 \u00een\u021belegere? Germania a dat und\u0103 verde unei colabor\u0103ri cu&#8230;<\/a><\/h3>\n<div class=\"td-module-meta-info\"><span class=\"td-post-date\"><time class=\"entry-date updated td-module-date\" datetime=\"2026-07-22T23:55:16+03:00\">22\/07\/2026<\/time><\/span><\/div>\n<\/div>\n<\/div>\n<\/div>\n<div class=\"td-block-span12\">\n<div class=\"td_module_6 td_module_wrap td-animation-stack\">\n<div class=\"td-module-thumb\"><a href=\"https:\/\/r3media.ro\/romania-in-fata-unei-crize-a-combustibilului-dupa-atacurile-ucrainene-cu-drone-asupra-petrolierelor\/\" rel=\"bookmark\" class=\"td-image-wrap \" title=\"Rom\u00e2nia, \u00een fa\u021ba unei crize a combustibilului dup\u0103 atacurile ucrainene cu drone asupra petrolierelor\"><img loading=\"lazy\" decoding=\"async\" class=\"entry-thumb\" src=\"https:\/\/r3media.ro\/wp-content\/uploads\/2026\/07\/petrol-kazahstan-100x70.jpg\" alt title=\"Rom\u00e2nia, \u00een fa\u021ba unei crize a combustibilului dup\u0103 atacurile ucrainene cu drone asupra petrolierelor\" width=\"100\" height=\"70\"><\/a><\/div>\n<div class=\"item-details\">\n<h3 class=\"entry-title td-module-title\"><a href=\"https:\/\/r3media.ro\/romania-in-fata-unei-crize-a-combustibilului-dupa-atacurile-ucrainene-cu-drone-asupra-petrolierelor\/\" rel=\"bookmark\" title=\"Rom\u00e2nia, \u00een fa\u021ba unei crize a combustibilului dup\u0103 atacurile ucrainene cu drone asupra petrolierelor\">Rom\u00e2nia, \u00een fa\u021ba unei crize a combustibilului dup\u0103 atacurile ucrainene cu&#8230;<\/a><\/h3>\n<div class=\"td-module-meta-info\"><span class=\"td-post-date\"><time class=\"entry-date updated td-module-date\" datetime=\"2026-07-22T21:51:57+03:00\">22\/07\/2026<\/time><\/span><\/div>\n<\/div>\n<\/div>\n<\/div>\n<div class=\"td-block-span12\">\n<div class=\"td_module_6 td_module_wrap td-animation-stack\">\n<div class=\"td-module-thumb\"><a href=\"https:\/\/r3media.ro\/23-iulie-aducerea-moastelor-sfantului-sfintit-mucenic-foca-sfintii-mucenici-apolinarie-vitalie-si-valeria\/\" rel=\"bookmark\" class=\"td-image-wrap \" title=\"Calendarul zilei 23 iulie: Aducerea moa\u015ftelor Sf\u00e2ntului Sfin\u0163it Mucenic Foca; Sfin\u0163ii Mucenici Apolinarie, Vitalie \u015fi Valeria\"><img loading=\"lazy\" decoding=\"async\" class=\"entry-thumb\" src=\"https:\/\/r3media.ro\/wp-content\/uploads\/2024\/07\/aducerea-moastelor-sfantului-sfintit-mucenic-foca-sfintii-mucenici-apolinarie-vitalie-si-valeria-178050-100x70.jpg\" alt title=\"Calendarul zilei 23 iulie: Aducerea moa\u015ftelor Sf\u00e2ntului Sfin\u0163it Mucenic Foca; Sfin\u0163ii Mucenici Apolinarie, Vitalie \u015fi Valeria\" width=\"100\" height=\"70\"><\/a><\/div>\n<div class=\"item-details\">\n<h3 class=\"entry-title td-module-title\"><a href=\"https:\/\/r3media.ro\/23-iulie-aducerea-moastelor-sfantului-sfintit-mucenic-foca-sfintii-mucenici-apolinarie-vitalie-si-valeria\/\" rel=\"bookmark\" title=\"Calendarul zilei 23 iulie: Aducerea moa\u015ftelor Sf\u00e2ntului Sfin\u0163it Mucenic Foca; Sfin\u0163ii Mucenici Apolinarie, Vitalie \u015fi Valeria\">Calendarul zilei 23 iulie: Aducerea moa\u015ftelor Sf\u00e2ntului Sfin\u0163it Mucenic Foca; Sfin\u0163ii&#8230;<\/a><\/h3>\n<div class=\"td-module-meta-info\"><span class=\"td-post-date\"><time class=\"entry-date updated td-module-date\" datetime=\"2026-07-22T21:24:00+03:00\">22\/07\/2026<\/time><\/span><\/div>\n<\/div>\n<\/div>\n<\/div>\n<div class=\"td-block-span12\">\n<div class=\"td_module_6 td_module_wrap td-animation-stack\">\n<div class=\"td-module-thumb\"><a href=\"https:\/\/r3media.ro\/presiunile-n-au-avut-succes-primaria-nu-a-avizat-marsul-homosexualitatii-la-oradea-pentru-al-patrulea-an-consecutiv\/\" rel=\"bookmark\" class=\"td-image-wrap \" title=\"Presiunile n-au avut succes: Prim\u0103ria NU a avizat mar\u0219ul homosexualit\u0103\u021bii la Oradea, pentru al patrulea an consecutiv\"><img loading=\"lazy\" decoding=\"async\" class=\"entry-thumb\" src=\"https:\/\/r3media.ro\/wp-content\/uploads\/2026\/07\/primaria-oradea-magnolie-bihoreanul-100x70.jpg\" alt title=\"Presiunile n-au avut succes: Prim\u0103ria NU a avizat mar\u0219ul homosexualit\u0103\u021bii la Oradea, pentru al patrulea an consecutiv\" width=\"100\" height=\"70\"><\/a><\/div>\n<div class=\"item-details\">\n<h3 class=\"entry-title td-module-title\"><a href=\"https:\/\/r3media.ro\/presiunile-n-au-avut-succes-primaria-nu-a-avizat-marsul-homosexualitatii-la-oradea-pentru-al-patrulea-an-consecutiv\/\" rel=\"bookmark\" title=\"Presiunile n-au avut succes: Prim\u0103ria NU a avizat mar\u0219ul homosexualit\u0103\u021bii la Oradea, pentru al patrulea an consecutiv\">Presiunile n-au avut succes: Prim\u0103ria NU a avizat mar\u0219ul homosexualit\u0103\u021bii la&#8230;<\/a><\/h3>\n<div class=\"td-module-meta-info\"><span class=\"td-post-date\"><time class=\"entry-date updated td-module-date\" datetime=\"2026-07-22T17:06:31+03:00\">22\/07\/2026<\/time><\/span><\/div>\n<\/div>\n<\/div>\n<\/div>\n<div class=\"td-block-span12\">\n<div class=\"td_module_6 td_module_wrap td-animation-stack\">\n<div class=\"td-module-thumb\"><a href=\"https:\/\/r3media.ro\/campion-olimpic-olaf-tufte-mort-subit-50-ani\/\" rel=\"bookmark\" class=\"td-image-wrap \" title=\"Campionul olimpic Olaf Tufte a murit subit la 50 de ani\"><img loading=\"lazy\" decoding=\"async\" class=\"entry-thumb\" src=\"https:\/\/r3media.ro\/wp-content\/uploads\/2026\/07\/olaf-tufte-100x70.jpg\" alt title=\"Campionul olimpic Olaf Tufte a murit subit la 50 de ani\" width=\"100\" height=\"70\"><\/a><\/div>\n<div class=\"item-details\">\n<h3 class=\"entry-title td-module-title\"><a href=\"https:\/\/r3media.ro\/campion-olimpic-olaf-tufte-mort-subit-50-ani\/\" rel=\"bookmark\" title=\"Campionul olimpic Olaf Tufte a murit subit la 50 de ani\">Campionul olimpic Olaf Tufte a murit subit la 50 de ani<\/a><\/h3>\n<div class=\"td-module-meta-info\"><span class=\"td-post-date\"><time class=\"entry-date updated td-module-date\" datetime=\"2026-07-22T12:11:02+03:00\">22\/07\/2026<\/time><\/span><\/div>\n<\/div>\n<\/div>\n<\/div>\n<div class=\"td-block-span12\">\n<div class=\"td_module_6 td_module_wrap td-animation-stack\">\n<div class=\"td-module-thumb\"><a href=\"https:\/\/r3media.ro\/epava-avionul-pan-am-descoperita-74-ani-video\/\" rel=\"bookmark\" class=\"td-image-wrap \" title=\"VIDEO | Epava avionului Pan Am a fost descoperit\u0103 dup\u0103 74 de ani\"><img loading=\"lazy\" decoding=\"async\" class=\"entry-thumb\" src=\"https:\/\/r3media.ro\/wp-content\/uploads\/2026\/07\/avion-care-zboara-100x70.jpg\" alt title=\"VIDEO | Epava avionului Pan Am a fost descoperit\u0103 dup\u0103 74 de ani\" width=\"100\" height=\"70\"><\/a><\/div>\n<div class=\"item-details\">\n<h3 class=\"entry-title td-module-title\"><a href=\"https:\/\/r3media.ro\/epava-avionul-pan-am-descoperita-74-ani-video\/\" rel=\"bookmark\" title=\"VIDEO | Epava avionului Pan Am a fost descoperit\u0103 dup\u0103 74 de ani\">VIDEO | Epava avionului Pan Am a fost descoperit\u0103 dup\u0103 74&#8230;<\/a><\/h3>\n<div class=\"td-module-meta-info\"><span class=\"td-post-date\"><time class=\"entry-date updated td-module-date\" datetime=\"2026-07-22T11:17:40+03:00\">22\/07\/2026<\/time><\/span><\/div>\n<\/div>\n<\/div>\n<\/div>\n<div class=\"td-block-span12\">\n<div class=\"td_module_6 td_module_wrap td-animation-stack\">\n<div class=\"td-module-thumb\"><a href=\"https:\/\/r3media.ro\/prof-vlad-muresan-florentin-tuca-progres-regres-final-libertate\/\" rel=\"bookmark\" class=\"td-image-wrap \" title=\"VIDEO | Prof. Vlad Mure\u0219an, \u00een dialog cu Florentin \u021auca despre progres, ca \u201eregres final\u201d: Libertatea se pierde \u00eentr-o genera\u021bie\"><img loading=\"lazy\" decoding=\"async\" class=\"entry-thumb\" src=\"https:\/\/r3media.ro\/wp-content\/uploads\/2026\/07\/vlad-muresan-florentin-tuca-100x70.jpg\" alt title=\"VIDEO | Prof. Vlad Mure\u0219an, \u00een dialog cu Florentin \u021auca despre progres, ca \u201eregres final\u201d: Libertatea se pierde \u00eentr-o genera\u021bie\" width=\"100\" height=\"70\"><\/a><\/div>\n<div class=\"item-details\">\n<h3 class=\"entry-title td-module-title\"><a href=\"https:\/\/r3media.ro\/prof-vlad-muresan-florentin-tuca-progres-regres-final-libertate\/\" rel=\"bookmark\" title=\"VIDEO | Prof. Vlad Mure\u0219an, \u00een dialog cu Florentin \u021auca despre progres, ca \u201eregres final\u201d: Libertatea se pierde \u00eentr-o genera\u021bie\">VIDEO | Prof. Vlad Mure\u0219an, \u00een dialog cu Florentin \u021auca despre&#8230;<\/a><\/h3>\n<div class=\"td-module-meta-info\"><span class=\"td-post-date\"><time class=\"entry-date updated td-module-date\" datetime=\"2026-07-22T11:14:21+03:00\">22\/07\/2026<\/time><\/span><\/div>\n<\/div>\n<\/div>\n<\/div>\n<\/div>\n<\/div>\n<aside class=\"td_block_template_1 widget widget_recent_comments\">\n<h4 class=\"block-title\"><span>INTR\u0102 \u00ceN DISCU\u021aIE!<\/span><\/h4>\n<ul id=\"recentcomments\">\n<li class=\"recentcomments\"><span class=\"comment-author-link\">Sumen<\/span> la <a href=\"https:\/\/r3media.ro\/deznationala-frantei-a-invins-franta\/#comment-40297\">Dezna\u021bionala Fran\u021bei a \u00eenvins Fran\u021ba \u00a0\u00a0<\/a><\/li>\n<li class=\"recentcomments\"><span class=\"comment-author-link\">Decebal<\/span> la <a href=\"https:\/\/r3media.ro\/video-cult-femeie-dumnezeu-mama-romania\/#comment-40295\">VIDEO | Un cult care consider\u0103 o femeie coreean\u0103 drept \u201eDumnezeu Mama\u201d face prozeli\u021bi \u00een Rom\u00e2nia<\/a><\/li>\n<li class=\"recentcomments\"><span class=\"comment-author-link\">Nicu<\/span> la <a href=\"https:\/\/r3media.ro\/nicusor-dan-in-cursul-noptii-trecute-o-nava-sub-pavilion-liberian-a-fost-lovita-in-afara-apelor-teritoriale-ale-romaniei-la-20-de-mile-marine-de-tarmul-romanesc\/#comment-40294\">Nicu\u0219or Dan: \u00cen cursul nop\u0163ii trecute, o nav\u0103 sub pavilion liberian a fost lovit\u0103 \u00een afara apelor teritoriale ale Rom\u00e2niei, la 20 de mile marine de \u0163\u0103rmul rom\u00e2nesc<\/a><\/li>\n<li class=\"recentcomments\"><span class=\"comment-author-link\">E.T.<\/span> la <a href=\"https:\/\/r3media.ro\/mihail-neamtu-oblgatie-romania\/#comment-40293\">Mihail Neam\u021bu: Suntem o \u021bar\u0103 mic\u0103, iar singura obliga\u021bie a politicienilor de la Bucure\u0219ti e s\u0103 nu introduc\u0103 Rom\u00e2nia \u00eentr-un r\u0103zboi stupid \u0219i perdant<\/a><\/li>\n<li class=\"recentcomments\"><span class=\"comment-author-link\">Ion<\/span> la <a href=\"https:\/\/r3media.ro\/nicusor-dan-in-cursul-noptii-trecute-o-nava-sub-pavilion-liberian-a-fost-lovita-in-afara-apelor-teritoriale-ale-romaniei-la-20-de-mile-marine-de-tarmul-romanesc\/#comment-40292\">Nicu\u0219or Dan: \u00cen cursul nop\u0163ii trecute, o nav\u0103 sub pavilion liberian a fost lovit\u0103 \u00een afara apelor teritoriale ale Rom\u00e2niei, la 20 de mile marine de \u0163\u0103rmul rom\u00e2nesc<\/a><\/li>\n<li class=\"recentcomments\"><span class=\"comment-author-link\">Mihaela<\/span> la <a href=\"https:\/\/r3media.ro\/candidat-barbat-partidul-democrat-sua-menstruatie-sangerare-rect\/#comment-40291\">VIDEO | Un b\u0103rbat care candideaz\u0103 de la Partidul Democrat din SUA ar fi sus\u021binut c\u0103 are menstrua\u021bie \u0219i elimin\u0103 s\u00e2ngele prin rect<\/a><\/li>\n<li class=\"recentcomments\"><span class=\"comment-author-link\">Nicu<\/span> la <a href=\"https:\/\/r3media.ro\/mihail-neamtu-oblgatie-romania\/#comment-40290\">Mihail Neam\u021bu: Suntem o \u021bar\u0103 mic\u0103, iar singura obliga\u021bie a politicienilor de la Bucure\u0219ti e s\u0103 nu introduc\u0103 Rom\u00e2nia \u00eentr-un r\u0103zboi stupid \u0219i perdant<\/a><\/li>\n<\/ul>\n<\/aside>\n<aside class=\"td_block_template_1 widget widget_search\">\n<h4 class=\"block-title\"><span>CAUT\u0102 \u0218I VEI G\u0102SI<\/span><\/h4>\n<\/aside>\n<\/div>\n<\/div>\n<\/div>\n<\/div>\n<\/div>\n<\/div>\n<\/div>\n<p><span class=\"td-page-meta\"><\/span><span class=\"td-page-meta\"><span class=\"td-page-meta\"><\/span><\/span><span class=\"td-page-meta\"><\/span><\/article>\n<\/p>\n<div class=\"td_block_wrap tdb_single_content tdi_18 td-pb-border-top td_block_template_1 td-post-content tagdiv-type\" data-td-block-uid=\"tdi_18\">\n<div class=\"tdb-block-inner td-fix-index\">\n<p><strong>M\u0103 g\u00e2ndesc \u00eenainte de toate la cei care-\u0219i spun c\u0103 au credin\u021b\u0103 la Dumnezeu. Nu vreau s\u0103-i judec, Doamne fere\u0219te!\u2026dar cum te mai po\u021bi \u00eemp\u0103rt\u0103\u0219i cu Hristos, c\u00e2nd tu e\u0219ti certat cu semenul t\u0103u?<\/strong><\/p>\n<p>Citeam zilele acestea ce spunea Preotul Adrian Agachi, purt\u0103torul de cuv\u00e2nt al Patriarhiei \u2013 un om pe care \u00eel pre\u021buiesc foarte mult.<\/p>\n<p>Spunea despre \u00eenc\u0103p\u0103\u021b\u00e2nare, m\u00e2ndrie \u0219i egoismul care p\u00e2n\u0103 la urm\u0103 \u00ee\u021bi hr\u0103ne\u0219te p\u0103rerea \u00eenalt\u0103 despre propria persoan\u0103. De fapt toate acestea te vor m\u0103cina \u0219i te vor distruge p\u00e2n\u0103 la urm\u0103. \u0218i mi-a r\u0103mas \u00een minte ce spunea P\u0103rintele Agachi c\u0103 un mare om de cultur\u0103 renascentist, B Castiglione, a spus un cuv\u00e2nt mare, asupra c\u0103ruia se cuvine s\u0103 medit\u0103m dac\u0103 vrem s\u0103 restaur\u0103m o \u00eenc\u0103p\u0103\u021b\u00e2nare bolnav\u0103 \u00eentr-o verticalitate statornic\u0103: \u201e\u00cenc\u0103p\u0103\u021b\u00e2nare ce urm\u0103re\u0219te un scop virtuos trebuie numit\u0103 statornicie\u201d.<\/p>\n<p>Textul \u00eei apar\u021bine Preotului Adrian Agachi.<\/p>\n<p>Anca Alexandrescu to\u021bi ne merit\u0103m soarta. Lipse\u0219te din p\u0103cate credin\u021ba. Acea credin\u021b\u0103 tr\u0103it\u0103 \u0219i asumat\u0103, nu formal\u0103. E puzderie de farisei \u0219i iude, care una zic \u0219i alta fac, iar politica a ajuns o hazna unde fiecare se ceart\u0103 cu fiecare, to\u021bi se dau de\u0219tep\u021bi, orgolii nem\u0103surate, iar unitate \u00eentre oamenii care-\u0219i mai zic c\u0103 sunt cu Dumnezeu, nici vorb\u0103\u2026ioc.<\/p>\n<p>Sunt pline re\u021belele de de\u0219tep\u021bi care fac mezalian\u021be dup\u0103 ce arunc\u0103 vorbe porcoase \u0219i injurii unii altora, acuz\u00e2nd de tr\u0103dare pe cei care nu le \u00eemp\u0103rt\u0103\u0219esc ,,valorile\u201d.<\/p>\n<p>Aten\u021bie, un om care vorbe\u0219te ur\u00e2t, are \u0219i sufletul la fel de ur\u00e2t.<\/p>\n<p>\u00cen schimb, pe zi ce trece \u021bara se afund\u0103 din ce \u00een ce mai mult \u00een h\u0103u, umilit\u0103 \u0219i s\u0103r\u0103cit\u0103, iar rom\u00e2nii sunt c\u0103lca\u021bi \u00een picioare, \u0219i Constitu\u021bia nu mai valoreaz\u0103 nici dou\u0103 parale, pentru liftele astea de politicieni care ar vinde-o \u0219i pe mama lor \u0219i nu mai zic de Dumnezeu.<\/p>\n<p>Mai conteaz\u0103 Anca Alexandrescu cine are dreptate \u00een cazul acesta? Chiar at\u00e2t de mari sunt ni\u0219te orgolii m\u0103runte p\u00e2n\u0103 la urm\u0103, \u00eenc\u00e2t s\u0103 nu mai primeze interesul na\u021bional?<\/p>\n<p>O mahala infect\u0103, o cloac\u0103 mizerabil\u0103, iar to\u021bi oamenii deopotriv\u0103, care \u00eentre\u021bin a\u0219a ceva sunt vinova\u021bi f\u0103r\u0103 t\u0103gad\u0103\u2026iar excep\u021bie nu faci nici tu Anca, dac\u0103 te cobori la acest nivel\u2026aten\u021bie mare!<\/p>\n<p>Dumnezeu lipse\u0219te cu des\u0103v\u00e2r\u0219ire acolo unde este m\u00e2ndrie, ne\u00een\u021belegere \u0219i haos. Pentru ce ar trebui s\u0103 lupt\u0103m, dac\u0103 nu pentru viitorul copiilor no\u0219tri \u00eentr-o \u021bar\u0103 mai bun\u0103 \u0219i cu Dumnezeu \u00een primul r\u00e2nd?<\/p>\n<p>Unde este unitatea \u0219i fr\u0103\u021bietatea \u00eentre cei care sunt pe baricade pentru a ap\u0103ra valorile adev\u0103rate, Credin\u021ba, Na\u021biunea, Adev\u0103rul, Familia?<\/p>\n<p>Dumnezeu ne vede \u0219i ne \u0219tie pe to\u021bi, pentru c\u0103 pe EL nu-L po\u021bi min\u021bi niciodat\u0103.<\/p>\n<p>De asta oamenii buni stau departe de politic\u0103 \u0219i vezi numai impostori, tic\u0103lo\u0219i \u0219i pro\u0219ti c\u00e2t cuprinde.<\/p>\n<p>Poporul cel bine credincios e minoritar ast\u0103zi, din p\u0103cate\u2026dar lua\u021bi exemplul de la el \u0219i ridica\u021bi-v\u0103, oameni buni! L\u0103sa\u021bi m\u00e2ndria \u0219i orgoliile, pentru cine are dreptate sau nu, discuta\u021bi \u00eentre voi ca ni\u0219te oameni cu fric\u0103 de Dumnezeu \u0219i cu dragoste, pentru c\u0103 Dragostea le \u00eenvinge pe toate \u0219i nu moare niciodat\u0103.<\/p>\n<p>Nu exist\u0103 credin\u021b\u0103 f\u0103r\u0103 curaj \u0219i demnitate, iar curajul f\u0103r\u0103 credin\u021b\u0103 in Dumnezeu e nebunie curat\u0103.<\/p>\n<p>Altfel, e trist de tot\ud83d\ude22 Cred c\u0103 depinde de fiecare dintre noi, p\u00e2n\u0103 la urm\u0103 ceea ce se \u00eent\u00e2mpl\u0103 \u2026pentru c\u0103 Dumnezeu ne d\u0103 fiec\u0103ruia dup\u0103 inim\u0103. Ferici\u021bi cei cura\u021bi cu inima, c\u0103 aceia vor vedea pe Dumnezeu, ne spune M\u00e2ntuitorul Nostru Iisus Hristos.<\/p>\n<div class=\"crp_related     crp-masonry\">\n<h2>\u00ceN CONTEXT<\/h2>\n<ul>\n<li><a href=\"https:\/\/r3media.ro\/sa-fim-buni-si-blanzi-intre-noi-cei-care-mai-credem-dragii-mei-ca-vremurile-sunt-deja-grele-iar-dumnezeu-iubeste-pacea-si-bucuria\/\" class=\"crp_link post-119436\"><span class=\"crp_title\">S\u0103 fim buni \u0219i bl\u00e2nzi \u00eentre noi, cei care mai credem dragii mei, c\u0103 vremurile sunt deja\u2026<\/span><\/a><\/li>\n<li><a href=\"https:\/\/r3media.ro\/nicusor-dan-parlamentari-suveranisti-neafiliati\/\" class=\"crp_link post-116636\"><span class=\"crp_title\">Nicu\u0219or Dan \u00eei curteaz\u0103 pe parlamentarii suverani\u0219ti neafilia\u021bi?<\/span><\/a><\/li>\n<li><a href=\"https:\/\/r3media.ro\/oana-roman-videoclip-sters-tradatori-scursuri-suveranisti-retragere-cetatenie-romana\/\" class=\"crp_link post-117792\"><span class=\"crp_title\">Oana Roman a \u0219ters videoclipul \u00een care \u00eei numea \u201etr\u0103d\u0103tori\u201d \u0219i \u201escursuri\u201d pe suverani\u0219ti \u0219i\u2026<\/span><\/a><\/li>\n<li><a href=\"https:\/\/r3media.ro\/suveranismul-romanesc-o-carcasa-goala\/\" class=\"crp_link post-114740\"><span class=\"crp_title\">Suveranismul rom\u00e2nesc &#8211; o carcas\u0103 goal\u0103<\/span><\/a><\/li>\n<li><a href=\"https:\/\/r3media.ro\/cateva-raspunsuri-de-la-un-suveranist\/\" class=\"crp_link post-118223\"><span class=\"crp_title\">C\u00e2teva r\u0103spunsuri de la un suveranist<\/span><\/a><\/li>\n<li><a href=\"https:\/\/r3media.ro\/madalin-ionescu-analiza-la-sange-romania-sfarsit-era-bruxelles-control-rapoarte-jaloane-formule-fiscale\/\" class=\"crp_link post-116062\"><span class=\"crp_title\">Jurnalistul M\u0103d\u0103lin Ionescu face o analiz\u0103 la s\u00e2nge a Rom\u00e2niei: Se simte sf\u00e2r\u0219itul unei ere.\u2026<\/span><\/a><\/li>\n<li><a href=\"https:\/\/r3media.ro\/ce-se-mai-intampla-la-chisinau-un-europarlamentar-ceh-luat-de-pe-aeroport-si-expulzat-din-moldova-desi-avea-pasaport-diplomatic\/\" class=\"crp_link post-112015\"><span class=\"crp_title\">Ce se mai \u00eent\u00e2mpl\u0103 la Chi\u0219in\u0103u: un europarlamentar ceh, luat de pe aeroport \u0219i expulzat din\u2026<\/span><\/a><\/li>\n<\/ul>\n<\/div>\n<\/div>\n<\/div>\n<p>[analyse_source url=&#8221;https:\/\/r3media.ro\/catre-toti-cei-care-intretin-aceasta-stare-de-dezbinare-intre-suveranisti-din-ignoranta-prostie-mandrie-dar-si-multa-necredinta\/&#8221;]<\/p>\n","protected":false},"excerpt":{"rendered":"<p>[analyse_image type=&#8221;featured&#8221; src=&#8221;https:\/\/r3media.ro\/wp-content\/uploads\/2021\/11\/tricolor-mana-pe-pamant-620&#215;400-1.jpghttps:\/\/r3media.ro\/wp-content\/uploads\/2021\/11\/tricolor-mana-pe-pamant-620&#215;400-1.jpg&#8221;] OPINIIC\u0103tre to\u021bi cei care \u00eentre\u021bin aceast\u0103 stare de dezbinare \u00eentre suverani\u0219ti, din&#8230; OPINIIPRIM PLAN\u0218TIRI C\u0103tre to\u021bi cei care \u00eentre\u021bin aceast\u0103 stare de dezbinare \u00eentre suverani\u0219ti, din ignoran\u021b\u0103, prostie, m\u00e2ndrie dar \u0219i mult\u0103 necredin\u021b\u0103 Gabriel Br\u00e2nzaru 22\/07\/2026 M\u0103 g\u00e2ndesc \u00eenainte de toate la cei care-\u0219i spun c\u0103 au credin\u021b\u0103 la Dumnezeu. Nu vreau [&hellip;]<\/p>\n","protected":false},"author":1,"featured_media":0,"comment_status":"open","ping_status":"","sticky":false,"template":"","format":"standard","meta":{"footnotes":""},"categories":[89],"tags":[226,93],"class_list":["post-2056746","post","type-post","status-publish","format-standard","hentry","category-romania","tag-crawlmanager","tag-r3media-ro"],"_links":{"self":[{"href":"https:\/\/analyse.optim.biz\/index.php?rest_route=\/wp\/v2\/posts\/2056746","targetHints":{"allow":["GET"]}}],"collection":[{"href":"https:\/\/analyse.optim.biz\/index.php?rest_route=\/wp\/v2\/posts"}],"about":[{"href":"https:\/\/analyse.optim.biz\/index.php?rest_route=\/wp\/v2\/types\/post"}],"author":[{"embeddable":true,"href":"https:\/\/analyse.optim.biz\/index.php?rest_route=\/wp\/v2\/users\/1"}],"replies":[{"embeddable":true,"href":"https:\/\/analyse.optim.biz\/index.php?rest_route=%2Fwp%2Fv2%2Fcomments&post=2056746"}],"version-history":[{"count":0,"href":"https:\/\/analyse.optim.biz\/index.php?rest_route=\/wp\/v2\/posts\/2056746\/revisions"}],"wp:attachment":[{"href":"https:\/\/analyse.optim.biz\/index.php?rest_route=%2Fwp%2Fv2%2Fmedia&parent=2056746"}],"wp:term":[{"taxonomy":"category","embeddable":true,"href":"https:\/\/analyse.optim.biz\/index.php?rest_route=%2Fwp%2Fv2%2Fcategories&post=2056746"},{"taxonomy":"post_tag","embeddable":true,"href":"https:\/\/analyse.optim.biz\/index.php?rest_route=%2Fwp%2Fv2%2Ftags&post=2056746"}],"curies":[{"name":"wp","href":"https:\/\/api.w.org\/{rel}","templated":true}]}}