{"id":205674,"date":"2014-05-15T03:52:54","date_gmt":"2014-05-15T00:52:54","guid":{"rendered":"https:\/\/analyse.optim.biz\/?p=205674"},"modified":"2014-05-15T03:52:54","modified_gmt":"2014-05-15T00:52:54","slug":"camera-deputatilor-are-13-angajati-care-promoveaza-forul-pe-facebook-si-youtube-parlamentar-ce-sa-promovezi-lipsa-de-activitate","status":"publish","type":"post","link":"https:\/\/analyse.optim.biz\/?p=205674","title":{"rendered":"Camera Deputa\u0163ilor are 13 angaja\u0163i care promoveaz\u0103 forul pe Facebook \u015fi YouTube. Parlamentar: &#8220;Ce s\u0103 promovezi? Lipsa de activitate?&#8221;"},"content":{"rendered":"<div class=\"entry data-app-meta data-app-meta-article\" data-embed-base-url-canonical=\"https:\/\/www.digi24.ro\/embed\/stiri\/actualitate\/politica\/camera-deputatilor-are-13-angajati-care-promoveaza-forul-pe-facebook-si-youtube-parlamentar-ce-sa-promovezi-lipsa-de-activitate-243275\">\n<p data-index=\"1\"><span><strong>Deputa\u0163ii \u015fi-au \u00eenfiin\u0163at un departament de Social Media, de care nu se ocup\u0103 singuri: 13 func\u0163ionari sunt pl\u0103ti\u0163i pentru a sta pe Facebook ca s\u0103 promoveze activitatea ale\u015filor. Unii parlamentari cred c\u0103 a\u015fa vor reu\u015fi s\u0103 \u00ee\u015fi repare imaginea \u00een ochii cet\u0103\u0163enilor, \u00een timp ce al\u0163ii recunosc c\u0103 se risipesc inutil bani cu acest nou demers.<\/strong><\/span><\/p>\n<p data-index=\"2\"><span><span><img decoding=\"async\" src=\"https:\/\/analyse.optim.biz\/wp-content\/uploads\/2024\/09\/mjrmmtjkyjlinmiwowe0n2e5odq2zwriyjziytg4-thumb_.jpg\" data-skip-htmlfix=\"1\" title=\"mjrmmtjkyjlinmiwowe0n2e5odq2zwriyjziytg4-thumb_\"><br \/><\/span><\/span><\/p>\n<p data-index=\"3\"><span>Ideea \u00eenfiin\u0163\u0103rii departamentului Social Media le-a venit deputa\u0163ilor dup\u0103 ce au tras concluzia c\u0103 presa nu relateaza stirile \u201ede bine\u201d despre activitatea lor. \u201e<\/span><span><em><strong>Sunte\u0163i dumneavoastr\u0103, c\u00e2\u0163iva ziari\u015fti care sunte\u0163i acredita\u0163i pe l\u00e2ng\u0103 Parlament, numai c\u0103, din nefericire, chiar dac\u0103 adesea func\u0163iona\u0163i pe principiul bunei credin\u0163e, nu reu\u015fi\u0163i s\u0103 transmite\u0163i dincolo de aceste ziduri \u015fi lucrurile cu adev\u0103rat bune<\/strong><\/em><\/span><span>\u201d, consider\u0103 <\/span><span><strong>Marian Neac\u015fu<\/strong><\/span><span>, liderul grupului parlamentar PSD.<\/span><\/p>\n<p data-index=\"4\"><span>Sunt \u015fi ale\u015fi care nu v\u0103d \u00eens\u0103 cu ochi prea buni \u00eenfiin\u0163area departamentului. \u201e<\/span><span><em><strong>Ce s\u0103 promovezi cu 13 oameni? Lipsa de activitate \u00een Parlamentul Rom\u00e2niei? C\u0103 de dou\u0103 s\u0103pt\u0103m\u00e2ni ne chinuim s\u0103 avem un cvorum de \u015fedin\u0163\u0103 \u015fi nu avem<\/strong><\/em><\/span><span>\u201d, spune <\/span><span><strong>Gheorghe Tinel<\/strong><\/span><span>, liderul de grup parlamentar al PDL.<\/span><\/p>\n<p data-index=\"5\">Deputa\u0163ii \u015fi-au f\u0103cut a\u015fadar o adev\u0103rat\u0103 structur\u0103 de comunicare online. 13 oameni sunt pl\u0103ti\u0163i ca s\u0103 posteze pe re\u0163elele de socializare \u015fi pe diverse alte site-uri informa\u0163ii despre activitatea ale\u015filor. Reporterii <span><strong>Digi24<\/strong><\/span> au dorit s\u0103 vad\u0103 clar cu ce se ocup\u0103 mai exact ace\u015fti angaja\u0163i. Iat\u0103 dialogul lor cu func\u0163ionarii:<\/p>\n<p data-index=\"6\">\u201e<strong>&#8211; Vreau s\u0103 fac \u015fi eu un material despre direc\u0163ia asta, Social Media&#8230; <\/strong><\/p>\n<p data-index=\"7\"><strong>&#8211; Vorbi\u0163i cu domnul director.<\/strong><\/p>\n<p data-index=\"8\"><strong>&#8211; Domnul director fiind cine?<\/strong><\/p>\n<p data-index=\"9\"><strong>&#8211; Domnul director Mazilu, \u00eel g\u0103si\u0163i dup\u0103 u\u015fa aceea, la st\u00e2nga.<\/strong><\/p>\n<p data-index=\"10\"><strong>(&#8230;)<\/strong><\/p>\n<p data-index=\"11\"><strong>&#8211; Bun\u0103 ziua, pe domnul director \u00eel caut \u015fi eu, domnul Mazilu.<\/strong><\/p>\n<p data-index=\"12\"><strong>&#8211; Nu este momentan.<\/strong><\/p>\n<p data-index=\"13\"><strong>&#8211; C\u00e2nd \u00eel putem g\u0103si?<\/strong><\/p>\n<p data-index=\"14\"><strong>&#8211; Nu \u015ftiu s\u0103 v\u0103 spun, este la o \u015fedin\u0163\u0103!<\/strong><\/p>\n<p data-index=\"15\"><strong>(&#8230;)<\/strong><\/p>\n<p data-index=\"16\"><strong>&#8211; Dumneavoastr\u0103 nu ne pute\u0163i spune ce face\u0163i aici?<\/strong><\/p>\n<p data-index=\"17\"><strong>&#8211; V\u0103 rog s\u0103 vorbi\u0163i ierarhic cu domnul director. V\u0103 adresa\u0163i ierarhic domului director, secretarului general, \u015fi atunci&#8230;<\/strong><\/p>\n<p data-index=\"18\"><strong>&#8211; M\u0103 interesau doar c\u00e2teva detalii &#8211; ce posta\u0163i, ce informa\u0163ii posta\u0163i, unde le posta\u0163i.<\/strong><\/p>\n<p data-index=\"19\"><strong>&#8211; Nu putem da detalii f\u0103r\u0103 s\u0103 vorbi\u0163i cu domnul director.\u201d<\/strong><\/p>\n<p data-index=\"20\"><span>\u00cen majoritatea timpului pe care \u00eel petrec la serviciu, func\u0163ionarii care lucreaz\u0103 \u00een cadrul acestui departament <strong><a href=\"https:\/\/www.facebook.com\/pages\/Parlamentul-Romaniei-Camera-Deputatilor-Pagina-Oficiala\/165253540340098\" target=\"_blank\" data-skip-linkfix=\"1\" rel=\"noopener\">posteaz\u0103 pe Facebook diverse informa\u0163ii legate de activitatea Camerei Deputa\u0163ilor<\/a><\/strong> \u015fi <strong><a href=\"https:\/\/www.youtube.com\/channel\/UC7XoaKakuGfIHqclt962SqQ\" target=\"_blank\" data-skip-linkfix=\"1\" rel=\"noopener\">\u00eencarc\u0103 pe YouTube diverse clipuri din timpul \u015fedin\u0163elor care au loc \u00een forul legislativ<\/a><\/strong>. Pe <\/span><span><strong>YouTube<\/strong><\/span><span>, de exemplu, <strong><a href=\"https:\/\/www.youtube.com\/watch?v=P7fEmGF8gaQ\" target=\"_blank\" data-skip-linkfix=\"1\" rel=\"noopener\">ultima postare dateaz\u0103 din 23 aprilie 2014<\/a><\/strong>, \u015fi asta pentru c\u0103 de atunci deputa\u0163ii nu au mai lucrat, fiind \u00een campanie electoral\u0103.<\/span><\/p>\n<p data-index=\"21\"><span>Structura Social Media pentru Camera Deputa\u0163ilor a fost \u00eenfiin\u0163at\u0103 \u00een luna iulie 2013.<\/span><\/p>\n<p data-index=\"22\"><span><span>Ini\u021bial, informa\u021bia a ap\u0103rut pe\u00a0<\/span><a href=\"http:\/\/www.economica.net\/exclusiv-deputatii-si-au-tras-departament-de-facebook-si-youtube-pe-bani-publici-au-vizualizari-cu-zecile_79579.html\" target=\"_blank\" data-skip-linkfix=\"1\" rel=\"noopener\"><strong>economica.net<\/strong><\/a><span>.<\/span><\/span><\/p>\n<\/div>\n<p> Source URL: https:\/\/www.digi24.ro\/stiri\/actualitate\/politica\/camera-deputatilor-are-13-angajati-care-promoveaza-forul-pe-facebook-si-youtube-parlamentar-ce-sa-promovezi-lipsa-de-activitate-243275<\/p>\n","protected":false},"excerpt":{"rendered":"<p>Deputa\u0163ii \u015fi-au \u00eenfiin\u0163at un departament de Social Media, de care nu se ocup\u0103 singuri: 13 func\u0163ionari sunt pl\u0103ti\u0163i pentru a sta pe Facebook ca s\u0103 promoveze activitatea ale\u015filor. Unii parlamentari cred c\u0103 a\u015fa vor reu\u015fi s\u0103 \u00ee\u015fi repare imaginea \u00een ochii cet\u0103\u0163enilor, \u00een timp ce al\u0163ii recunosc c\u0103 se risipesc inutil bani cu acest nou [&hellip;]<\/p>\n","protected":false},"author":1,"featured_media":205675,"comment_status":"open","ping_status":"","sticky":false,"template":"","format":"standard","meta":{"footnotes":""},"categories":[2],"tags":[11],"class_list":["post-205674","post","type-post","status-publish","format-standard","has-post-thumbnail","hentry","category-politics","tag-digi24"],"_links":{"self":[{"href":"https:\/\/analyse.optim.biz\/index.php?rest_route=\/wp\/v2\/posts\/205674","targetHints":{"allow":["GET"]}}],"collection":[{"href":"https:\/\/analyse.optim.biz\/index.php?rest_route=\/wp\/v2\/posts"}],"about":[{"href":"https:\/\/analyse.optim.biz\/index.php?rest_route=\/wp\/v2\/types\/post"}],"author":[{"embeddable":true,"href":"https:\/\/analyse.optim.biz\/index.php?rest_route=\/wp\/v2\/users\/1"}],"replies":[{"embeddable":true,"href":"https:\/\/analyse.optim.biz\/index.php?rest_route=%2Fwp%2Fv2%2Fcomments&post=205674"}],"version-history":[{"count":0,"href":"https:\/\/analyse.optim.biz\/index.php?rest_route=\/wp\/v2\/posts\/205674\/revisions"}],"wp:featuredmedia":[{"embeddable":true,"href":"https:\/\/analyse.optim.biz\/index.php?rest_route=\/wp\/v2\/media\/205675"}],"wp:attachment":[{"href":"https:\/\/analyse.optim.biz\/index.php?rest_route=%2Fwp%2Fv2%2Fmedia&parent=205674"}],"wp:term":[{"taxonomy":"category","embeddable":true,"href":"https:\/\/analyse.optim.biz\/index.php?rest_route=%2Fwp%2Fv2%2Fcategories&post=205674"},{"taxonomy":"post_tag","embeddable":true,"href":"https:\/\/analyse.optim.biz\/index.php?rest_route=%2Fwp%2Fv2%2Ftags&post=205674"}],"curies":[{"name":"wp","href":"https:\/\/api.w.org\/{rel}","templated":true}]}}