{"id":2056736,"date":"2026-07-22T18:51:57","date_gmt":"2026-07-22T15:51:57","guid":{"rendered":"https:\/\/analyse.optim.biz\/?p=2056736"},"modified":"2026-07-22T18:51:57","modified_gmt":"2026-07-22T15:51:57","slug":"romania-in-fata-unei-crize-a-combustibilului-dupa-atacurile-ucrainene-cu-drone-asupra-petrolierelor","status":"publish","type":"post","link":"https:\/\/analyse.optim.biz\/?p=2056736","title":{"rendered":"Rom\u00e2nia, \u00een fa\u021ba unei crize a combustibilului dup\u0103 atacurile ucrainene cu drone asupra petrolierelor"},"content":{"rendered":"<p>[analyse_image type=&#8221;featured&#8221; src=&#8221;https:\/\/r3media.ro\/wp-content\/uploads\/2026\/07\/petrol-kazahstan-e1784746283431.jpghttps:\/\/r3media.ro\/wp-content\/uploads\/2026\/07\/petrol-kazahstan-e1784746283431.jpg&#8221;]<\/p>\n<article id=\"template-id-109\" class=\"post-109 tdb_templates type-tdb_templates status-publish post\">\n<div id=\"tdi_2\" class=\"tdc-zone\">\n<div class=\"tdc_zone tdi_3  wpb_row td-pb-row\">\n<div id=\"tdi_4\" class=\"tdc-row\">\n<div class=\"vc_row tdi_5  wpb_row td-pb-row\">\n<div class=\"vc_column tdi_7  wpb_column vc_column_container tdc-column td-pb-span8\">\n<div class=\"wpb_wrapper\">\n<div class=\"td_block_wrap tdb_breadcrumbs tdi_8 td-pb-border-top td_block_template_1 tdb-breadcrumbs \" data-td-block-uid=\"tdi_8\">\n<div class=\"tdb-block-inner td-fix-index\"><span><a title=\"Vede\u021bi toate articolele \u00een ECONOMIE\" class=\"tdb-entry-crumb\" href=\"https:\/\/r3media.ro\/category\/economie\/\">ECONOMIE<\/a><\/span><span class=\"tdb-bred-no-url-last\">Rom\u00e2nia, \u00een fa\u021ba unei crize a combustibilului dup\u0103 atacurile ucrainene cu drone&#8230;<\/span><\/div>\n<\/div>\n<div class=\"td_block_wrap tdb_single_categories tdi_9 td-pb-border-top td_block_template_1 \" data-td-block-uid=\"tdi_9\">\n<div class=\"tdb-category td-fix-index\"><a class=\"tdb-entry-category\" href=\"https:\/\/r3media.ro\/category\/economie\/\">ECONOMIE<\/a><a class=\"tdb-entry-category\" href=\"https:\/\/r3media.ro\/category\/featured\/\">FEATURED<\/a><a class=\"tdb-entry-category\" href=\"https:\/\/r3media.ro\/category\/stiri\/\">\u0218TIRI<\/a><\/div>\n<\/div>\n<div class=\"td_block_wrap tdb_title tdi_10 tdb-single-title td-pb-border-top td_block_template_1\" data-td-block-uid=\"tdi_10\">\n<div class=\"tdb-block-inner td-fix-index\">\n<h1 class=\"tdb-title-text\">Rom\u00e2nia, \u00een fa\u021ba unei crize a combustibilului dup\u0103 atacurile ucrainene cu drone asupra petrolierelor<\/h1>\n<\/div>\n<\/div>\n<div class=\"vc_row_inner tdi_12  vc_row vc_inner wpb_row td-pb-row\">\n<div class=\"vc_column_inner tdi_14  wpb_column vc_column_container tdc-inner-column td-pb-span12\">\n<div class=\"vc_column-inner\">\n<div class=\"wpb_wrapper\">\n<div class=\"td_block_wrap tdb_single_author tdi_15 td-pb-border-top td_block_template_1 tdb-post-meta\" data-td-block-uid=\"tdi_15\">\n<div class=\"tdb-block-inner td-fix-index\">\n<div class=\"tdb-author-name-wrap\"><a class=\"tdb-author-name\" href=\"https:\/\/r3media.ro\/author\/redactia\/\">Redac\u021bia<\/a><\/div>\n<\/div>\n<\/div>\n<div class=\"td_block_wrap tdb_single_date tdi_16 td-pb-border-top td_block_template_1 tdb-post-meta\" data-td-block-uid=\"tdi_16\">\n<div class=\"tdb-block-inner td-fix-index\"><time class=\"entry-date updated td-module-date\" datetime=\"2026-07-22T21:51:57+03:00\">22\/07\/2026<\/time><\/div>\n<\/div>\n<\/div>\n<\/div>\n<\/div>\n<\/div>\n<div class=\"td_block_wrap tdb_single_featured_image tdi_17 tdb-content-horiz-left td-pb-border-top td_block_template_1\" data-td-block-uid=\"tdi_17\">\n<div class=\"tdb-block-inner td-fix-index\">\n<figure><figcaption class=\"tdb-caption-text\">Sursa foto: Profit.ro<\/figcaption><\/figure>\n<\/div>\n<\/div>\n<div class=\"td_block_wrap tdb_single_content tdi_18 td-pb-border-top td_block_template_1 td-post-content tagdiv-type\" data-td-block-uid=\"tdi_18\">\n<div class=\"tdb-block-inner td-fix-index\">\n<p><strong>Oprirea livr\u0103rilor de \u021bi\u021bei din Kazahstan, dup\u0103 atacurile ucrainene cu drone asupra petrolierelor ar arunca pia\u021ba intern\u0103 \u00eentr-o criz\u0103: aceast\u0103 surs\u0103 acoper\u0103 circa 65% din importurile Rom\u00e2niei \u0219i peste jum\u0103tate din consumul de materie prim\u0103 al tuturor rafin\u0103riilor din \u021bar\u0103. Ministerul Energiei afirm\u0103 c\u0103 lucreaz\u0103 deja la identificarea unor surse alternative de aprovizionare, scrie <a href=\"https:\/\/www.profit.ro\/povesti-cu-profit\/auto-transporturi\/alerta-in-benzinarii-guvernantii-cauta-impreuna-cu-operatorii-in-special-rompetrol-solutii-alternative-de-aprovizionare-cu-titei-ca-urmare-a-stoparii-livrarilor-kazahe-prin-portul-rus-novorosisk-22528062\" target=\"_blank\" rel=\"noopener\">Profit.ro.<\/a><\/strong><\/p>\n<p>Potrivit institu\u021biei, Rompetrol \u2013 principalul beneficiar local al petrolului kazah \u2013 a transmis asigur\u0103ri c\u0103 va lua toate m\u0103surile pentru a compensa un eventual deficit \u0219i pentru a men\u021bine continuitatea aprovizion\u0103rii, \u00een cazul unei reduceri a produc\u021biei sau a volumelor livrate.<\/p>\n<h2>De ce conteaz\u0103<\/h2>\n<p>Compania de stat kazah\u0103 KazMunayGaz este principalul ac\u021bionar al Petromidia, cea mai mare rafin\u0103rie din Rom\u00e2nia, cu o capacitate de 5,9 milioane de tone pe an \u2013 adic\u0103 46,3% din capacitatea total\u0103 de procesare a \u021b\u0103rii. Unitatea se alimenteaz\u0103 preponderent cu \u021bi\u021bei exportat prin terminalul CPC de la Novorossiysk.<\/p>\n<p>Situa\u021bia nu se limiteaz\u0103 la un singur operator: \u0219i principalul competitor, rafin\u0103ria Petrobrazi a OMV Petrom, care import\u0103 aproximativ o treime din \u021bi\u021beiul prelucrat, folose\u0219te \u00een principal materie prim\u0103 kazah\u0103 \u0219i azer\u0103.<\/p>\n<p>Efectele se v\u0103d deja la pomp\u0103. Miercuri, unii distribuitori au operat dou\u0103 scumpiri \u00eentr-o singur\u0103 zi: benzina a ajuns la doi-trei bani sub pragul de 9 lei\/litru, iar motorina se apropie rapid de 10 lei\/litru.<\/p>\n<h2>Ce s-a \u00eent\u00e2mplat \u00een Marea Neagr\u0103<\/h2>\n<p>Terminalul CPC din portul rusesc Novorossiysk a \u00eencetat s\u0103 mai preia petrol kazah, dup\u0103 ce luni a suspendat opera\u021biunile de \u00eenc\u0103rcare din cauza atacurilor asupra petrolierelor, au declarat pentru Reuters trei surse din industrie.<\/p>\n<p>Dou\u0103 dintre surse au precizat c\u0103 rezervoarele terminalului sunt pline, iar blocajul real vine din reticen\u021ba armatorilor de a mai traversa Marea Neagr\u0103 dup\u0103 atacurile cu drone asupra navelor \u2013 incidente care au dus la cre\u0219terea primelor de asigurare \u0219i, implicit, a costurilor de transport. Datele Reuters arat\u0103 c\u0103 cel pu\u021bin dou\u0103 petroliere care urmau s\u0103 \u00eencarce la CPC \u0219i-au schimbat ruta. Prin acest terminal trec circa 80% din exporturile de petrol ale Kazahstanului.<\/p>\n<p>Ministerul Energiei nu exclude un impact asupra pre\u021burilor la pomp\u0103 dac\u0103 blocajul se prelunge\u0219te \u0219i spune c\u0103 analizeaz\u0103 mai multe scenarii de evolu\u021bie, precum \u0219i m\u0103suri de atenuare a efectelor. \u00cen perioada urm\u0103toare urmeaz\u0103 s\u0103 fie convocat\u0103 o reuniune cu operatorii din sectorul petrolier, pentru a evalua \u00een ce m\u0103sur\u0103 ace\u0219tia pot suplimenta volumele disponibile pe pia\u021b\u0103, potrivit TVR Info.<\/p>\n<h2>Kievul respinge acuza\u021biile<\/h2>\n<p>Ambasadorul Ucrainei la Astana, Viktor Maiko, a negat orice implicare a \u021b\u0103rii sale \u00een atacurile asupra petrolierelor care deservesc terminalul CPC. El a spus c\u0103 partea ucrainean\u0103 \u00een\u021belege \u0219i \u00eemp\u0103rt\u0103\u0219e\u0219te \u00eengrijorarea Kazahstanului privind incidentele din 17 \u0219i 19 iulie, dar a subliniat c\u0103 orice concluzie trebuie s\u0103 se sprijine exclusiv pe fapte confirmate \u0219i c\u0103, p\u00e2n\u0103 acum, nu exist\u0103 dovezi ale implic\u0103rii Ucrainei. Diplomatul a cerut evitarea acuza\u021biilor pripite, directe sau indirecte.<\/p>\n<p>Maiko a mai afirmat c\u0103 autorit\u0103\u021bile de la Kiev au avertizat recent asupra posibilit\u0103\u021bii unor provoc\u0103ri ruse\u0219ti realizate chiar cu drone ucrainene: sistemele ruse\u0219ti de r\u0103zboi electronic pot bruia aceste aparate, le pot scoate din func\u021biune \u0219i, \u00een unele cazuri, pot prelua controlul asupra lor. Din acest motiv, sus\u021bine el, ipoteza unor opera\u021biuni menite s\u0103 discrediteze Ucraina ar trebui investigat\u0103 \u00een detaliu.<\/p>\n<div class=\"crp_related     crp-masonry\">\n<h2>\u00ceN CONTEXT<\/h2>\n<ul>\n<li><a href=\"https:\/\/r3media.ro\/intrebare-vinovati-masacru-fantana-alba\/\" class=\"crp_link post-115716\"><span class=\"crp_title\">\u00centrebarea care nu se pune: CINE a organizat masacrul de la F\u00e2nt\u00e2na Alb\u0103 \u00eempotriva rom\u00e2nilor?<\/span><\/a><\/li>\n<li><a href=\"https:\/\/r3media.ro\/nicusor-dan-kiev-volodimir-zelenski\/\" class=\"crp_link post-119383\"><span class=\"crp_title\">Nicu\u0219or Dan se va deplasa la Kiev pentru o \u00eent\u00e2lnire cu Volodimir Zelenski<\/span><\/a><\/li>\n<li><a href=\"https:\/\/r3media.ro\/kelemen-hunor-pretul-combustibilului-trece-10-lei-litru-atunci-trebuie-interventie\/\" class=\"crp_link post-115499\"><span class=\"crp_title\">Kelemen Hunor: Dac\u0103 pre\u021bul combustibilului trece de 10 lei pe litru, atunci trebuie o\u2026<\/span><\/a><\/li>\n<li><a href=\"https:\/\/r3media.ro\/mihail-neamtu-oblgatie-romania\/\" class=\"crp_link post-120174\"><span class=\"crp_title\">Mihail Neam\u021bu: Suntem o \u021bar\u0103 mic\u0103, iar singura obliga\u021bie a politicienilor de la Bucure\u0219ti e\u2026<\/span><\/a><\/li>\n<li><a href=\"https:\/\/r3media.ro\/citeste-aici-ca-sa-afli-de-ce-platesti-atat-de-mult-la-pompa\/\" class=\"crp_link post-115681\"><span class=\"crp_title\">Cite\u0219te aici ca s\u0103 afli de ce pl\u0103te\u0219ti at\u00e2t de mult la pomp\u0103<\/span><\/a><\/li>\n<li><a href=\"https:\/\/r3media.ro\/calendarul-zilei-1-aprilie-masacrul-de-la-fantana-alba-katyn-ul-romanesc\/\" class=\"crp_link post-17429\"><span class=\"crp_title\">Calendarul zilei 1 aprilie: 85 de ani de la Masacrul de la F\u00e2nt\u00e2na Alb\u0103, \u201eKatyn-ul rom\u00e2nesc\u201d<\/span><\/a><\/li>\n<li><a href=\"https:\/\/r3media.ro\/etnic-roman-probleme-psihice-mobilizare-fortata-ucraina\/\" class=\"crp_link post-116791\"><span class=\"crp_title\">Un etnic rom\u00e2n cu probleme psihice grave a fost mobilizat for\u021bat \u0219i trimis pe front de c\u0103tre\u2026<\/span><\/a><\/li>\n<li><a href=\"https:\/\/r3media.ro\/prof-dan-dungaciu-romania-ajutor-ucraina-republica-moldova\/\" class=\"crp_link post-120014\"><span class=\"crp_title\">Prof. Dan Dungaciu: Rom\u00e2nia s\u0103 nu mai ajute financiar Ucraina \u0219i Republica Moldova<\/span><\/a><\/li>\n<\/ul>\n<\/div>\n<\/div>\n<\/div>\n<div class=\"td_block_wrap tdb_single_tags tdi_19 td-pb-border-top td_block_template_1\" data-td-block-uid=\"tdi_19\">\n<div class=\"tdb-block-inner td-fix-index\">\n<ul class=\"tdb-tags\">\n<li><span>SUBIECTE FIERBIN\u021aI<\/span><\/li>\n<li><a href=\"https:\/\/r3media.ro\/tag\/pret-benzina\/\">pre\u021b benzin\u0103<\/a><\/li>\n<li><a href=\"https:\/\/r3media.ro\/tag\/pret-motorina\/\">pre\u021b motorin\u0103<\/a><\/li>\n<li><a href=\"https:\/\/r3media.ro\/tag\/romania-si-ucraina\/\">romania si ucraina<\/a><\/li>\n<\/ul>\n<\/div>\n<\/div>\n<div class=\"td_block_wrap td_block_9 tdi_20 td_with_ajax_pagination td-pb-border-top td_block_template_1 td-column-2 td_block_padding td_block_bot_line\" data-td-block-uid=\"tdi_20\">\n<div class=\"td-block-title-wrap\">\n<h4 class=\"block-title td-block-title\"><span class=\"td-pulldown-size\">CITE\u0218TE MAI MULT<\/span><\/h4>\n<\/div>\n<div id=\"tdi_20\" class=\"td_block_inner\">\n<div class=\"td-block-row\">\n<div class=\"td-block-span6\">\n<div class=\"td_module_8 td_module_wrap\">\n<div class=\"item-details\">\n<h3 class=\"entry-title td-module-title\"><a href=\"https:\/\/r3media.ro\/asa-incepe-compania-openai-afirma-un-model-de-inteligenta-artificiala-a-atacat-din-proprie-initiativa-sistemele-unei-alte-companii\/\" rel=\"bookmark\" title=\"A\u0219a \u00eencepe? Compania OpenAI afirm\u0103 un model de inteligen\u021b\u0103 artificial\u0103 a ATACAT din proprie ini\u021biativ\u0103 sistemele unei alte companii\">A\u0219a \u00eencepe? Compania OpenAI afirm\u0103 un model de inteligen\u021b\u0103 artificial\u0103 a ATACAT din proprie&#8230;<\/a><\/h3>\n<div class=\"td-module-meta-info\"><a href=\"https:\/\/r3media.ro\/category\/stiri-prim-plan\/\" class=\"td-post-category\">PRIM PLAN<\/a><span class=\"td-post-author-name\"><a href=\"https:\/\/r3media.ro\/author\/teodor_stan\/\">Teodor Stan<\/a><span>&#8211;<\/span><\/span><span class=\"td-post-date\"><time class=\"entry-date updated td-module-date\" datetime=\"2026-07-22T09:10:53+03:00\">22\/07\/2026<\/time><\/span><\/div>\n<\/div>\n<\/div>\n<\/div>\n<div class=\"td-block-span6\">\n<div class=\"td_module_8 td_module_wrap\">\n<div class=\"item-details\">\n<h3 class=\"entry-title td-module-title\"><a href=\"https:\/\/r3media.ro\/episcopul-husilor-oameni-animale-therieni-degradare-progresism\/\" rel=\"bookmark\" title=\"Episcopul Hu\u0219ilor, despre oamenii care se cred animale: V\u0103 da\u021bi seama c\u00e2t\u0103 degradare uman\u0103 este? De ce? Pentru c\u0103 se \u00eencred \u00een progresism\">Episcopul Hu\u0219ilor, despre oamenii care se cred animale: V\u0103 da\u021bi seama c\u00e2t\u0103 degradare uman\u0103&#8230;<\/a><\/h3>\n<div class=\"td-module-meta-info\"><a href=\"https:\/\/r3media.ro\/category\/actualitate\/\" class=\"td-post-category\">ACTUALITATE<\/a><span class=\"td-post-author-name\"><a href=\"https:\/\/r3media.ro\/author\/radu_ursan\/\">Radu Ursan<\/a><span>&#8211;<\/span><\/span><span class=\"td-post-date\"><time class=\"entry-date updated td-module-date\" datetime=\"2026-07-21T19:30:46+03:00\">21\/07\/2026<\/time><\/span><\/div>\n<\/div>\n<\/div>\n<\/div>\n<\/div>\n<div class=\"td-block-row\">\n<div class=\"td-block-span6\">\n<div class=\"td_module_8 td_module_wrap\">\n<div class=\"item-details\">\n<h3 class=\"entry-title td-module-title\"><a href=\"https:\/\/r3media.ro\/campion-olimpic-olaf-tufte-mort-subit-50-ani\/\" rel=\"bookmark\" title=\"Campionul olimpic Olaf Tufte a murit subit la 50 de ani\">Campionul olimpic Olaf Tufte a murit subit la 50 de ani<\/a><\/h3>\n<div class=\"td-module-meta-info\"><a href=\"https:\/\/r3media.ro\/category\/featured\/\" class=\"td-post-category\">FEATURED<\/a><span class=\"td-post-author-name\"><a href=\"https:\/\/r3media.ro\/author\/oana\/\">Oana Ivan<\/a><span>&#8211;<\/span><\/span><span class=\"td-post-date\"><time class=\"entry-date updated td-module-date\" datetime=\"2026-07-22T12:11:02+03:00\">22\/07\/2026<\/time><\/span><\/div>\n<\/div>\n<\/div>\n<\/div>\n<div class=\"td-block-span6\">\n<div class=\"td_module_8 td_module_wrap\">\n<div class=\"item-details\">\n<h3 class=\"entry-title td-module-title\"><a href=\"https:\/\/r3media.ro\/explozie-incendiu-fabrica-kronospan-brasov-video\/\" rel=\"bookmark\" title=\"VIDEO | Explozie urmat\u0103 de un incendiu la fabrica Kronospan din Bra\u0219ov. \u00cen timp ce pompierii \u00eencercau s\u0103 sting\u0103 focul s-a produs o alt\u0103 explozie\">VIDEO | Explozie urmat\u0103 de un incendiu la fabrica Kronospan din Bra\u0219ov. \u00cen timp&#8230;<\/a><\/h3>\n<div class=\"td-module-meta-info\"><a href=\"https:\/\/r3media.ro\/category\/featured\/\" class=\"td-post-category\">FEATURED<\/a><span class=\"td-post-author-name\"><a href=\"https:\/\/r3media.ro\/author\/oana\/\">Oana Ivan<\/a><span>&#8211;<\/span><\/span><span class=\"td-post-date\"><time class=\"entry-date updated td-module-date\" datetime=\"2026-07-22T10:01:28+03:00\">22\/07\/2026<\/time><\/span><\/div>\n<\/div>\n<\/div>\n<\/div>\n<\/div>\n<div class=\"td-block-row\">\n<div class=\"td-block-span6\">\n<div class=\"td_module_8 td_module_wrap\">\n<div class=\"item-details\">\n<h3 class=\"entry-title td-module-title\"><a href=\"https:\/\/r3media.ro\/video-cult-femeie-dumnezeu-mama-romania\/\" rel=\"bookmark\" title=\"VIDEO | Un cult care consider\u0103 o femeie coreean\u0103 drept \u201eDumnezeu Mama\u201d face prozeli\u021bi \u00een Rom\u00e2nia\">VIDEO | Un cult care consider\u0103 o femeie coreean\u0103 drept \u201eDumnezeu Mama\u201d face prozeli\u021bi&#8230;<\/a><\/h3>\n<div class=\"td-module-meta-info\"><a href=\"https:\/\/r3media.ro\/category\/actualitate\/\" class=\"td-post-category\">ACTUALITATE<\/a><span class=\"td-post-author-name\"><a href=\"https:\/\/r3media.ro\/author\/redactia\/\">Redac\u021bia<\/a><span>&#8211;<\/span><\/span><span class=\"td-post-date\"><time class=\"entry-date updated td-module-date\" datetime=\"2026-07-21T11:14:08+03:00\">21\/07\/2026<\/time><\/span><\/div>\n<\/div>\n<\/div>\n<\/div>\n<div class=\"td-block-span6\">\n<div class=\"td_module_8 td_module_wrap\">\n<div class=\"item-details\">\n<h3 class=\"entry-title td-module-title\"><a href=\"https:\/\/r3media.ro\/cehia-interzice-telefoanele-in-scoli\/\" rel=\"bookmark\" title=\"Cehia se preg\u0103te\u0219te s\u0103 interzic\u0103 telefoanele mobile \u00een \u0219coli\">Cehia se preg\u0103te\u0219te s\u0103 interzic\u0103 telefoanele mobile \u00een \u0219coli<\/a><\/h3>\n<div class=\"td-module-meta-info\"><a href=\"https:\/\/r3media.ro\/category\/actualitate\/\" class=\"td-post-category\">ACTUALITATE<\/a><span class=\"td-post-author-name\"><a href=\"https:\/\/r3media.ro\/author\/redactia\/\">Redac\u021bia<\/a><span>&#8211;<\/span><\/span><span class=\"td-post-date\"><time class=\"entry-date updated td-module-date\" datetime=\"2026-07-20T22:34:13+03:00\">20\/07\/2026<\/time><\/span><\/div>\n<\/div>\n<\/div>\n<\/div>\n<\/div>\n<div class=\"td-block-row\">\n<div class=\"td-block-span6\">\n<div class=\"td_module_8 td_module_wrap\">\n<div class=\"item-details\">\n<h3 class=\"entry-title td-module-title\"><a href=\"https:\/\/r3media.ro\/mihail-neamtu-oblgatie-romania\/\" rel=\"bookmark\" title=\"Mihail Neam\u021bu: Suntem o \u021bar\u0103 mic\u0103, iar singura obliga\u021bie a politicienilor de la Bucure\u0219ti e s\u0103 nu introduc\u0103 Rom\u00e2nia \u00eentr-un r\u0103zboi stupid \u0219i perdant\">Mihail Neam\u021bu: Suntem o \u021bar\u0103 mic\u0103, iar singura obliga\u021bie a politicienilor de la Bucure\u0219ti&#8230;<\/a><\/h3>\n<div class=\"td-module-meta-info\"><a href=\"https:\/\/r3media.ro\/category\/actualitate\/\" class=\"td-post-category\">ACTUALITATE<\/a><span class=\"td-post-author-name\"><a href=\"https:\/\/r3media.ro\/author\/redactia\/\">Redac\u021bia<\/a><span>&#8211;<\/span><\/span><span class=\"td-post-date\"><time class=\"entry-date updated td-module-date\" datetime=\"2026-07-20T22:01:16+03:00\">20\/07\/2026<\/time><\/span><\/div>\n<\/div>\n<\/div>\n<\/div>\n<div class=\"td-block-span6\">\n<div class=\"td_module_8 td_module_wrap\">\n<div class=\"item-details\">\n<h3 class=\"entry-title td-module-title\"><a href=\"https:\/\/r3media.ro\/petrisor-peiu-conditii-aur-vot-guvernul-vestea-nicusor-dan-solutii-bunastare-romani\/\" rel=\"bookmark\" title=\"Condi\u021biile AUR pentru a vota Guvernul Ve\u0219tea. Petri\u0219or Peiu propune solu\u021bii clare pentru bun\u0103starea rom\u00e2nilor\">Condi\u021biile AUR pentru a vota Guvernul Ve\u0219tea. Petri\u0219or Peiu propune solu\u021bii clare pentru bun\u0103starea&#8230;<\/a><\/h3>\n<div class=\"td-module-meta-info\"><a href=\"https:\/\/r3media.ro\/category\/stiri\/\" class=\"td-post-category\">\u0218TIRI<\/a><span class=\"td-post-author-name\"><a href=\"https:\/\/r3media.ro\/author\/oana\/\">Oana Ivan<\/a><span>&#8211;<\/span><\/span><span class=\"td-post-date\"><time class=\"entry-date updated td-module-date\" datetime=\"2026-06-17T10:10:31+03:00\">17\/06\/2026<\/time><\/span><\/div>\n<\/div>\n<\/div>\n<\/div>\n<\/div>\n<div class=\"td-block-row\">\n<div class=\"td-block-span6\">\n<div class=\"td_module_8 td_module_wrap\">\n<div class=\"item-details\">\n<h3 class=\"entry-title td-module-title\"><a href=\"https:\/\/r3media.ro\/mihail-neamtu-neeuropeana-imperiu-birocrati-bruxelles-inarmarea-germaniei\/\" rel=\"bookmark\" title=\"EXCLUSIVITATE Mihail Neam\u021bu: Exist\u0103 o tendin\u021b\u0103 neeuropean\u0103 de a se crea un imperiu condus de birocra\u021bi de la Bruxelles \/ Pericolul \u00eenarm\u0103rii Germaniei\">EXCLUSIVITATE Mihail Neam\u021bu: Exist\u0103 o tendin\u021b\u0103 neeuropean\u0103 de a se crea un imperiu condus&#8230;<\/a><\/h3>\n<div class=\"td-module-meta-info\"><a href=\"https:\/\/r3media.ro\/category\/stiri\/\" class=\"td-post-category\">\u0218TIRI<\/a><span class=\"td-post-author-name\"><a href=\"https:\/\/r3media.ro\/author\/oana\/\">Oana Ivan<\/a><span>&#8211;<\/span><\/span><span class=\"td-post-date\"><time class=\"entry-date updated td-module-date\" datetime=\"2026-06-22T09:02:12+03:00\">22\/06\/2026<\/time><\/span><\/div>\n<\/div>\n<\/div>\n<\/div>\n<div class=\"td-block-span6\">\n<div class=\"td_module_8 td_module_wrap\">\n<div class=\"item-details\">\n<h3 class=\"entry-title td-module-title\"><a href=\"https:\/\/r3media.ro\/spania-invinge-argentina-castiga-cupa-mondiala\/\" rel=\"bookmark\" title=\"Spania a \u00eenvins Argentina \u0219i a c\u00e2\u0219tigat Cupa Mondial\u0103 pentru a doua oar\u0103 \u00een istorie\">Spania a \u00eenvins Argentina \u0219i a c\u00e2\u0219tigat Cupa Mondial\u0103 pentru a doua oar\u0103 \u00een&#8230;<\/a><\/h3>\n<div class=\"td-module-meta-info\"><a href=\"https:\/\/r3media.ro\/category\/actualitate\/\" class=\"td-post-category\">ACTUALITATE<\/a><span class=\"td-post-author-name\"><a href=\"https:\/\/r3media.ro\/author\/oana\/\">Oana Ivan<\/a><span>&#8211;<\/span><\/span><span class=\"td-post-date\"><time class=\"entry-date updated td-module-date\" datetime=\"2026-07-20T01:04:07+03:00\">20\/07\/2026<\/time><\/span><\/div>\n<\/div>\n<\/div>\n<\/div>\n<\/div>\n<div class=\"td-block-row\">\n<div class=\"td-block-span6\">\n<div class=\"td_module_8 td_module_wrap\">\n<div class=\"item-details\">\n<h3 class=\"entry-title td-module-title\"><a href=\"https:\/\/r3media.ro\/prapad-busteni-valea-prahovei-statiuni-ploi-viitura-oameni-raniti-masini-avariate-case-inundate\/\" rel=\"bookmark\" title=\"VIDEO | Pr\u0103p\u0103d la Bu\u0219teni! Ploile au cauzat o viitur\u0103 care a m\u0103turat tot \u00een cale \u00een sta\u021biunile de pe valea Prahovei: oameni r\u0103ni\u021bi, ma\u0219ini avariate \u0219i locuin\u021be inundate\">VIDEO | Pr\u0103p\u0103d la Bu\u0219teni! Ploile au cauzat o viitur\u0103 care a m\u0103turat tot&#8230;<\/a><\/h3>\n<div class=\"td-module-meta-info\"><a href=\"https:\/\/r3media.ro\/category\/actualitate\/\" class=\"td-post-category\">ACTUALITATE<\/a><span class=\"td-post-author-name\"><a href=\"https:\/\/r3media.ro\/author\/oana\/\">Oana Ivan<\/a><span>&#8211;<\/span><\/span><span class=\"td-post-date\"><time class=\"entry-date updated td-module-date\" datetime=\"2026-07-19T19:07:45+03:00\">19\/07\/2026<\/time><\/span><\/div>\n<\/div>\n<\/div>\n<\/div>\n<div class=\"td-block-span6\">\n<div class=\"td_module_8 td_module_wrap\">\n<div class=\"item-details\">\n<h3 class=\"entry-title td-module-title\"><a href=\"https:\/\/r3media.ro\/parinte-adrian-agachi-reactie-declaratii-ora-de-religie-corina-atanasiu-usr-totalitarism\/\" rel=\"bookmark\" title=\"P\u0103rintele Adrian Agachi a reac\u021bionat la afirma\u021biile despre ora de Religie f\u0103cute de Corina Atanasiu (USR): E inadmisibil s\u0103 ne \u00eentoarcem la discursuri totalitare. Scuzele ar fi absolut necesare\">P\u0103rintele Adrian Agachi a reac\u021bionat la afirma\u021biile despre ora de Religie f\u0103cute de Corina&#8230;<\/a><\/h3>\n<div class=\"td-module-meta-info\"><a href=\"https:\/\/r3media.ro\/category\/actualitate\/\" class=\"td-post-category\">ACTUALITATE<\/a><span class=\"td-post-author-name\"><a href=\"https:\/\/r3media.ro\/author\/oana\/\">Oana Ivan<\/a><span>&#8211;<\/span><\/span><span class=\"td-post-date\"><time class=\"entry-date updated td-module-date\" datetime=\"2026-07-19T02:45:37+03:00\">19\/07\/2026<\/time><\/span><\/div>\n<\/div>\n<\/div>\n<\/div>\n<\/div>\n<\/div>\n<div class=\"td-load-more-wrap td-load-more-infinite-wrap\" id=\"infinite-lm-tdi_20\"><a href=\"https:\/\/r3media.ro\/romania-in-fata-unei-crize-a-combustibilului-dupa-atacurile-ucrainene-cu-drone-asupra-petrolierelor\/\" class=\"td_ajax_load_more td_ajax_load_more_js\" aria-label=\"\u00cenc\u0103rca\u021bi mai multe\" id=\"next-page-tdi_20\" data-td_block_id=\"tdi_20\">\u00cenc\u0103rca\u021bi mai multe<\/a><\/div>\n<\/div>\n<div class=\"td_block_wrap tdb_single_comments tdi_21 tdb-comm-layout2 td-pb-border-top td_block_template_1\" data-td-block-uid=\"tdi_21\">\n<div class=\"tdb-block-inner td-fix-index\">\n<div class=\"comments\" id=\"comments\">\n<div id=\"respond\" class=\"comment-respond\">\n<h3 id=\"reply-title\" class=\"comment-reply-title\">AI CEVA DE SPUS? <small><a rel=\"nofollow\" id=\"cancel-comment-reply-link\" href=\"https:\/\/r3media.ro\/romania-in-fata-unei-crize-a-combustibilului-dupa-atacurile-ucrainene-cu-drone-asupra-petrolierelor\/#respond\">Renun\u021ba\u021bi la r\u0103spuns<\/a><\/small><\/h3>\n<div class=\"comment-form-input-wrap td-form-comment\">\n<div class=\"td-warning-comment\">V\u0103 rug\u0103m s\u0103 introduce\u021bi comentariul dvs.!<\/div>\n<\/div>\n<div class=\"comment-form-input-wrap td-form-author\">\n<div class=\"td-warning-author\">Introduce\u021bi aici numele dvs.<\/div>\n<\/div>\n<div class=\"comment-form-input-wrap td-form-email\">\n<div class=\"td-warning-email-error\">A\u021bi introdus o adres\u0103 de e-mail incorect\u0103!<\/div>\n<div class=\"td-warning-email\">V\u0103 rug\u0103m s\u0103 introduce\u021bi adresa dvs. de e-mail aici<\/div>\n<\/div>\n<\/div>\n<\/div>\n<\/div>\n<\/div>\n<\/div>\n<\/div>\n<div class=\"vc_column tdi_23  wpb_column vc_column_container tdc-column td-pb-span4 td-is-sticky\">\n<div class=\"wpb_wrapper\" data-sticky-enabled-on=\"W3RydWUsdHJ1ZSx0cnVlLHRydWVd\" data-sticky-offset=\"20\" data-sticky-is-width-auto=\"W2ZhbHNlLGZhbHNlLGZhbHNlLGZhbHNlXQ==\">\n<div class=\"wpb_wrapper td_block_wrap vc_widget_sidebar tdi_25 \">\n<div class=\"td_block_wrap td_block_7 td_block_widget tdi_26 td-pb-border-top td_block_template_1 td-column-1 td_block_padding\" data-td-block-uid=\"tdi_26\">\n<div class=\"td-block-title-wrap\">\n<h4 class=\"block-title td-block-title\"><span class=\"td-pulldown-size\">Articole RELA\u021aIONATE<\/span><\/h4>\n<\/div>\n<div id=\"tdi_26\" class=\"td_block_inner\">\n<div class=\"td-block-span12\">\n<div class=\"td_module_6 td_module_wrap td-animation-stack\">\n<div class=\"td-module-thumb\"><a href=\"https:\/\/r3media.ro\/noua-intelegere-germania-unda-verde-proiect-colaborare-rusia-domeniu-nuclear\/\" rel=\"bookmark\" class=\"td-image-wrap \" title=\"O nou\u0103 \u00een\u021belegere? Germania a dat und\u0103 verde unei colabor\u0103ri cu Rusia \u00een domeniul nuclear\"><img loading=\"lazy\" decoding=\"async\" class=\"entry-thumb\" src=\"https:\/\/r3media.ro\/wp-content\/uploads\/2026\/07\/oameni-care-isi-strang-mainile-100x70.jpg\" alt title=\"O nou\u0103 \u00een\u021belegere? Germania a dat und\u0103 verde unei colabor\u0103ri cu Rusia \u00een domeniul nuclear\" width=\"100\" height=\"70\"><\/a><\/div>\n<div class=\"item-details\">\n<h3 class=\"entry-title td-module-title\"><a href=\"https:\/\/r3media.ro\/noua-intelegere-germania-unda-verde-proiect-colaborare-rusia-domeniu-nuclear\/\" rel=\"bookmark\" title=\"O nou\u0103 \u00een\u021belegere? Germania a dat und\u0103 verde unei colabor\u0103ri cu Rusia \u00een domeniul nuclear\">O nou\u0103 \u00een\u021belegere? Germania a dat und\u0103 verde unei colabor\u0103ri cu&#8230;<\/a><\/h3>\n<div class=\"td-module-meta-info\"><span class=\"td-post-date\"><time class=\"entry-date updated td-module-date\" datetime=\"2026-07-22T23:55:16+03:00\">22\/07\/2026<\/time><\/span><\/div>\n<\/div>\n<\/div>\n<\/div>\n<div class=\"td-block-span12\">\n<div class=\"td_module_6 td_module_wrap td-animation-stack\">\n<div class=\"td-module-thumb\"><a href=\"https:\/\/r3media.ro\/23-iulie-aducerea-moastelor-sfantului-sfintit-mucenic-foca-sfintii-mucenici-apolinarie-vitalie-si-valeria\/\" rel=\"bookmark\" class=\"td-image-wrap \" title=\"Calendarul zilei 23 iulie: Aducerea moa\u015ftelor Sf\u00e2ntului Sfin\u0163it Mucenic Foca; Sfin\u0163ii Mucenici Apolinarie, Vitalie \u015fi Valeria\"><img loading=\"lazy\" decoding=\"async\" class=\"entry-thumb\" src=\"https:\/\/r3media.ro\/wp-content\/uploads\/2024\/07\/aducerea-moastelor-sfantului-sfintit-mucenic-foca-sfintii-mucenici-apolinarie-vitalie-si-valeria-178050-100x70.jpg\" alt title=\"Calendarul zilei 23 iulie: Aducerea moa\u015ftelor Sf\u00e2ntului Sfin\u0163it Mucenic Foca; Sfin\u0163ii Mucenici Apolinarie, Vitalie \u015fi Valeria\" width=\"100\" height=\"70\"><\/a><\/div>\n<div class=\"item-details\">\n<h3 class=\"entry-title td-module-title\"><a href=\"https:\/\/r3media.ro\/23-iulie-aducerea-moastelor-sfantului-sfintit-mucenic-foca-sfintii-mucenici-apolinarie-vitalie-si-valeria\/\" rel=\"bookmark\" title=\"Calendarul zilei 23 iulie: Aducerea moa\u015ftelor Sf\u00e2ntului Sfin\u0163it Mucenic Foca; Sfin\u0163ii Mucenici Apolinarie, Vitalie \u015fi Valeria\">Calendarul zilei 23 iulie: Aducerea moa\u015ftelor Sf\u00e2ntului Sfin\u0163it Mucenic Foca; Sfin\u0163ii&#8230;<\/a><\/h3>\n<div class=\"td-module-meta-info\"><span class=\"td-post-date\"><time class=\"entry-date updated td-module-date\" datetime=\"2026-07-22T21:24:00+03:00\">22\/07\/2026<\/time><\/span><\/div>\n<\/div>\n<\/div>\n<\/div>\n<div class=\"td-block-span12\">\n<div class=\"td_module_6 td_module_wrap td-animation-stack\">\n<div class=\"td-module-thumb\"><a href=\"https:\/\/r3media.ro\/catre-toti-cei-care-intretin-aceasta-stare-de-dezbinare-intre-suveranisti-din-ignoranta-prostie-mandrie-dar-si-multa-necredinta\/\" rel=\"bookmark\" class=\"td-image-wrap \" title=\"C\u0103tre to\u021bi cei care \u00eentre\u021bin aceast\u0103 stare de dezbinare \u00eentre suverani\u0219ti, din ignoran\u021b\u0103, prostie, m\u00e2ndrie dar \u0219i mult\u0103 necredin\u021b\u0103\"><img loading=\"lazy\" decoding=\"async\" class=\"entry-thumb\" src=\"https:\/\/r3media.ro\/wp-content\/uploads\/2021\/11\/tricolor-mana-pe-pamant-620x400-1-100x70.jpg\" alt title=\"C\u0103tre to\u021bi cei care \u00eentre\u021bin aceast\u0103 stare de dezbinare \u00eentre suverani\u0219ti, din ignoran\u021b\u0103, prostie, m\u00e2ndrie dar \u0219i mult\u0103 necredin\u021b\u0103\" width=\"100\" height=\"70\"><\/a><\/div>\n<div class=\"item-details\">\n<h3 class=\"entry-title td-module-title\"><a href=\"https:\/\/r3media.ro\/catre-toti-cei-care-intretin-aceasta-stare-de-dezbinare-intre-suveranisti-din-ignoranta-prostie-mandrie-dar-si-multa-necredinta\/\" rel=\"bookmark\" title=\"C\u0103tre to\u021bi cei care \u00eentre\u021bin aceast\u0103 stare de dezbinare \u00eentre suverani\u0219ti, din ignoran\u021b\u0103, prostie, m\u00e2ndrie dar \u0219i mult\u0103 necredin\u021b\u0103\">C\u0103tre to\u021bi cei care \u00eentre\u021bin aceast\u0103 stare de dezbinare \u00eentre suverani\u0219ti,&#8230;<\/a><\/h3>\n<div class=\"td-module-meta-info\"><span class=\"td-post-date\"><time class=\"entry-date updated td-module-date\" datetime=\"2026-07-22T17:17:44+03:00\">22\/07\/2026<\/time><\/span><\/div>\n<\/div>\n<\/div>\n<\/div>\n<div class=\"td-block-span12\">\n<div class=\"td_module_6 td_module_wrap td-animation-stack\">\n<div class=\"td-module-thumb\"><a href=\"https:\/\/r3media.ro\/presiunile-n-au-avut-succes-primaria-nu-a-avizat-marsul-homosexualitatii-la-oradea-pentru-al-patrulea-an-consecutiv\/\" rel=\"bookmark\" class=\"td-image-wrap \" title=\"Presiunile n-au avut succes: Prim\u0103ria NU a avizat mar\u0219ul homosexualit\u0103\u021bii la Oradea, pentru al patrulea an consecutiv\"><img loading=\"lazy\" decoding=\"async\" class=\"entry-thumb\" src=\"https:\/\/r3media.ro\/wp-content\/uploads\/2026\/07\/primaria-oradea-magnolie-bihoreanul-100x70.jpg\" alt title=\"Presiunile n-au avut succes: Prim\u0103ria NU a avizat mar\u0219ul homosexualit\u0103\u021bii la Oradea, pentru al patrulea an consecutiv\" width=\"100\" height=\"70\"><\/a><\/div>\n<div class=\"item-details\">\n<h3 class=\"entry-title td-module-title\"><a href=\"https:\/\/r3media.ro\/presiunile-n-au-avut-succes-primaria-nu-a-avizat-marsul-homosexualitatii-la-oradea-pentru-al-patrulea-an-consecutiv\/\" rel=\"bookmark\" title=\"Presiunile n-au avut succes: Prim\u0103ria NU a avizat mar\u0219ul homosexualit\u0103\u021bii la Oradea, pentru al patrulea an consecutiv\">Presiunile n-au avut succes: Prim\u0103ria NU a avizat mar\u0219ul homosexualit\u0103\u021bii la&#8230;<\/a><\/h3>\n<div class=\"td-module-meta-info\"><span class=\"td-post-date\"><time class=\"entry-date updated td-module-date\" datetime=\"2026-07-22T17:06:31+03:00\">22\/07\/2026<\/time><\/span><\/div>\n<\/div>\n<\/div>\n<\/div>\n<div class=\"td-block-span12\">\n<div class=\"td_module_6 td_module_wrap td-animation-stack\">\n<div class=\"td-module-thumb\"><a href=\"https:\/\/r3media.ro\/campion-olimpic-olaf-tufte-mort-subit-50-ani\/\" rel=\"bookmark\" class=\"td-image-wrap \" title=\"Campionul olimpic Olaf Tufte a murit subit la 50 de ani\"><img loading=\"lazy\" decoding=\"async\" class=\"entry-thumb\" src=\"https:\/\/r3media.ro\/wp-content\/uploads\/2026\/07\/olaf-tufte-100x70.jpg\" alt title=\"Campionul olimpic Olaf Tufte a murit subit la 50 de ani\" width=\"100\" height=\"70\"><\/a><\/div>\n<div class=\"item-details\">\n<h3 class=\"entry-title td-module-title\"><a href=\"https:\/\/r3media.ro\/campion-olimpic-olaf-tufte-mort-subit-50-ani\/\" rel=\"bookmark\" title=\"Campionul olimpic Olaf Tufte a murit subit la 50 de ani\">Campionul olimpic Olaf Tufte a murit subit la 50 de ani<\/a><\/h3>\n<div class=\"td-module-meta-info\"><span class=\"td-post-date\"><time class=\"entry-date updated td-module-date\" datetime=\"2026-07-22T12:11:02+03:00\">22\/07\/2026<\/time><\/span><\/div>\n<\/div>\n<\/div>\n<\/div>\n<div class=\"td-block-span12\">\n<div class=\"td_module_6 td_module_wrap td-animation-stack\">\n<div class=\"td-module-thumb\"><a href=\"https:\/\/r3media.ro\/epava-avionul-pan-am-descoperita-74-ani-video\/\" rel=\"bookmark\" class=\"td-image-wrap \" title=\"VIDEO | Epava avionului Pan Am a fost descoperit\u0103 dup\u0103 74 de ani\"><img loading=\"lazy\" decoding=\"async\" class=\"entry-thumb\" src=\"https:\/\/r3media.ro\/wp-content\/uploads\/2026\/07\/avion-care-zboara-100x70.jpg\" alt title=\"VIDEO | Epava avionului Pan Am a fost descoperit\u0103 dup\u0103 74 de ani\" width=\"100\" height=\"70\"><\/a><\/div>\n<div class=\"item-details\">\n<h3 class=\"entry-title td-module-title\"><a href=\"https:\/\/r3media.ro\/epava-avionul-pan-am-descoperita-74-ani-video\/\" rel=\"bookmark\" title=\"VIDEO | Epava avionului Pan Am a fost descoperit\u0103 dup\u0103 74 de ani\">VIDEO | Epava avionului Pan Am a fost descoperit\u0103 dup\u0103 74&#8230;<\/a><\/h3>\n<div class=\"td-module-meta-info\"><span class=\"td-post-date\"><time class=\"entry-date updated td-module-date\" datetime=\"2026-07-22T11:17:40+03:00\">22\/07\/2026<\/time><\/span><\/div>\n<\/div>\n<\/div>\n<\/div>\n<div class=\"td-block-span12\">\n<div class=\"td_module_6 td_module_wrap td-animation-stack\">\n<div class=\"td-module-thumb\"><a href=\"https:\/\/r3media.ro\/prof-vlad-muresan-florentin-tuca-progres-regres-final-libertate\/\" rel=\"bookmark\" class=\"td-image-wrap \" title=\"VIDEO | Prof. Vlad Mure\u0219an, \u00een dialog cu Florentin \u021auca despre progres, ca \u201eregres final\u201d: Libertatea se pierde \u00eentr-o genera\u021bie\"><img loading=\"lazy\" decoding=\"async\" class=\"entry-thumb\" src=\"https:\/\/r3media.ro\/wp-content\/uploads\/2026\/07\/vlad-muresan-florentin-tuca-100x70.jpg\" alt title=\"VIDEO | Prof. Vlad Mure\u0219an, \u00een dialog cu Florentin \u021auca despre progres, ca \u201eregres final\u201d: Libertatea se pierde \u00eentr-o genera\u021bie\" width=\"100\" height=\"70\"><\/a><\/div>\n<div class=\"item-details\">\n<h3 class=\"entry-title td-module-title\"><a href=\"https:\/\/r3media.ro\/prof-vlad-muresan-florentin-tuca-progres-regres-final-libertate\/\" rel=\"bookmark\" title=\"VIDEO | Prof. Vlad Mure\u0219an, \u00een dialog cu Florentin \u021auca despre progres, ca \u201eregres final\u201d: Libertatea se pierde \u00eentr-o genera\u021bie\">VIDEO | Prof. Vlad Mure\u0219an, \u00een dialog cu Florentin \u021auca despre&#8230;<\/a><\/h3>\n<div class=\"td-module-meta-info\"><span class=\"td-post-date\"><time class=\"entry-date updated td-module-date\" datetime=\"2026-07-22T11:14:21+03:00\">22\/07\/2026<\/time><\/span><\/div>\n<\/div>\n<\/div>\n<\/div>\n<\/div>\n<\/div>\n<aside class=\"td_block_template_1 widget widget_recent_comments\">\n<h4 class=\"block-title\"><span>INTR\u0102 \u00ceN DISCU\u021aIE!<\/span><\/h4>\n<ul id=\"recentcomments\">\n<li class=\"recentcomments\"><span class=\"comment-author-link\">Sumen<\/span> la <a href=\"https:\/\/r3media.ro\/deznationala-frantei-a-invins-franta\/#comment-40297\">Dezna\u021bionala Fran\u021bei a \u00eenvins Fran\u021ba \u00a0\u00a0<\/a><\/li>\n<li class=\"recentcomments\"><span class=\"comment-author-link\">Decebal<\/span> la <a href=\"https:\/\/r3media.ro\/video-cult-femeie-dumnezeu-mama-romania\/#comment-40295\">VIDEO | Un cult care consider\u0103 o femeie coreean\u0103 drept \u201eDumnezeu Mama\u201d face prozeli\u021bi \u00een Rom\u00e2nia<\/a><\/li>\n<li class=\"recentcomments\"><span class=\"comment-author-link\">Nicu<\/span> la <a href=\"https:\/\/r3media.ro\/nicusor-dan-in-cursul-noptii-trecute-o-nava-sub-pavilion-liberian-a-fost-lovita-in-afara-apelor-teritoriale-ale-romaniei-la-20-de-mile-marine-de-tarmul-romanesc\/#comment-40294\">Nicu\u0219or Dan: \u00cen cursul nop\u0163ii trecute, o nav\u0103 sub pavilion liberian a fost lovit\u0103 \u00een afara apelor teritoriale ale Rom\u00e2niei, la 20 de mile marine de \u0163\u0103rmul rom\u00e2nesc<\/a><\/li>\n<li class=\"recentcomments\"><span class=\"comment-author-link\">E.T.<\/span> la <a href=\"https:\/\/r3media.ro\/mihail-neamtu-oblgatie-romania\/#comment-40293\">Mihail Neam\u021bu: Suntem o \u021bar\u0103 mic\u0103, iar singura obliga\u021bie a politicienilor de la Bucure\u0219ti e s\u0103 nu introduc\u0103 Rom\u00e2nia \u00eentr-un r\u0103zboi stupid \u0219i perdant<\/a><\/li>\n<li class=\"recentcomments\"><span class=\"comment-author-link\">Ion<\/span> la <a href=\"https:\/\/r3media.ro\/nicusor-dan-in-cursul-noptii-trecute-o-nava-sub-pavilion-liberian-a-fost-lovita-in-afara-apelor-teritoriale-ale-romaniei-la-20-de-mile-marine-de-tarmul-romanesc\/#comment-40292\">Nicu\u0219or Dan: \u00cen cursul nop\u0163ii trecute, o nav\u0103 sub pavilion liberian a fost lovit\u0103 \u00een afara apelor teritoriale ale Rom\u00e2niei, la 20 de mile marine de \u0163\u0103rmul rom\u00e2nesc<\/a><\/li>\n<li class=\"recentcomments\"><span class=\"comment-author-link\">Mihaela<\/span> la <a href=\"https:\/\/r3media.ro\/candidat-barbat-partidul-democrat-sua-menstruatie-sangerare-rect\/#comment-40291\">VIDEO | Un b\u0103rbat care candideaz\u0103 de la Partidul Democrat din SUA ar fi sus\u021binut c\u0103 are menstrua\u021bie \u0219i elimin\u0103 s\u00e2ngele prin rect<\/a><\/li>\n<li class=\"recentcomments\"><span class=\"comment-author-link\">Nicu<\/span> la <a href=\"https:\/\/r3media.ro\/mihail-neamtu-oblgatie-romania\/#comment-40290\">Mihail Neam\u021bu: Suntem o \u021bar\u0103 mic\u0103, iar singura obliga\u021bie a politicienilor de la Bucure\u0219ti e s\u0103 nu introduc\u0103 Rom\u00e2nia \u00eentr-un r\u0103zboi stupid \u0219i perdant<\/a><\/li>\n<\/ul>\n<\/aside>\n<aside class=\"td_block_template_1 widget widget_search\">\n<h4 class=\"block-title\"><span>CAUT\u0102 \u0218I VEI G\u0102SI<\/span><\/h4>\n<\/aside>\n<\/div>\n<\/div>\n<\/div>\n<\/div>\n<\/div>\n<\/div>\n<\/div>\n<p><span class=\"td-page-meta\"><\/span><span class=\"td-page-meta\"><span class=\"td-page-meta\"><\/span><\/span><span class=\"td-page-meta\"><\/span><\/article>\n<\/p>\n<div class=\"td_block_wrap tdb_single_content tdi_18 td-pb-border-top td_block_template_1 td-post-content tagdiv-type\" data-td-block-uid=\"tdi_18\">\n<div class=\"tdb-block-inner td-fix-index\">\n<p><strong>Oprirea livr\u0103rilor de \u021bi\u021bei din Kazahstan, dup\u0103 atacurile ucrainene cu drone asupra petrolierelor ar arunca pia\u021ba intern\u0103 \u00eentr-o criz\u0103: aceast\u0103 surs\u0103 acoper\u0103 circa 65% din importurile Rom\u00e2niei \u0219i peste jum\u0103tate din consumul de materie prim\u0103 al tuturor rafin\u0103riilor din \u021bar\u0103. Ministerul Energiei afirm\u0103 c\u0103 lucreaz\u0103 deja la identificarea unor surse alternative de aprovizionare, scrie <a href=\"https:\/\/www.profit.ro\/povesti-cu-profit\/auto-transporturi\/alerta-in-benzinarii-guvernantii-cauta-impreuna-cu-operatorii-in-special-rompetrol-solutii-alternative-de-aprovizionare-cu-titei-ca-urmare-a-stoparii-livrarilor-kazahe-prin-portul-rus-novorosisk-22528062\" target=\"_blank\" rel=\"noopener\">Profit.ro.<\/a><\/strong><\/p>\n<p>Potrivit institu\u021biei, Rompetrol \u2013 principalul beneficiar local al petrolului kazah \u2013 a transmis asigur\u0103ri c\u0103 va lua toate m\u0103surile pentru a compensa un eventual deficit \u0219i pentru a men\u021bine continuitatea aprovizion\u0103rii, \u00een cazul unei reduceri a produc\u021biei sau a volumelor livrate.<\/p>\n<h2>De ce conteaz\u0103<\/h2>\n<p>Compania de stat kazah\u0103 KazMunayGaz este principalul ac\u021bionar al Petromidia, cea mai mare rafin\u0103rie din Rom\u00e2nia, cu o capacitate de 5,9 milioane de tone pe an \u2013 adic\u0103 46,3% din capacitatea total\u0103 de procesare a \u021b\u0103rii. Unitatea se alimenteaz\u0103 preponderent cu \u021bi\u021bei exportat prin terminalul CPC de la Novorossiysk.<\/p>\n<p>Situa\u021bia nu se limiteaz\u0103 la un singur operator: \u0219i principalul competitor, rafin\u0103ria Petrobrazi a OMV Petrom, care import\u0103 aproximativ o treime din \u021bi\u021beiul prelucrat, folose\u0219te \u00een principal materie prim\u0103 kazah\u0103 \u0219i azer\u0103.<\/p>\n<p>Efectele se v\u0103d deja la pomp\u0103. Miercuri, unii distribuitori au operat dou\u0103 scumpiri \u00eentr-o singur\u0103 zi: benzina a ajuns la doi-trei bani sub pragul de 9 lei\/litru, iar motorina se apropie rapid de 10 lei\/litru.<\/p>\n<h2>Ce s-a \u00eent\u00e2mplat \u00een Marea Neagr\u0103<\/h2>\n<p>Terminalul CPC din portul rusesc Novorossiysk a \u00eencetat s\u0103 mai preia petrol kazah, dup\u0103 ce luni a suspendat opera\u021biunile de \u00eenc\u0103rcare din cauza atacurilor asupra petrolierelor, au declarat pentru Reuters trei surse din industrie.<\/p>\n<p>Dou\u0103 dintre surse au precizat c\u0103 rezervoarele terminalului sunt pline, iar blocajul real vine din reticen\u021ba armatorilor de a mai traversa Marea Neagr\u0103 dup\u0103 atacurile cu drone asupra navelor \u2013 incidente care au dus la cre\u0219terea primelor de asigurare \u0219i, implicit, a costurilor de transport. Datele Reuters arat\u0103 c\u0103 cel pu\u021bin dou\u0103 petroliere care urmau s\u0103 \u00eencarce la CPC \u0219i-au schimbat ruta. Prin acest terminal trec circa 80% din exporturile de petrol ale Kazahstanului.<\/p>\n<p>Ministerul Energiei nu exclude un impact asupra pre\u021burilor la pomp\u0103 dac\u0103 blocajul se prelunge\u0219te \u0219i spune c\u0103 analizeaz\u0103 mai multe scenarii de evolu\u021bie, precum \u0219i m\u0103suri de atenuare a efectelor. \u00cen perioada urm\u0103toare urmeaz\u0103 s\u0103 fie convocat\u0103 o reuniune cu operatorii din sectorul petrolier, pentru a evalua \u00een ce m\u0103sur\u0103 ace\u0219tia pot suplimenta volumele disponibile pe pia\u021b\u0103, potrivit TVR Info.<\/p>\n<h2>Kievul respinge acuza\u021biile<\/h2>\n<p>Ambasadorul Ucrainei la Astana, Viktor Maiko, a negat orice implicare a \u021b\u0103rii sale \u00een atacurile asupra petrolierelor care deservesc terminalul CPC. El a spus c\u0103 partea ucrainean\u0103 \u00een\u021belege \u0219i \u00eemp\u0103rt\u0103\u0219e\u0219te \u00eengrijorarea Kazahstanului privind incidentele din 17 \u0219i 19 iulie, dar a subliniat c\u0103 orice concluzie trebuie s\u0103 se sprijine exclusiv pe fapte confirmate \u0219i c\u0103, p\u00e2n\u0103 acum, nu exist\u0103 dovezi ale implic\u0103rii Ucrainei. Diplomatul a cerut evitarea acuza\u021biilor pripite, directe sau indirecte.<\/p>\n<p>Maiko a mai afirmat c\u0103 autorit\u0103\u021bile de la Kiev au avertizat recent asupra posibilit\u0103\u021bii unor provoc\u0103ri ruse\u0219ti realizate chiar cu drone ucrainene: sistemele ruse\u0219ti de r\u0103zboi electronic pot bruia aceste aparate, le pot scoate din func\u021biune \u0219i, \u00een unele cazuri, pot prelua controlul asupra lor. Din acest motiv, sus\u021bine el, ipoteza unor opera\u021biuni menite s\u0103 discrediteze Ucraina ar trebui investigat\u0103 \u00een detaliu.<\/p>\n<div class=\"crp_related     crp-masonry\">\n<h2>\u00ceN CONTEXT<\/h2>\n<ul>\n<li><a href=\"https:\/\/r3media.ro\/intrebare-vinovati-masacru-fantana-alba\/\" class=\"crp_link post-115716\"><span class=\"crp_title\">\u00centrebarea care nu se pune: CINE a organizat masacrul de la F\u00e2nt\u00e2na Alb\u0103 \u00eempotriva rom\u00e2nilor?<\/span><\/a><\/li>\n<li><a href=\"https:\/\/r3media.ro\/nicusor-dan-kiev-volodimir-zelenski\/\" class=\"crp_link post-119383\"><span class=\"crp_title\">Nicu\u0219or Dan se va deplasa la Kiev pentru o \u00eent\u00e2lnire cu Volodimir Zelenski<\/span><\/a><\/li>\n<li><a href=\"https:\/\/r3media.ro\/kelemen-hunor-pretul-combustibilului-trece-10-lei-litru-atunci-trebuie-interventie\/\" class=\"crp_link post-115499\"><span class=\"crp_title\">Kelemen Hunor: Dac\u0103 pre\u021bul combustibilului trece de 10 lei pe litru, atunci trebuie o\u2026<\/span><\/a><\/li>\n<li><a href=\"https:\/\/r3media.ro\/mihail-neamtu-oblgatie-romania\/\" class=\"crp_link post-120174\"><span class=\"crp_title\">Mihail Neam\u021bu: Suntem o \u021bar\u0103 mic\u0103, iar singura obliga\u021bie a politicienilor de la Bucure\u0219ti e\u2026<\/span><\/a><\/li>\n<li><a href=\"https:\/\/r3media.ro\/citeste-aici-ca-sa-afli-de-ce-platesti-atat-de-mult-la-pompa\/\" class=\"crp_link post-115681\"><span class=\"crp_title\">Cite\u0219te aici ca s\u0103 afli de ce pl\u0103te\u0219ti at\u00e2t de mult la pomp\u0103<\/span><\/a><\/li>\n<li><a href=\"https:\/\/r3media.ro\/calendarul-zilei-1-aprilie-masacrul-de-la-fantana-alba-katyn-ul-romanesc\/\" class=\"crp_link post-17429\"><span class=\"crp_title\">Calendarul zilei 1 aprilie: 85 de ani de la Masacrul de la F\u00e2nt\u00e2na Alb\u0103, \u201eKatyn-ul rom\u00e2nesc\u201d<\/span><\/a><\/li>\n<li><a href=\"https:\/\/r3media.ro\/etnic-roman-probleme-psihice-mobilizare-fortata-ucraina\/\" class=\"crp_link post-116791\"><span class=\"crp_title\">Un etnic rom\u00e2n cu probleme psihice grave a fost mobilizat for\u021bat \u0219i trimis pe front de c\u0103tre\u2026<\/span><\/a><\/li>\n<li><a href=\"https:\/\/r3media.ro\/prof-dan-dungaciu-romania-ajutor-ucraina-republica-moldova\/\" class=\"crp_link post-120014\"><span class=\"crp_title\">Prof. Dan Dungaciu: Rom\u00e2nia s\u0103 nu mai ajute financiar Ucraina \u0219i Republica Moldova<\/span><\/a><\/li>\n<\/ul>\n<\/div>\n<\/div>\n<\/div>\n<p>[analyse_source url=&#8221;https:\/\/r3media.ro\/romania-in-fata-unei-crize-a-combustibilului-dupa-atacurile-ucrainene-cu-drone-asupra-petrolierelor\/&#8221;]<\/p>\n","protected":false},"excerpt":{"rendered":"<p>[analyse_image type=&#8221;featured&#8221; src=&#8221;https:\/\/r3media.ro\/wp-content\/uploads\/2026\/07\/petrol-kazahstan-e1784746283431.jpghttps:\/\/r3media.ro\/wp-content\/uploads\/2026\/07\/petrol-kazahstan-e1784746283431.jpg&#8221;] ECONOMIERom\u00e2nia, \u00een fa\u021ba unei crize a combustibilului dup\u0103 atacurile ucrainene cu drone&#8230; ECONOMIEFEATURED\u0218TIRI Rom\u00e2nia, \u00een fa\u021ba unei crize a combustibilului dup\u0103 atacurile ucrainene cu drone asupra petrolierelor Redac\u021bia 22\/07\/2026 Sursa foto: Profit.ro Oprirea livr\u0103rilor de \u021bi\u021bei din Kazahstan, dup\u0103 atacurile ucrainene cu drone asupra petrolierelor ar arunca pia\u021ba intern\u0103 \u00eentr-o criz\u0103: aceast\u0103 [&hellip;]<\/p>\n","protected":false},"author":1,"featured_media":0,"comment_status":"open","ping_status":"","sticky":false,"template":"","format":"standard","meta":{"footnotes":""},"categories":[89],"tags":[226,93],"class_list":["post-2056736","post","type-post","status-publish","format-standard","hentry","category-romania","tag-crawlmanager","tag-r3media-ro"],"_links":{"self":[{"href":"https:\/\/analyse.optim.biz\/index.php?rest_route=\/wp\/v2\/posts\/2056736","targetHints":{"allow":["GET"]}}],"collection":[{"href":"https:\/\/analyse.optim.biz\/index.php?rest_route=\/wp\/v2\/posts"}],"about":[{"href":"https:\/\/analyse.optim.biz\/index.php?rest_route=\/wp\/v2\/types\/post"}],"author":[{"embeddable":true,"href":"https:\/\/analyse.optim.biz\/index.php?rest_route=\/wp\/v2\/users\/1"}],"replies":[{"embeddable":true,"href":"https:\/\/analyse.optim.biz\/index.php?rest_route=%2Fwp%2Fv2%2Fcomments&post=2056736"}],"version-history":[{"count":0,"href":"https:\/\/analyse.optim.biz\/index.php?rest_route=\/wp\/v2\/posts\/2056736\/revisions"}],"wp:attachment":[{"href":"https:\/\/analyse.optim.biz\/index.php?rest_route=%2Fwp%2Fv2%2Fmedia&parent=2056736"}],"wp:term":[{"taxonomy":"category","embeddable":true,"href":"https:\/\/analyse.optim.biz\/index.php?rest_route=%2Fwp%2Fv2%2Fcategories&post=2056736"},{"taxonomy":"post_tag","embeddable":true,"href":"https:\/\/analyse.optim.biz\/index.php?rest_route=%2Fwp%2Fv2%2Ftags&post=2056736"}],"curies":[{"name":"wp","href":"https:\/\/api.w.org\/{rel}","templated":true}]}}