{"id":2056486,"date":"2026-07-22T06:00:14","date_gmt":"2026-07-22T03:00:14","guid":{"rendered":"https:\/\/analyse.optim.biz\/?p=2056486"},"modified":"2026-07-22T06:00:14","modified_gmt":"2026-07-22T03:00:14","slug":"victoria-delta-tulcea-transfera-cinci-tineri-fotbalisti-la-cluburi-din-galati-ziarul-delta-tulcea","status":"publish","type":"post","link":"https:\/\/analyse.optim.biz\/?p=2056486","title":{"rendered":"Victoria Delta Tulcea transfer\u0103 cinci tineri fotbali\u015fti la cluburi din Gala\u0163i &#8211; Ziarul Delta Tulcea"},"content":{"rendered":"<p>[analyse_image type=&#8221;featured&#8221; src=&#8221;https:\/\/ziaruldelta.ro\/wp-content\/uploads\/2026\/07\/Victoria-Delta.jpg&#8221;]<\/p>\n<article id=\"post-37598\" class=\"module single-post-module post-37598 post type-post status-publish format-standard has-post-thumbnail hentry category-sport et-has-post-format-content et_post_format-et-post-format-standard\">\n<div class=\"post-header\">\n<h1 class=\"entry-title\">Victoria Delta Tulcea transfer\u0103 cinci tineri fotbali\u015fti la cluburi din Gala\u0163i<\/h1>\n<div class=\"post-meta vcard\">\n<p>Posted by <a href=\"https:\/\/ziaruldelta.ro\/author\/nicoleta-urmuz\/\" class=\"url fn\" title=\"Posts by Nicoleta URMUZ\" rel=\"author\">Nicoleta URMUZ<\/a> | <span class=\"updated\">Jul 22, 2026<\/span> | <a href=\"https:\/\/ziaruldelta.ro\/category\/sport\/\" rel=\"tag\">Sport<\/a> | <\/p>\n<\/div>\n<\/div>\n<div class=\"post-thumbnail header\"><img decoding=\"async\" src=\"https:\/\/ziaruldelta.ro\/wp-content\/uploads\/2026\/07\/Victoria-Delta.jpg\" alt=\"Victoria Delta Tulcea transfer\u0103 cinci tineri fotbali\u015fti la cluburi din Gala\u0163i\"><\/div>\n<div class=\"post-wrap\">\n<div class=\"post-content entry-content\">\n<p>Cinci tineri fotbali\u015fti forma\u0163i la Victoria Delta Tulcea \u00ee\u015fi vor continua cariera la Gala\u0163i, dup\u0103 ce clubul a oficializat transferurile acestora c\u0103tre FC Campionii Gala\u0163i \u015fi O\u0163elul Gala\u0163i.<\/p>\n<p>Un prim pas important \u00eel face portarul Cristian Matei (n\u0103scut \u00een 2009), care a fost transferat definitiv la FC Campionii Gala\u0163i, dup\u0103 ce \u00een sezonul precedent a evoluat sub form\u0103 de \u00eemprumut la forma\u0163ia g\u0103l\u0103\u0163ean\u0103.<\/p>\n<p>Totodat\u0103, Victoria Delta Tulcea a anun\u0163at \u015fi transferul a patru juc\u0103tori la O\u0163elul Gala\u0163i. Cei patru fotbali\u015fti care vor \u00eembr\u0103ca tricoul forma\u0163iei g\u0103l\u0103\u0163ene sunt: Teodor-Aimar Cordon (2011),\u00a0 Marius-\u015etefan T\u00e2rn\u0103 (2011),\u00a0 David-Iulian Nu\u0163\u0103 (2012) \u015fi David-Cristian Mihaiu (2012). Antrenorii\u00a0 clubului consider\u0103 c\u0103 aceste transferuri reprezint\u0103 rezultatul muncii, seriozit\u0103\u0163ii \u015fi pasiunii demonstrate de tinerii sportivi, subliniind c\u0103 Victoria Delta Tulcea le-a oferit cadrul necesar pentru a-\u015fi continua dezvoltarea \u015fi pentru a face pasul c\u0103tre fotbalul de performan\u0163\u0103.<\/p>\n<p>Citi\u0163i continuarea \u00een edi\u0163ia tip\u0103rit\u0103 a Ziarului DELTA.<\/p>\n<\/div>\n<\/div>\n<div class=\"post-footer\">\n<div class=\"social-icons ed-social-share-icons\">\n<p class=\"share-title\">Share:<\/p>\n<\/div>\n<div class=\"rating-stars\">\n<p id=\"rate-title\" class=\"rate-title\">Rate:<\/p>\n<\/div>\n<\/div>\n<\/article>\n<div class=\"post-content entry-content\">\n<p>Cinci tineri fotbali\u015fti forma\u0163i la Victoria Delta Tulcea \u00ee\u015fi vor continua cariera la Gala\u0163i, dup\u0103 ce clubul a oficializat transferurile acestora c\u0103tre FC Campionii Gala\u0163i \u015fi O\u0163elul Gala\u0163i.<\/p>\n<p>Un prim pas important \u00eel face portarul Cristian Matei (n\u0103scut \u00een 2009), care a fost transferat definitiv la FC Campionii Gala\u0163i, dup\u0103 ce \u00een sezonul precedent a evoluat sub form\u0103 de \u00eemprumut la forma\u0163ia g\u0103l\u0103\u0163ean\u0103.<\/p>\n<p>Totodat\u0103, Victoria Delta Tulcea a anun\u0163at \u015fi transferul a patru juc\u0103tori la O\u0163elul Gala\u0163i. Cei patru fotbali\u015fti care vor \u00eembr\u0103ca tricoul forma\u0163iei g\u0103l\u0103\u0163ene sunt: Teodor-Aimar Cordon (2011),\u00a0 Marius-\u015etefan T\u00e2rn\u0103 (2011),\u00a0 David-Iulian Nu\u0163\u0103 (2012) \u015fi David-Cristian Mihaiu (2012). Antrenorii\u00a0 clubului consider\u0103 c\u0103 aceste transferuri reprezint\u0103 rezultatul muncii, seriozit\u0103\u0163ii \u015fi pasiunii demonstrate de tinerii sportivi, subliniind c\u0103 Victoria Delta Tulcea le-a oferit cadrul necesar pentru a-\u015fi continua dezvoltarea \u015fi pentru a face pasul c\u0103tre fotbalul de performan\u0163\u0103.<\/p>\n<p>Citi\u0163i continuarea \u00een edi\u0163ia tip\u0103rit\u0103 a Ziarului DELTA.<\/p>\n<\/div>\n<div class=\"post-content entry-content\">\n<p>Cinci tineri fotbali\u015fti forma\u0163i la Victoria Delta Tulcea \u00ee\u015fi vor continua cariera la Gala\u0163i, dup\u0103 ce clubul a oficializat transferurile acestora c\u0103tre FC Campionii Gala\u0163i \u015fi O\u0163elul Gala\u0163i.<\/p>\n<p>Un prim pas important \u00eel face portarul Cristian Matei (n\u0103scut \u00een 2009), care a fost transferat definitiv la FC Campionii Gala\u0163i, dup\u0103 ce \u00een sezonul precedent a evoluat sub form\u0103 de \u00eemprumut la forma\u0163ia g\u0103l\u0103\u0163ean\u0103.<\/p>\n<p>Totodat\u0103, Victoria Delta Tulcea a anun\u0163at \u015fi transferul a patru juc\u0103tori la O\u0163elul Gala\u0163i. Cei patru fotbali\u015fti care vor \u00eembr\u0103ca tricoul forma\u0163iei g\u0103l\u0103\u0163ene sunt: Teodor-Aimar Cordon (2011),\u00a0 Marius-\u015etefan T\u00e2rn\u0103 (2011),\u00a0 David-Iulian Nu\u0163\u0103 (2012) \u015fi David-Cristian Mihaiu (2012). Antrenorii\u00a0 clubului consider\u0103 c\u0103 aceste transferuri reprezint\u0103 rezultatul muncii, seriozit\u0103\u0163ii \u015fi pasiunii demonstrate de tinerii sportivi, subliniind c\u0103 Victoria Delta Tulcea le-a oferit cadrul necesar pentru a-\u015fi continua dezvoltarea \u015fi pentru a face pasul c\u0103tre fotbalul de performan\u0163\u0103.<\/p>\n<p>Citi\u0163i continuarea \u00een edi\u0163ia tip\u0103rit\u0103 a Ziarului DELTA.<\/p>\n<\/div>\n<p>[analyse_source url=&#8221;https:\/\/ziaruldelta.ro\/2026\/07\/22\/victoria-delta-tulcea-transfera-cinci-tineri-fotbalisti-la-cluburi-din-galati\/&#8221;]<\/p>\n","protected":false},"excerpt":{"rendered":"<p>[analyse_image type=&#8221;featured&#8221; src=&#8221;https:\/\/ziaruldelta.ro\/wp-content\/uploads\/2026\/07\/Victoria-Delta.jpg&#8221;] Victoria Delta Tulcea transfer\u0103 cinci tineri fotbali\u015fti la cluburi din Gala\u0163i Posted by Nicoleta URMUZ | Jul 22, 2026 | Sport | Cinci tineri fotbali\u015fti forma\u0163i la Victoria Delta Tulcea \u00ee\u015fi vor continua cariera la Gala\u0163i, dup\u0103 ce clubul a oficializat transferurile acestora c\u0103tre FC Campionii Gala\u0163i \u015fi O\u0163elul Gala\u0163i. Un prim [&hellip;]<\/p>\n","protected":false},"author":1,"featured_media":0,"comment_status":"open","ping_status":"","sticky":false,"template":"","format":"standard","meta":{"footnotes":""},"categories":[89],"tags":[226,206],"class_list":["post-2056486","post","type-post","status-publish","format-standard","hentry","category-romania","tag-crawlmanager","tag-ziaruldelta-ro"],"_links":{"self":[{"href":"https:\/\/analyse.optim.biz\/index.php?rest_route=\/wp\/v2\/posts\/2056486","targetHints":{"allow":["GET"]}}],"collection":[{"href":"https:\/\/analyse.optim.biz\/index.php?rest_route=\/wp\/v2\/posts"}],"about":[{"href":"https:\/\/analyse.optim.biz\/index.php?rest_route=\/wp\/v2\/types\/post"}],"author":[{"embeddable":true,"href":"https:\/\/analyse.optim.biz\/index.php?rest_route=\/wp\/v2\/users\/1"}],"replies":[{"embeddable":true,"href":"https:\/\/analyse.optim.biz\/index.php?rest_route=%2Fwp%2Fv2%2Fcomments&post=2056486"}],"version-history":[{"count":0,"href":"https:\/\/analyse.optim.biz\/index.php?rest_route=\/wp\/v2\/posts\/2056486\/revisions"}],"wp:attachment":[{"href":"https:\/\/analyse.optim.biz\/index.php?rest_route=%2Fwp%2Fv2%2Fmedia&parent=2056486"}],"wp:term":[{"taxonomy":"category","embeddable":true,"href":"https:\/\/analyse.optim.biz\/index.php?rest_route=%2Fwp%2Fv2%2Fcategories&post=2056486"},{"taxonomy":"post_tag","embeddable":true,"href":"https:\/\/analyse.optim.biz\/index.php?rest_route=%2Fwp%2Fv2%2Ftags&post=2056486"}],"curies":[{"name":"wp","href":"https:\/\/api.w.org\/{rel}","templated":true}]}}