{"id":2056476,"date":"2026-07-21T14:20:42","date_gmt":"2026-07-21T11:20:42","guid":{"rendered":"https:\/\/analyse.optim.biz\/?p=2056476"},"modified":"2026-07-21T14:20:42","modified_gmt":"2026-07-21T11:20:42","slug":"spectacolul-familia-tot-pus-in-scena-de-actorii-teatrului-maghiar-din-timisoara-selectat-in-programul-festivalului-national-de-teatru","status":"publish","type":"post","link":"https:\/\/analyse.optim.biz\/?p=2056476","title":{"rendered":"Spectacolul \u201cFamilia T\u00f3t\u201d pus in scena de actorii Teatrului Maghiar din Timisoara, selectat in programul Festivalului National de Teatru"},"content":{"rendered":"<p>[analyse_image type=&#8221;featured&#8221; src=&#8221;https:\/\/www.impactpress.ro\/wp-content\/uploads\/2026\/07\/Totek_premier_II_Belo-113.jpg&#8221;]<\/p>\n<div class=\"entry-content\">\n<p><img loading=\"lazy\" decoding=\"async\" class=\"alignleft size-medium wp-image-80505\" src=\"https:\/\/www.impactpress.ro\/wp-content\/uploads\/2026\/07\/Totek_premier_II_Belo-113.jpg\" alt width=\"300\" height=\"200\">Despre putere, memorie si identitate: \u201eFamilia T\u00f3t\u201d, pe scena FNT in luna octombrie Teatrul Maghiar de Stat \u201eCsiky Gergely\u201d din Timisoara va fi prezent si in acest an la cea mai prestigioasa manifestare a vietii teatrale din Romania.<\/p>\n<p>Spectacolul \u201eFamilia T\u00f3t\u201d, de \u00d6rk\u00e9ny Istv\u00e1n, in regia lui Horv\u00e1th Hunor, a fost selectat in programul celei de-a 36-a editii a Festivalului National de Teatru. FNT, care reuneste anual cele mai importante productii ale stagiunii teatrale din Romania, se va desfasura in perioada 16\u201325 octombrie. Incepand cu aceasta editie, selectia spectacolelor este realizata intr-un nou sistem curatorial, de catre criticii de teatru Raluca Circiumaru, Alina Epingeac si Sebastian-Vlad Popa.<\/p>\n<p>La inceputul acestui an, Teatrul Maghiar de Stat \u201eCsiky Gergely\u201d din Timisoara a adus pe scena o noua interpretare a textului clasic semnat de \u00d6rk\u00e9ny Istv\u00e1n. Intr-o extrapolare scenica cu pornire de la experienta minoritatii maghiare din Romania si de la contextul istoric al regiunii (spectacolul se joaca in limbile romana si maghiara), spectacolul exploreaza mecanismele dictaturii, frica, compromisurile si fragilitatea identitatii. O recitire controversata, montarea lui Horv\u00e1th Hunor pulseaza intre grotesc, umor si tensiune, schimband constant ritmul si perspectiva. Nu cauta confortul spectatorului, ci il provoaca, il tine in alerta si il atrage intr-un univers scenic de o energie coplesitoare.<\/p>\n<p><strong>\u201e\u00abFamilia T\u00f3t\u00bb este, in acelasi timp, prima mea montare in limba maghiara si un proiect bilingv, nascut in Banat, despre ce inseamna sa fii strain intr-o limba, intr-un raport de putere, intr-o tara in care limba nu este doar spatiul apartenentei si al afectiunii, ci adesea si un instrument de aparare, de confruntare si de legitimare, pentru a putea fi auzit. <\/strong><\/p>\n<p><strong>Faptul ca acest spectacol este invitat la Bucuresti, intr-un context profesional national, inseamna pentru mine ca suntem invitati impreuna cu vulnerabilitatile noastre, cu fracturile noastre istorice si lingvistice. Nu este vorba despre stergerea diferentelor, ci despre recunoasterea faptului ca dialogul nostru artistic despre putere, limba, identitate si pierdere merita curiozitate, atentie si deschidere\u201d<\/strong>, a declarat Horv\u00e1th Hunor.<\/p>\n<p>\u201eFamilia T\u00f3t\u201d reuneste pe scena o mare parte din trupa Teatrului Maghiar de Stat \u201eCsiky Gergely\u201d, distributia incluzandu-i pe M\u00e1ty\u00e1s Zsolt Imre, Borb\u00e9ly B. Em\u00edlia, L\u0151rincz Rita, Bandi Andr\u00e1s Zsolt, Bal\u00e1zs Attila, Molnos Andr\u00e1s Csaba, Kocs\u00e1rdi Levente, Tar M\u00f3nika, Tar Erik, Andr\u00e1s Gedeon, Folt\u00e1nyi Edina, Karsai D\u00f3ra, Vincze Erika, T\u00f3th D. Zs\u00f3fia, Hajas Kriszti\u00e1n si colaboratorii Simonfi-Harkay S\u00e1ndor si Molnos Abig\u00e9l, acompaniati de orchestra formata din Rasinar Ilie, Saracut Titus, Marius Nini, Catina Dan Florin si Blescun Michael Bogdan.<\/p>\n<p>Data reprezentatiei spectacolului \u201eFamilia T\u00f3t\u201d in cadrul Festivalului National de Teatru va fi anuntata ulterior de organizatorii festivalului. Teatrul Maghiar asigura traducerea in limbile romana, maghiara si engleza.<\/p>\n<p>(Teatrul Maghiar de Stat \u201eCsiky Gergely\u201d din Timisoara, Comunicat)<\/p>\n<div data-carousel-extra=\"{&quot;blog_id&quot;:1,&quot;permalink&quot;:&quot;https:\/\/www.impactpress.ro\/2026\/07\/21\/spectacolul-familia-tot-pus-in-scena-de-actorii-teatrului-maghiar-din-timisoara-selectat-in-programul-festivalului-national-de-teatru\/&quot;}\" id=\"gallery-1\" class=\"gallery galleryid-80504 gallery-columns-5 gallery-size-thumbnail\">\n<figure class=\"gallery-item\">\n<div class=\"gallery-icon landscape\"><a href=\"https:\/\/www.impactpress.ro\/2026\/07\/21\/spectacolul-familia-tot-pus-in-scena-de-actorii-teatrului-maghiar-din-timisoara-selectat-in-programul-festivalului-national-de-teatru\/totek_premier_ii_belo-20\/\"><img loading=\"lazy\" decoding=\"async\" width=\"150\" height=\"150\" src=\"https:\/\/www.impactpress.ro\/wp-content\/uploads\/2026\/07\/Totek_premier_II_Belo-20.jpg\" class=\"attachment-thumbnail size-thumbnail\" alt><\/a><\/div>\n<\/figure>\n<figure class=\"gallery-item\">\n<div class=\"gallery-icon landscape\"><a href=\"https:\/\/www.impactpress.ro\/2026\/07\/21\/spectacolul-familia-tot-pus-in-scena-de-actorii-teatrului-maghiar-din-timisoara-selectat-in-programul-festivalului-national-de-teatru\/totek_premier_ii_belo-51\/\"><img loading=\"lazy\" decoding=\"async\" width=\"150\" height=\"150\" src=\"https:\/\/www.impactpress.ro\/wp-content\/uploads\/2026\/07\/Totek_premier_II_Belo-51.jpg\" class=\"attachment-thumbnail size-thumbnail\" alt><\/a><\/div>\n<\/figure>\n<figure class=\"gallery-item\">\n<div class=\"gallery-icon landscape\"><a href=\"https:\/\/www.impactpress.ro\/2026\/07\/21\/spectacolul-familia-tot-pus-in-scena-de-actorii-teatrului-maghiar-din-timisoara-selectat-in-programul-festivalului-national-de-teatru\/totek_premier_ii_belo-54\/\"><img decoding=\"async\" loading=\"lazy\" width=\"150\" height=\"150\" src=\"https:\/\/www.impactpress.ro\/wp-content\/uploads\/2026\/07\/Totek_premier_II_Belo-54.jpg\" class=\"attachment-thumbnail size-thumbnail\" alt><\/a><\/div>\n<\/figure>\n<figure class=\"gallery-item\">\n<div class=\"gallery-icon landscape\"><a href=\"https:\/\/www.impactpress.ro\/2026\/07\/21\/spectacolul-familia-tot-pus-in-scena-de-actorii-teatrului-maghiar-din-timisoara-selectat-in-programul-festivalului-national-de-teatru\/totek_premier_ii_belo-63\/\"><img decoding=\"async\" loading=\"lazy\" width=\"150\" height=\"150\" src=\"https:\/\/www.impactpress.ro\/wp-content\/uploads\/2026\/07\/Totek_premier_II_Belo-63.jpg\" class=\"attachment-thumbnail size-thumbnail\" alt><\/a><\/div>\n<\/figure>\n<figure class=\"gallery-item\">\n<div class=\"gallery-icon landscape\"><a href=\"https:\/\/www.impactpress.ro\/2026\/07\/21\/spectacolul-familia-tot-pus-in-scena-de-actorii-teatrului-maghiar-din-timisoara-selectat-in-programul-festivalului-national-de-teatru\/totek_premier_ii_belo-89\/\"><img decoding=\"async\" loading=\"lazy\" width=\"150\" height=\"150\" src=\"https:\/\/www.impactpress.ro\/wp-content\/uploads\/2026\/07\/Totek_premier_II_Belo-89.jpg\" class=\"attachment-thumbnail size-thumbnail\" alt><\/a><\/div>\n<\/figure>\n<\/div>\n<p>\u00a0<\/p>\n<\/div>\n<p>[analyse_source url=&#8221;https:\/\/www.impactpress.ro\/2026\/07\/21\/spectacolul-familia-tot-pus-in-scena-de-actorii-teatrului-maghiar-din-timisoara-selectat-in-programul-festivalului-national-de-teatru\/&#8221;]<\/p>\n","protected":false},"excerpt":{"rendered":"<p>[analyse_image type=&#8221;featured&#8221; src=&#8221;https:\/\/www.impactpress.ro\/wp-content\/uploads\/2026\/07\/Totek_premier_II_Belo-113.jpg&#8221;] Despre putere, memorie si identitate: \u201eFamilia T\u00f3t\u201d, pe scena FNT in luna octombrie Teatrul Maghiar de Stat \u201eCsiky Gergely\u201d din Timisoara va fi prezent si in acest an la cea mai prestigioasa manifestare a vietii teatrale din Romania. Spectacolul \u201eFamilia T\u00f3t\u201d, de \u00d6rk\u00e9ny Istv\u00e1n, in regia lui Horv\u00e1th Hunor, a fost selectat [&hellip;]<\/p>\n","protected":false},"author":1,"featured_media":0,"comment_status":"open","ping_status":"","sticky":false,"template":"","format":"standard","meta":{"footnotes":""},"categories":[89],"tags":[226,198],"class_list":["post-2056476","post","type-post","status-publish","format-standard","hentry","category-romania","tag-crawlmanager","tag-impactpress-ro"],"_links":{"self":[{"href":"https:\/\/analyse.optim.biz\/index.php?rest_route=\/wp\/v2\/posts\/2056476","targetHints":{"allow":["GET"]}}],"collection":[{"href":"https:\/\/analyse.optim.biz\/index.php?rest_route=\/wp\/v2\/posts"}],"about":[{"href":"https:\/\/analyse.optim.biz\/index.php?rest_route=\/wp\/v2\/types\/post"}],"author":[{"embeddable":true,"href":"https:\/\/analyse.optim.biz\/index.php?rest_route=\/wp\/v2\/users\/1"}],"replies":[{"embeddable":true,"href":"https:\/\/analyse.optim.biz\/index.php?rest_route=%2Fwp%2Fv2%2Fcomments&post=2056476"}],"version-history":[{"count":0,"href":"https:\/\/analyse.optim.biz\/index.php?rest_route=\/wp\/v2\/posts\/2056476\/revisions"}],"wp:attachment":[{"href":"https:\/\/analyse.optim.biz\/index.php?rest_route=%2Fwp%2Fv2%2Fmedia&parent=2056476"}],"wp:term":[{"taxonomy":"category","embeddable":true,"href":"https:\/\/analyse.optim.biz\/index.php?rest_route=%2Fwp%2Fv2%2Fcategories&post=2056476"},{"taxonomy":"post_tag","embeddable":true,"href":"https:\/\/analyse.optim.biz\/index.php?rest_route=%2Fwp%2Fv2%2Ftags&post=2056476"}],"curies":[{"name":"wp","href":"https:\/\/api.w.org\/{rel}","templated":true}]}}