{"id":2056389,"date":"2026-07-22T17:39:41","date_gmt":"2026-07-22T14:39:41","guid":{"rendered":"https:\/\/analyse.optim.biz\/?p=2056389"},"modified":"2026-07-22T17:39:41","modified_gmt":"2026-07-22T14:39:41","slug":"se-modernizeaza-drumul-dintre-dolhesti-si-forasti-foto-stiri-suceava","status":"publish","type":"post","link":"https:\/\/analyse.optim.biz\/?p=2056389","title":{"rendered":"Se modernizeaz\u0103 drumul dintre Dolhe\u0219ti \u0219i For\u0103\u0219ti FOTO &#8211; Stiri Suceava"},"content":{"rendered":"<p>[analyse_image type=&#8221;featured&#8221; src=&#8221;https:\/\/www.informatiata.ro\/wp-content\/uploads\/2026\/07\/IMG-20260722-WA0075.jpg&#8221;]<\/p>\n<div class=\"td-post-content tagdiv-type\">\n<div class=\"td-post-featured-image\"><a href=\"https:\/\/www.informatiata.ro\/wp-content\/uploads\/2026\/07\/IMG-20260722-WA0075.jpg\" data-caption><img loading=\"lazy\" decoding=\"async\" width=\"696\" height=\"464\" class=\"entry-thumb td-modal-image\" src=\"https:\/\/www.informatiata.ro\/wp-content\/uploads\/2026\/07\/IMG-20260722-WA0075-696x464.jpg\" alt title=\"IMG-20260722-WA0075\"><img loading=\"lazy\" decoding=\"async\" width=\"696\" height=\"464\" class=\"entry-thumb td-modal-image\" src=\"https:\/\/www.informatiata.ro\/wp-content\/uploads\/2026\/07\/IMG-20260722-WA0075-696x464.jpg\" alt title=\"IMG-20260722-WA0075\"><\/a><\/div>\n<p>Se modernizeaz\u0103 drumul dintre Dolhe\u0219ti \u0219i For\u0103\u0219ti, anun\u021b\u0103 pre\u0219edintele Consiliului Jude\u021bean Suceava, Gheorghe \u0218oldan. Este vorba despre un drum l\u0103sat de izbeli\u0219te p\u00e2n\u0103 acum.<\/p>\n<p>\u201eAm fost ast\u0103zi la fa\u021ba locului, pe DJ 208E, pentru a verifica personal stadiul lucr\u0103rilor \u00eencepute \u00een urm\u0103 cu o lun\u0103. Interven\u021biile se desf\u0103\u0219oar\u0103 pe sectorul de la calea ferat\u0103, din zona intersec\u021biei cu DJ 208, spre Valea Bourei \u2013 Boura \u2013 Manolea \u2013 Uide\u0219ti, pe o distan\u021b\u0103 de aproximativ 8 kilometri.<\/p>\n<div class=\"td-a-rec td-a-rec-id-content_inlineright  tdi_7 td_block_template_1\"><img loading=\"lazy\" decoding=\"async\" class=\"aligncenter size-full wp-image-65686\" src=\"https:\/\/www.informatiata.ro\/wp-content\/uploads\/2026\/07\/SAVCOM-20.gif\" alt width=\"299\" height=\"250\"><img loading=\"lazy\" decoding=\"async\" class=\"aligncenter size-full wp-image-65686\" src=\"https:\/\/www.informatiata.ro\/wp-content\/uploads\/2026\/07\/SAVCOM-20.gif\" alt width=\"299\" height=\"250\"><img loading=\"lazy\" decoding=\"async\" class=\"aligncenter size-full wp-image-65687\" src=\"https:\/\/www.informatiata.ro\/wp-content\/uploads\/2026\/07\/FACOS-17.gif\" alt width=\"300\" height=\"250\"><img loading=\"lazy\" decoding=\"async\" class=\"aligncenter size-full wp-image-65687\" src=\"https:\/\/www.informatiata.ro\/wp-content\/uploads\/2026\/07\/FACOS-17.gif\" alt width=\"300\" height=\"250\"><\/div>\n<p>Dup\u0103 consolidarea terasamentului \u00een zonele cu probleme \u0219i ridicarea la cot\u0103 a capacelor din carosabil, drumarii au \u00eenceput, de s\u0103pt\u0103m\u00e2na trecut\u0103, s\u0103 toarne noul covor asfaltic.<\/p>\n<p>La finalul lucr\u0103rilor, DJ 208E va fi modernizat de la un cap\u0103t la cel\u0103lalt. Este un drum important pentru cei aproximativ 7.000 de oameni din comunit\u0103\u021bile pe care le traverseaz\u0103.<br \/>\nV\u0103 reamintesc c\u0103, anul trecut, am finalizat, cu 8 luni mai devreme, lucr\u0103rile pe tronsonul Oniceni \u2013 For\u0103\u0219ti \u2013 Uide\u0219ti, \u00een lungime de 7 kilometri.<\/p>\n<p>\u00cen prezent, suntem \u00een procedur\u0103 de licita\u021bie pentru modernizarea tronsonului Uide\u0219ti \u2013 \u021aole\u0219ti, pe DJ 208F, p\u00e2n\u0103 la limita cu jude\u021bul Ia\u0219i. \u00cen c\u00e2teva s\u0103pt\u0103m\u00e2ni vom semna contractul de proiectare \u0219i execu\u021bie, iar apoi vor \u00eencepe lucr\u0103rile \u0219i pe acest drum\u201d, a declarat Gheorghe \u0218oldan.<\/p>\n<p>Tot \u00een licita\u021bie se afl\u0103 \u0219i sectorul de drum dintre H\u00e2rtop \u0219i limita cu Dolhasca (DJ 208).<br \/>\nPentru acest proiect au fost depuse oferte de c\u0103tre 18 asocieri, care reunesc 158 de operatori economici, iar procedura se afl\u0103 \u00een etapa de evaluare.<\/p>\n<div class=\"td-a-rec td-a-rec-id-content_bottom  td-rec-hide-on-m tdi_8 td_block_template_1\"><img loading=\"lazy\" decoding=\"async\" class=\"aligncenter size-full wp-image-65603\" src=\"https:\/\/www.informatiata.ro\/wp-content\/uploads\/2026\/07\/SAVCOM-19.gif\" alt width=\"299\" height=\"250\"><img loading=\"lazy\" decoding=\"async\" class=\"aligncenter size-full wp-image-65603\" src=\"https:\/\/www.informatiata.ro\/wp-content\/uploads\/2026\/07\/SAVCOM-19.gif\" alt width=\"299\" height=\"250\"><img loading=\"lazy\" decoding=\"async\" class=\"aligncenter size-full wp-image-65604\" src=\"https:\/\/www.informatiata.ro\/wp-content\/uploads\/2026\/07\/FACOS-16.gif\" alt width=\"300\" height=\"250\"><img loading=\"lazy\" decoding=\"async\" class=\"aligncenter size-full wp-image-65604\" src=\"https:\/\/www.informatiata.ro\/wp-content\/uploads\/2026\/07\/FACOS-16.gif\" alt width=\"300\" height=\"250\"><\/div>\n<\/div>\n<p>[analyse_source url=&#8221;https:\/\/www.informatiata.ro\/modernizare-drum-dintre-dolhesti-si-forasti\/&#8221;]<\/p>\n","protected":false},"excerpt":{"rendered":"<p>[analyse_image type=&#8221;featured&#8221; src=&#8221;https:\/\/www.informatiata.ro\/wp-content\/uploads\/2026\/07\/IMG-20260722-WA0075.jpg&#8221;] Se modernizeaz\u0103 drumul dintre Dolhe\u0219ti \u0219i For\u0103\u0219ti, anun\u021b\u0103 pre\u0219edintele Consiliului Jude\u021bean Suceava, Gheorghe \u0218oldan. Este vorba despre un drum l\u0103sat de izbeli\u0219te p\u00e2n\u0103 acum. \u201eAm fost ast\u0103zi la fa\u021ba locului, pe DJ 208E, pentru a verifica personal stadiul lucr\u0103rilor \u00eencepute \u00een urm\u0103 cu o lun\u0103. Interven\u021biile se desf\u0103\u0219oar\u0103 pe sectorul de la [&hellip;]<\/p>\n","protected":false},"author":1,"featured_media":0,"comment_status":"open","ping_status":"","sticky":false,"template":"","format":"standard","meta":{"footnotes":""},"categories":[89],"tags":[226,167],"class_list":["post-2056389","post","type-post","status-publish","format-standard","hentry","category-romania","tag-crawlmanager","tag-informatiata-ro"],"_links":{"self":[{"href":"https:\/\/analyse.optim.biz\/index.php?rest_route=\/wp\/v2\/posts\/2056389","targetHints":{"allow":["GET"]}}],"collection":[{"href":"https:\/\/analyse.optim.biz\/index.php?rest_route=\/wp\/v2\/posts"}],"about":[{"href":"https:\/\/analyse.optim.biz\/index.php?rest_route=\/wp\/v2\/types\/post"}],"author":[{"embeddable":true,"href":"https:\/\/analyse.optim.biz\/index.php?rest_route=\/wp\/v2\/users\/1"}],"replies":[{"embeddable":true,"href":"https:\/\/analyse.optim.biz\/index.php?rest_route=%2Fwp%2Fv2%2Fcomments&post=2056389"}],"version-history":[{"count":0,"href":"https:\/\/analyse.optim.biz\/index.php?rest_route=\/wp\/v2\/posts\/2056389\/revisions"}],"wp:attachment":[{"href":"https:\/\/analyse.optim.biz\/index.php?rest_route=%2Fwp%2Fv2%2Fmedia&parent=2056389"}],"wp:term":[{"taxonomy":"category","embeddable":true,"href":"https:\/\/analyse.optim.biz\/index.php?rest_route=%2Fwp%2Fv2%2Fcategories&post=2056389"},{"taxonomy":"post_tag","embeddable":true,"href":"https:\/\/analyse.optim.biz\/index.php?rest_route=%2Fwp%2Fv2%2Ftags&post=2056389"}],"curies":[{"name":"wp","href":"https:\/\/api.w.org\/{rel}","templated":true}]}}