{"id":2056154,"date":"2026-07-22T16:24:32","date_gmt":"2026-07-22T13:24:32","guid":{"rendered":"https:\/\/analyse.optim.biz\/?p=2056154"},"modified":"2026-07-22T16:24:32","modified_gmt":"2026-07-22T13:24:32","slug":"o-noua-subunitate-de-pompieri-in-judetul-timis-la-pischia-foto","status":"publish","type":"post","link":"https:\/\/analyse.optim.biz\/?p=2056154","title":{"rendered":"O nou\u0103 subunitate de pompieri \u00een jude\u0163ul Timi\u015f, la Pi\u015fchia FOTO"},"content":{"rendered":"<p>[analyse_image type=&#8221;featured&#8221; src=&#8221;http:\/\/www.banatulmeu.ro\/wp-content\/uploads\/2026\/07\/751563259_2190076588440501_1541412286685551598_n.jpg&#8221;]<\/p>\n<div class=\"post-content-bd\">\n<p>\u00cen jude\u0163ul Timi\u015f va fi \u00eenfiin\u0163at\u0103 o nou\u0103 subunitate de pompieri. Mar\u0163i, la sediul Inspectoratului pentru Situa\u021bii de Urgen\u021b\u0103 \u201eBanat\u201d al jude\u021bului Timi\u0219 a avut loc semnarea ordinului de \u00eencepere a lucr\u0103rilor pentru aceast\u0103 investi\u0163ie. Totodat\u0103, a fost semnat \u0219i procesul-verbal de predare-primire a amplasamentului c\u0103tre S.C. Sulfatim S.R.L., \u00een vederea \u00eenceperii lucr\u0103rilor de construc\u021bie.<\/p>\n<p>\u201c<em>Investi\u021bia este realizat\u0103 \u00een cadrul Programului Dezvoltare Durabil\u0103 (PDD) 2021-2027 \u0219i are ca obiectiv dezvoltarea infrastructurii operative a inspectoratului, precum \u0219i cre\u0219terea capacit\u0103\u021bii de interven\u021bie \u00een partea de nord-est a jude\u021bului Timi\u0219. Noua subunitate de pompieri va contribui la reducerea timpilor de r\u0103spuns \u00een gestionarea situa\u021biilor de urgen\u021b\u0103 \u0219i la cre\u0219terea gradului de siguran\u021b\u0103 pentru cet\u0103\u021benii din zona deservit\u0103<\/em>\u201c, a informat ISU Timi\u015f.<\/p>\n<p>Termenul de execu\u021bie a lucr\u0103rilor este stabilit p\u00e2n\u0103 la data de 28 iulie 2027. Valoarea total\u0103 a investi\u0163iei se ridic\u0103 la aproape cinci milioane de lei, cu TVA inclus.<\/p>\n<p>\u00cen total, au fost proiectate dou\u0103 corpuri de cl\u0103dire alipite, cu func\u021biuni de garaj autospeciale \u0219i pavilion administrativ. Garajul, av\u00e2nd un regim de \u00een\u0103l\u021bime parter \u00eenalt, cu suprafa\u021ba construit\u0103\/desf\u0103\u0219urat\u0103 de 241,00 mp, este proiectat cu trei boxe pentru autospeciale.<\/p>\n<p>Cl\u0103direa administrativ\u0103 va avea un regim de \u00een\u0103l\u021bime P+1, cu suprafa\u021ba construit\u0103 de 175,00 mp \u0219i suprafa\u021ba desf\u0103\u0219urat\u0103 de 350,00 mp, \u0219i va cuprinde: spa\u021bii administrative, grupuri sanitare, spa\u021bii tehnice, sal\u0103 de instruire \u0219i circula\u021bii, camere de odihn\u0103 \u0219i loc pentru servirea mesei.<\/p>\n<div id=\"gallery-1\" class=\"gallery galleryid-188240 gallery-columns-3 gallery-size-thumbnail\">\n<figure class=\"gallery-item\">\n<div class=\"gallery-icon landscape\"><a href=\"https:\/\/www.banatulmeu.ro\/o-noua-subunitate-de-pompieri-in-judetul-timis-la-pischia-foto\/753604714_1566019301982715_8999672996065987956_n\/\"><img loading=\"lazy\" decoding=\"async\" width=\"150\" height=\"150\" src=\"https:\/\/www.banatulmeu.ro\/wp-content\/uploads\/2026\/07\/753604714_1566019301982715_8999672996065987956_n-150x150.jpg\" class=\"attachment-thumbnail size-thumbnail\" alt><img loading=\"lazy\" decoding=\"async\" width=\"150\" height=\"150\" src=\"https:\/\/www.banatulmeu.ro\/wp-content\/uploads\/2026\/07\/753604714_1566019301982715_8999672996065987956_n-150x150.jpg\" class=\"attachment-thumbnail size-thumbnail\" alt><\/a><\/div>\n<\/figure>\n<figure class=\"gallery-item\">\n<div class=\"gallery-icon landscape\"><a href=\"https:\/\/www.banatulmeu.ro\/o-noua-subunitate-de-pompieri-in-judetul-timis-la-pischia-foto\/751549641_2289091054831787_15979064932326015_n\/\"><img loading=\"lazy\" decoding=\"async\" width=\"150\" height=\"150\" src=\"https:\/\/www.banatulmeu.ro\/wp-content\/uploads\/2026\/07\/751549641_2289091054831787_15979064932326015_n-150x150.jpg\" class=\"attachment-thumbnail size-thumbnail\" alt><img loading=\"lazy\" decoding=\"async\" width=\"150\" height=\"150\" src=\"https:\/\/www.banatulmeu.ro\/wp-content\/uploads\/2026\/07\/751549641_2289091054831787_15979064932326015_n-150x150.jpg\" class=\"attachment-thumbnail size-thumbnail\" alt><\/a><\/div>\n<\/figure>\n<figure class=\"gallery-item\">\n<div class=\"gallery-icon landscape\"><a href=\"https:\/\/www.banatulmeu.ro\/o-noua-subunitate-de-pompieri-in-judetul-timis-la-pischia-foto\/753164199_1766227294701214_8852249729670031468_n\/\"><img loading=\"lazy\" decoding=\"async\" width=\"150\" height=\"150\" src=\"https:\/\/www.banatulmeu.ro\/wp-content\/uploads\/2026\/07\/753164199_1766227294701214_8852249729670031468_n-150x150.jpg\" class=\"attachment-thumbnail size-thumbnail\" alt><img decoding=\"async\" loading=\"lazy\" width=\"150\" height=\"150\" src=\"https:\/\/www.banatulmeu.ro\/wp-content\/uploads\/2026\/07\/753164199_1766227294701214_8852249729670031468_n-150x150.jpg\" class=\"attachment-thumbnail size-thumbnail\" alt><\/a><\/div>\n<\/figure>\n<figure class=\"gallery-item\">\n<div class=\"gallery-icon landscape\"><a href=\"https:\/\/www.banatulmeu.ro\/o-noua-subunitate-de-pompieri-in-judetul-timis-la-pischia-foto\/749665051_1763383568003857_909381456382680494_n\/\"><img loading=\"lazy\" decoding=\"async\" width=\"150\" height=\"150\" src=\"https:\/\/www.banatulmeu.ro\/wp-content\/uploads\/2026\/07\/749665051_1763383568003857_909381456382680494_n-150x150.jpg\" class=\"attachment-thumbnail size-thumbnail\" alt><img decoding=\"async\" loading=\"lazy\" width=\"150\" height=\"150\" src=\"https:\/\/www.banatulmeu.ro\/wp-content\/uploads\/2026\/07\/749665051_1763383568003857_909381456382680494_n-150x150.jpg\" class=\"attachment-thumbnail size-thumbnail\" alt><\/a><\/div>\n<\/figure>\n<\/div>\n<\/div>\n<p>[analyse_source url=&#8221;https:\/\/www.banatulmeu.ro\/o-noua-subunitate-de-pompieri-in-judetul-timis-la-pischia-foto\/&#8221;]<\/p>\n","protected":false},"excerpt":{"rendered":"<p>[analyse_image type=&#8221;featured&#8221; src=&#8221;http:\/\/www.banatulmeu.ro\/wp-content\/uploads\/2026\/07\/751563259_2190076588440501_1541412286685551598_n.jpg&#8221;] \u00cen jude\u0163ul Timi\u015f va fi \u00eenfiin\u0163at\u0103 o nou\u0103 subunitate de pompieri. Mar\u0163i, la sediul Inspectoratului pentru Situa\u021bii de Urgen\u021b\u0103 \u201eBanat\u201d al jude\u021bului Timi\u0219 a avut loc semnarea ordinului de \u00eencepere a lucr\u0103rilor pentru aceast\u0103 investi\u0163ie. Totodat\u0103, a fost semnat \u0219i procesul-verbal de predare-primire a amplasamentului c\u0103tre S.C. Sulfatim S.R.L., \u00een vederea \u00eenceperii [&hellip;]<\/p>\n","protected":false},"author":1,"featured_media":0,"comment_status":"open","ping_status":"","sticky":false,"template":"","format":"standard","meta":{"footnotes":""},"categories":[89],"tags":[204,226],"class_list":["post-2056154","post","type-post","status-publish","format-standard","hentry","category-romania","tag-banatulmeu-ro","tag-crawlmanager"],"_links":{"self":[{"href":"https:\/\/analyse.optim.biz\/index.php?rest_route=\/wp\/v2\/posts\/2056154","targetHints":{"allow":["GET"]}}],"collection":[{"href":"https:\/\/analyse.optim.biz\/index.php?rest_route=\/wp\/v2\/posts"}],"about":[{"href":"https:\/\/analyse.optim.biz\/index.php?rest_route=\/wp\/v2\/types\/post"}],"author":[{"embeddable":true,"href":"https:\/\/analyse.optim.biz\/index.php?rest_route=\/wp\/v2\/users\/1"}],"replies":[{"embeddable":true,"href":"https:\/\/analyse.optim.biz\/index.php?rest_route=%2Fwp%2Fv2%2Fcomments&post=2056154"}],"version-history":[{"count":0,"href":"https:\/\/analyse.optim.biz\/index.php?rest_route=\/wp\/v2\/posts\/2056154\/revisions"}],"wp:attachment":[{"href":"https:\/\/analyse.optim.biz\/index.php?rest_route=%2Fwp%2Fv2%2Fmedia&parent=2056154"}],"wp:term":[{"taxonomy":"category","embeddable":true,"href":"https:\/\/analyse.optim.biz\/index.php?rest_route=%2Fwp%2Fv2%2Fcategories&post=2056154"},{"taxonomy":"post_tag","embeddable":true,"href":"https:\/\/analyse.optim.biz\/index.php?rest_route=%2Fwp%2Fv2%2Ftags&post=2056154"}],"curies":[{"name":"wp","href":"https:\/\/api.w.org\/{rel}","templated":true}]}}