{"id":2056150,"date":"2026-07-22T14:31:35","date_gmt":"2026-07-22T11:31:35","guid":{"rendered":"https:\/\/analyse.optim.biz\/?p=2056150"},"modified":"2026-07-22T14:31:35","modified_gmt":"2026-07-22T11:31:35","slug":"situatie-critica-localitatea-timiseana-nadrag-alimentata-cu-energie-electrica-cu-ajutorul-unui-generator","status":"publish","type":"post","link":"https:\/\/analyse.optim.biz\/?p=2056150","title":{"rendered":"Situa\u0163ie critic\u0103! Localitatea timi\u015fean\u0103 N\u0103drag, alimentat\u0103 cu energie electric\u0103 cu ajutorul unui generator"},"content":{"rendered":"<p>[analyse_image type=&#8221;featured&#8221; src=&#8221;http:\/\/www.banatulmeu.ro\/wp-content\/uploads\/2026\/07\/nadrag-sus-1536&#215;864-1.jpeg&#8221;]<\/p>\n<div class=\"post-content-bd\">\n<p>Situa\u0163ie critic\u0103 \u00een localitatea timi\u015fean\u0103 N\u0103drag! Satul a r\u0103mas f\u0103r\u0103 energie electric\u0103 din cauza unei avarii majore. A\u015fadar, un generator va asigura alimentarea cu energie electric\u0103 p\u00e2n\u0103 la solu\u0163ionarea problemei.<\/p>\n<p><em>\u201cComitetul Jude\u021bean pentru Situa\u021bii de Urgen\u021b\u0103 Timi\u0219, convocat ast\u0103zi de Institu\u021bia Prefectului \u2013 Jude\u021bul Timi\u0219, a aprobat alocarea unui generator electric de 450 kVA din dotarea Inspectoratului pentru Situa\u021bii de Urgen\u021b\u0103 \u201eBanat\u201d. M\u0103sura a fost dispus\u0103 la solicitarea distribuitorului de energie electric\u0103, pentru a asigura continuitatea aliment\u0103rii cu energie a localit\u0103\u021bii N\u0103drag pe durata lucr\u0103rilor de remediere a unei avarii la linia electric\u0103 de \u00eenalt\u0103 tensiune\u201d<\/em>, a transmis Prefectura Timi\u015f.<\/p>\n<p>Generatorul va fi instalat \u0219i pus \u00een func\u021biune de echipele distribuitorului, astfel \u00eenc\u00e2t alimentarea cu energie electric\u0103 \u0219i serviciile de telecomunica\u021bii din zon\u0103 s\u0103 fie men\u021binute pe perioada interven\u021biei.<\/p>\n<p><em>\u201cInstitu\u021bia Prefectului \u2013 Jude\u021bul Timi\u0219 monitorizeaz\u0103 desf\u0103\u0219urarea interven\u021biei \u0219i coordoneaz\u0103, prin Comitetul Jude\u021bean pentru Situa\u021bii de Urgen\u021b\u0103, colaborarea dintre toate institu\u021biile implicate, astfel \u00eenc\u00e2t impactul asupra comunit\u0103\u021bii s\u0103 fie minim, iar lucr\u0103rile s\u0103 fie finalizate \u00een condi\u021bii de siguran\u021b\u0103 \u0219i \u00eentr-un timp c\u00e2t mai scurt<\/em>\u201c, a informat Prefectura Timi\u015f.<\/p>\n<\/div>\n<p>[analyse_source url=&#8221;https:\/\/www.banatulmeu.ro\/situatie-critica-localitatea-timiseana-nadrag-alimentata-cu-energie-electrica-cu-ajutorul-unui-generator\/&#8221;]<\/p>\n","protected":false},"excerpt":{"rendered":"<p>[analyse_image type=&#8221;featured&#8221; src=&#8221;http:\/\/www.banatulmeu.ro\/wp-content\/uploads\/2026\/07\/nadrag-sus-1536&#215;864-1.jpeg&#8221;] Situa\u0163ie critic\u0103 \u00een localitatea timi\u015fean\u0103 N\u0103drag! Satul a r\u0103mas f\u0103r\u0103 energie electric\u0103 din cauza unei avarii majore. A\u015fadar, un generator va asigura alimentarea cu energie electric\u0103 p\u00e2n\u0103 la solu\u0163ionarea problemei. \u201cComitetul Jude\u021bean pentru Situa\u021bii de Urgen\u021b\u0103 Timi\u0219, convocat ast\u0103zi de Institu\u021bia Prefectului \u2013 Jude\u021bul Timi\u0219, a aprobat alocarea unui generator electric de [&hellip;]<\/p>\n","protected":false},"author":1,"featured_media":0,"comment_status":"open","ping_status":"","sticky":false,"template":"","format":"standard","meta":{"footnotes":""},"categories":[89],"tags":[204,226],"class_list":["post-2056150","post","type-post","status-publish","format-standard","hentry","category-romania","tag-banatulmeu-ro","tag-crawlmanager"],"_links":{"self":[{"href":"https:\/\/analyse.optim.biz\/index.php?rest_route=\/wp\/v2\/posts\/2056150","targetHints":{"allow":["GET"]}}],"collection":[{"href":"https:\/\/analyse.optim.biz\/index.php?rest_route=\/wp\/v2\/posts"}],"about":[{"href":"https:\/\/analyse.optim.biz\/index.php?rest_route=\/wp\/v2\/types\/post"}],"author":[{"embeddable":true,"href":"https:\/\/analyse.optim.biz\/index.php?rest_route=\/wp\/v2\/users\/1"}],"replies":[{"embeddable":true,"href":"https:\/\/analyse.optim.biz\/index.php?rest_route=%2Fwp%2Fv2%2Fcomments&post=2056150"}],"version-history":[{"count":0,"href":"https:\/\/analyse.optim.biz\/index.php?rest_route=\/wp\/v2\/posts\/2056150\/revisions"}],"wp:attachment":[{"href":"https:\/\/analyse.optim.biz\/index.php?rest_route=%2Fwp%2Fv2%2Fmedia&parent=2056150"}],"wp:term":[{"taxonomy":"category","embeddable":true,"href":"https:\/\/analyse.optim.biz\/index.php?rest_route=%2Fwp%2Fv2%2Fcategories&post=2056150"},{"taxonomy":"post_tag","embeddable":true,"href":"https:\/\/analyse.optim.biz\/index.php?rest_route=%2Fwp%2Fv2%2Ftags&post=2056150"}],"curies":[{"name":"wp","href":"https:\/\/api.w.org\/{rel}","templated":true}]}}