{"id":2056146,"date":"2026-07-22T10:41:56","date_gmt":"2026-07-22T07:41:56","guid":{"rendered":"https:\/\/analyse.optim.biz\/?p=2056146"},"modified":"2026-07-22T10:41:56","modified_gmt":"2026-07-22T07:41:56","slug":"o-noua-atractie-la-muzeul-satului-banatean-din-timisoara-se-deschide-casa-dragsina-foto","status":"publish","type":"post","link":"https:\/\/analyse.optim.biz\/?p=2056146","title":{"rendered":"O nou\u0103 atrac\u0163ie la Muzeul Satului B\u0103n\u0103\u0163ean din Timi\u015foara! Se deschide Casa Drag\u015fina FOTO"},"content":{"rendered":"<p>[analyse_image type=&#8221;featured&#8221; src=&#8221;http:\/\/www.banatulmeu.ro\/wp-content\/uploads\/2026\/07\/Casa-Dragsina-Muzeul-Satului-Banatean-2-e1784717282890.jpg&#8221;]<\/p>\n<div class=\"post-content-bd\">\n<p>O nou\u0103 atrac\u0163ie va putea fi admirat\u0103 la Muzeul Satului B\u0103n\u0103\u0163ean din Timi\u015foara. Este vorba de Casa de la Drag\u015fina, care va fi deschis\u0103 oficial vineri, 24 iulie, de la ora 13.00. Casa, donat\u0103 muzeului \u00een anul 2022 de familia Vatri\u0219, provine din localitatea Drag\u0219ina, comuna Chevere\u0219u Mare, jude\u021bul Timi\u0219. Demontat\u0103 \u00een 2023, aceasta a fost reasamblat\u0103 \u00een cadrul muzeului \u00een anul 2025, urm\u00e2nd ca, din aceast\u0103 var\u0103, s\u0103 poat\u0103 fi vizitat\u0103 de public.<\/p>\n<p>Datat\u0103 la sf\u00e2r\u0219itul secolului al XIX-lea \u2013 \u00eenceputul secolului al XX-lea, gospod\u0103ria apar\u021binea familiei Mozo\u0219 \u0219i reprezint\u0103 un valoros exemplu de arhitectur\u0103 vernacular\u0103 specific\u0103 V\u0103ii Pog\u0103ni\u0219ului \u0219i Dealurilor Silagiului, zon\u0103 etnografic\u0103 care, p\u00e2n\u0103 acum, nu era reprezentat\u0103 \u00een Muzeul Satului B\u0103n\u0103\u021bean. Construc\u021bia este alc\u0103tuit\u0103 din trei \u00eenc\u0103peri \u0219i o prisp\u0103 continu\u0103, fiind realizat\u0103 din c\u0103r\u0103mid\u0103 nears\u0103, cu structur\u0103 din lemn la acoperi\u0219.<\/p>\n<p>\u201c<em>Valoarea sa patrimonial\u0103 este dat\u0103 \u0219i de tehnicile tradi\u021bionale de construc\u021bie p\u0103strate, casa reunind ziduri din chirpici, \u00eempletitur\u0103 de nuiele \u0219i c\u0103r\u0103mid\u0103 ars\u0103, m\u0103rturii ale modului \u00een care comunit\u0103\u021bile rurale \u00ee\u0219i adaptau locuin\u021bele \u00een func\u021bie de resursele disponibile \u0219i de nevoile fiec\u0103rei genera\u021bii. Interiorul a fost amenajat cu mobilier, unelte \u0219i obiecte originale donate \u00eempreun\u0103 cu gospod\u0103ria, reconstituind universul unei familii b\u0103n\u0103\u021bene de mijloca\u0219i de la \u00eenceputul secolului trecut \u0219i oferind vizitatorilor o imagine autentic\u0103 asupra vie\u021bii cotidiene din aceast\u0103 parte a Banatului\u201d<\/em>, a informat Muzeul Satului B\u0103n\u0103\u0163ean din Timi\u015foara.<\/p>\n<div id=\"gallery-1\" class=\"gallery galleryid-188212 gallery-columns-3 gallery-size-thumbnail\">\n<figure class=\"gallery-item\">\n<div class=\"gallery-icon landscape\"><a href=\"https:\/\/www.banatulmeu.ro\/wp-content\/uploads\/2026\/07\/Casa-Dragsina-Muzeul-Satului-Banatean-3-e1784717247965.jpg\"><img loading=\"lazy\" decoding=\"async\" width=\"150\" height=\"150\" src=\"https:\/\/www.banatulmeu.ro\/wp-content\/uploads\/2026\/07\/Casa-Dragsina-Muzeul-Satului-Banatean-3-150x150.jpg\" class=\"attachment-thumbnail size-thumbnail\" alt><img loading=\"lazy\" decoding=\"async\" width=\"150\" height=\"150\" src=\"https:\/\/www.banatulmeu.ro\/wp-content\/uploads\/2026\/07\/Casa-Dragsina-Muzeul-Satului-Banatean-3-150x150.jpg\" class=\"attachment-thumbnail size-thumbnail\" alt><\/a><\/div>\n<\/figure>\n<figure class=\"gallery-item\">\n<div class=\"gallery-icon landscape\"><a href=\"https:\/\/www.banatulmeu.ro\/wp-content\/uploads\/2026\/07\/Casa-Dragsina-Muzeul-Satului-Banatean-1-e1784717230123.jpg\"><img loading=\"lazy\" decoding=\"async\" width=\"150\" height=\"150\" src=\"https:\/\/www.banatulmeu.ro\/wp-content\/uploads\/2026\/07\/Casa-Dragsina-Muzeul-Satului-Banatean-1-150x150.jpg\" class=\"attachment-thumbnail size-thumbnail\" alt><img loading=\"lazy\" decoding=\"async\" width=\"150\" height=\"150\" src=\"https:\/\/www.banatulmeu.ro\/wp-content\/uploads\/2026\/07\/Casa-Dragsina-Muzeul-Satului-Banatean-1-150x150.jpg\" class=\"attachment-thumbnail size-thumbnail\" alt><\/a><\/div>\n<\/figure>\n<figure class=\"gallery-item\">\n<div class=\"gallery-icon landscape\"><a href=\"https:\/\/www.banatulmeu.ro\/wp-content\/uploads\/2026\/07\/Casa-Dragsina-Muzeul-Satului-Banatean-4-e1784717212436.jpg\"><img loading=\"lazy\" decoding=\"async\" width=\"150\" height=\"150\" src=\"https:\/\/www.banatulmeu.ro\/wp-content\/uploads\/2026\/07\/Casa-Dragsina-Muzeul-Satului-Banatean-4-150x150.jpg\" class=\"attachment-thumbnail size-thumbnail\" alt><img decoding=\"async\" loading=\"lazy\" width=\"150\" height=\"150\" src=\"https:\/\/www.banatulmeu.ro\/wp-content\/uploads\/2026\/07\/Casa-Dragsina-Muzeul-Satului-Banatean-4-150x150.jpg\" class=\"attachment-thumbnail size-thumbnail\" alt><\/a><\/div>\n<\/figure>\n<figure class=\"gallery-item\">\n<div class=\"gallery-icon landscape\"><a href=\"https:\/\/www.banatulmeu.ro\/wp-content\/uploads\/2026\/07\/Casa-Dragsina-Muzeul-Satului-Banatean-5-e1784717196712.jpg\"><img loading=\"lazy\" decoding=\"async\" width=\"150\" height=\"150\" src=\"https:\/\/www.banatulmeu.ro\/wp-content\/uploads\/2026\/07\/Casa-Dragsina-Muzeul-Satului-Banatean-5-150x150.jpg\" class=\"attachment-thumbnail size-thumbnail\" alt><img decoding=\"async\" loading=\"lazy\" width=\"150\" height=\"150\" src=\"https:\/\/www.banatulmeu.ro\/wp-content\/uploads\/2026\/07\/Casa-Dragsina-Muzeul-Satului-Banatean-5-150x150.jpg\" class=\"attachment-thumbnail size-thumbnail\" alt><\/a><\/div>\n<\/figure>\n<\/div>\n<\/div>\n<p>[analyse_source url=&#8221;https:\/\/www.banatulmeu.ro\/o-noua-atractie-la-muzeul-satului-banatean-din-timisoara-se-deschide-casa-dragsina-foto\/&#8221;]<\/p>\n","protected":false},"excerpt":{"rendered":"<p>[analyse_image type=&#8221;featured&#8221; src=&#8221;http:\/\/www.banatulmeu.ro\/wp-content\/uploads\/2026\/07\/Casa-Dragsina-Muzeul-Satului-Banatean-2-e1784717282890.jpg&#8221;] O nou\u0103 atrac\u0163ie va putea fi admirat\u0103 la Muzeul Satului B\u0103n\u0103\u0163ean din Timi\u015foara. Este vorba de Casa de la Drag\u015fina, care va fi deschis\u0103 oficial vineri, 24 iulie, de la ora 13.00. Casa, donat\u0103 muzeului \u00een anul 2022 de familia Vatri\u0219, provine din localitatea Drag\u0219ina, comuna Chevere\u0219u Mare, jude\u021bul Timi\u0219. Demontat\u0103 \u00een [&hellip;]<\/p>\n","protected":false},"author":1,"featured_media":0,"comment_status":"open","ping_status":"","sticky":false,"template":"","format":"standard","meta":{"footnotes":""},"categories":[89],"tags":[204,226],"class_list":["post-2056146","post","type-post","status-publish","format-standard","hentry","category-romania","tag-banatulmeu-ro","tag-crawlmanager"],"_links":{"self":[{"href":"https:\/\/analyse.optim.biz\/index.php?rest_route=\/wp\/v2\/posts\/2056146","targetHints":{"allow":["GET"]}}],"collection":[{"href":"https:\/\/analyse.optim.biz\/index.php?rest_route=\/wp\/v2\/posts"}],"about":[{"href":"https:\/\/analyse.optim.biz\/index.php?rest_route=\/wp\/v2\/types\/post"}],"author":[{"embeddable":true,"href":"https:\/\/analyse.optim.biz\/index.php?rest_route=\/wp\/v2\/users\/1"}],"replies":[{"embeddable":true,"href":"https:\/\/analyse.optim.biz\/index.php?rest_route=%2Fwp%2Fv2%2Fcomments&post=2056146"}],"version-history":[{"count":0,"href":"https:\/\/analyse.optim.biz\/index.php?rest_route=\/wp\/v2\/posts\/2056146\/revisions"}],"wp:attachment":[{"href":"https:\/\/analyse.optim.biz\/index.php?rest_route=%2Fwp%2Fv2%2Fmedia&parent=2056146"}],"wp:term":[{"taxonomy":"category","embeddable":true,"href":"https:\/\/analyse.optim.biz\/index.php?rest_route=%2Fwp%2Fv2%2Fcategories&post=2056146"},{"taxonomy":"post_tag","embeddable":true,"href":"https:\/\/analyse.optim.biz\/index.php?rest_route=%2Fwp%2Fv2%2Ftags&post=2056146"}],"curies":[{"name":"wp","href":"https:\/\/api.w.org\/{rel}","templated":true}]}}