{"id":2056135,"date":"2026-07-21T16:19:47","date_gmt":"2026-07-21T13:19:47","guid":{"rendered":"https:\/\/analyse.optim.biz\/?p=2056135"},"modified":"2026-07-21T16:19:47","modified_gmt":"2026-07-21T13:19:47","slug":"sala-festiva-modernizata-la-colegiul-national-banatean-urmeaza-instalarea-unui-sistem-audio-performant-si-a-luminilor","status":"publish","type":"post","link":"https:\/\/analyse.optim.biz\/?p=2056135","title":{"rendered":"Sal\u0103 festiv\u0103 modernizat\u0103 la Colegiul Na\u021bional B\u0103n\u0103\u021bean. Urmeaz\u0103 instalarea unui sistem audio performant \u0219i a luminilor"},"content":{"rendered":"<p>[analyse_image type=&#8221;featured&#8221; src=&#8221;http:\/\/www.banatulmeu.ro\/wp-content\/uploads\/2026\/07\/IMG_4523-e1784650763622.jpeg&#8221;]<\/p>\n<div class=\"post-content-bd\">\n<p>Prim\u0103ria Timi\u0219oara a finalizat modernizarea s\u0103lii festive de la Colegiul Na\u021bional B\u0103n\u0103\u021bean, iar \u00een perioada urm\u0103toare spa\u021biul va fi dotat cu un sistem audio performant \u0219i un sistem de lumini. Echipamentele au fost deja achizi\u021bionate \u0219i urmeaz\u0103 s\u0103 fie montate.<\/p>\n<p>Investi\u021bia va permite organizarea evenimentelor \u0219colare \u00een condi\u021bii mai bune. Elevii vor avea la dispozi\u021bie boxe profesionale, care vor asigura un sunet clar \u00een \u00eentreaga sal\u0103, precum \u0219i microfoane, un mixer audio \u0219i un sistem de lumini.<\/p>\n<p>Ini\u021biativa privind dotarea s\u0103lii festive a venit chiar din partea elevilor Colegiului Na\u021bional B\u0103n\u0103\u021bean, prin intermediul programului de bugetare participativ\u0103.<\/p>\n<p>Proiectul propus de ace\u0219tia a primit finan\u021bare, iar, suplimentar, Prim\u0103ria Timi\u0219oara a modernizat \u0219i spa\u021biul \u00een care vor fi utilizate noile echipamente.<\/p>\n<p>Odat\u0103 cu montarea sistemelor audio \u0219i de lumini, sala festiv\u0103 va putea g\u0103zdui \u00een condi\u021bii moderne diferitele evenimente \u0219i activit\u0103\u021bi organizate de elevii colegiului.<\/p>\n<\/div>\n<p>[analyse_source url=&#8221;https:\/\/www.banatulmeu.ro\/sala-festiva-modernizata-la-colegiul-national-banatean-urmeaza-instalarea-unui-sistem-audio-performant-si-a-luminilor\/&#8221;]<\/p>\n","protected":false},"excerpt":{"rendered":"<p>[analyse_image type=&#8221;featured&#8221; src=&#8221;http:\/\/www.banatulmeu.ro\/wp-content\/uploads\/2026\/07\/IMG_4523-e1784650763622.jpeg&#8221;] Prim\u0103ria Timi\u0219oara a finalizat modernizarea s\u0103lii festive de la Colegiul Na\u021bional B\u0103n\u0103\u021bean, iar \u00een perioada urm\u0103toare spa\u021biul va fi dotat cu un sistem audio performant \u0219i un sistem de lumini. Echipamentele au fost deja achizi\u021bionate \u0219i urmeaz\u0103 s\u0103 fie montate. Investi\u021bia va permite organizarea evenimentelor \u0219colare \u00een condi\u021bii mai bune. Elevii vor [&hellip;]<\/p>\n","protected":false},"author":1,"featured_media":0,"comment_status":"open","ping_status":"","sticky":false,"template":"","format":"standard","meta":{"footnotes":""},"categories":[89],"tags":[204,226],"class_list":["post-2056135","post","type-post","status-publish","format-standard","hentry","category-romania","tag-banatulmeu-ro","tag-crawlmanager"],"_links":{"self":[{"href":"https:\/\/analyse.optim.biz\/index.php?rest_route=\/wp\/v2\/posts\/2056135","targetHints":{"allow":["GET"]}}],"collection":[{"href":"https:\/\/analyse.optim.biz\/index.php?rest_route=\/wp\/v2\/posts"}],"about":[{"href":"https:\/\/analyse.optim.biz\/index.php?rest_route=\/wp\/v2\/types\/post"}],"author":[{"embeddable":true,"href":"https:\/\/analyse.optim.biz\/index.php?rest_route=\/wp\/v2\/users\/1"}],"replies":[{"embeddable":true,"href":"https:\/\/analyse.optim.biz\/index.php?rest_route=%2Fwp%2Fv2%2Fcomments&post=2056135"}],"version-history":[{"count":0,"href":"https:\/\/analyse.optim.biz\/index.php?rest_route=\/wp\/v2\/posts\/2056135\/revisions"}],"wp:attachment":[{"href":"https:\/\/analyse.optim.biz\/index.php?rest_route=%2Fwp%2Fv2%2Fmedia&parent=2056135"}],"wp:term":[{"taxonomy":"category","embeddable":true,"href":"https:\/\/analyse.optim.biz\/index.php?rest_route=%2Fwp%2Fv2%2Fcategories&post=2056135"},{"taxonomy":"post_tag","embeddable":true,"href":"https:\/\/analyse.optim.biz\/index.php?rest_route=%2Fwp%2Fv2%2Ftags&post=2056135"}],"curies":[{"name":"wp","href":"https:\/\/api.w.org\/{rel}","templated":true}]}}