{"id":2056133,"date":"2026-07-22T09:58:13","date_gmt":"2026-07-22T06:58:13","guid":{"rendered":"https:\/\/analyse.optim.biz\/?p=2056133"},"modified":"2026-07-22T09:58:13","modified_gmt":"2026-07-22T06:58:13","slug":"timisoara-doi-soferi-raniti-intr-un-accident-pe-calea-torontalului-patru-autoturisme-implicate","status":"publish","type":"post","link":"https:\/\/analyse.optim.biz\/?p=2056133","title":{"rendered":"Timi\u0219oara: Doi \u0219oferi r\u0103ni\u021bi \u00eentr-un accident pe Calea Torontalului. Patru autoturisme, implicate"},"content":{"rendered":"<p>[analyse_image type=&#8221;featured&#8221; src=&#8221;http:\/\/www.banatulmeu.ro\/wp-content\/uploads\/2026\/07\/IMG_4534-e1784714260646.jpeg&#8221;]<\/p>\n<div class=\"post-content-bd\">\n<p>Un accident rutier \u00een urma c\u0103ruia dou\u0103 persoane au fost r\u0103nite s-a produs miercuri pe Calea Torontalului. \u00cen total, patru ma\u0219ini au fost implicate \u00een eveniment.<\/p>\n<p>Poli\u021bi\u0219tii rutieri au fost sesiza\u021bi \u00een jurul orei 11:00 cu privire la producerea accidentului.<\/p>\n<p>Potrivit primelor verific\u0103ri efectuate de oamenii legii, un b\u0103rbat \u00een v\u00e2rst\u0103 de 53 de ani a\u00a0 condus o ma\u0219in\u0103 pe Calea Torontalului, dinspre Becicherecu Mic spre Timi\u0219oara, ar fi efectuat un viraj la st\u00e2nga, moment \u00een care ma\u0219ina sa ar fi intrat \u00een coliziune cu un autoturism condus de un b\u0103rbat de 36 de ani, care circula din sens opus, dinspre Timi\u0219oara spre Becicherecu Mic.<\/p>\n<p>Ulterior, \u00een urma impactului, autoturismul condus de b\u0103rbatul de 53 de ani a fost proiectat \u00een alte dou\u0103 ma\u0219ini parcate.<\/p>\n<p>Cei doi \u0219oferi au fost r\u0103ni\u021bi \u0219i transporta\u021bi la spital pentru acordarea \u00eengrijirilor medicale de specialitate.<\/p>\n<p>Ambii conduc\u0103tori auto au fost testa\u021bi cu aparatul etilotest, rezultatele fiind negative.<\/p>\n<p>Poli\u021bi\u0219tii au deschis un dosar penal pentru v\u0103t\u0103mare corporal\u0103 din culp\u0103 \u0219i continu\u0103 cercet\u0103rile pentru a stabili toate \u00eemprejur\u0103rile \u00een care s-a produs accidentul.<\/p>\n<\/div>\n<p>[analyse_source url=&#8221;https:\/\/www.banatulmeu.ro\/timisoara-doi-soferi-raniti-intr-un-accident-pe-calea-torontalului-patru-autoturisme-implicate\/&#8221;]<\/p>\n","protected":false},"excerpt":{"rendered":"<p>[analyse_image type=&#8221;featured&#8221; src=&#8221;http:\/\/www.banatulmeu.ro\/wp-content\/uploads\/2026\/07\/IMG_4534-e1784714260646.jpeg&#8221;] Un accident rutier \u00een urma c\u0103ruia dou\u0103 persoane au fost r\u0103nite s-a produs miercuri pe Calea Torontalului. \u00cen total, patru ma\u0219ini au fost implicate \u00een eveniment. Poli\u021bi\u0219tii rutieri au fost sesiza\u021bi \u00een jurul orei 11:00 cu privire la producerea accidentului. Potrivit primelor verific\u0103ri efectuate de oamenii legii, un b\u0103rbat \u00een v\u00e2rst\u0103 de [&hellip;]<\/p>\n","protected":false},"author":1,"featured_media":0,"comment_status":"open","ping_status":"","sticky":false,"template":"","format":"standard","meta":{"footnotes":""},"categories":[89],"tags":[204,226],"class_list":["post-2056133","post","type-post","status-publish","format-standard","hentry","category-romania","tag-banatulmeu-ro","tag-crawlmanager"],"_links":{"self":[{"href":"https:\/\/analyse.optim.biz\/index.php?rest_route=\/wp\/v2\/posts\/2056133","targetHints":{"allow":["GET"]}}],"collection":[{"href":"https:\/\/analyse.optim.biz\/index.php?rest_route=\/wp\/v2\/posts"}],"about":[{"href":"https:\/\/analyse.optim.biz\/index.php?rest_route=\/wp\/v2\/types\/post"}],"author":[{"embeddable":true,"href":"https:\/\/analyse.optim.biz\/index.php?rest_route=\/wp\/v2\/users\/1"}],"replies":[{"embeddable":true,"href":"https:\/\/analyse.optim.biz\/index.php?rest_route=%2Fwp%2Fv2%2Fcomments&post=2056133"}],"version-history":[{"count":0,"href":"https:\/\/analyse.optim.biz\/index.php?rest_route=\/wp\/v2\/posts\/2056133\/revisions"}],"wp:attachment":[{"href":"https:\/\/analyse.optim.biz\/index.php?rest_route=%2Fwp%2Fv2%2Fmedia&parent=2056133"}],"wp:term":[{"taxonomy":"category","embeddable":true,"href":"https:\/\/analyse.optim.biz\/index.php?rest_route=%2Fwp%2Fv2%2Fcategories&post=2056133"},{"taxonomy":"post_tag","embeddable":true,"href":"https:\/\/analyse.optim.biz\/index.php?rest_route=%2Fwp%2Fv2%2Ftags&post=2056133"}],"curies":[{"name":"wp","href":"https:\/\/api.w.org\/{rel}","templated":true}]}}