{"id":2056131,"date":"2026-07-21T10:53:29","date_gmt":"2026-07-21T07:53:29","guid":{"rendered":"https:\/\/analyse.optim.biz\/?p=2056131"},"modified":"2026-07-21T10:53:29","modified_gmt":"2026-07-21T07:53:29","slug":"timisoara-doi-membri-ai-clanului-carpaci-ridicati-de-politisti-la-caransebes-ar-fi-tinut-un-barbat-in-conditii-similare-sclaviei-si-l-ar-fi-constrans-sa-doneze-un-rinichi","status":"publish","type":"post","link":"https:\/\/analyse.optim.biz\/?p=2056131","title":{"rendered":"Timi\u0219oara: Doi membri ai clanului C\u00e2rpaci, ridica\u021bi de poli\u021bi\u0219ti la Caransebe\u0219. Ar fi \u021binut un b\u0103rbat \u00een condi\u021bii similare sclaviei \u0219i l-ar fi constr\u00e2ns s\u0103 doneze un rinichi"},"content":{"rendered":"<p>[analyse_image type=&#8221;featured&#8221; src=&#8221;http:\/\/www.banatulmeu.ro\/wp-content\/uploads\/2026\/07\/IMG_4519-e1784633070549.jpeg&#8221;]<\/p>\n<div class=\"post-content-bd\">\n<p>Un b\u0103rbat \u0219i o femeie, membri ai clanului C\u00e2rpaci, au fost depista\u021bi mar\u021bi, 21 iulie, \u00een municipiul Caransebe\u0219, \u00een baza unor mandate europene de arestare. Cei doi, membri marcan\u021bi ai unei grup\u0103ri infrac\u021bionale, sunt cerceta\u021bi pentru trafic grav de fiin\u021be umane \u00een scopul prelev\u0103rii de organe. Mandatele au fost puse \u00een executare de poli\u021bi\u0219tii Serviciului de Investiga\u021bii Criminale Timi\u0219, \u00eempreun\u0103 cu procurorii DIICOT \u2013 Serviciul Teritorial Timi\u0219oara.<\/p>\n<p>Ac\u021biunea vine \u00een continuarea activit\u0103\u021bilor desf\u0103\u0219urate \u00een luna martie 2026, \u00een baza unui Ordin European de Anchet\u0103 emis de autorit\u0103\u021bile din Germania \u2013 Procuratura din Munchen.<\/p>\n<p>Potrivit anchetatorilor, b\u0103rbatul \u0219i femeia sunt cerceta\u021bi pentru c\u0103 ar fi \u021binut un alt cet\u0103\u021bean rom\u00e2n \u00eentr-o stare de total\u0103 dependen\u021b\u0103, similar\u0103 sclaviei. Pe fondul bolii renale severe de care suferea una dintre persoanele cercetate, victima ar fi fost constr\u00e2ns\u0103 s\u0103 accepte donarea unui rinichi. Persoana v\u0103t\u0103mat\u0103 ar fi fost ad\u0103postit\u0103 \u00een re\u0219edin\u021ba celor doi din Munchen, unde i-ar fi fost re\u021binute documentele de identitate \u2013 pa\u0219aportul \u0219i cartea de identitate rom\u00e2neasc\u0103 \u2013 \u0219i ar fi fost izolat\u0103 de orice contact cu propria familie. De asemenea, victima ar fi fost obligat\u0103 s\u0103 presteze munci neremunerate \u0219i s\u0103 \u00ee\u0219i \u00eenscrie numele \u0219i s\u0103 semneze contracte de v\u00e2nzare-cump\u0103rare \u00een cazul tranzac\u021biilor cu autovehicule.<\/p>\n<p>Ulterior, sub amenin\u021barea uciderii p\u0103rin\u021bilor s\u0103i, afla\u021bi \u00een Rom\u00e2nia, persoana v\u0103t\u0103mat\u0103 ar fi fost obligat\u0103 s\u0103 accepte donarea unui rinichi.<\/p>\n<p>Donarea ar fi avut loc la o clinic\u0103 medical\u0103 din Germania, unde victima ar fi declarat, \u00een mod nereal, c\u0103 este nepotul uneia dintre persoanele cercetate.<\/p>\n<p>B\u0103rbatul \u0219i femeia au fost depista\u021bi mar\u021bi, 21 iulie, \u00een municipiul Caransebe\u0219 \u0219i urmeaz\u0103 s\u0103 fie prezenta\u021bi \u00een fa\u021ba judec\u0103torului de drepturi \u0219i libert\u0103\u021bi din cadrul Cur\u021bii de Apel Timi\u0219oara, cu propunere de arestare preventiv\u0103 \u00een vederea pred\u0103rii.<\/p>\n<p>Ac\u021biunea a beneficiat de sprijinul poli\u021bi\u0219tilor Inspectoratului de Poli\u021bie Jude\u021bean Cara\u0219-Severin.<\/p>\n<p>Autorit\u0103\u021bile precizeaz\u0103 c\u0103, pe parcursul \u00eentregului proces penal, persoanele cercetate beneficiaz\u0103 de drepturile \u0219i garan\u021biile procesuale prev\u0103zute de Codul de procedur\u0103 penal\u0103, precum \u0219i de prezum\u021bia de nevinov\u0103\u021bie.<\/p>\n<\/div>\n<p>[analyse_source url=&#8221;https:\/\/www.banatulmeu.ro\/timisoara-doi-membri-ai-clanului-carpaci-ridicati-de-politisti-la-caransebes-ar-fi-tinut-un-barbat-in-conditii-similare-sclaviei-si-l-ar-fi-constrans-sa-doneze-un-rinichi\/&#8221;]<\/p>\n","protected":false},"excerpt":{"rendered":"<p>[analyse_image type=&#8221;featured&#8221; src=&#8221;http:\/\/www.banatulmeu.ro\/wp-content\/uploads\/2026\/07\/IMG_4519-e1784633070549.jpeg&#8221;] Un b\u0103rbat \u0219i o femeie, membri ai clanului C\u00e2rpaci, au fost depista\u021bi mar\u021bi, 21 iulie, \u00een municipiul Caransebe\u0219, \u00een baza unor mandate europene de arestare. Cei doi, membri marcan\u021bi ai unei grup\u0103ri infrac\u021bionale, sunt cerceta\u021bi pentru trafic grav de fiin\u021be umane \u00een scopul prelev\u0103rii de organe. Mandatele au fost puse \u00een executare [&hellip;]<\/p>\n","protected":false},"author":1,"featured_media":0,"comment_status":"open","ping_status":"","sticky":false,"template":"","format":"standard","meta":{"footnotes":""},"categories":[89],"tags":[204,226],"class_list":["post-2056131","post","type-post","status-publish","format-standard","hentry","category-romania","tag-banatulmeu-ro","tag-crawlmanager"],"_links":{"self":[{"href":"https:\/\/analyse.optim.biz\/index.php?rest_route=\/wp\/v2\/posts\/2056131","targetHints":{"allow":["GET"]}}],"collection":[{"href":"https:\/\/analyse.optim.biz\/index.php?rest_route=\/wp\/v2\/posts"}],"about":[{"href":"https:\/\/analyse.optim.biz\/index.php?rest_route=\/wp\/v2\/types\/post"}],"author":[{"embeddable":true,"href":"https:\/\/analyse.optim.biz\/index.php?rest_route=\/wp\/v2\/users\/1"}],"replies":[{"embeddable":true,"href":"https:\/\/analyse.optim.biz\/index.php?rest_route=%2Fwp%2Fv2%2Fcomments&post=2056131"}],"version-history":[{"count":0,"href":"https:\/\/analyse.optim.biz\/index.php?rest_route=\/wp\/v2\/posts\/2056131\/revisions"}],"wp:attachment":[{"href":"https:\/\/analyse.optim.biz\/index.php?rest_route=%2Fwp%2Fv2%2Fmedia&parent=2056131"}],"wp:term":[{"taxonomy":"category","embeddable":true,"href":"https:\/\/analyse.optim.biz\/index.php?rest_route=%2Fwp%2Fv2%2Fcategories&post=2056131"},{"taxonomy":"post_tag","embeddable":true,"href":"https:\/\/analyse.optim.biz\/index.php?rest_route=%2Fwp%2Fv2%2Ftags&post=2056131"}],"curies":[{"name":"wp","href":"https:\/\/api.w.org\/{rel}","templated":true}]}}