{"id":2056117,"date":"2026-07-22T14:32:19","date_gmt":"2026-07-22T11:32:19","guid":{"rendered":"https:\/\/analyse.optim.biz\/?p=2056117"},"modified":"2026-07-22T14:32:19","modified_gmt":"2026-07-22T11:32:19","slug":"aeroportul-timisoara-raspunde-criticilor-inchiderea-pistei-este-o-chestiune-tehnica-si-de-siguranta-nu-politica","status":"publish","type":"post","link":"https:\/\/analyse.optim.biz\/?p=2056117","title":{"rendered":"Aeroportul Timi\u0219oara r\u0103spunde criticilor: \u00cenchiderea pistei este o chestiune tehnic\u0103 \u0219i de siguran\u021b\u0103, nu politic\u0103"},"content":{"rendered":"<p>[analyse_image type=&#8221;featured&#8221; src=&#8221;http:\/\/www.banatulmeu.ro\/wp-content\/uploads\/2026\/07\/avion-aeroport-timisoara-e1784727135878.jpg&#8221;]<\/p>\n<div class=\"post-content-bd\">\n<p>Reprezentan\u021bii Aeroportului Interna\u021bional \u201eTraian Vuia\u201d Timi\u0219oara au reac\u021bionat dup\u0103 acuza\u021biile ap\u0103rute \u00een spa\u021biul public cu privire la \u00eenchiderea temporar\u0103 a pistei, programat\u0103 \u00een perioada 2\u201322 noiembrie. Conducerea aeroportului sus\u021bine c\u0103 decizia are la baz\u0103 considerente tehnice \u0219i de siguran\u021b\u0103 \u0219i respinge afirma\u021biile potrivit c\u0103rora operatorii aerieni ar fi aflat din pres\u0103 despre suspendarea activit\u0103\u021bii.<\/p>\n<p>Reac\u021bia vine dup\u0103 ce<a href=\"https:\/\/www.banatulmeu.ro\/sorin-sipos-senator-usr-atac-la-conducerea-aeroportului-timisoara-haosul-si-incertitudinea-create-de-omul-lui-grindeanu-i-ar-fi-lasat-pe-oameni-cu-ochii-in-soare\/\"> senatorul USR de Timi\u0219, Sorin \u0218ipo\u0219<\/a> a criticat conducerea aeroportului.<\/p>\n<p>Potrivit Aeroportului Timi\u0219oara, problema degrad\u0103rii pistei este cunoscut\u0103 de mai mul\u021bi ani, iar din 2025 identificarea unei solu\u021bii pentru interven\u021bie a devenit o prioritate. Ini\u021bial, au fost c\u0103utate surse externe de finan\u021bare pentru realizarea unei repara\u021bii capitale, fiind analizate posibilit\u0103\u021bi de finan\u021bare din fonduri europene, prin Ministerul Transporturilor \u0219i Infrastructurii sau prin programul SAFE. Niciuna dintre variante nu a putut \u00eens\u0103 fi concretizat\u0103.<\/p>\n<p>\u00cen aceste condi\u021bii, lucr\u0103rile urmeaz\u0103 s\u0103 fie realizate din sursele proprii ale aeroportului, \u00een regim de repara\u021bii de \u00eentre\u021binere.<\/p>\n<p>O prim\u0103 variant\u0103 prevedea executarea interven\u021biilor \u00een trei etape, f\u0103r\u0103 oprirea traficului aerian. Evalu\u0103rile tehnice au ar\u0103tat \u00eens\u0103, potrivit reprezentan\u021bilor aeroportului, c\u0103 aceast\u0103 solu\u021bie nu putea garanta desf\u0103\u0219urarea opera\u021biunilor \u00een condi\u021bii optime de siguran\u021b\u0103 \u0219i eficien\u021b\u0103.<\/p>\n<p>Astfel, s-a ajuns la varianta \u00eenchiderii temporare a pistei \u0219i efectu\u0103rii lucr\u0103rilor \u00eentr-o singur\u0103 etap\u0103. Aeroportul precizeaz\u0103 c\u0103 aceast\u0103 posibilitate a fost discutat\u0103 \u00eenc\u0103 din prim\u0103vara acestui an cu operatorii aerieni.<\/p>\n<p>\u201e<em>La 14 iulie 2026 a avut loc o \u0219edin\u021b\u0103 tehnic\u0103 organizat\u0103 de Autoritatea Aeronautic\u0103 Civil\u0103 Rom\u00e2n\u0103, la care au participat reprezentan\u021bi ai aeroportului, ai companiilor aeriene \u0219i ai institu\u021biilor implicate. \u00cen urma analizei tehnice \u0219i opera\u021bionale, s-a stabilit \u00eenchiderea temporar\u0103 a traficului aerian \u00een perioada 2\u201322 noiembrie 2026, interval considerat necesar \u0219i suficient pentru executarea lucr\u0103rilor<\/em>\u201d, au transmis reprezentan\u021bii Aeroportului Interna\u021bional Timi\u0219oara.<\/p>\n<p>Calendarul a fost stabilit astfel \u00eenc\u00e2t interven\u021biile s\u0103 fie finalizate \u00eenainte de sezonul de iarn\u0103, perioad\u0103 \u00een care condi\u021biile meteorologice pot accelera degradarea infrastructurii.<\/p>\n<p>Reprezentan\u021bii aeroportului resping \u0219i acuza\u021biile potrivit c\u0103rora situa\u021bia pistei ar fi rezultatul neglijen\u021bei actualei conduceri, subliniind c\u0103 problema este cunoscut\u0103 de mai mul\u021bi ani.<\/p>\n<p>\u201e<em>Faptul c\u0103 pista are nevoie de repara\u021bii urgente nu \u00eenseamn\u0103 automat c\u0103 aceast\u0103 situa\u021bie este rezultatul neglijen\u021bei unei singure persoane sau al unei singure conduceri. Infrastructura aeroportuar\u0103 este supus\u0103 unor verific\u0103ri permanente, iar restric\u021bionarea sau \u00eenchiderea unei piste se hot\u0103r\u0103\u0219te exclusiv \u00een baza evalu\u0103rilor tehnice \u0219i a cerin\u021belor de siguran\u021b\u0103, nu pe criterii politice. Problema este cunoscut\u0103 de ani de zile, inclusiv de cei care ast\u0103zi aleg s\u0103 o transforme \u00eentr-un subiect de confruntare politic\u0103<\/em>\u201d, se arat\u0103 \u00een punctul de vedere al institu\u021biei.<\/p>\n<p>Aeroportul Timi\u0219oara contrazice \u0219i afirma\u021biile potrivit c\u0103rora companiile aeriene ar fi aflat din pres\u0103 despre \u00eenchiderea pistei. Institu\u021bia sus\u021bine c\u0103 operatorii au fost primii informa\u021bi, prin canalele oficiale.<\/p>\n<p>\u201e<em>Afirma\u021biile potrivit c\u0103rora operatorii aerieni sau institu\u021biile implicate ar fi aflat exclusiv din pres\u0103 nu reflect\u0103 modul \u00een care func\u021bioneaz\u0103 sistemul aeronautic<\/em>\u201d, precizeaz\u0103 reprezentan\u021bii aeroportului.<\/p>\n<p>Potrivit acestora, toate companiile care opereaz\u0103 pe Aeroportul Timi\u0219oara au fost informate oficial \u00een data de 16 iulie 2026, printr-o adres\u0103 transmis\u0103 factorilor de decizie. Ulterior, ar fi fost informate institu\u021biile relevante, printre care Ministerul Transporturilor, autorit\u0103\u021bile jude\u021bene \u0219i mass-media.<\/p>\n<p>Reprezentan\u021bii aeroportului mai precizeaz\u0103 c\u0103 decizia privind relocarea zborurilor c\u0103tre un alt aeroport apar\u021bine exclusiv operatorului aerian.<\/p>\n<p>\u00cen punctul de vedere transmis, Aeroportul Timi\u0219oara aminte\u0219te \u0219i c\u0103, \u00een perioada 2022\u20132024, au fost implementate proiecte \u00een valoare de aproape 90 de milioane de euro pentru dezvoltarea infrastructurii, iar \u00eentre 2022 \u0219i 2026 num\u0103rul rutelor operate de la Timi\u0219oara aproape s-a dublat, \u00een paralel cu cre\u0219terea traficului de pasageri.<\/p>\n<\/div>\n<p>[analyse_source url=&#8221;https:\/\/www.banatulmeu.ro\/aeroportul-timisoara-raspunde-criticilor-inchiderea-pistei-este-o-chestiune-tehnica-si-de-siguranta-nu-politica\/&#8221;]<\/p>\n","protected":false},"excerpt":{"rendered":"<p>[analyse_image type=&#8221;featured&#8221; src=&#8221;http:\/\/www.banatulmeu.ro\/wp-content\/uploads\/2026\/07\/avion-aeroport-timisoara-e1784727135878.jpg&#8221;] Reprezentan\u021bii Aeroportului Interna\u021bional \u201eTraian Vuia\u201d Timi\u0219oara au reac\u021bionat dup\u0103 acuza\u021biile ap\u0103rute \u00een spa\u021biul public cu privire la \u00eenchiderea temporar\u0103 a pistei, programat\u0103 \u00een perioada 2\u201322 noiembrie. Conducerea aeroportului sus\u021bine c\u0103 decizia are la baz\u0103 considerente tehnice \u0219i de siguran\u021b\u0103 \u0219i respinge afirma\u021biile potrivit c\u0103rora operatorii aerieni ar fi aflat din pres\u0103 despre [&hellip;]<\/p>\n","protected":false},"author":1,"featured_media":0,"comment_status":"open","ping_status":"","sticky":false,"template":"","format":"standard","meta":{"footnotes":""},"categories":[89],"tags":[204,226],"class_list":["post-2056117","post","type-post","status-publish","format-standard","hentry","category-romania","tag-banatulmeu-ro","tag-crawlmanager"],"_links":{"self":[{"href":"https:\/\/analyse.optim.biz\/index.php?rest_route=\/wp\/v2\/posts\/2056117","targetHints":{"allow":["GET"]}}],"collection":[{"href":"https:\/\/analyse.optim.biz\/index.php?rest_route=\/wp\/v2\/posts"}],"about":[{"href":"https:\/\/analyse.optim.biz\/index.php?rest_route=\/wp\/v2\/types\/post"}],"author":[{"embeddable":true,"href":"https:\/\/analyse.optim.biz\/index.php?rest_route=\/wp\/v2\/users\/1"}],"replies":[{"embeddable":true,"href":"https:\/\/analyse.optim.biz\/index.php?rest_route=%2Fwp%2Fv2%2Fcomments&post=2056117"}],"version-history":[{"count":0,"href":"https:\/\/analyse.optim.biz\/index.php?rest_route=\/wp\/v2\/posts\/2056117\/revisions"}],"wp:attachment":[{"href":"https:\/\/analyse.optim.biz\/index.php?rest_route=%2Fwp%2Fv2%2Fmedia&parent=2056117"}],"wp:term":[{"taxonomy":"category","embeddable":true,"href":"https:\/\/analyse.optim.biz\/index.php?rest_route=%2Fwp%2Fv2%2Fcategories&post=2056117"},{"taxonomy":"post_tag","embeddable":true,"href":"https:\/\/analyse.optim.biz\/index.php?rest_route=%2Fwp%2Fv2%2Ftags&post=2056117"}],"curies":[{"name":"wp","href":"https:\/\/api.w.org\/{rel}","templated":true}]}}