{"id":2056101,"date":"2026-07-21T04:14:02","date_gmt":"2026-07-21T01:14:02","guid":{"rendered":"https:\/\/analyse.optim.biz\/?p=2056101"},"modified":"2026-07-21T04:14:02","modified_gmt":"2026-07-21T01:14:02","slug":"mai-mult-de-50-de-cupluri-de-aur-sarbatorite-de-zilele-falticenilor-primarul-coman-le-multumim-in-numele-comunitatii-pentru-ca-o-mare-parte-din-lucrurile-frumoase-care-sint-astazi-in-oras-li-se-da","status":"publish","type":"post","link":"https:\/\/analyse.optim.biz\/?p=2056101","title":{"rendered":"Mai mult de 50 de cupluri de aur, s\u0103rb\u0103torite de Zilele F\u0103lticenilor. Primarul Coman: Le mul\u021bumim \u00een numele comunit\u0103\u021bii, pentru c\u0103 o mare parte din lucrurile frumoase care s\u00eent ast\u0103zi \u00een ora\u0219 li se datoreaz\u0103 lor"},"content":{"rendered":"<p>[analyse_image type=&#8221;featured&#8221; src=&#8221;https:\/\/www.radiotop.ro\/img\/media\/2026\/07\/coman-cupluri-aur.jpg&#8221;]<\/p>\n<div class=\"entry-content no-share\">\n<div class=\"content-inner \">\n<p>Zilele F\u0103lticenilor au continuat luni, de Sf\u00eentu Ilie, cu premierea a peste 50 de cupluri care au aniversat 50 de ani de c\u0103s\u0103torie. Sf\u00eentul Proroc Ilie este patronul spiritual al municipiului. Evenimentul s-a desf\u0103\u0219urat la Catedrala Ortodox\u0103 din F\u0103lticeni \u0219i a debutat cu o slujb\u0103 de mul\u021bumire oficiat\u0103 de un sobor de preo\u021bi. La manifestare au participat copii, nepo\u021bi \u0219i prieteni ai s\u0103rb\u0103tori\u021bilor.<\/p>\n<p>Dup\u0103 slujba religioas\u0103 \u0219i cuv\u00eentul de binecuv\u00e2ntare rostit de unul dintre preo\u021bi, primarul C\u0103t\u0103lin Coman a \u00eenm\u00eenat fiec\u0103rui cuplu c\u00eete o diplom\u0103 aniversar\u0103, un buchet de flori, un premiu \u00een bani \u0219i un cadou oferit de firma Alevia.<\/p>\n<p>Primarul a spus: \u201eLa aceast\u0103 mare s\u0103rb\u0103toare pentru F\u0103lticeni, ziua patronului spiritual al municipiului nostru, Sf\u00eentul Ilie, am s\u0103rb\u0103torit, a\u0219a cum se cuvine, mai mult de 50 de cupluri care au \u00eemplinit 50 de ani de la c\u0103s\u0103torie. Este un lucru \u00eembucur\u0103tor \u0219i, dup\u0103 cum a\u021bi v\u0103zut, biserica a fost arhiplin\u0103 de copii, de nepo\u021bi, de prieteni, de oameni apropia\u021bi care au fost al\u0103turi de aceste minunate cupluri. Ne-am f\u0103cut datoria s\u0103 le mul\u021bumim \u00een numele comunit\u0103\u021bii, pentru c\u0103 o mare parte din lucrurile frumoase care s\u00eent ast\u0103zi \u00een ora\u0219 li se datoreaz\u0103 lor. Aici au tr\u0103it, aici au muncit, aici \u0219i-au crescut copiii \u0219i nepo\u021bii\u201d.<\/p>\n<p>Primarul a ad\u0103ugat referitor la num\u0103rul mare de s\u0103rb\u0103tori\u021bi: \u201eA\u0219 putea spune c\u0103 este un an record, pentru c\u0103 s\u00eent \u00eentr-adev\u0103r foarte multe cupluri aniversate. S\u00eent explica\u021bii \u00een trecut, referitoare la faptul c\u0103 \u00een 1976 s-au \u00eent\u00eemplat lucruri frumoase \u00een ora\u0219, care, vede\u021bi, au efecte peste 50 de ani. Lor li se datoreaz\u0103 mult din ceea ce se vede \u0219i se \u00eent\u00eempl\u0103 \u00een ora\u0219 \u0219i s\u00eent convins c\u0103 ne vom putea sf\u0103tui \u0219i \u00een continuare \u00een ceea ce prive\u0219te viitorul comunit\u0103\u021bii\u201d.<\/p>\n<p>La final, s\u0103rb\u0103tori\u021bii au fost invita\u021bi la un restaurant din F\u0103lticeni.<\/p>\n<p>\u00a0<\/p>\n<\/div>\n<\/div>\n<div class=\"content-inner \">\n<p>Zilele F\u0103lticenilor au continuat luni, de Sf\u00eentu Ilie, cu premierea a peste 50 de cupluri care au aniversat 50 de ani de c\u0103s\u0103torie. Sf\u00eentul Proroc Ilie este patronul spiritual al municipiului. Evenimentul s-a desf\u0103\u0219urat la Catedrala Ortodox\u0103 din F\u0103lticeni \u0219i a debutat cu o slujb\u0103 de mul\u021bumire oficiat\u0103 de un sobor de preo\u021bi. La manifestare au participat copii, nepo\u021bi \u0219i prieteni ai s\u0103rb\u0103tori\u021bilor.<\/p>\n<p>Dup\u0103 slujba religioas\u0103 \u0219i cuv\u00eentul de binecuv\u00e2ntare rostit de unul dintre preo\u021bi, primarul C\u0103t\u0103lin Coman a \u00eenm\u00eenat fiec\u0103rui cuplu c\u00eete o diplom\u0103 aniversar\u0103, un buchet de flori, un premiu \u00een bani \u0219i un cadou oferit de firma Alevia.<\/p>\n<p>Primarul a spus: \u201eLa aceast\u0103 mare s\u0103rb\u0103toare pentru F\u0103lticeni, ziua patronului spiritual al municipiului nostru, Sf\u00eentul Ilie, am s\u0103rb\u0103torit, a\u0219a cum se cuvine, mai mult de 50 de cupluri care au \u00eemplinit 50 de ani de la c\u0103s\u0103torie. Este un lucru \u00eembucur\u0103tor \u0219i, dup\u0103 cum a\u021bi v\u0103zut, biserica a fost arhiplin\u0103 de copii, de nepo\u021bi, de prieteni, de oameni apropia\u021bi care au fost al\u0103turi de aceste minunate cupluri. Ne-am f\u0103cut datoria s\u0103 le mul\u021bumim \u00een numele comunit\u0103\u021bii, pentru c\u0103 o mare parte din lucrurile frumoase care s\u00eent ast\u0103zi \u00een ora\u0219 li se datoreaz\u0103 lor. Aici au tr\u0103it, aici au muncit, aici \u0219i-au crescut copiii \u0219i nepo\u021bii\u201d.<\/p>\n<p>Primarul a ad\u0103ugat referitor la num\u0103rul mare de s\u0103rb\u0103tori\u021bi: \u201eA\u0219 putea spune c\u0103 este un an record, pentru c\u0103 s\u00eent \u00eentr-adev\u0103r foarte multe cupluri aniversate. S\u00eent explica\u021bii \u00een trecut, referitoare la faptul c\u0103 \u00een 1976 s-au \u00eent\u00eemplat lucruri frumoase \u00een ora\u0219, care, vede\u021bi, au efecte peste 50 de ani. Lor li se datoreaz\u0103 mult din ceea ce se vede \u0219i se \u00eent\u00eempl\u0103 \u00een ora\u0219 \u0219i s\u00eent convins c\u0103 ne vom putea sf\u0103tui \u0219i \u00een continuare \u00een ceea ce prive\u0219te viitorul comunit\u0103\u021bii\u201d.<\/p>\n<p>La final, s\u0103rb\u0103tori\u021bii au fost invita\u021bi la un restaurant din F\u0103lticeni.<\/p>\n<p>\u00a0<\/p>\n<\/div>\n<p>[analyse_source url=&#8221;https:\/\/www.radiotop.ro\/actualitate\/mai-mult-de-50-de-cupluri-de-aur-sarbatorite-de-zilele-falticenilor-primarul-coman-le-multumim-in-numele-comunitatii-pentru-ca-o-mare-parte-din-lucrurile-frumoase-care-sint-astazi-in-oras-li-se-dat.html&#8221;]<\/p>\n","protected":false},"excerpt":{"rendered":"<p>[analyse_image type=&#8221;featured&#8221; src=&#8221;https:\/\/www.radiotop.ro\/img\/media\/2026\/07\/coman-cupluri-aur.jpg&#8221;] Zilele F\u0103lticenilor au continuat luni, de Sf\u00eentu Ilie, cu premierea a peste 50 de cupluri care au aniversat 50 de ani de c\u0103s\u0103torie. Sf\u00eentul Proroc Ilie este patronul spiritual al municipiului. Evenimentul s-a desf\u0103\u0219urat la Catedrala Ortodox\u0103 din F\u0103lticeni \u0219i a debutat cu o slujb\u0103 de mul\u021bumire oficiat\u0103 de un sobor de [&hellip;]<\/p>\n","protected":false},"author":1,"featured_media":0,"comment_status":"open","ping_status":"","sticky":false,"template":"","format":"standard","meta":{"footnotes":""},"categories":[89],"tags":[226,163],"class_list":["post-2056101","post","type-post","status-publish","format-standard","hentry","category-romania","tag-crawlmanager","tag-radiotop-ro"],"_links":{"self":[{"href":"https:\/\/analyse.optim.biz\/index.php?rest_route=\/wp\/v2\/posts\/2056101","targetHints":{"allow":["GET"]}}],"collection":[{"href":"https:\/\/analyse.optim.biz\/index.php?rest_route=\/wp\/v2\/posts"}],"about":[{"href":"https:\/\/analyse.optim.biz\/index.php?rest_route=\/wp\/v2\/types\/post"}],"author":[{"embeddable":true,"href":"https:\/\/analyse.optim.biz\/index.php?rest_route=\/wp\/v2\/users\/1"}],"replies":[{"embeddable":true,"href":"https:\/\/analyse.optim.biz\/index.php?rest_route=%2Fwp%2Fv2%2Fcomments&post=2056101"}],"version-history":[{"count":0,"href":"https:\/\/analyse.optim.biz\/index.php?rest_route=\/wp\/v2\/posts\/2056101\/revisions"}],"wp:attachment":[{"href":"https:\/\/analyse.optim.biz\/index.php?rest_route=%2Fwp%2Fv2%2Fmedia&parent=2056101"}],"wp:term":[{"taxonomy":"category","embeddable":true,"href":"https:\/\/analyse.optim.biz\/index.php?rest_route=%2Fwp%2Fv2%2Fcategories&post=2056101"},{"taxonomy":"post_tag","embeddable":true,"href":"https:\/\/analyse.optim.biz\/index.php?rest_route=%2Fwp%2Fv2%2Ftags&post=2056101"}],"curies":[{"name":"wp","href":"https:\/\/api.w.org\/{rel}","templated":true}]}}