{"id":2056097,"date":"2026-07-21T02:54:09","date_gmt":"2026-07-20T23:54:09","guid":{"rendered":"https:\/\/analyse.optim.biz\/?p=2056097"},"modified":"2026-07-21T02:54:09","modified_gmt":"2026-07-20T23:54:09","slug":"luminari-si-candele-pentru-sorin-vezeteu-politistul-ucis-in-urma-cu-9-ani-in-gara-burdujeni","status":"publish","type":"post","link":"https:\/\/analyse.optim.biz\/?p=2056097","title":{"rendered":"Lum\u00een\u0103ri \u0219i candele pentru Sorin Vezeteu, poli\u021bistul ucis \u00een urm\u0103 cu 9 ani \u00een Gara Burdujeni"},"content":{"rendered":"<p>[analyse_image type=&#8221;featured&#8221; src=&#8221;https:\/\/www.radiotop.ro\/img\/media\/2026\/07\/politisti-gara-luminari.jpg&#8221;]<\/p>\n<div class=\"entry-content no-share\">\n<div class=\"content-inner \">\n<p>Luni, 20 iulie, poli\u021bi\u0219ti din cadrul Poli\u021biei Municipiului Suceava \u0219i ai Serviciului Ac\u021biuni Speciale IPJ Suceava au depus candele \u0219i lum\u00een\u0103ri \u00een Gara Burdujeni, acolo unde fix \u00een urm\u0103 cu 9 ani a fost ucis poli\u021bistul Sorin Vezeteu, care se afla \u00een misiune.<\/p>\n<p>Purt\u0103torul de cuv\u00eent al Poli\u021biei Jude\u021bului Suceava, Ionu\u021b Epureanu, spune c\u0103 a fost vorba despre \u201dun gest simbolic \u0219i de recuno\u0219tin\u021b\u0103 fa\u021b\u0103 de un camarad \u0219i un mesaj ve\u0219nic c\u0103tre Ariana si Denis (copiii eroului poli\u021bist) c\u0103 tat\u0103l lor nu va fi uitat niciodat\u0103 de colegi \u0219i familia din care ei fac parte\u201d.<\/p>\n<p>\u00cen mesajul domnului Epureanu, care este \u0219i adjunctul Poli\u021biei, se mai spune c\u0103 \u201dSorin Vezeteu a murit ucis mi\u0219ele\u0219te doar pentru c\u0103 purta cu cinste uniforma institu\u021bional\u0103 \u0219i \u00ee\u0219i f\u0103cea datoria\u201d.<\/p>\n<p>Pe 20 iulie 2017, agentul \u0219ef de poli\u021bie Vezeteu Constantin-Sorin,\u00a0ajutor \u0219ef de post la Postul de Poli\u021bie Transporturi Feroviare Suceava, a fost \u00eenjunghiat mortal \u00een Gara Burdujeni de Ioan Be\u0219a, un individ de 23 de ani, care a declarat c\u0103 ur\u0103\u0219te poli\u021bi\u0219tii, dup\u0103 ce a avut probleme cu legea \u00een Spania.<\/p>\n<p>Poli\u021bistul avea 38 de ani. Dou\u0103 luni mai t\u00eerziu, Be\u0219a s-a sinucis \u00een Penitenciarul Boto\u0219ani.<\/p>\n<p>\u00a0<\/p>\n<\/div>\n<\/div>\n<div class=\"content-inner \">\n<p>Luni, 20 iulie, poli\u021bi\u0219ti din cadrul Poli\u021biei Municipiului Suceava \u0219i ai Serviciului Ac\u021biuni Speciale IPJ Suceava au depus candele \u0219i lum\u00een\u0103ri \u00een Gara Burdujeni, acolo unde fix \u00een urm\u0103 cu 9 ani a fost ucis poli\u021bistul Sorin Vezeteu, care se afla \u00een misiune.<\/p>\n<p>Purt\u0103torul de cuv\u00eent al Poli\u021biei Jude\u021bului Suceava, Ionu\u021b Epureanu, spune c\u0103 a fost vorba despre \u201dun gest simbolic \u0219i de recuno\u0219tin\u021b\u0103 fa\u021b\u0103 de un camarad \u0219i un mesaj ve\u0219nic c\u0103tre Ariana si Denis (copiii eroului poli\u021bist) c\u0103 tat\u0103l lor nu va fi uitat niciodat\u0103 de colegi \u0219i familia din care ei fac parte\u201d.<\/p>\n<p>\u00cen mesajul domnului Epureanu, care este \u0219i adjunctul Poli\u021biei, se mai spune c\u0103 \u201dSorin Vezeteu a murit ucis mi\u0219ele\u0219te doar pentru c\u0103 purta cu cinste uniforma institu\u021bional\u0103 \u0219i \u00ee\u0219i f\u0103cea datoria\u201d.<\/p>\n<p>Pe 20 iulie 2017, agentul \u0219ef de poli\u021bie Vezeteu Constantin-Sorin,\u00a0ajutor \u0219ef de post la Postul de Poli\u021bie Transporturi Feroviare Suceava, a fost \u00eenjunghiat mortal \u00een Gara Burdujeni de Ioan Be\u0219a, un individ de 23 de ani, care a declarat c\u0103 ur\u0103\u0219te poli\u021bi\u0219tii, dup\u0103 ce a avut probleme cu legea \u00een Spania.<\/p>\n<p>Poli\u021bistul avea 38 de ani. Dou\u0103 luni mai t\u00eerziu, Be\u0219a s-a sinucis \u00een Penitenciarul Boto\u0219ani.<\/p>\n<p>\u00a0<\/p>\n<\/div>\n<p>[analyse_source url=&#8221;https:\/\/www.radiotop.ro\/actualitate\/luminari-si-candele-pentru-sorin-vezeteu-politistul-ucis-in-urma-cu-9-ani-in-gara-burdujeni.html&#8221;]<\/p>\n","protected":false},"excerpt":{"rendered":"<p>[analyse_image type=&#8221;featured&#8221; src=&#8221;https:\/\/www.radiotop.ro\/img\/media\/2026\/07\/politisti-gara-luminari.jpg&#8221;] Luni, 20 iulie, poli\u021bi\u0219ti din cadrul Poli\u021biei Municipiului Suceava \u0219i ai Serviciului Ac\u021biuni Speciale IPJ Suceava au depus candele \u0219i lum\u00een\u0103ri \u00een Gara Burdujeni, acolo unde fix \u00een urm\u0103 cu 9 ani a fost ucis poli\u021bistul Sorin Vezeteu, care se afla \u00een misiune. Purt\u0103torul de cuv\u00eent al Poli\u021biei Jude\u021bului Suceava, Ionu\u021b Epureanu, [&hellip;]<\/p>\n","protected":false},"author":1,"featured_media":0,"comment_status":"open","ping_status":"","sticky":false,"template":"","format":"standard","meta":{"footnotes":""},"categories":[89],"tags":[226,163],"class_list":["post-2056097","post","type-post","status-publish","format-standard","hentry","category-romania","tag-crawlmanager","tag-radiotop-ro"],"_links":{"self":[{"href":"https:\/\/analyse.optim.biz\/index.php?rest_route=\/wp\/v2\/posts\/2056097","targetHints":{"allow":["GET"]}}],"collection":[{"href":"https:\/\/analyse.optim.biz\/index.php?rest_route=\/wp\/v2\/posts"}],"about":[{"href":"https:\/\/analyse.optim.biz\/index.php?rest_route=\/wp\/v2\/types\/post"}],"author":[{"embeddable":true,"href":"https:\/\/analyse.optim.biz\/index.php?rest_route=\/wp\/v2\/users\/1"}],"replies":[{"embeddable":true,"href":"https:\/\/analyse.optim.biz\/index.php?rest_route=%2Fwp%2Fv2%2Fcomments&post=2056097"}],"version-history":[{"count":0,"href":"https:\/\/analyse.optim.biz\/index.php?rest_route=\/wp\/v2\/posts\/2056097\/revisions"}],"wp:attachment":[{"href":"https:\/\/analyse.optim.biz\/index.php?rest_route=%2Fwp%2Fv2%2Fmedia&parent=2056097"}],"wp:term":[{"taxonomy":"category","embeddable":true,"href":"https:\/\/analyse.optim.biz\/index.php?rest_route=%2Fwp%2Fv2%2Fcategories&post=2056097"},{"taxonomy":"post_tag","embeddable":true,"href":"https:\/\/analyse.optim.biz\/index.php?rest_route=%2Fwp%2Fv2%2Ftags&post=2056097"}],"curies":[{"name":"wp","href":"https:\/\/api.w.org\/{rel}","templated":true}]}}