{"id":2055772,"date":"2026-07-22T04:15:08","date_gmt":"2026-07-22T01:15:08","guid":{"rendered":"https:\/\/analyse.optim.biz\/?p=2055772"},"modified":"2026-07-22T04:15:08","modified_gmt":"2026-07-22T01:15:08","slug":"copil-de-10-ani-pe-bicicleta-fara-casca-pe-strazile-sucevei-o-imagine-frecventa","status":"publish","type":"post","link":"https:\/\/analyse.optim.biz\/?p=2055772","title":{"rendered":"Copil de 10 ani pe biciclet\u0103, f\u0103r\u0103 casc\u0103, pe str\u0103zile Sucevei, o imagine frecvent\u0103"},"content":{"rendered":"<p>[analyse_image type=&#8221;featured&#8221; src=&#8221;https:\/\/www.radiotop.ro\/img\/media\/2026\/07\/copil-bicicleta.jpg&#8221;]<\/p>\n<div class=\"entry-content no-share\">\n<div class=\"content-inner \">\n<p>La finele s\u0103pt\u0103m\u00eenii trecute, un copil \u00een v\u00eerst\u0103 de doar 12 ani a ajuns la spital cu traumatism cranio-cerebral dup\u0103 ce trotineta cu care circula a fost lovit\u0103 de o ma\u0219in\u0103. Nefericitul accident a avut loc \u00een comuna Vama.<\/p>\n<p>\u00cen municipiul Suceava este plin de copii \u0219i de adolescen\u021bi care circul\u0103 cu biciclete sau cu trotinete electrice pe trotuar ori pe strad\u0103. Din p\u0103cate, Suceava fiind un ora\u0219 \u00eenghesuit, nu este loc \u0219i pentru piste destinate trotineti\u0219tilor sau bicicli\u0219tilor. Pe unele trotuare s\u00eent delimitate piste pentru bicicli\u0219ti, un fel de piste pentru bicicli\u0219ti, dar acestea s\u00eent foarte pu\u021bine. S\u00eent adolescen\u021bi care circul\u0103 cu o vitez\u0103 foarte mare cu trotinetele electrice pe trotuarele \u00eenguste, pun\u00eend \u00een pericol siguran\u021ba pietonilor, dar \u0219i a lor. S\u00eent trotineti\u0219ti care fac \u00eentreceri pe str\u0103zi atunci c\u00eend circula\u021bia ma\u0219inilor este ceva mai redus\u0103. S\u00eent copii pe biciclete care poart\u0103 c\u0103\u0219ti\u00a0 \u0219i care s\u00eent \u00eenso\u021bi\u021bi de p\u0103rin\u021bi care-i supravegheaz\u0103 atent, dar s\u00eent \u0219i trotineti\u0219ti care circul\u0103 cu vitez\u0103 \u0219i care nu poart\u0103 casc\u0103. Apoi, nu este normal s\u0103 vezi un copil de vreo 10 ani, f\u0103r\u0103 casc\u0103, slalom\u00eend cu bicicleta printre ma\u0219ini.<\/p>\n<p>Din aprilie 2021 \u0219i p\u00een\u0103 \u00een aprilie 2025, \u00een municipiul Suceava a func\u021bionat un serviciu de \u00eenchiriere a 50 de trotinete electrice achizi\u021bionate \u00een cadrul unui proiect european, dar noua administra\u021bie a renun\u021bat la acesta pe motiv c\u0103 este nerentabil, nu din alte motive.<\/p>\n<p>Poate c\u0103 ar fi cazul ca deliberativul local s\u0103 reglementeze deplasarea copiilor \u0219i adolescen\u021bilor cu trotinetele electrice \u0219i cu bicicletele pe trotuarele \u0219i str\u0103zile din ora\u0219. Asta, pentru ca \u0219tiri precum cea de la Vama, cu un copil de 12 ani care circula cu trotineta \u0219i care a fost lovit de o ma\u0219in\u0103, s\u0103 nu devin\u0103 frecvente.<\/p>\n<\/div>\n<\/div>\n<div class=\"content-inner \">\n<p>La finele s\u0103pt\u0103m\u00eenii trecute, un copil \u00een v\u00eerst\u0103 de doar 12 ani a ajuns la spital cu traumatism cranio-cerebral dup\u0103 ce trotineta cu care circula a fost lovit\u0103 de o ma\u0219in\u0103. Nefericitul accident a avut loc \u00een comuna Vama.<\/p>\n<p>\u00cen municipiul Suceava este plin de copii \u0219i de adolescen\u021bi care circul\u0103 cu biciclete sau cu trotinete electrice pe trotuar ori pe strad\u0103. Din p\u0103cate, Suceava fiind un ora\u0219 \u00eenghesuit, nu este loc \u0219i pentru piste destinate trotineti\u0219tilor sau bicicli\u0219tilor. Pe unele trotuare s\u00eent delimitate piste pentru bicicli\u0219ti, un fel de piste pentru bicicli\u0219ti, dar acestea s\u00eent foarte pu\u021bine. S\u00eent adolescen\u021bi care circul\u0103 cu o vitez\u0103 foarte mare cu trotinetele electrice pe trotuarele \u00eenguste, pun\u00eend \u00een pericol siguran\u021ba pietonilor, dar \u0219i a lor. S\u00eent trotineti\u0219ti care fac \u00eentreceri pe str\u0103zi atunci c\u00eend circula\u021bia ma\u0219inilor este ceva mai redus\u0103. S\u00eent copii pe biciclete care poart\u0103 c\u0103\u0219ti\u00a0 \u0219i care s\u00eent \u00eenso\u021bi\u021bi de p\u0103rin\u021bi care-i supravegheaz\u0103 atent, dar s\u00eent \u0219i trotineti\u0219ti care circul\u0103 cu vitez\u0103 \u0219i care nu poart\u0103 casc\u0103. Apoi, nu este normal s\u0103 vezi un copil de vreo 10 ani, f\u0103r\u0103 casc\u0103, slalom\u00eend cu bicicleta printre ma\u0219ini.<\/p>\n<p>Din aprilie 2021 \u0219i p\u00een\u0103 \u00een aprilie 2025, \u00een municipiul Suceava a func\u021bionat un serviciu de \u00eenchiriere a 50 de trotinete electrice achizi\u021bionate \u00een cadrul unui proiect european, dar noua administra\u021bie a renun\u021bat la acesta pe motiv c\u0103 este nerentabil, nu din alte motive.<\/p>\n<p>Poate c\u0103 ar fi cazul ca deliberativul local s\u0103 reglementeze deplasarea copiilor \u0219i adolescen\u021bilor cu trotinetele electrice \u0219i cu bicicletele pe trotuarele \u0219i str\u0103zile din ora\u0219. Asta, pentru ca \u0219tiri precum cea de la Vama, cu un copil de 12 ani care circula cu trotineta \u0219i care a fost lovit de o ma\u0219in\u0103, s\u0103 nu devin\u0103 frecvente.<\/p>\n<\/div>\n<p>[analyse_source url=&#8221;https:\/\/www.radiotop.ro\/tableta-zilei\/copil-de-10-ani-pe-bicicleta-fara-casca-pe-strazile-sucevei-o-imagine-frecventa.html&#8221;]<\/p>\n","protected":false},"excerpt":{"rendered":"<p>[analyse_image type=&#8221;featured&#8221; src=&#8221;https:\/\/www.radiotop.ro\/img\/media\/2026\/07\/copil-bicicleta.jpg&#8221;] La finele s\u0103pt\u0103m\u00eenii trecute, un copil \u00een v\u00eerst\u0103 de doar 12 ani a ajuns la spital cu traumatism cranio-cerebral dup\u0103 ce trotineta cu care circula a fost lovit\u0103 de o ma\u0219in\u0103. Nefericitul accident a avut loc \u00een comuna Vama. \u00cen municipiul Suceava este plin de copii \u0219i de adolescen\u021bi care circul\u0103 cu [&hellip;]<\/p>\n","protected":false},"author":1,"featured_media":0,"comment_status":"open","ping_status":"","sticky":false,"template":"","format":"standard","meta":{"footnotes":""},"categories":[89],"tags":[163],"class_list":["post-2055772","post","type-post","status-publish","format-standard","hentry","category-romania","tag-radiotop-ro"],"_links":{"self":[{"href":"https:\/\/analyse.optim.biz\/index.php?rest_route=\/wp\/v2\/posts\/2055772","targetHints":{"allow":["GET"]}}],"collection":[{"href":"https:\/\/analyse.optim.biz\/index.php?rest_route=\/wp\/v2\/posts"}],"about":[{"href":"https:\/\/analyse.optim.biz\/index.php?rest_route=\/wp\/v2\/types\/post"}],"author":[{"embeddable":true,"href":"https:\/\/analyse.optim.biz\/index.php?rest_route=\/wp\/v2\/users\/1"}],"replies":[{"embeddable":true,"href":"https:\/\/analyse.optim.biz\/index.php?rest_route=%2Fwp%2Fv2%2Fcomments&post=2055772"}],"version-history":[{"count":0,"href":"https:\/\/analyse.optim.biz\/index.php?rest_route=\/wp\/v2\/posts\/2055772\/revisions"}],"wp:attachment":[{"href":"https:\/\/analyse.optim.biz\/index.php?rest_route=%2Fwp%2Fv2%2Fmedia&parent=2055772"}],"wp:term":[{"taxonomy":"category","embeddable":true,"href":"https:\/\/analyse.optim.biz\/index.php?rest_route=%2Fwp%2Fv2%2Fcategories&post=2055772"},{"taxonomy":"post_tag","embeddable":true,"href":"https:\/\/analyse.optim.biz\/index.php?rest_route=%2Fwp%2Fv2%2Ftags&post=2055772"}],"curies":[{"name":"wp","href":"https:\/\/api.w.org\/{rel}","templated":true}]}}