{"id":205570,"date":"2014-05-16T13:26:10","date_gmt":"2014-05-16T10:26:10","guid":{"rendered":"https:\/\/analyse.optim.biz\/?p=205570"},"modified":"2014-05-16T13:26:10","modified_gmt":"2014-05-16T10:26:10","slug":"traian-basescu-situatia-din-marea-neagra-s-a-deteriorat-consistent-secretarul-general-nato-romania-nu-este-singura","status":"publish","type":"post","link":"https:\/\/analyse.optim.biz\/?p=205570","title":{"rendered":"Traian B\u0103sescu: Situa\u0163ia din Marea Neagr\u0103 s-a deteriorat consistent. Secretarul general NATO: Rom\u00e2nia nu este singur\u0103"},"content":{"rendered":"<div class=\"entry data-app-meta data-app-meta-article\" data-embed-base-url-canonical=\"https:\/\/www.digi24.ro\/embed\/stiri\/actualitate\/politica\/traian-basescu-situatia-din-marea-neagra-s-a-deteriorat-consistent-secretarul-general-nato-romania-nu-este-singura-243934\">\n<p data-index=\"1\">\u00a0<img decoding=\"async\" src=\"https:\/\/analyse.optim.biz\/wp-content\/uploads\/2024\/09\/ytg4mwuxndaxzgi4mtk4nzhiyzuzmgrhnjazzq-thumb_.jpg\" data-skip-htmlfix=\"1\" title=\"ytg4mwuxndaxzgi4mtk4nzhiyzuzmgrhnjazzq-thumb_\"><\/p>\n<p data-index=\"2\"><strong><span>Declara\u0163iile pre\u015fedintelui Traian B\u0103sescu:<\/span><\/strong><\/p>\n<p data-index=\"3\">\u201e<span>Regiunea este fr\u0103m\u00e2ntat\u0103 de probleme de securitate. Am discutat modul cum trebuie s\u0103 reac\u0163ion\u0103m la cre\u015fterea nivelului de insecuritate generat de situa\u0163ia din Ucraina \u015fi de perspectiva Rusiei. Obiectivul nostru este consolidarea nivelului de securitate pe flancul de est al NATO. <\/span><\/p>\n<p data-index=\"4\">Angajamentul Guvernului de a cre\u015fte resursele pentru Ministerul Ap\u0103r\u0103rii este un semnal bun. M\u0103surile trebuiesc luate destul de rapid.<\/p>\n<p data-index=\"5\">Am vorbit despre<strong> situa\u0163ia de securitate din Marea Neagr\u0103, care s-a deteriorat consistent<\/strong> \u015fi care are o alt\u0103 imagine dup\u0103 anexarea Crimeei \u015fi dezvoltarea unui alt centru de putere militar\u0103 acolo, care nu se mai afl\u0103 sub control ucrainean&#8221;.<\/p>\n<p data-index=\"6\"><strong><span>Declara\u0163iile lui Anders Fogh Rasmussen:<\/span><\/strong><\/p>\n<p data-index=\"7\">&#8220;Rom\u00e2nia a demonstrat c\u0103 este posibil s\u0103 face\u0163i investi\u0163ii substan\u0163iale \u00een capacit\u0103\u0163i de ap\u0103rare. Sarcina NATO este ap\u0103rarea \u015fi protejarea alia\u0163ilor no\u015ftri. Am discutat criza serioas\u0103 care se desf\u0103\u015foar\u0103 la grani\u0163ele noastre.<\/p>\n<p data-index=\"8\">Rom\u00e2nia nu este singur\u0103, sunte\u0163i parte a NATO \u015fi orice aliat se bucur\u0103 de protec\u0163ia complet\u0103 a NATO<\/p>\n<p data-index=\"9\">Despre declara\u0163iile liderilor ru\u015fi despre Ucraina \u015fi Moldova: <strong>Nimeni nu poate s\u0103 mai aib\u0103 \u00eencredere \u00een garan\u0163iile Rusiei cu privire la suveranitate \u015fi integritatea teritorial\u0103.<\/strong> Ce am v\u0103zut recent este o anexare ilegal\u0103 a teritoriului. Ucraina este cea care trebuie s\u0103 decid\u0103 privitor la viitorul s\u0103u statut.<\/p>\n<\/div>\n<p> Source URL: https:\/\/www.digi24.ro\/stiri\/actualitate\/politica\/traian-basescu-situatia-din-marea-neagra-s-a-deteriorat-consistent-secretarul-general-nato-romania-nu-este-singura-243934<\/p>\n","protected":false},"excerpt":{"rendered":"<p>\u00a0 Declara\u0163iile pre\u015fedintelui Traian B\u0103sescu: \u201eRegiunea este fr\u0103m\u00e2ntat\u0103 de probleme de securitate. Am discutat modul cum trebuie s\u0103 reac\u0163ion\u0103m la cre\u015fterea nivelului de insecuritate generat de situa\u0163ia din Ucraina \u015fi de perspectiva Rusiei. Obiectivul nostru este consolidarea nivelului de securitate pe flancul de est al NATO. Angajamentul Guvernului de a cre\u015fte resursele pentru Ministerul Ap\u0103r\u0103rii [&hellip;]<\/p>\n","protected":false},"author":1,"featured_media":205571,"comment_status":"open","ping_status":"","sticky":false,"template":"","format":"standard","meta":{"footnotes":""},"categories":[2],"tags":[11],"class_list":["post-205570","post","type-post","status-publish","format-standard","has-post-thumbnail","hentry","category-politics","tag-digi24"],"_links":{"self":[{"href":"https:\/\/analyse.optim.biz\/index.php?rest_route=\/wp\/v2\/posts\/205570","targetHints":{"allow":["GET"]}}],"collection":[{"href":"https:\/\/analyse.optim.biz\/index.php?rest_route=\/wp\/v2\/posts"}],"about":[{"href":"https:\/\/analyse.optim.biz\/index.php?rest_route=\/wp\/v2\/types\/post"}],"author":[{"embeddable":true,"href":"https:\/\/analyse.optim.biz\/index.php?rest_route=\/wp\/v2\/users\/1"}],"replies":[{"embeddable":true,"href":"https:\/\/analyse.optim.biz\/index.php?rest_route=%2Fwp%2Fv2%2Fcomments&post=205570"}],"version-history":[{"count":0,"href":"https:\/\/analyse.optim.biz\/index.php?rest_route=\/wp\/v2\/posts\/205570\/revisions"}],"wp:featuredmedia":[{"embeddable":true,"href":"https:\/\/analyse.optim.biz\/index.php?rest_route=\/wp\/v2\/media\/205571"}],"wp:attachment":[{"href":"https:\/\/analyse.optim.biz\/index.php?rest_route=%2Fwp%2Fv2%2Fmedia&parent=205570"}],"wp:term":[{"taxonomy":"category","embeddable":true,"href":"https:\/\/analyse.optim.biz\/index.php?rest_route=%2Fwp%2Fv2%2Fcategories&post=205570"},{"taxonomy":"post_tag","embeddable":true,"href":"https:\/\/analyse.optim.biz\/index.php?rest_route=%2Fwp%2Fv2%2Ftags&post=205570"}],"curies":[{"name":"wp","href":"https:\/\/api.w.org\/{rel}","templated":true}]}}