{"id":205559,"date":"2014-05-16T15:55:04","date_gmt":"2014-05-16T12:55:04","guid":{"rendered":"https:\/\/analyse.optim.biz\/?p=205559"},"modified":"2014-05-16T15:55:04","modified_gmt":"2014-05-16T12:55:04","slug":"opt-independenti-candideaza-la-europarlamentare-temele-de-campanie-dreptul-la-viata-si-familia-naturala","status":"publish","type":"post","link":"https:\/\/analyse.optim.biz\/?p=205559","title":{"rendered":"Opt independen\u0163i candideaz\u0103 la europarlamentare. Temele de campanie: dreptul la via\u0163\u0103 \u015fi familia natural\u0103"},"content":{"rendered":"<div class=\"entry data-app-meta data-app-meta-article\" data-embed-base-url-canonical=\"https:\/\/www.digi24.ro\/embed\/stiri\/actualitate\/politica\/opt-independenti-candideaza-la-europarlamentare-temele-de-campanie-dreptul-la-viata-si-familia-naturala-243992\">\n<p data-index=\"1\">Pentru <strong>Peter Costea<\/strong>, fiu de pastor baptist, esen\u0163ial este ca legisla\u0163ia european\u0103 s\u0103 interzic\u0103 avortul. Va milita pentru dreptul la via\u0163\u0103 al copilului nen\u0103scut.<\/p>\n<p data-index=\"2\">\u201eDreptul la via\u021b\u0103 e cel mai important. La ora actual\u0103 asist\u0103m \u00een Uniunea Europeana la o infla\u021bie a drepturilor. Invent\u0103m drepturi peste noapte, creem drepturi peste noapte \u0219i d\u0103m drepturi tuturor, f\u0103r\u0103 a ne g\u00e2ndi la cel mai important drept &#8211; dreptul la via\u021b\u0103. F\u0103r\u0103 dreptul la via\u021b\u0103 consecin\u021bele sunt moartea\u201d, afirm\u0103 Peter Costea, candidat independent la europarlamentare.<\/p>\n<p data-index=\"3\">Pentru <strong>Iulian Capsali<\/strong> tot promovarea familiei naturale reprezint\u0103 adev\u0103rata miz\u0103 a unui mandat de eurodeputat.<\/p>\n<p data-index=\"4\">\u201e<span>Nu pot s\u0103 nu m\u0103 g\u00e2ndesc la ce s-a \u00eent\u00e2mplat zilele trecute la Eurovision \u015fi cine a c\u00e2\u015ftigat acest concurs, \u00een ciuda faptul c\u0103 protestele au fost la unison. Este aproape ideologic impus un astfel de <\/span><span lang=\"en-US\">&#8216;<\/span><span>model<\/span><span lang=\"en-US\">&#8216;<\/span><span> pentru copii, pentru tineri \u015fi pentru viitorul acestei Europe\u201d, sus\u021bine Iulian Capsali, candidat independent la europarlamentare.<\/span><\/p>\n<p data-index=\"5\">Un alt candidat, alte proiecte. <strong>Constantin Filip Ti\u0163ian<\/strong> spune c\u0103, odat\u0103 ales \u00een Parlamentul European, se va bate pentru dreptul rom\u00e2nilor de a primi asisten\u0163\u0103 medical\u0103 \u015fi social\u0103 gratuit\u0103 \u00een Europa.<\/p>\n<p data-index=\"6\">\u201e<span>Mai mult, eu am \u015fi preg\u0103tirea \u015fi experienta necesar\u0103 s\u0103 ajung la Bruxelles. Sunt licen\u0163iat \u00een drept, sunt licen\u0163iat \u00een economie &#8211; finan\u0163e\/b\u0103nci, \u00een politic\u0103 &#8211; am terminat \u015ftiin\u0163e juridice. Vreau s\u0103 m\u0103 bat pentru drepturile rom\u00e2nilor\u201d, spune Filip Constantin Ti\u0163ian, candidat independent la europarlamentare.<\/span><\/p>\n<p data-index=\"7\">Tot din postura de eurodeputat,<strong> Valentin D\u0103eanu<\/strong>, promite c\u0103 va promova interesele mediului privat de afaceri \u015fi va investi, dac\u0103 va fi ales, timp \u015fi bani pentru implicarea activ\u0103 a cet\u0103\u0163enilor \u00een luarea deciziilor \u015fi \u00een promovarea proiectelor.<\/p>\n<p data-index=\"8\">\u201e<span>Rom\u00e2nul nu este interesat de alegeri, e sc\u00e2rbit de tot ceea ce s-a \u00eent\u00e2mplat, dar nici nu vrea s\u0103 ac\u0163ioneze. Oric\u00e2t de multe proiecte ai avea, dac\u0103 nu ai \u00een spate un electorat activ, care s\u0103 te sus\u0163in\u0103, proiectele, din punctul meu de vedere, sunt moarte\u201d, declar\u0103 Valentin D\u0103eanu, candidat independent la europarlamentare.<\/span><\/p>\n<p data-index=\"9\"><strong><span>Cei 8 candida\u0163i independen\u0163i se lupt\u0103 pentru un loc de europarlamentar din cele 32 care revin Rom\u00e2niei la alegerile din 25 mai.<\/span><\/strong><\/p>\n<\/div>\n<p> Source URL: https:\/\/www.digi24.ro\/stiri\/actualitate\/politica\/opt-independenti-candideaza-la-europarlamentare-temele-de-campanie-dreptul-la-viata-si-familia-naturala-243992<\/p>\n","protected":false},"excerpt":{"rendered":"<p>Pentru Peter Costea, fiu de pastor baptist, esen\u0163ial este ca legisla\u0163ia european\u0103 s\u0103 interzic\u0103 avortul. Va milita pentru dreptul la via\u0163\u0103 al copilului nen\u0103scut. \u201eDreptul la via\u021b\u0103 e cel mai important. La ora actual\u0103 asist\u0103m \u00een Uniunea Europeana la o infla\u021bie a drepturilor. Invent\u0103m drepturi peste noapte, creem drepturi peste noapte \u0219i d\u0103m drepturi tuturor, [&hellip;]<\/p>\n","protected":false},"author":1,"featured_media":205560,"comment_status":"open","ping_status":"","sticky":false,"template":"","format":"standard","meta":{"footnotes":""},"categories":[2],"tags":[11],"class_list":["post-205559","post","type-post","status-publish","format-standard","has-post-thumbnail","hentry","category-politics","tag-digi24"],"_links":{"self":[{"href":"https:\/\/analyse.optim.biz\/index.php?rest_route=\/wp\/v2\/posts\/205559","targetHints":{"allow":["GET"]}}],"collection":[{"href":"https:\/\/analyse.optim.biz\/index.php?rest_route=\/wp\/v2\/posts"}],"about":[{"href":"https:\/\/analyse.optim.biz\/index.php?rest_route=\/wp\/v2\/types\/post"}],"author":[{"embeddable":true,"href":"https:\/\/analyse.optim.biz\/index.php?rest_route=\/wp\/v2\/users\/1"}],"replies":[{"embeddable":true,"href":"https:\/\/analyse.optim.biz\/index.php?rest_route=%2Fwp%2Fv2%2Fcomments&post=205559"}],"version-history":[{"count":0,"href":"https:\/\/analyse.optim.biz\/index.php?rest_route=\/wp\/v2\/posts\/205559\/revisions"}],"wp:featuredmedia":[{"embeddable":true,"href":"https:\/\/analyse.optim.biz\/index.php?rest_route=\/wp\/v2\/media\/205560"}],"wp:attachment":[{"href":"https:\/\/analyse.optim.biz\/index.php?rest_route=%2Fwp%2Fv2%2Fmedia&parent=205559"}],"wp:term":[{"taxonomy":"category","embeddable":true,"href":"https:\/\/analyse.optim.biz\/index.php?rest_route=%2Fwp%2Fv2%2Fcategories&post=205559"},{"taxonomy":"post_tag","embeddable":true,"href":"https:\/\/analyse.optim.biz\/index.php?rest_route=%2Fwp%2Fv2%2Ftags&post=205559"}],"curies":[{"name":"wp","href":"https:\/\/api.w.org\/{rel}","templated":true}]}}