{"id":205548,"date":"2014-05-16T21:19:56","date_gmt":"2014-05-16T18:19:56","guid":{"rendered":"https:\/\/analyse.optim.biz\/?p=205548"},"modified":"2014-05-16T21:19:56","modified_gmt":"2014-05-16T18:19:56","slug":"tandem-oficial-pentru-alegeri-crin-antonescu-presedinte-klaus-iohannis-premier","status":"publish","type":"post","link":"https:\/\/analyse.optim.biz\/?p=205548","title":{"rendered":"Tandem oficial pentru alegeri: Crin Antonescu pre\u0219edinte &#8211; Klaus Iohannis premier"},"content":{"rendered":"<div class=\"entry data-app-meta data-app-meta-article\" data-embed-base-url-canonical=\"https:\/\/www.digi24.ro\/embed\/stiri\/actualitate\/politica\/tandem-oficial-pentru-alegeri-crin-antonescu-presedinte-klaus-iohannis-premier-244141\">\n<p data-index=\"1\">\u201eEu sunt totu\u0219i cel care, cu acordul PNL, am propus pentru prima dat\u0103, \u00een 2009, Klaus Iohannis prim-ministru pentru Rom\u00e2nia. Formula pe care noi am plecat este aceasta. \u0218i acesta este un tandem pe care noi \u00eel propunem pentru drepta, pentru Rom\u00e2nia, pentru o perioad\u0103 care sper\u0103m noi s\u0103 \u00eenceap\u0103 de la campania electoral\u0103 preziden\u021bial\u0103 din acest an \u0219i imediat dup\u0103 rezultatul ei\u201d, a spus Crin Antonescu.<\/p>\n<p data-index=\"2\">\u201eEste probabil un lucru cunoscut c\u0103 domnul Crin Antonescu \u0219i cu mine facem o echip\u0103, o echip\u0103 foarte bun\u0103. Ideea tandemului nu este nou\u0103, dar am reluat-o special pentru aceast\u0103 campanie. Este un lucru simplu \u0219i clar, dac\u0103 ne preg\u0103tim pentru guvernare, \u0219i nu numai Antonescu \u0219i cu mine, ci \u0219i PNL se preg\u0103te\u0219te, vrem s\u0103 fim preg\u0103ti\u021bi, vrei s\u0103 avem un program de guvernare care poate fi pus \u00een practic\u0103 a doua zi, \u00eencepem cu programul economic\u201d, a spus Klaus Iohannis.<\/p>\n<p data-index=\"3\">Cei doi au lansat program economic cu care sper\u0103 s\u0103-i conving\u0103 pe rom\u00e2ni. Liderii PNL spun c\u0103 e vorba de un prim pas c\u0103tre viitorul program de guvernare, \u00een cazul \u00een care Crin Antonescu ajunge la Cotroceni, iar liberalii la putere.<\/p>\n<p data-index=\"4\">Tot ast\u0103zi, liberalii au decis fuziunea prin absorb\u0163ie cu Partidul Popular condus de fermierul Costel Cara\u015f. \u00cen urma fuziunii, acesta a primit o func\u0163ie de vicepre\u015fedinte al PNL.<\/p>\n<p data-index=\"5\">Cum au comentat Claudiu T\u0103n\u0103sescu, candidat PSD, Vlad Nistor, deputat PNL \u0219i sociologul Alfred Bulai, invita\u021bii emisiunii \u201eJurnalul de sear\u0103\u201d, anun\u021bul privind tandem oficial Crin Antonescu-Klaus Iohannis.<\/p>\n<\/div>\n<p> Source URL: https:\/\/www.digi24.ro\/stiri\/actualitate\/politica\/tandem-oficial-pentru-alegeri-crin-antonescu-presedinte-klaus-iohannis-premier-244141<\/p>\n","protected":false},"excerpt":{"rendered":"<p>\u201eEu sunt totu\u0219i cel care, cu acordul PNL, am propus pentru prima dat\u0103, \u00een 2009, Klaus Iohannis prim-ministru pentru Rom\u00e2nia. Formula pe care noi am plecat este aceasta. \u0218i acesta este un tandem pe care noi \u00eel propunem pentru drepta, pentru Rom\u00e2nia, pentru o perioad\u0103 care sper\u0103m noi s\u0103 \u00eenceap\u0103 de la campania electoral\u0103 preziden\u021bial\u0103 [&hellip;]<\/p>\n","protected":false},"author":1,"featured_media":205549,"comment_status":"open","ping_status":"","sticky":false,"template":"","format":"standard","meta":{"footnotes":""},"categories":[2],"tags":[11],"class_list":["post-205548","post","type-post","status-publish","format-standard","has-post-thumbnail","hentry","category-politics","tag-digi24"],"_links":{"self":[{"href":"https:\/\/analyse.optim.biz\/index.php?rest_route=\/wp\/v2\/posts\/205548","targetHints":{"allow":["GET"]}}],"collection":[{"href":"https:\/\/analyse.optim.biz\/index.php?rest_route=\/wp\/v2\/posts"}],"about":[{"href":"https:\/\/analyse.optim.biz\/index.php?rest_route=\/wp\/v2\/types\/post"}],"author":[{"embeddable":true,"href":"https:\/\/analyse.optim.biz\/index.php?rest_route=\/wp\/v2\/users\/1"}],"replies":[{"embeddable":true,"href":"https:\/\/analyse.optim.biz\/index.php?rest_route=%2Fwp%2Fv2%2Fcomments&post=205548"}],"version-history":[{"count":0,"href":"https:\/\/analyse.optim.biz\/index.php?rest_route=\/wp\/v2\/posts\/205548\/revisions"}],"wp:featuredmedia":[{"embeddable":true,"href":"https:\/\/analyse.optim.biz\/index.php?rest_route=\/wp\/v2\/media\/205549"}],"wp:attachment":[{"href":"https:\/\/analyse.optim.biz\/index.php?rest_route=%2Fwp%2Fv2%2Fmedia&parent=205548"}],"wp:term":[{"taxonomy":"category","embeddable":true,"href":"https:\/\/analyse.optim.biz\/index.php?rest_route=%2Fwp%2Fv2%2Fcategories&post=205548"},{"taxonomy":"post_tag","embeddable":true,"href":"https:\/\/analyse.optim.biz\/index.php?rest_route=%2Fwp%2Fv2%2Ftags&post=205548"}],"curies":[{"name":"wp","href":"https:\/\/api.w.org\/{rel}","templated":true}]}}