{"id":2055460,"date":"2026-07-20T00:00:00","date_gmt":"2026-07-19T21:00:00","guid":{"rendered":"https:\/\/analyse.optim.biz\/?p=2055460"},"modified":"2026-07-20T00:00:00","modified_gmt":"2026-07-19T21:00:00","slug":"mozaic-stiri-internationale-de-la-regele-nordului-la-prim-ministru-al-marii-britanii","status":"publish","type":"post","link":"https:\/\/analyse.optim.biz\/?p=2055460","title":{"rendered":"MOZAIC \u0218TIRI INTERNA\u021aIONALE: De la \u201eRegele Nordului\u201d, la prim-ministru al Marii Britanii"},"content":{"rendered":"<p>[analyse_image type=&#8221;featured&#8221; src=&#8221;https:\/\/zdvi.cname.ro\/_\/mozaic-stiri-internationale-de-la-regele-nordului-la-prim-ministru-al-marii-britanii\/mediaPool\/uWDTpcs.jpeg&#8221;]<\/p>\n<div class=\"main-content detaliu-articol\"><a class=\"titlu-cat-list\" href=\"https:\/\/ziaruldevrancea.ro\/actualitatea\/international\">Interna\u021bional<\/a><\/p>\n<h1>MOZAIC \u0218TIRI INTERNA\u021aIONALE: De la \u201eRegele Nordului\u201d, la prim-ministru al Marii Britanii<\/h1>\n<div class=\"date-articol clearfix\">\n<div class=\"distribuie-articol dropdown\">\n    Distribuie: \u00a0<br \/>\n    <em>|<\/em><\/div>\n<div class=\"autor-articol\"><a href=\"https:\/\/ziaruldevrancea.ro\/autor\/rodica-condurache\/\"><img decoding=\"async\" class=\"img-circle\" src=\"https:\/\/zdvi.cname.ro\/50_50\/articleAuthor\/rodica-condurache\/articleAuthor\/uy6Kz5r.jpg\" alt><\/a><\/p>\n<h5><a href=\"https:\/\/ziaruldevrancea.ro\/autor\/rodica-condurache\/\">Rodica Condurache<\/a><\/h5>\n<div class=\"grup-spatiere\"><span class=\"cu-spatiere\">20 iul 2026<\/span><span class=\"cu-spatiere\">169 vizualiz\u0103ri<\/span><\/div>\n<\/div>\n<\/div>\n<div class=\"poza-mare\"><a href class=\"openGallery\"><img decoding=\"async\" class=\"img-responsive\" src=\"https:\/\/zdvi.cname.ro\/850_530\/mozaic-stiri-internationale-de-la-regele-nordului-la-prim-ministru-al-marii-britanii\/article\/mediaPool\/uWDTpcs.jpeg\" alt><\/a><\/div>\n<p>Cine este Andy Burnham, noul lider la Partidului Laburist<\/p>\n<p>Dup\u0103 ce a trecut prin unul dintre cele mai grele momente din cariera sa, c\u00e2nd a pierdut o a doua candidatur\u0103 a sa la conducerea Partidului Laburist, \u00een 2015, Andy Burnham a vorbit despre durerea de a fi \u201erespins de oamenii pe care \u00eei cuno\u015fti\u201d \u015fi a plecat la Manchester pentru a sc\u0103pa de politica londonez\u0103. Un deceniu mai t\u00e2rziu, omul care, \u00een timpul mandatului s\u0103u de primar al Greater Manchester, a fost supranumit \u201eRegele Nordului\u201d, a preluat conducerea Partidului Laburist, devenind al \u015faptelea prim-ministru pe care Marea Britanie \u00eel are \u00een zece ani, scrie Reuters.<\/p>\n<p>\u00cenfr\u00e2ngerea \u015fi exilul autoimpus \u00een 2015, care p\u0103reau s\u0103-i pun\u0103 cap\u0103t \u015fanselor de a deveni vreodat\u0103 prim-ministru, dimpotriv\u0103, l-au ajutat s\u0103 ajung\u0103 &#8211; f\u0103r\u0103 opozi\u0163ie intern\u0103 \u00een Partidul Laburist &#8211; \u00een cea mai puternic\u0103 func\u0163ie din Marea Britanie.<\/p>\n<p>\u00cen primul s\u0103u discurs \u00een calitate de prim-ministru, \u0163inut luni pe treptele de la Downing Street, Burnham a promis un nou model economic \u015fi un stat mai activ pentru a pune cap\u0103t anilor de instabilitate politic\u0103. &#8220;Nu am fost suficient de buni \u015fi trebuie s\u0103 fim mai buni&#8221;, a spus el. &#8220;Marea Britanie trebuie s\u0103 arate lumii c\u0103 putem s\u0103 ne rec\u00e2\u015ftig\u0103m din nou stabilitatea&#8221;, a pledat el.<\/p>\n<p><strong>Speran\u021b\u0103, dar \u0219i \u00eendoieli<\/strong><\/p>\n<p>Cunoscut pentru maniera sa degajat\u0103 \u015fi optimismul s\u0103u natural, Burnham, \u00een v\u00e2rst\u0103 de 56 de ani, ofer\u0103 un contrast marcant fa\u0163\u0103 de stilul mai re\u0163inut \u015fi mai formal al predecesorului s\u0103u, Keir Starmer.<\/p>\n<p>\u00cen cei peste nou\u0103 ani petrecu\u0163i \u00een func\u0163ia de primar al Greater Manchester, Burnham \u015fi-a c\u00e2\u015ftigat reputa\u0163ia de comunicator priceput, preg\u0103tit s\u0103 se confrunte cu guvernul central \u00een \u00eencercarea de a ob\u0163ine condi\u0163ii mai bune pentru regiunea sa din nord-vestul Angliei.<\/p>\n<p>Argumentul lui Burnham \u00een fa\u0163a partidului s\u0103u a fost c\u0103 are experien\u0163a \u015fi viziunea necesare pentru a stabili o leg\u0103tur\u0103 cu aleg\u0103torii \u015fi a \u00eenvinge partidul populist anti-imigra\u0163ie Reform UK, condus de veteranul campaniei pentru Brexit, Nigel Farage, care se afl\u0103 de luni de zile \u00een fruntea sondajelor de opinie. Un parlamentar laburist a declarat c\u0103 victoria lui Burnham a schimbat starea de spirit \u00een r\u00e2ndul colegilor, conving\u00e2nd pe mul\u0163i c\u0103 partidul a g\u0103sit \u00een sf\u00e2r\u015fit un lider capabil s\u0103 \u00eenfrunte &#8211; \u015fi s\u0103 \u00eenving\u0103 &#8211; partidul Reform UK \u00eenainte de urm\u0103toarele alegeri na\u0163ionale din 2029.<\/p>\n<p>Cu toate acestea, \u00een ciuda entuziasmului care \u00eel \u00eenconjoar\u0103 pe Burnham, exist\u0103 \u00eengrijorare \u00een r\u00e2ndul unor membri ai partidului s\u0103u cu privire la forma pe care o va lua de fapt guvernul s\u0103u. Burnham a afirmat \u00een repetate r\u00e2nduri c\u0103 una dintre temele principale ale guvernului s\u0103u va fi transferul puterii de la guvernul central c\u0103tre liderii regionali, un proces pe care l-a numit &#8220;cea mai mare reechilibrare a puterii&#8221; din istoria recent\u0103 a Marii Britanii.<\/p>\n<p>Aceast\u0103 ambi\u0163ie se al\u0103tur\u0103 convingerii sale \u00een &#8220;socialismul favorabil mediului de afaceri&#8221;, o filosofie care urm\u0103re\u015fte s\u0103 combine un control mai mare al statului asupra serviciilor esen\u0163iale, precum energia \u015fi transporturile, cu o cooperare str\u00e2ns\u0103 \u00eentre guvern \u015fi mediul de afaceri. Aceast\u0103 abordare i-a l\u0103sat pe investitori \u00een incertitudine cu privire la m\u0103sura \u00een care va acorda prioritate interven\u0163iei statului sau for\u0163elor pie\u0163ei.<\/p>\n<p>Cei care au lucrat cu el la Manchester spun c\u0103 acesta este modul \u00een care lui Burnham \u00eei place s\u0103 lucreze: ascult\u00e2nd \u015fi test\u00e2nd idei. &#8220;\u00ce\u015fi petrecea ziua pe teren, vorbind cu oamenii, mai degrab\u0103 dec\u00e2t scriind rapoarte&#8221;, a declarat Rose Marley, consilier al primarului din Manchester \u015fi \u015fef\u0103 a Co-operatives UK, o organiza\u0163ie non-profit care sprijin\u0103 \u00eentreprinderile de\u0163inute de membri. De altfel, luni, \u00eenainte de a \u0163ine primul s\u0103u discurs ca prim-ministru, Burnham s-a \u00eent\u00e2lnit cu reprezentan\u0163ii organiza\u0163iei caritabile londoneze &#8220;The Passage&#8221; \u015fi, al\u0103turi de personalul organiza\u0163iei, el s-a \u00eent\u00e2lnit \u015fi cu persoane f\u0103r\u0103 ad\u0103post pe str\u0103zile Londrei.<\/p>\n<p><strong>Cariera politic\u0103<\/strong><\/p>\n<p>Burnham s-a n\u0103scut \u00een Liverpool, unde tat\u0103l s\u0103u lucra ca tehnician \u00een telefonie, iar mama sa ca recep\u0163ioner\u0103.<\/p>\n<p>A absolvit facultatea de limba englez\u0103 la Cambridge \u015fi a urmat apoi o traiectorie obi\u015fnuit\u0103 \u00een politic\u0103, lucr\u00e2nd mai \u00eent\u00e2i ca func\u0163ionar \u015fi apoi consilier \u00een parlament.<\/p>\n<p>A ocupat mai \u00eent\u00e2i func\u0163ia de ministru adjunct sub conducerea prim-ministrului de atunci, Tony Blair, iar mai t\u00e2rziu a fost ministru al culturii \u015fi apoi al s\u0103n\u0103t\u0103\u0163ii sub conducerea succesorului lui Blair, Gordon Brown. \u00cen 2010 a candidat pentru prima dat\u0103, f\u0103r\u0103 succes, la conducerea Partidului Laburist, iar a doua oar\u0103 a f\u0103cut-o cinci ani mai t\u00e2rziu. Unii critici ai Partidului Laburist \u00eel acuz\u0103 pe Burnham c\u0103 \u015fi-a schimbat \u00een repetate r\u00e2nduri priorit\u0103\u0163ile de-a lungul carierei sale.<\/p>\n<p>\u00cen ultimul an, Burnham a criticat guvernul pentru c\u0103 &#8220;este la m\u00e2na pie\u0163elor de obliga\u0163iuni&#8221; prin conservatorismul s\u0103u fiscal. El a cerut na\u0163ionalizarea industriilor-cheie \u015fi reintegrarea Marii Britanii \u00een Uniunea European\u0103.<\/p>\n<p>\u00cens\u0103, \u00een ultimele s\u0103pt\u0103m\u00e2ni, \u015fi-a modificat mesajul. El a afirmat c\u0103 remarca sa privind &#8220;pie\u0163ele de obliga\u0163iuni&#8221; a fost interpretat\u0103 gre\u015fit, c\u0103 finan\u0163ele na\u0163ionale sunt prea limitate pentru na\u0163ionaliz\u0103ri pe scar\u0103 larg\u0103 \u015fi c\u0103 Marea Britanie nu urmeaz\u0103 s\u0103 se re\u00eentoarc\u0103 \u00een UE \u00een viitorul apropiat.<\/p>\n<p>\u00cen 2022, dup\u0103 ultima Cup\u0103 Mondial\u0103 de fotbal, Starmer, \u00een calitate de lider al opozi\u0163iei, l-a ironizat pe Burnham, considerat \u00eentotdeauna un rival, compar\u00e2ndu-l cu cineva care \u015fi-ar schimba loialitatea \u00een favoarea celui care ar c\u00e2\u015ftiga turneul. &#8220;Burnham a avut ocazia s\u0103-\u015fi vad\u0103 \u00abechipa din copil\u0103rie\u00bb, Argentina, c\u00e2\u015ftig\u00e2nd Cupa Mondial\u0103&#8221;, a spus el \u00eentr-un discurs. &#8220;A fost o experien\u0163\u0103 cu bune \u015fi rele, pentru c\u0103 a avut ocazia s\u0103-\u015fi vad\u0103 \u015fi \u00abechipa din copil\u0103rie\u00bb, Fran\u0163a, pierz\u00e2nd finala, iar \u00abechipele din copil\u0103rie\u00bb ale sale, Maroc \u015fi Croa\u0163ia, pierz\u00e2nd \u00een semifinale&#8221;, a spus atunci Starmer.<\/p>\n<p>Cu toate acestea, Starmer \u00eensu\u015fi \u015fi-a subminat \u00een cele din urm\u0103 propria pozi\u0163ie pe durata mandatului s\u0103u prin schimb\u0103ri constante de pozi\u0163ie atunci c\u00e2nd politicile sale se confruntau cu rezisten\u0163\u0103.<\/p>\n<p>Pentru a evita aceast\u0103 capcan\u0103 \u015fi a-\u015fi rec\u00e2\u015ftiga sprijinul \u00eenainte de urm\u0103toarele alegeri parlamentare, mai mul\u0163i parlamentari au afirmat c\u0103 Burnham va trebui s\u0103 demonstreze c\u0103 poate conduce cu curaj. \u00cen caz contrar, a spus un parlamentar laburist, s-ar putea s\u0103 se trezeasc\u0103 \u015fi el f\u0103r\u0103 putere peste doi ani.<\/p>\n<p><strong>Suporter al lui Everton<\/strong><\/p>\n<p>N\u0103scut la Liverpool \u00een 1970, Burnham a crescut \u00een Culcheth, un sat lini\u015ftit din zona suburban\u0103 a comitatului Cheshire, l\u00e2ng\u0103 Warrington. Tat\u0103l s\u0103u, tehnician la British Telecom, \u015fi mama sa, recep\u0163ioner\u0103 la un cabinet medical, erau am\u00e2ndoi sus\u0163in\u0103tori ferven\u0163i ai Partidului Laburist, iar el a dezvoltat de timpuriu un interes pentru politic\u0103, relateaz\u0103 BBC.<\/p>\n<p>Burnham a povestit cum a fost inspirat s\u0103 se \u00eenscrie \u00een Partidul Laburist la v\u00e2rsta de 14 ani, dup\u0103 ce a fost impresionat de serialul BBC &#8220;Boys from the Blackstuff&#8221;, care prezenta via\u0163a \u015fomerilor din Liverpool.<\/p>\n<p>Fan al echipei Everton de-o via\u0163\u0103, prietenii \u00ee\u015fi amintesc de Burnham ca fiind un copil competitiv \u015fi pasionat de sport, care juca \u00een echipa de cricket a elevilor din Lancashire. La \u015fcoal\u0103, liceul catolic local, profesorul s\u0103u de englez\u0103 \u00ee\u015fi aminte\u015fte cum a candidat din partea Partidului Laburist la alegeri simulate &#8211; \u015fi a c\u00e2\u015ftigat cu o majoritate zdrobitoare.<\/p>\n<p>Burnham atribuie educa\u0163iei sale catolice din clasa muncitoare un impact major asupra orient\u0103rii sale politice, \u00een special \u00een ceea ce prive\u015fte \u00eenv\u0103\u0163\u0103turile legate de justi\u0163ia social\u0103.<\/p>\n<p><strong>Un catolic \u00een Downing Street<\/strong><\/p>\n<p>El s-a descris ca fiind &#8220;catolic prin educa\u0163ie&#8221;, de\u015fi &#8220;nu deosebit de religios&#8221;, dar a depus jur\u0103m\u00e2ntul \u00een Parlament pe Biblie \u015fi este primul prim-ministru al Regatului Unit care vine \u00een Downing Street \u00een calitate de catolic.<\/p>\n<p>\u00cen timp ce Burnham a declarat pentru The Times c\u0103 mama sa &#8220;\u00ee\u015fi va uza rozariul&#8221; pentru a s\u0103rb\u0103tori faptul c\u0103 el a devenit prim-ministru, tat\u0103l s\u0103u, Roy, nu va fi, din p\u0103cate, con\u015ftient de realizarea fiului s\u0103u din cauza demen\u0163ei de care sufer\u0103. &#8220;Este trist, pentru c\u0103 el ar fi (m\u00e2ndru). Din punctul meu de vedere, este \u015fi realizarea lui. O realizare a \u00eentregii familii, chiar dac\u0103 el nu \u015ftie asta&#8221;, a declarat Burnham.<\/p>\n<p>Burnham \u015fi cei doi fra\u0163i ai s\u0103i au fost primii din familie care au mers la universitate, Andy studiind limba englez\u0103 la Cambridge. \u00cen cartea sa, &#8220;Head North&#8221;, Burnham a scris c\u0103 &#8220;i-a fost greu s\u0103 se simt\u0103 parte din comunitate&#8221; la universitate \u015fi se sim\u0163ea ca un &#8220;impostor&#8221;. Cu toate acestea, iubitorul de muzic\u0103 &#8211; este fan al trupelor indie din Manchester, precum The Smiths \u015fi The Stone Roses &#8211; spune c\u0103 &#8220;interesul s\u0103u cresc\u00e2nd pentru muzica din Manchester i-a oferit o identitate \u015fi un avantaj&#8221;.<\/p>\n<p>Dup\u0103 absolvire, \u015fi-a \u00eenceput cariera \u00een jurnalism, lucr\u00e2nd pentru reviste de specialitate, printre care &#8220;Tank World&#8221; \u015fi &#8220;Passenger World Management&#8221;.<\/p>\n<p>C\u00e2nd \u00eenc\u0103 nu \u00eemplinise 30 de ani, a avut prima sa \u015fans\u0103 \u00een politic\u0103, lucr\u00e2nd ca asistent parlamentar pentru regretata Tessa Jowell, pe atunci deputat\u0103 pentru regiunea Dulwich \u015fi West Norwood, care urma s\u0103 devin\u0103 ministru \u00een guvernele lui Tony Blair \u015fi Gordon Brown.<\/p>\n<p>Burnham a avansat rapid \u00een ierarhie, devenind consilier special al secretarului de stat pentru cultur\u0103, Chris Smith, \u00eenainte de a fi ales deputat pentru locul s\u0103u natal, Leigh, din Greater Manchester, \u00een 2001. A ocupat ini\u0163ial func\u0163ia de ministru adjunct \u00een guvernul Blair, a intrat \u00een cabinet ca secretar-\u015fef al Trezoreriei, iar mai t\u00e2rziu a devenit secretar de stat pentru cultur\u0103 \u015fi secretar de stat pentru s\u0103n\u0103tate \u00een guvernul Brown.<\/p>\n<p>\u00cen calitate de secretar de stat pentru cultur\u0103, mass-media \u015fi sport, Burnham a fost huiduit la o slujb\u0103 comemorativ\u0103 organizat\u0103 cu ocazia \u00eemplinirii a 20 de ani de la dezastrul de la Hillsborough, c\u00e2nd 97 de suporteri ai echipei Liverpool au murit \u00een busculada de la stadion \u00een 1989. Huiduielile l-au determinat pe Burnham s\u0103 ridice problema \u00een cadrul cabinetului, contribuind la demararea unei a doua anchete privind dezastrul.<\/p>\n<p>Pasionat de fotbal, Burnham participa regulat la meciul anual dintre deputa\u0163ii laburi\u015fti \u015fi jurnali\u015ftii care se ocupau de domeniul politic.<\/p>\n<p><strong>Ce a f\u0103cut ca primar<\/strong><\/p>\n<p>\u00cen calitate de primar, a fost l\u0103udat pentru transformarea sistemului de transport din regiune. Sub conducerea sa, Greater Manchester a fost prima zon\u0103 din Anglia, \u00een afara Londrei, care a readus serviciile de autobuze sub control public, integr\u00e2ndu-le \u00een acela\u015fi timp cu alte mijloace de transport sub marca &#8220;Bee Network&#8221;.<\/p>\n<p>Alte promisiuni \u00eendr\u0103zne\u0163e au inclus eliminarea fenomenului persoanelor f\u0103r\u0103 ad\u0103post din regiune p\u00e2n\u0103 \u00een 2020 &#8211; de\u015fi obiectivul nu a fost atins. Popularitatea sa a crescut \u015fi mai mult \u00een timpul pandemiei de Covid, c\u00e2nd a acuzat guvernul conservator c\u0103 trateaz\u0103 nordul Angliei cu &#8220;dispre\u0163&#8221; \u00een ceea ce prive\u015fte restric\u0163iile regionale de carantin\u0103. Aceast\u0103 confruntare i-a adus porecla de &#8220;Regele Nordului&#8221;.<\/p>\n<p>\u00cen timp ce Andy Burnham, proasp\u0103t numit prim-ministru al Regatului Unit, se \u00eendrepta luni spre noua sa re\u015fedin\u0163\u0103 de la num\u0103rul 10 din Downing Street, la Londra, el a fost \u00eenso\u0163it de so\u0163ia sa de peste 25 de ani, Marie-France van Heel.<\/p>\n<p>Cei doi s-au cunoscut \u00een timpul studiilor la Universitatea din Cambridge, \u00een 1989, potrivit agen\u0163iei de \u015ftiri britanice PA, care a precizat c\u0103 s-au apropiat datorit\u0103 pasiunii comune pentru trupa de rock din Manchester, The Smiths, relateaz\u0103 CNN.<\/p>\n<p>Van Heel s-a n\u0103scut \u00een Olanda \u00een 1970 \u015fi are cet\u0103\u0163enie olandez\u0103, conform paginii sale de pe Companies House, o baz\u0103 de date a guvernului britanic care furnizeaz\u0103 informa\u0163ii despre companiile britanice. Acolo, ea figureaz\u0103 ca director al Iduna Infrastructure Limited, o companie care are ca scop &#8220;furnizarea infrastructurii de baz\u0103 necesare pentru a sus\u0163ine electrificarea sistemelor de transport \u015fi energie&#8221;, dup\u0103 cum se men\u0163ioneaz\u0103 pe site-ul acesteia.<\/p>\n<p>Burnham \u015fi van Heel s-au c\u0103s\u0103torit \u00een 2000 \u015fi au trei copii, un fiu \u015fi dou\u0103 fiice, precum \u015fi un c\u00e2ine de ras\u0103 bichon fris\u00e9 pe nume Axel.<\/p>\n<p><strong>Judit Polgar refuz\u0103 propunerea de a prelua func\u0163ia de pre\u015fedinte al Ungariei<\/strong><\/p>\n<p>Fosta campioan\u0103 de \u015fah Judit Polgar, care a ocupat locul 1 \u00een clasamentul mondial timp de peste 25 de ani, a refuzat luni propunerea prim-ministrului maghiar P\u00e9ter Magyar de a deveni pre\u015fedint\u0103 a \u0163\u0103rii, consider\u00e2nd c\u0103 nu are \u201eputerea de a-\u015fi asuma responsabilitatea istoric\u0103 de a reuni o na\u0163iune divizat\u0103\u201d, relateaz\u0103 AFP \u015fi Reuters.<\/p>\n<p>Judit Polgar, \u00een v\u00e2rst\u0103 de 49 de ani, a publicat luni seara un mesaj pe re\u0163elele sociale pentru a anun\u0163a decizia ei. &#8220;Nu simt c\u0103 am puterea necesar\u0103 pentru a-mi asuma responsabilitatea istoric\u0103 de a reuni o na\u0163iune divizat\u0103 \u015fi, prin urmare, nu pot accepta aceast\u0103 invita\u0163ie&#8221;, a scris ea.<\/p>\n<p>Prim-ministrul conservator proeuropean P\u00e9ter Magyar propusese candidatura fostei campioane mondiale pentru func\u0163ia de pre\u015fedinte. Numele lui Judit Polgar fusese ini\u0163ial propus \u00eentr-o scrisoare deschis\u0103 semnat\u0103 de 16 personalit\u0103\u0163i maghiare, printre care se num\u0103ra \u015fi inventatorul cubului Rubik, Erno Rubik.<\/p>\n<p>Judit Polgar nu comentase public aceast\u0103 propunere, care a fost respins\u0103 de partidul Fidesz al fostului premier Viktor Orb\u00e1n. Polgar este considerat\u0103 cea mai mare juc\u0103toare de \u015fah din toate timpurile, singura femeie care a intrat \u00een top 10 mondial la toate categoriile \u015fi num\u0103rul 1 mondial la feminin timp de 25 de ani. Femeie a consensului, pu\u0163in asociat\u0103 cu partidele politice, Polgar se bucur\u0103 de o notorietate excep\u0163ional\u0103 \u00een Ungaria.\u00a0Dup\u0103 refuzul lui Polgar, Magyar a cerut maghiarilor s\u0103 trimit\u0103 sugestii privind numele viitorului \u015fef al statului.<\/p>\n<p><strong>\u201eEl Mayo\u201d, baronul drogurilor din Mexic, condamnat la \u00eenchisoare pe via\u0163\u0103 \u00een SUA<\/strong><\/p>\n<p>Ismael \u201eEl Mayo\u201d Zambada, unul dintre liderii istorici ai puternicului cartel din Sinaloa, considerat ultimul baron al drogurilor de \u015fcoal\u0103 veche din Mexic, a sc\u0103pat de justi\u0163ie timp de 40 de ani, dar acum \u00ee\u015fi va petrece restul vie\u0163ii \u00eentr-o \u00eenchisoare american\u0103.<\/p>\n<p>La aproape doi ani de la arestarea sa, la sf\u00e2r\u015fitul lunii iulie 2024, \u00eentr-un aeroport din sudul Statelor Unite, criminalul \u00een v\u00e2rst\u0103 de peste 70 de ani a fost condamnat luni la \u00eenchisoare pe via\u0163\u0103 de c\u0103tre un tribunal federal din New York, relateaz\u0103 AFP. El a pledat vinovat \u00een august 2025 pentru a nu risca pedeapsa cu moartea.<\/p>\n<p>Fost complice al celebrului traficant de droguri Joaquin Guzm\u00e1n, supranumit \u201eEl Chapo\u201d, Ismael Zambada sus\u0163ine c\u0103 a fost p\u0103c\u0103lit de unul dintre cei patru fii ai acestuia, care l-a for\u0163at s\u0103 urce \u00eentr-un avion privat pentru a-l transporta \u00eempotriva voin\u0163ei sale \u00een Statele Unite.<\/p>\n<p>Fost muncitor agricol care a pornit de la zero, Zambada a urcat cu r\u0103bdare treptele ierarhiei cartelului, cultiv\u00e2nd o discre\u0163ie care i-a permis, timp de decenii, s\u0103 scape de capturare \u015fi de mai multe tentative de asasinat.<\/p>\n<p>N\u0103scut \u00een Sinaloa, un stat montan din Mexic, el a asistat \u00een tinere\u0163e la apari\u0163ia culturii de marijuana \u015fi opiu, \u00eenainte ca regiunea s\u0103 devin\u0103 un nod important al traficului de cocain\u0103 columbian\u0103 c\u0103tre Statele Unite. Ulterior, violen\u0163ele legate de traficul de droguri au explodat \u00een Mexic, cu aproape jum\u0103tate de milion de persoane ucise \u015fi 130.000 disp\u0103rute din 2006, potrivit estim\u0103rilor guvernului.<\/p>\n<p><strong>\u201eAsasinate sistematice\u201d<\/strong><\/p>\n<p>Zambada \u015fi-a \u00eenceput cariera criminal\u0103 \u00een cadrul cartelurilor din Guadalajara \u015fi Ju\u00e1rez, al\u0103turi de Miguel \u00c1ngel F\u00e9lix Gallardo \u015fi Amado Carrillo Fuentes, \u201eSt\u0103p\u00e2nul Cerurilor\u201d, originari, la fel ca el, din Sinaloa. \u00cens\u0103 \u015fi-a c\u00e2\u015ftigat independen\u0163a colabor\u00e2nd cu un alt nativ al statului, Joaqu\u00edn \u201eEl Chapo\u201d Guzm\u00e1n, pentru a crea cartelul din Sinaloa \u00eencep\u00e2nd cu anii 1980.<\/p>\n<p>Zambada a jucat un rol-cheie \u00een crearea re\u0163elelor de distribu\u0163ie pe teritoriul Statelor Unite \u015fi \u00een transferul a miliarde de dolari c\u0103tre Mexic, iar cartelul a devenit rapid cel mai mare din lume. Acesta face parte din cele \u015fase bande de trafican\u0163i de droguri mexicane pe care administra\u0163ia Trump le-a desemnat drept organiza\u0163ii teroriste str\u0103ine \u00een Statele Unite.<\/p>\n<p>Documentele judiciare americane \u00eel descriu ca fiind inteligent, dar \u015fi extrem de crud. Se presupune c\u0103 ar fi ordonat asasinarea propriului s\u0103u nepot, g\u0103sit mort \u00eentr-o ma\u015fin\u0103 pe marginea drumului. Potrivit procurorilor americani, Zambada a participat la \u201easasinate sistematice\u201d ale membrilor cartelului, ale poli\u0163i\u015ftilor \u015fi ale militarilor.<\/p>\n<p>\u00centr-un interviu rar acordat revistei mexicane Proceso, \u201eEl Mayo\u201d a dezv\u0103luit c\u0103 armata mexican\u0103 a fost la un pas de a-l captura de patru ori. El a declarat, de asemenea, c\u0103 se teme mai mult de \u00eenchisoare dec\u00e2t de moarte \u015fi considera c\u0103 arestarea sau asasinarea sa nu ar schimba nimic \u00een ceea ce prive\u015fte traficul de droguri din Mexic.<\/p>\n<p>Dup\u0103 un an de deten\u0163ie \u00een Statele Unite, Zambada a pledat vinovat \u00een august 2025 pentru trafic de droguri \u015fi participare la o organiza\u0163ie criminal\u0103. \u201eEl Chapo\u201d isp\u0103\u015fe\u015fte deja o pedeaps\u0103 cu \u00eenchisoarea pe via\u0163\u0103 \u00een Statele Unite.<\/p>\n<p><strong>R\u0103zboi \u00eentre clanuri<\/strong><\/p>\n<p>C\u0103derea lui Guzm\u00e1n a declan\u015fat un r\u0103zboi intern \u00een cadrul cartelului din Sinaloa \u00eentre fiii s\u0103i \u015fi sus\u0163in\u0103torii lui \u201eEl Mayo\u201d, care s-a soldat cu aproximativ 2.000 de mor\u0163i. Unul dintre fiii lui \u201eEl Chapo\u201d, Joaqu\u00edn Guzm\u00e1n L\u00f3pez, se afla \u00een avionul care l-a transportat pe Zambada \u00een Statele Unite. Dup\u0103 propria sa arestare, el a recunoscut c\u0103 l-a r\u0103pit pe Zambada \u00een cadrul propriului acord de recunoa\u015ftere a vinov\u0103\u0163iei.<\/p>\n<p>La doi ani distan\u0163\u0103, opera\u0163iunea continu\u0103 s\u0103 genereze \u00eentreb\u0103ri \u015fi tensiuni \u00eentre Mexic \u015fi Statele Unite.<\/p>\n<p>Washingtonul a negat orice implicare, dar recenta expunere de c\u0103tre FBI a avionului care l-a transportat pe Zambada \u00een Statele Unite a determinat Mexicul s\u0103 cear\u0103 explica\u0163ii.<\/p>\n<p>Prin recunoa\u015fterea vinov\u0103\u0163iei \u00een Statele Unite, Zambada risca o pedeaps\u0103 minim\u0103 obligatorie cu \u00eenchisoare pe via\u0163\u0103, f\u0103r\u0103 posibilitatea eliber\u0103rii condi\u0163ionate. De asemenea, el a acceptat confiscarea a 15 miliarde de dolari din venituri ob\u0163inute ilegal, potrivit Departamentului Justi\u0163iei din Statele Unite.<\/p>\n<p><strong>Cel pu\u0163in nou\u0103 mor\u0163i \u00een nordul Indiei, \u00een urma surp\u0103rii unui tunel \u00een construc\u0163ie<\/strong><\/p>\n<p>Cel pu\u0163in nou\u0103 persoane au murit, iar alte 15 au fost date disp\u0103rute \u00een nordul Indiei, \u00een urma surp\u0103rii unui tunel aflat \u00een construc\u0163ie \u00een cadrul unui proiect al unui baraj hidroelectric, declar\u0103 mar\u0163i autorit\u0103\u0163ile locale AFP. Acest accident a avut loc luni dup\u0103-amiaza \u00een statul himalayan Sikkim, \u00eentr-un \u015fantier pe fluviul Teesta, au precizat ele. &#8220;Estim\u0103m c\u0103 25 p\u00e2n\u0103 la 27 de persoane au fost acoperite. Nou\u0103 corpuri au fost recuperate deja&#8221;, a declarat \u00eens\u0103rcinatul cu gestionarea situa\u0163iilor de urgen\u0163\u0103 \u00een acest stat, Rajiv Roka.<\/p>\n<p>Potrivit primelor constat\u0103ri, surparea a fost cauzat\u0103 de o explozie. &#8220;Nu suntem \u00eenc\u0103 siguri de originea exploziei&#8221;, a declarat Rajiv Roka, \u00eens\u0103 &#8220;ea este probabil de origine natural\u0103&#8221;. Opera\u0163iuni de salvare continuau mar\u0163i \u00een condi\u0163ii \u00eengreunate de emana\u0163ii de metan, un gaz toxic, la fa\u0163a locului.<\/p>\n<p>Protestele continu\u0103 la Kiev \u015fi \u00een alte ora\u015fe din Ucraina<\/p>\n<p>\u00cen centrul capitalei, \u00een pia\u0163a din apropierea Teatrului Franko, precum \u015fi \u00een alte ora\u015fe din Ucraina, au loc pentru a cincea zi consecutiv manifesta\u0163ii \u00eempotriva demiterii lui Mykhailo Fedorov din func\u0163ia de ministru al ap\u0103r\u0103rii al Ucrainei.<\/p>\n<p>Potrivit agen\u0163iei Ukrinform, sute de protestatari din Kiev \u0163in pancarte prin care solicit\u0103 autorit\u0103\u0163ilor s\u0103 reconsidere decizia de demitere a lui Fedorov. \u00cen acela\u015fi timp, mul\u0163imea \u00eei cere pre\u015fedintelui s\u0103-l demit\u0103 pe comandantul-\u015fef al For\u0163elor Armate, Oleksandr Syrskyi. Protestatarii strig\u0103 &#8220;Ru\u015fine!&#8221;, &#8220;Ucraina nu este Rusia&#8221;, &#8220;\u00cen r\u0103zboi nu exist\u0103 vacan\u0163e&#8221;, &#8220;\u00cempreun\u0103 suntem mul\u0163i, nu putem fi \u00eenvin\u015fi&#8221;, &#8220;O Ucrain\u0103 una, unit\u0103 \u015fi indivizibil\u0103&#8221;, &#8220;Syrskyi &#8211; afar\u0103&#8221; \u015fi c\u00e2nt\u0103, de asemenea, &#8220;Chervona Ruta&#8221;. Protestele continu\u0103 \u015fi la Harkov, pentru a cincea zi consecutiv\u0103.<\/p>\n<p>La Ternopil, oamenii continu\u0103 s\u0103 se adune, cer\u00e2nd ca Mykhailo Fedorov s\u0103 fie repus \u00een func\u0163ia de ministru al ap\u0103r\u0103rii \u015fi ca Oleksandr Syrskyi, comandantul-\u015fef al For\u0163elor Armate ale Ucrainei, s\u0103 fie demis. Tanya, o locuitoare din Ternopil, a scris pe pancarta ei de carton: &#8220;Hersonul \u015fi regiunea nu tac. Doar c\u0103 dronele nu ne las\u0103 s\u0103 protest\u0103m&#8221;.<\/p>\n<p><strong>Dictatur\u0103 oficializat\u0103. Nicaragua nu va mai organiza alegeri, anun\u0163\u0103 pre\u015fedintele Daniel Ortega<\/strong><\/p>\n<p>Pre\u015fedintele Daniel Ortega, care conduce Nicaragua de aproape 20 de ani, a anun\u0163at c\u0103 aceast\u0103 \u0163ar\u0103 din America Central\u0103 nu va mai organiza alegeri, elimin\u00e2nd astfel posibilitatea unei contest\u0103ri electorale la sf\u00e2r\u015fitul mandatului s\u0103u, anul viitor, \u015fi consolid\u00e2ndu-\u015fi \u015fi mai mult puterea pe care o \u00eemparte cu so\u0163ia sa, relateaz\u0103 Reuters.<\/p>\n<p>Daniel Ortega, care se afl\u0103 la putere ne\u00eentrerupt din 2007, dup\u0103 un mandat preziden\u0163ial anterior \u00een anii 1980, a afirmat c\u0103 aceast\u0103 m\u0103sur\u0103 va bloca orice cale de acces pentru opozi\u0163ie, de\u015fi nu a oferit detalii cu privire la punerea \u00een aplicare a acesteia. \u201eNu vor mai fi alegeri aici prin care ace\u015ftia s\u0103 \u00eencerce s\u0103 preia guvernul \u015fi s\u0103 preia puterea\u201d, a declarat Ortega \u00eentr-un discurs \u0163inut duminic\u0103 seara pentru a comemora revolu\u0163ia sandinist\u0103 din 1979, \u00een cadrul c\u0103reia Ortega a contribuit la r\u0103sturnarea brutalei dictaturi a lui Anastasio Somoza. \u201eZilele \u00een care partidele sus\u0163inute de yankei (SUA) \u015fi de somoci\u015fti (adep\u0163ii regimului Somoza) ar reveni la putere s-au terminat \u2013 nu se va mai \u00eent\u00e2mpla niciodat\u0103\u201d, a ad\u0103ugat liderul \u00een v\u00e2rst\u0103 de 80 de ani, la prima sa apari\u0163ie public\u0103 din ultimele dou\u0103 luni.<\/p>\n<p>Ultimele alegeri din Nicaragua, din 2021, au fost contestate pe scar\u0103 larg\u0103 dup\u0103 ce Ortega a arestat oponen\u0163i \u015fi lideri ai mediului de afaceri \u015fi a incriminat disiden\u0163a.<\/p>\n<p>Anul trecut, Ortega \u015fi-a consolidat \u015fi mai mult puterea printr-o serie de reforme constitu\u0163ionale care au inclus numirea so\u0163iei sale, Rosario Murillo, \u00een func\u0163ia de \u201eco-pre\u015fedinte\u201d \u015fi prelungirea mandatului preziden\u0163ial la \u015fase ani. El \u015fi so\u0163ia sa controleaz\u0103 practic fiecare aspect al guvernului, inclusiv for\u0163ele armate \u015fi sistemul judiciar. Guvernul condus de Ortega \u015fi Murillo a fost acuzat de Consiliul ONU pentru Drepturile Omului c\u0103 a transformat \u0163ara \u201e\u00eentr-un stat autoritar\u201d \u015fi c\u0103 \u00eencalc\u0103 sistematic drepturile omului.<\/p>\n<p>Nicaragua se afl\u0103 \u00eentr-o criz\u0103 politic\u0103 grav\u0103 din aprilie 2018, c\u00e2nd Ortega a r\u0103spuns la protestele antiguvernamentale printr-o represiune \u00een urma c\u0103reia au fost ucise peste 300 de persoane. Administra\u0163ia Trump a calificat guvernul Ortega drept o dictatur\u0103 \u015fi a impus sanc\u0163iuni \u00eempotriva a peste 2.350 de func\u0163ionari din Nicaragua \u015fi rude ale acestora.<\/p>\n<p>\u00a0<\/p>\n<hr>\n<div class=\"bloc-widget widget-rosu\">\n<p>\u00cen lipsa unui acord scris din partea Ziarului de Vrancea, pute\u0163i prelua maxim 500 de caractere din acest articol dac\u0103 preciza\u0163i sursa \u015fi insera\u0163i vizibil link-ul articolului:\u00a0<span>#insertcurrentlinkhere<\/span><\/p>\n<\/div>\n<div class=\"extra-articol listing-anunturi\">\n<h6>Anun\u021buri <span class=\"text-primary\">ZdV<\/span> Premium<\/h6>\n<div class=\"row\">\n<div class=\"col-lg-4 col-md-6 bloc-egal\"><a class=\"card-anunt\" href=\"https:\/\/ziaruldevrancea.ro\/anunturi\/angajari\/cereri-angajari\/doresc-angajare-anunt-72815\"><strong class=\"titlu\">Cereri<\/strong><span class=\"text-anunt\">Doresc s\u0103 am grij\u0103 de un copil de&#8230;<\/span><span class=\"data-anunt\">21.07.2026  <\/span><\/a><\/div>\n<div class=\"col-lg-4 col-md-6 bloc-egal\"><a class=\"card-anunt\" href=\"https:\/\/ziaruldevrancea.ro\/anunturi\/inchirieri\/locuinte-oferte\/primesc-in-gazda-anunt-72816\"><strong class=\"titlu\">Locuin\u021be oferte<\/strong><span class=\"text-anunt\">\u00a0Primesc \u00een gazd\u0103 la cas\u0103.<\/p>\n<p>Tel&#8230;.<\/span><span class=\"data-anunt\">21.07.2026  <\/span><\/a><\/div>\n<div class=\"col-lg-4 col-md-6 bloc-egal\"><a class=\"card-anunt\" href=\"https:\/\/ziaruldevrancea.ro\/anunturi\/inchirieri\/locuinte-oferte\/primesc-in-gazda-anunt-72817\"><strong class=\"titlu\">Locuin\u021be oferte<\/strong><span class=\"text-anunt\">Primesc \u00een gazd\u0103 la bloc o elev\u0103. <\/p>\n<p>Tel&#8230;.<\/span><span class=\"data-anunt\">21.07.2026  <\/span><\/a><\/div>\n<\/div>\n<\/div>\n<div class=\"extra-articol alte-articole\">\n<div class=\"row\">\n<div class=\"col-lg-6 bloc-egal\">\n<div class=\"card articol-listing\">\n<h6>\u00cen categoria <a href=\"https:\/\/ziaruldevrancea.ro\/actualitatea\/international\">Interna\u021bional<\/a><\/h6>\n<div class=\"grup-articol-listing\">\n<div class=\"cont-pils\"><a href=\"https:\/\/ziaruldevrancea.ro\/actualitatea\/international\/mozaic-Stiri-internaTionale-doi-barbati-in-varsta-de-38-de-ani-au-descoperit-ca-au-fost-schimbati-la-nastere-si-au-depus-plangere-impotriva-spitalului\"><img decoding=\"async\" src=\"https:\/\/zdvi.cname.ro\/180_135\/actualitatea\/international\/mozaic-Stiri-internaTionale-doi-barbati-in-varsta-de-38-de-ani-au-descoperit-ca-au-fost-schimbati-la-nastere-si-au-depus-plangere-impotriva-spitalului\/mediaPool\/uoUeasL.jpeg\" class=\"img-responsive img-180\" alt><\/a><\/div>\n<h2><a class=\"link-titlu\" href=\"https:\/\/ziaruldevrancea.ro\/actualitatea\/international\/mozaic-Stiri-internaTionale-doi-barbati-in-varsta-de-38-de-ani-au-descoperit-ca-au-fost-schimbati-la-nastere-si-au-depus-plangere-impotriva-spitalului\">MOZAIC \u0218TIRI INTERNA\u021aIONALE: Doi b\u0103rba\u0163i, \u00een v\u00e2rst\u0103 de 38 de ani, au descoperit c\u0103 au fost schimba\u0163i la na\u015ftere \u015fi au depus pl\u00e2ngere \u00eempotriva spitalului<\/a><\/h2>\n<div class=\"date-post\"><a href=\"https:\/\/ziaruldevrancea.ro\/autor\/rodica-condurache\">Rodica Condurache<\/a>, 19 iul 2026  <\/div>\n<\/div>\n<div class=\"grup-articol-listing\">\n<div class=\"cont-pils\"><a href=\"https:\/\/ziaruldevrancea.ro\/actualitatea\/international\/mozaic-stiri-internationale-un-implant-cerebral-experimental-a-restabilit-miscarea-mainii-si-senzatia-de-atingere-la-un-pacient-paralizat\"><img decoding=\"async\" src=\"https:\/\/zdvi.cname.ro\/180_135\/actualitatea\/international\/mozaic-stiri-internationale-un-implant-cerebral-experimental-a-restabilit-miscarea-mainii-si-senzatia-de-atingere-la-un-pacient-paralizat\/mediaPool\/u4QJiWm.jpg\" class=\"img-responsive img-180\" alt><\/a><\/div>\n<h2><a class=\"link-titlu\" href=\"https:\/\/ziaruldevrancea.ro\/actualitatea\/international\/mozaic-stiri-internationale-un-implant-cerebral-experimental-a-restabilit-miscarea-mainii-si-senzatia-de-atingere-la-un-pacient-paralizat\">MOZAIC \u0218TIRI INTERNA\u021aIONALE:  Un implant cerebral experimental a restabilit mi\u015fcarea m\u00e2inii \u015fi senza\u0163ia de atingere la un pacient paralizat<\/a><\/h2>\n<div class=\"date-post\"><a href=\"https:\/\/ziaruldevrancea.ro\/autor\/corneliu-condurache\">Corneliu Condurache<\/a>, 18 iul 2026  <\/div>\n<\/div>\n<div class=\"grup-articol-listing\">\n<div class=\"cont-pils\"><a href=\"https:\/\/ziaruldevrancea.ro\/actualitatea\/international\/mozaic-stiri-internationale-volodimir-zelenski-il-propune-ca-nou-premier-pe-serhii-koretki-seful-naftogaz\"><img decoding=\"async\" src=\"https:\/\/zdvi.cname.ro\/180_135\/actualitatea\/international\/mozaic-stiri-internationale-volodimir-zelenski-il-propune-ca-nou-premier-pe-serhii-koretki-seful-naftogaz\/mediaPool\/uxXR7Km.jpeg\" class=\"img-responsive img-180\" alt><\/a><\/div>\n<h2><a class=\"link-titlu\" href=\"https:\/\/ziaruldevrancea.ro\/actualitatea\/international\/mozaic-stiri-internationale-volodimir-zelenski-il-propune-ca-nou-premier-pe-serhii-koretki-seful-naftogaz\">MOZAIC \u0218TIRI INTERNA\u021aIONALE:  Volodimir Zelenski \u00eel propune ca nou premier pe Serhii Kore\u0163ki, \u015feful Naftogaz<\/a><\/h2>\n<div class=\"date-post\"><a href=\"https:\/\/ziaruldevrancea.ro\/autor\/rodica-condurache\">Rodica Condurache<\/a>, 15 iul 2026  <\/div>\n<\/div>\n<\/div>\n<\/div>\n<div class=\"col-lg-6 bloc-egal\">\n<div class=\"card articol-listing\">\n<h6>De acela\u0219i <a href=\"https:\/\/ziaruldevrancea.ro\/autor\/rodica-condurache\/\">autor<\/a><\/h6>\n<div class=\"grup-articol-listing\">\n<div class=\"cont-pils\"><a href=\"https:\/\/ziaruldevrancea.ro\/actualitatea\/stiri-locale\/prima-pagina-a-editiei-tiparite-a-ziarului-de-vrancea-de-astazi-22-iulie-2026\"><img decoding=\"async\" src=\"https:\/\/zdvi.cname.ro\/180_135\/actualitatea\/stiri-locale\/prima-pagina-a-editiei-tiparite-a-ziarului-de-vrancea-de-astazi-22-iulie-2026\/mediaPool\/uDVumvv.jpg\" class=\"img-responsive img-180\" alt><\/a><\/div>\n<h2><a class=\"link-titlu\" href=\"https:\/\/ziaruldevrancea.ro\/actualitatea\/stiri-locale\/prima-pagina-a-editiei-tiparite-a-ziarului-de-vrancea-de-astazi-22-iulie-2026\">Prima pagin\u0103 a edi\u021biei tip\u0103rite a Ziarului de Vrancea de ast\u0103zi, 22 iulie 2026: Educa\u021bie, investi\u021bii, economie \u0219i memoria eroilor \u2013 principalele teme din noua edi\u021bie a Ziarului de Vrancea<\/a><\/h2>\n<div class=\"date-post\"><a href=\"https:\/\/ziaruldevrancea.ro\/autor\/rodica-condurache\">Rodica Condurache<\/a>, 22 iul 2026  <\/div>\n<\/div>\n<div class=\"grup-articol-listing\">\n<div class=\"cont-pils\"><a href=\"https:\/\/ziaruldevrancea.ro\/timp-liber\/calendarul-zilei-de-22-iulie-o-zi-in-care-istoria-cultura-si-memoria-se-intalnesc\"><img decoding=\"async\" src=\"https:\/\/zdvi.cname.ro\/180_135\/timp-liber\/calendarul-zilei-de-22-iulie-o-zi-in-care-istoria-cultura-si-memoria-se-intalnesc\/mediaPool\/uD7mJ57.png\" class=\"img-responsive img-180\" alt><\/a><\/div>\n<h2><a class=\"link-titlu\" href=\"https:\/\/ziaruldevrancea.ro\/timp-liber\/calendarul-zilei-de-22-iulie-o-zi-in-care-istoria-cultura-si-memoria-se-intalnesc\">Calendarul zilei de 22 iulie: O zi \u00een care istoria, cultura \u0219i memoria se \u00eent\u00e2lnesc<\/a><\/h2>\n<div class=\"date-post\"><a href=\"https:\/\/ziaruldevrancea.ro\/autor\/rodica-condurache\">Rodica Condurache<\/a>, 22 iul 2026  <\/div>\n<\/div>\n<div class=\"grup-articol-listing\">\n<div class=\"cont-pils\"><a href=\"https:\/\/ziaruldevrancea.ro\/timp-liber\/calendarul-zilei-de-21-iulie.-istoria-unei-zile-care-a-schimbat-lumea\"><img decoding=\"async\" src=\"https:\/\/zdvi.cname.ro\/180_135\/timp-liber\/calendarul-zilei-de-21-iulie.-istoria-unei-zile-care-a-schimbat-lumea\/mediaPool\/uVlO96T.png\" class=\"img-responsive img-180\" alt><\/a><\/div>\n<h2><a class=\"link-titlu\" href=\"https:\/\/ziaruldevrancea.ro\/timp-liber\/calendarul-zilei-de-21-iulie.-istoria-unei-zile-care-a-schimbat-lumea\">Calendarul zilei de 21 iulie. Istoria unei zile care a schimbat lumea <\/a><\/h2>\n<div class=\"date-post\"><a href=\"https:\/\/ziaruldevrancea.ro\/autor\/rodica-condurache\">Rodica Condurache<\/a>, 21 iul 2026  <\/div>\n<\/div>\n<\/div>\n<\/div>\n<\/div>\n<\/div>\n<div class=\"extra-articol listing-anunturi\">\n<h6>Anun\u021buri <span class=\"text-primary\">ZdV<\/span> Premium<\/h6>\n<div class=\"row\">\n<div class=\"col-lg-4 col-md-6 bloc-egal\"><a class=\"card-anunt\" href=\"https:\/\/ziaruldevrancea.ro\/anunturi\/altele\/matrimoniale\/Imi-caut-sufletul-pereche-anunt-72811\"><strong class=\"titlu\">Matrimoniale<\/strong><span class=\"text-anunt\">Domn serios caut doamn\u0103 serioas\u0103, v\u00e2rsta&#8230;<\/span><span class=\"data-anunt\">20.07.2026  <\/span><\/a><\/div>\n<div class=\"col-lg-4 col-md-6 bloc-egal\"><a class=\"card-anunt\" href=\"https:\/\/ziaruldevrancea.ro\/anunturi\/altele\/matrimoniale\/Imi-caut-sufletul-pereche-anunt-72809\"><strong class=\"titlu\">Matrimoniale<\/strong><span class=\"text-anunt\">Domn de la \u021bar\u0103, 55 de ani, cu locuin\u021b\u0103, teren&#8230;<\/span><span class=\"data-anunt\">16.07.2026  <\/span><\/a><\/div>\n<div class=\"col-lg-4 col-md-6 bloc-egal\"><a class=\"card-anunt\" href=\"https:\/\/ziaruldevrancea.ro\/anunturi\/servicii\/familie-cauta-doamna-pentru-a-lucra-2-zile-pe-saptamana\"><strong class=\"titlu\">SERVICII<\/strong><span class=\"text-anunt\">Solicit\u0103m servicii de buc\u0103t\u0103rie acordate unei&#8230;<\/span><span class=\"data-anunt\">16.07.2026  <\/span><\/a><\/div>\n<\/div>\n<\/div>\n<div class=\"bloc-widget widget-albastru\">\n    Ziarul de Vrancea \u00a0nu este responsabil juridic pentru con\u0163inutul textelor din comentariile de mai jos. Responsabilitatea pentru mesajele dumneavoastra v\u0103 revine \u00een exclusivitate.\n<\/div>\n<div class=\"comentarii-articol\" id=\"comentarii\">\n<h3>Comentarii: <span class=\"text-primary\">0<\/span><\/h3>\n<p><a href=\"https:\/\/ziaruldevrancea.ro\/actualitatea\/international\/mozaic-stiri-internationale-de-la-regele-nordului-la-prim-ministru-al-marii-britanii\" class=\"btn btn-success btn-adauga-com\" data-toggle=\"modal\" data-parent=\"0\" data-target=\"#commentModal\">Adaug\u0103 comentariu<\/a><\/p>\n<div class=\"loadMask comments-mask\"><img decoding=\"async\" src=\"https:\/\/zdvs.cname.ro\/images\/loader_40.gif\"><\/div>\n<div class=\"comenteaza-jos\">Trebuie s\u0103 fii <a href=\"https:\/\/ziaruldevrancea.ro\/account\">autentificat<\/a> pentru a putea <a href=\"https:\/\/ziaruldevrancea.ro\/actualitatea\/international\/mozaic-stiri-internationale-de-la-regele-nordului-la-prim-ministru-al-marii-britanii\" class data-toggle=\"modal\" data-parent=\"0\" data-target=\"#commentModal\">posta un comentariu<\/a>.<\/div>\n<\/div>\n<div class=\"modal fade\" id=\"commentModal\" role=\"dialog\" aria-labelledby=\"commentModalLabel\">\n<div class=\"modal-dialog modal-lg\" role=\"document\">\n<div class=\"modal-content\">\n<div class=\"modal-header\">\n<h3 class=\"modal-title\" id=\"commentModalLabel\">Comenteaz\u0103<\/h3>\n<\/div>\n<div class=\"modal-body\">\n<div class=\"tabel tabel-full\">\n<div class=\"celula\">\n              Trebuie s\u0103 fii <a href=\"https:\/\/ziaruldevrancea.ro\/account\">autentificat<\/a> pentru a putea posta un comentariu.\n            <\/div>\n<\/div>\n<\/div>\n<div class=\"modal-footer\">\n<div id=\"commentPending\" class=\"formPending pull-left\"><img decoding=\"async\" src=\"https:\/\/zdvs.cname.ro\/images\/loader_40.gif\"> In curs de procesare&#8230;<\/div>\n<p><a href=\"https:\/\/ziaruldevrancea.ro\/actualitatea\/international\/mozaic-stiri-internationale-de-la-regele-nordului-la-prim-ministru-al-marii-britanii\" class=\"btn btn-default\" data-dismiss=\"modal\">Anuleaz\u0103<\/a><\/div>\n<\/div>\n<\/div>\n<\/div>\n<div class=\"modal fade\" id=\"commentReportModal\" role=\"dialog\" aria-labelledby=\"commentReportModalLabel\">\n<div class=\"modal-dialog modal-lg\" role=\"document\">\n<div class=\"modal-content\">\n<div class=\"modal-header\">\n<h3 class=\"modal-title\" id=\"commentReportModalLabel\">Raporteaza comentariu<\/h3>\n<\/div>\n<div class=\"modal-body\">\n<div class=\"tabel tabel-full\">\n<div class=\"celula\">\n              Trebuie s\u0103 fii <a href=\"https:\/\/ziaruldevrancea.ro\/account\">autentificat<\/a> pentru a putea raporta un comentariu.\n            <\/div>\n<\/div>\n<\/div>\n<div class=\"modal-footer\">\n<div id=\"commentReportPending\" class=\"formPending pull-left\"><img decoding=\"async\" src=\"https:\/\/zdvs.cname.ro\/images\/loader_40.gif\"> In curs de procesare&#8230;<\/div>\n<p><a href=\"https:\/\/ziaruldevrancea.ro\/actualitatea\/international\/mozaic-stiri-internationale-de-la-regele-nordului-la-prim-ministru-al-marii-britanii\" class=\"btn btn-default\" data-dismiss=\"modal\">Anuleaz\u0103<\/a><\/div>\n<\/div>\n<\/div>\n<\/div>\n<div class=\"modal fade\" id=\"commentLikeModal\" role=\"dialog\" aria-labelledby=\"commentLikeModalLabel\">\n<div class=\"modal-dialog modal-lg\" role=\"document\">\n<div class=\"modal-content\">\n<div class=\"modal-header\">\n<h3 class=\"modal-title\" id=\"commentReportModalLabel\">Apreciaza comentariu<\/h3>\n<\/div>\n<div class=\"modal-body\">\n<div class=\"tabel tabel-full\">\n<div class=\"celula\">\n            Trebuie s\u0103 fii <a href=\"https:\/\/ziaruldevrancea.ro\/account\">autentificat<\/a> pentru a putea aprecia un comentariu.\n          <\/div>\n<\/div>\n<\/div>\n<div class=\"modal-footer\"><a href=\"https:\/\/ziaruldevrancea.ro\/actualitatea\/international\/mozaic-stiri-internationale-de-la-regele-nordului-la-prim-ministru-al-marii-britanii\" class=\"btn btn-default\" data-dismiss=\"modal\">Anuleaz\u0103<\/a><\/div>\n<\/div>\n<\/div>\n<\/div>\n<div class=\"bloc-widget widget-rosu\"><span><small>Ziarul de Vrancea doreste ca acest site sa fie un spatiu al discutiilor civilizate, al comentariilor de bun simt. Din acest motiv, cei care posteaza comentarii la articole trebuie sa respecte urmatoarele reguli:<br \/>\n1. Sa se refere doar la articolul la care posteaza comentarii.<br \/>\n2. Sa foloseasca un limbaj civilizat, fara injurii, calomnii, comentarii antisemite, xenofobe sau rasiste.<br \/>\n3. Sunt interzise atacurile la adresa autorilor, daca acestea nu au legatura cu textul.<br \/>\n4. Username-ul sa nu fie nume de personalitati ale vietii publice sau parodieri ale acestora.<br \/>\nAutorul unui articol poate fi criticat pentru eventuale greseli, incoerenta, lipsa de documentare etc.<br \/>\nNerespectarea regulilor mentionate mai sus va duce la stergerea comentariilor, fara avertisment si fara explicatii.<br \/>\nAbaterile repetate vor avea drept consecinta interdictia accesului la aceasta facilitate a site-ului.<\/small><\/span><\/div>\n<\/div>\n<p>[analyse_source url=&#8221;https:\/\/ziaruldevrancea.ro\/actualitatea\/international\/mozaic-stiri-internationale-de-la-regele-nordului-la-prim-ministru-al-marii-britanii&#8221;]<\/p>\n","protected":false},"excerpt":{"rendered":"<p>[analyse_image type=&#8221;featured&#8221; src=&#8221;https:\/\/zdvi.cname.ro\/_\/mozaic-stiri-internationale-de-la-regele-nordului-la-prim-ministru-al-marii-britanii\/mediaPool\/uWDTpcs.jpeg&#8221;] Interna\u021bional MOZAIC \u0218TIRI INTERNA\u021aIONALE: De la \u201eRegele Nordului\u201d, la prim-ministru al Marii Britanii Distribuie: \u00a0 | Rodica Condurache 20 iul 2026169 vizualiz\u0103ri Cine este Andy Burnham, noul lider la Partidului Laburist Dup\u0103 ce a trecut prin unul dintre cele mai grele momente din cariera sa, c\u00e2nd a pierdut o a doua candidatur\u0103 [&hellip;]<\/p>\n","protected":false},"author":1,"featured_media":0,"comment_status":"open","ping_status":"","sticky":false,"template":"","format":"standard","meta":{"footnotes":""},"categories":[89],"tags":[226,208],"class_list":["post-2055460","post","type-post","status-publish","format-standard","hentry","category-romania","tag-crawlmanager","tag-ziaruldevrancea-ro"],"_links":{"self":[{"href":"https:\/\/analyse.optim.biz\/index.php?rest_route=\/wp\/v2\/posts\/2055460","targetHints":{"allow":["GET"]}}],"collection":[{"href":"https:\/\/analyse.optim.biz\/index.php?rest_route=\/wp\/v2\/posts"}],"about":[{"href":"https:\/\/analyse.optim.biz\/index.php?rest_route=\/wp\/v2\/types\/post"}],"author":[{"embeddable":true,"href":"https:\/\/analyse.optim.biz\/index.php?rest_route=\/wp\/v2\/users\/1"}],"replies":[{"embeddable":true,"href":"https:\/\/analyse.optim.biz\/index.php?rest_route=%2Fwp%2Fv2%2Fcomments&post=2055460"}],"version-history":[{"count":0,"href":"https:\/\/analyse.optim.biz\/index.php?rest_route=\/wp\/v2\/posts\/2055460\/revisions"}],"wp:attachment":[{"href":"https:\/\/analyse.optim.biz\/index.php?rest_route=%2Fwp%2Fv2%2Fmedia&parent=2055460"}],"wp:term":[{"taxonomy":"category","embeddable":true,"href":"https:\/\/analyse.optim.biz\/index.php?rest_route=%2Fwp%2Fv2%2Fcategories&post=2055460"},{"taxonomy":"post_tag","embeddable":true,"href":"https:\/\/analyse.optim.biz\/index.php?rest_route=%2Fwp%2Fv2%2Ftags&post=2055460"}],"curies":[{"name":"wp","href":"https:\/\/api.w.org\/{rel}","templated":true}]}}