{"id":2055452,"date":"2026-07-21T15:09:07","date_gmt":"2026-07-21T12:09:07","guid":{"rendered":"https:\/\/analyse.optim.biz\/?p=2055452"},"modified":"2026-07-21T15:09:07","modified_gmt":"2026-07-21T12:09:07","slug":"sedinta-extraordinara-a-comitetului-ministerial-pentru-situatii-de-urgenta-al-mmap-ca-urmare-a-atentionarilor-si-avertizarilor-emise-de-anm-si-inhga","status":"publish","type":"post","link":"https:\/\/analyse.optim.biz\/?p=2055452","title":{"rendered":"\u0218edin\u0163\u0103 extraordinar\u0103 a Comitetului ministerial pentru situa\u0163ii de urgen\u0163\u0103 al MMAP, ca urmare a aten\u021bion\u0103rilor \u0219i avertiz\u0103rilor emise de ANM \u0219i INHGA"},"content":{"rendered":"<p>[analyse_image type=&#8221;featured&#8221; src=&#8221;https:\/\/infotulcea.ro\/wp-content\/uploads\/2026\/06\/usr-1-.jpeghttps:\/\/infotulcea.ro\/wp-content\/uploads\/2026\/06\/usr-1-.jpeg&#8221;]<\/p>\n<div id=\"content\" class=\"site-content container\">\n<div id=\"main-content-row\" class=\"tie-row main-content-row\">\n<div class=\"main-content tie-col-md-8 tie-col-xs-12\" role=\"main\">\n<article id=\"the-post\" class=\"container-wrapper post-content tie-standard\">\n<header class=\"entry-header-outer\">\n<nav id=\"breadcrumb\"><a href=\"https:\/\/infotulcea.ro\/\"> Home<\/a><em class=\"delimiter\">\/<\/em><a href=\"https:\/\/infotulcea.ro\/categorie\/politica\/\">Politic\u0103<\/a><em class=\"delimiter\">\/<\/em><a href=\"https:\/\/infotulcea.ro\/categorie\/politica\/usr\/\">USR<\/a><em class=\"delimiter\">\/<\/em><span class=\"current\">\u0218edin\u0163\u0103 extraordinar\u0103 a Comitetului ministerial pentru situa\u0163ii de urgen\u0163\u0103 al MMAP, ca urmare a aten\u021bion\u0103rilor \u0219i avertiz\u0103rilor emise de ANM \u0219i INHGA<\/span><\/nav>\n<div class=\"entry-header\"><span class=\"post-cat-wrap\"><a class=\"post-cat tie-cat-248\" href=\"https:\/\/infotulcea.ro\/categorie\/politica\/usr\/\">USR<\/a><\/span><\/p>\n<h1 class=\"post-title entry-title\">\n\t\t\t\u0218edin\u0163\u0103 extraordinar\u0103 a Comitetului ministerial pentru situa\u0163ii de urgen\u0163\u0103 al MMAP, ca urmare a aten\u021bion\u0103rilor \u0219i avertiz\u0103rilor emise de ANM \u0219i INHGA\t\t<\/h1>\n<div class=\"single-post-meta post-meta clearfix\"><span class=\"author-meta single-author no-avatars\"><span class=\"meta-item meta-author-wrapper meta-author-9\"><span class=\"meta-author\"><a href=\"https:\/\/infotulcea.ro\/author\/redactia-2\/\" class=\"author-name tie-icon\" title=\"Redactia\">Redactia<\/a><\/span><\/span><\/span><span class=\"date meta-item tie-icon\">21 iulie 2026<\/span><\/p>\n<div class=\"tie-alignright\"><span class=\"meta-comment tie-icon meta-item fa-before\">0<\/span><span class=\"meta-views meta-item \"> 287 <\/span><span class=\"meta-reading-time meta-item\"> 5 minutes read<\/span><\/div>\n<\/div>\n<\/div>\n<\/header>\n<div class=\"entry-content entry clearfix\">\n<p><strong>Ministra mediului, apelor \u0219i p\u0103durilor, Diana Buzoianu, a convocat ast\u0103zi Comitetul ministerial pentru situa\u021bii de urgen\u021b\u0103 (CMSU), constituit la nivelul MMAP.<\/strong><\/p>\n<p><span>\u0218edin\u021ba extraordinar\u0103 a CMSU a fost organizat\u0103 ca urmare a aten\u021bion\u0103rilor \u0219i avertiz\u0103rilor meteorologice de COD GALBEN \u0219i COD PORTOCALIU emise de Administra\u021bia Na\u021bional\u0103 de Meteorologie, precum \u0219i a avertiz\u0103rii hidrologice COD GALBEN, COD PORTOCALIU \u0219i COD RO\u0218U emise de Institutul Na\u021bional de Hidrologie \u0219i Gospod\u0103rire a Apelor \u0219i a fost condus\u0103 de secretarul de stat Raul Pop.<\/span><\/p>\n<p><i><span>\u201ePrognoza meteorologic\u0103 vizeaz\u0103 mai multe aten\u021bion\u0103ri \u0219i avertiz\u0103ri cod galben \u0219i cod portocaliu. O aten\u021bie deosebit\u0103 trebuie acordat\u0103 zonelor aflate sub avertizare de cod portocaliu, jude\u021bele Arge\u0219, D\u00e2mbovi\u021ba, Prahova, unde, \u00een intervale scurte de timp (1\u20263 ore) \u0219i prin acumulare cantit\u0103\u021bile de ap\u0103 vor fi de 25\u202650 l\/mp \u0219i pe arii restr\u00e2nse de peste 60\u202670 l\/mp. <\/span><\/i><i><span>De asemenea, cod portocaliu a fost emis \u0219i pentru jude\u021bele Constan\u021ba, Tulcea, Gala\u021bi, Br\u0103ila \u0219i estul jude\u021belor Ialomi\u021ba \u0219i C\u0103l\u0103ra\u0219i, unde, cantit\u0103\u021bile de ap\u0103 vor fi de 25\u2026 50 l\/mp \u0219i pe arii restr\u00e2nse de peste 70 l\/mp. Av\u00e2nd \u00een vedere c\u0103 suntem \u00een plin sezon estival \u0219i c\u0103 \u00een zona litoralului se vor \u00eenregistra cantit\u0103\u021bi mari de precipita\u021bii, de 25-50 l\/m \u0219i pe arii restr\u00e2nse de peste 70 l\/mp, atragem aten\u021bia turi\u0219tilor s\u0103 respecte recomand\u0103rile\u00a0 autorit\u0103\u021bilor \u0219i s\u0103 evite deplas\u0103rile \u00een zonele aflate sub avertiz\u0103ri. De asemenea, recomand\u0103m popula\u021biei din jude\u021bele vizate de coduri s\u0103 manifeste o aten\u021bie sporit\u0103 \u0219i s\u0103 urm\u0103reasc\u0103 informa\u021biile actualizate disponibile inclusiv pe platforma fiipregatit.ro. \u00cen ceea ce prive\u0219te avertizarea hidrologic\u0103, avem \u0219i un cod ro\u0219u hidrologic emis, \u00een intervalul 22.07.2026 ora 03:00 \u2013 22.07.2026 ora 12:00 pe r\u00e2urile din bazinele hidrografice Ialomi\u021ba \u0219i Prahova.<\/span><\/i><i><span>\u00cen functie de evolu\u021bia fenomenelor hidrometeorologice, pot fi emise avertiz\u0103ri de fenomene imediate, iar prognozele vor fi actualizate\u201d, <\/span><\/i><span>a subliniat secretarul de stat Raul Pop.<\/span><\/p>\n<p><span>Reprezentan\u021bii ANAR au informat c\u0103 exist\u0103 rezerve de atenuare a viiturilor la barajele Paltinu \u0219i M\u0103neciu, estim\u00e2ndu-se o cre\u0219tere a evacu\u0103rii la 30mc\/s, astfel \u00eenc\u00e2t s\u0103 nu fie probleme \u00een aval. Totodat\u0103, s-a dispus deja evacuarea din acumul\u0103rile Gole\u0219ti \u0219i R\u00e2u\u0219or a volumelor care pot contribui la debitul Dun\u0103rii \u0219i se va ac\u021biona punctual, acolo unde este nevoie, \u00een func\u021bie de evolu\u021bia situa\u021biei hidrometeorologice. De asemenea, se va asigura permanen\u021ba pe \u00eentreaga perioad\u0103 a nop\u021bii.<\/span><\/p>\n<p><span>Totodat\u0103, se men\u021bine aten\u021bionarea pentru de\u021bin\u0103torii micilor acumul\u0103ri de importan\u021b\u0103 local\u0103 cu folosin\u021be pentru piscicultur\u0103 sau agrement. Ace\u0219tia au obliga\u021bia legal\u0103 de a asigura func\u021bionarea \u00een siguran\u021b\u0103 a amenaj\u0103rilor hidrotehnice administrate pentru a preveni inundarea zonelor adiacente. De\u021bin\u0103torii de astfel de acumul\u0103ri trebuie s\u0103 asigure func\u021bionarea desc\u0103rc\u0103torilor, s\u0103 elimine blocajele \u0219i s\u0103 cure\u021be gr\u0103tarele care pot afecta func\u021bionarea acestora, iar la solicitarea autorit\u0103\u021bilor competente s\u0103 realizeze pregoliri, astfel \u00eenc\u00e2t s\u0103 se evite afectarea zonelor din apropiere.<\/span><\/p>\n<p><span>\u00cen ceea ce prive\u0219te r\u00e2ul Dambovi\u021ba, cantit\u0103\u021bile prognozate care vor c\u0103dea \u00een amonte vor putea fi atenuate \u00een Lacul Morii, care are capacitate mare de preluare.\u00a0<\/span><\/p>\n<p><span>\u021ain\u00e2nd cont c\u0103 sunt prognozate \u0219i intensific\u0103ri ale v\u00e2ntului, care se vor suprapune cu precipita\u021biile abundente,\u00a0 este necesar\u0103 o aten\u021bie crescut\u0103, deoarece pot ap\u0103rea blocaje din cauza aluviunilor, \u00een special a plutitorilor \u0219i a materialelor lemnoase, care pot fi antrenate pe cursurile de ap\u0103.<\/span><\/p>\n<p><span>ANM a emis o ATEN\u021aIONARE METEOROLOGIC\u0102\u00a0 de COD GALBEN pentru intervalul 21 iulie, ora 14:00 \u2013 21 iulie, ora 22:00 \u0219i vizeaz\u0103 instabilitate atmosferic\u0103, averse toren\u021biale \u00eensemnate cantitativ, intensific\u0103ri ale v\u00e2ntului, vijelii. \u00a0 Zone afectate: jude\u021bele Prahova, Buz\u0103u, Vrancea \u0219i zona montan\u0103 a jude\u021belor V\u00e2lcea, Arge\u0219 \u0219i D\u00e2mbovi\u021ba.\u00a0 Mar\u021bi (21 iulie), \u00een jude\u021bele Prahova, Buz\u0103u, Vrancea \u0219i zona montan\u0103 a jude\u021belor V\u00e2lcea, Arge\u0219 \u0219i D\u00e2mbovi\u021ba vor fi perioade cu instabilitate atmosferic\u0103 ce se va manifesta prin averse toren\u021biale \u00eensemnate cantitativ, desc\u0103rc\u0103ri electrice, intensific\u0103ri ale v\u00e2ntului \u0219i vijelii (viteze la rafal\u0103 de 50\u202670 km\/h). Pe arii restr\u00e2nse va fi grindin\u0103 de mici \u0219i posibil medii dimensiuni (1\u20263 cm). \u00cen intervale scurte de timp (1\u20263 ore) \u0219i prin acumulare cantit\u0103\u021bile de ap\u0103 vor fi de 20\u202630 l\/mp \u0219i izolat de peste 40 l\/mp<source sizes=\"(max-width: 500px) 100vw, 500px\" type=\"image\/webp\" data-srcset=\"https:\/\/infotulcea.ro\/wp-content\/uploads\/2026\/06\/Usr-12-500x341.jpeg.webp 500w, https:\/\/infotulcea.ro\/wp-content\/uploads\/2026\/06\/Usr-12-768x524.jpeg.webp 768w, https:\/\/infotulcea.ro\/wp-content\/uploads\/2026\/06\/Usr-12-220x150.jpeg.webp 220w, https:\/\/infotulcea.ro\/wp-content\/uploads\/2026\/06\/Usr-12.jpeg.webp 791w\" \/><\/span><\/p>\n<p><img loading=\"lazy\" decoding=\"async\" class=\"size-medium wp-image-39900 aligncenter\" src=\"https:\/\/infotulcea.ro\/wp-content\/uploads\/2026\/06\/Usr-12-500x341.jpeg\" alt width=\"500\" height=\"341\"><\/p>\n<p><span>O alt\u0103 AVERTIZARE METEOROLOGIC\u0102 de COD GALBEN este valabil\u0103 pentru intervalul 21 iulie, ora 22:00 \u2013 22 iulie, ora 09:00 \u0219i vizeaz\u0103 instabilitate atmosferic\u0103, averse toren\u021biale \u00eensemnate cantitativ, intensific\u0103ri ale v\u00e2ntului.\u00a0 Zone afectate: Muntenia, sudul \u0219i estul Olteniei, sud-vestul Moldovei \u0219i al Transilvaniei local \u00een Carpa\u021bii Meridionali \u0219i de Curbur\u0103 \u00a0 \u00a0 \u00a0 \u00cen intervalul men\u021bionat, \u00een Muntenia, sudul \u0219i estul Olteniei, sud-vestul Moldovei \u0219i al Transilvaniei \u0219i local \u00een Carpa\u021bii Meridionali \u0219i de Curbur\u0103 vor fi perioade cu instabilitate atmosferic\u0103 ce se va manifesta prin averse toren\u021biale \u00eensemnate cantitativ, desc\u0103rc\u0103ri electrice, intensific\u0103ri ale v\u00e2ntului \u0219i izolat vijelii (viteze la rafal\u0103 de 50\u202670 km\/h). \u00cen intervale scurte de timp (1\u20263 ore) \u0219i prin acumulare cantit\u0103\u021bile de ap\u0103 vor fi de 20\u202630 l\/mp \u0219i izolat de peste 40\u202650 l\/mp.\u00a0\u00a0<\/span><\/p>\n<p><span>Tot ast\u0103zi ANM a emis \u0219i o AVERTIZARE METEOROLOGIC\u0102 de COD PORTOCALIU valabil\u0103 \u00een intervalul 22 iulie, ora 01:00 \u2013 22 iulie, ora 09:00 \u0219i vizeaz\u0103 averse toren\u021biale importante cantitativ. \u00cen jude\u021bele Arge\u0219, D\u00e2mbovi\u021ba, Prahova \u0219i zona de munte a jude\u021bului Buz\u0103u vor fi averse toren\u021biale importante cantitativ. \u00cen intervale scurte de timp (1\u20263 ore) \u0219i prin acumulare cantit\u0103\u021bile de ap\u0103 vor fi de 25\u202650 l\/mp \u0219i pe arii restr\u00e2nse de peste 60\u202670 l\/mp.<\/span><\/p>\n<p><span>O alt\u0103 AVERTIZARE METEOROLOGIC\u0102\u00a0 de COD GALBEN are ca interval de valabilitate: 22 iulie, ora 09:00 \u2013 23 iulie, ora 03:00. Fenomene vizate: instabilitate atmosferic\u0103, averse toren\u021biale \u00eensemnate cantitativ, intensific\u0103ri ale v\u00e2ntului \u0219i vijelii. \u00cen intervalul men\u021bionat, \u00een Muntenia, Dobrogea, estul Olteniei, jum\u0103tatea sudic\u0103 a Moldovei, sudvestul Transilvaniei \u0219i local \u00een Carpa\u021bii Orientali \u0219i Meridionali vor fi perioade cu instabilitate atmosferic\u0103 ce se va manifesta prin averse toren\u021biale \u00eensemnate cantitativ, desc\u0103rc\u0103ri electrice, intensific\u0103ri ale v\u00e2ntului \u0219i vijelii (viteze la rafal\u0103 de 50\u202670 km\/h). Pe arii restr\u00e2nse va fi grindin\u0103 de mici \u0219i posibil medii dimensiuni (1\u20263 cm). \u00cen intervale scurte de timp (1\u20263 ore) \u0219i prin acumulare cantit\u0103\u021bile de ap\u0103 vor fi de 20\u202630 l\/mp \u0219i izolat de peste 40\u202650 l\/mp.<\/span><\/p>\n<p><span>Un alt COD PORTOCALIU are ca interval de valabilitate: 22 iulie, ora 12:00 \u2013 22 iulie, ora 22:00. Fenomene vizate: averse toren\u021biale importante cantitativ. \u00cen jude\u021bele Constan\u021ba, Tulcea, Gala\u021bi, Br\u0103ila \u0219i estul jude\u021belor Ialomi\u021ba \u0219i C\u0103l\u0103ra\u0219i vor fi averse toren\u021biale importante cantitativ. \u00cen intervale scurte de timp (1\u20263 ore) \u0219i prin acumulare cantit\u0103\u021bile de ap\u0103 vor fi de 25\u2026 50 l\/mp \u0219i pe arii restr\u00e2nse de peste 70 l\/mp.<\/span><\/p>\n<p><span>De asemenea, Institutul Na\u021bional de Hidrologie \u0219i Gospod\u0103rire a Apelor (INHGA) a emis o avertizare hidrologic\u0103 ce vizeaz\u0103 scurgeri importante pe versan\u021bi, toren\u021bi \u0219i p\u00e2raie, viituri rapide pe r\u00e2urile mici cu posibile efecte de inunda\u021bii locale \u0219i cre\u0219teri de debite \u0219i niveluri pe unele r\u00e2uri din bazinele hidrografice men\u021bionate, cu posibile dep\u0103\u0219iri ale COTELOR DE AP\u0102RARE. Bazinele hidrografice vizate: Olt, Arge\u0219, Ialomi\u021ba, Siret.<\/span><\/p>\n<p><span>Pentru intervalul 21.07.2026 ora 14:00 \u2013 22.07.2026 ora 24:00, INHGA a emis o avertizare hidrologic\u0103 de cod galben pe r\u00e2urile din bazinele hidrografice: Olt (jude\u0163ele: Sibiu, V\u00e2lcea \u015fi Arge\u015f), Olte\u0163 (jude\u021bele: Gorj \u0219i V\u00e2lcea), Arge\u0219 (jude\u021bele: Arge\u0219, D\u00e2mbovi\u021ba, Giurgiu, Teleorman \u0219i Ilfov), Ialomi\u021ba (jude\u021bele: D\u00e2mbovi\u021ba, Prahova, Ilfov, Ialomi\u021ba \u0219i Buz\u0103u), Buz\u0103u (jude\u021bele: Bra\u0219ov, Covasna, Buz\u0103u \u0219i Prahova), R\u00e2mnicu S\u0103rat (jude\u021bele: Vrancea \u0219i Buz\u0103u), Putna (jude\u021bul Vrancea).<\/span><\/p>\n<p><span>De asemenea, pentru intervalul 22.07.2026 ora 01:00 \u2013 22.07.2026 ora 16:00, a fost emis\u0103 o avertizare hidrologic\u0103 de cod portocaliu pe r\u00e2urile din bazinele hidrografice Arge\u0219, D\u00e2mbovi\u021ba (jude\u021bele: Arge\u0219 \u0219i D\u00e2mbovi\u021ba), Ialomi\u021ba, Cricovul Dulce (jude\u021bele: D\u00e2mbovi\u021ba \u0219i Prahova), Prahova (jude\u021bele: Prahova \u0219i Ialomi\u021ba), Buz\u0103u (jude\u021bele: Bra\u0219ov, Covasna, Buz\u0103u \u0219i Prahova).\u00a0<\/span><\/p>\n<p><span>INHGA a emis \u0219i o avertizare hidrologic\u0103 de COD RO\u0218U, valabil\u0103 \u00een intervalul 22.07.2026 ora 03:00 \u2013 22.07.2026 ora 12:00, pe r\u00e2urile din bazinele hidrografice: Ialomi\u021ba (jude\u021bele: D\u00e2mbovi\u021ba \u0219i Prahova), Prahova (jude\u021bul Prahova).<\/span><\/p>\n<p><span>Ministerul Mediului, Apelor \u0219i P\u0103durilor (MMAP) subliniaz\u0103 c\u0103 respectarea strict\u0103 a Planurilor de Ap\u0103rare \u00eempotriva Inunda\u021biilor este esen\u021bial\u0103 pentru a reduce riscurile \u0219i a proteja vie\u021bile cet\u0103\u021benilor.\u00a0<\/span><\/p>\n<p>\u00a0<\/p>\n<\/div>\n<div id=\"post-extra-info\">\n<div class=\"theiaStickySidebar\">\n<div class=\"single-post-meta post-meta clearfix\"><span class=\"author-meta single-author no-avatars\"><span class=\"meta-item meta-author-wrapper meta-author-9\"><span class=\"meta-author\"><a href=\"https:\/\/infotulcea.ro\/author\/redactia-2\/\" class=\"author-name tie-icon\" title=\"Redactia\">Redactia<\/a><\/span><\/span><\/span><span class=\"date meta-item tie-icon\">21 iulie 2026<\/span><\/p>\n<div class=\"tie-alignright\"><span class=\"meta-comment tie-icon meta-item fa-before\">0<\/span><span class=\"meta-views meta-item \"> 287 <\/span><span class=\"meta-reading-time meta-item\"> 5 minutes read<\/span><\/div>\n<\/div>\n<\/div>\n<\/div>\n<div id=\"share-buttons-bottom\" class=\"share-buttons share-buttons-bottom\">\n<div class=\"share-links  icons-only\">\n<div class=\"share-title\"><span> Share<\/span><\/div>\n<p><a href=\"https:\/\/www.facebook.com\/sharer.php?u=https:\/\/infotulcea.ro\/sedinta-extraordinara-a-comitetului-ministerial-pentru-situatii-de-urgenta-al-mmap-ca-urmare-a-atentionarilor-si-avertizarilor-emise-de-anm-si-inhga\/\" rel=\"external noopener nofollow\" title=\"Facebook\" target=\"_blank\" class=\"facebook-share-btn \" data-raw=\"https:\/\/www.facebook.com\/sharer.php?u={post_link}\"><span class=\"screen-reader-text\">Facebook<\/span><\/a><a href=\"https:\/\/twitter.com\/intent\/tweet?text=%C8%98edin%C5%A3%C4%83%20extraordinar%C4%83%20a%20Comitetului%20ministerial%20pentru%20situa%C5%A3ii%20de%20urgen%C5%A3%C4%83%20al%20MMAP%2C%20ca%20urmare%20a%20aten%C8%9Bion%C4%83rilor%20%C8%99i%20avertiz%C4%83rilor%20emise%20de%20ANM%20%C8%99i%20INHGA&amp;url=https:\/\/infotulcea.ro\/sedinta-extraordinara-a-comitetului-ministerial-pentru-situatii-de-urgenta-al-mmap-ca-urmare-a-atentionarilor-si-avertizarilor-emise-de-anm-si-inhga\/\" rel=\"external noopener nofollow\" title=\"X\" target=\"_blank\" class=\"twitter-share-btn \" data-raw=\"https:\/\/twitter.com\/intent\/tweet?text={post_title}&amp;url={post_link}\"><span class=\"screen-reader-text\">X<\/span><\/a><a href=\"https:\/\/api.whatsapp.com\/send?text=%C8%98edin%C5%A3%C4%83%20extraordinar%C4%83%20a%20Comitetului%20ministerial%20pentru%20situa%C5%A3ii%20de%20urgen%C5%A3%C4%83%20al%20MMAP%2C%20ca%20urmare%20a%20aten%C8%9Bion%C4%83rilor%20%C8%99i%20avertiz%C4%83rilor%20emise%20de%20ANM%20%C8%99i%20INHGA%20https:\/\/infotulcea.ro\/sedinta-extraordinara-a-comitetului-ministerial-pentru-situatii-de-urgenta-al-mmap-ca-urmare-a-atentionarilor-si-avertizarilor-emise-de-anm-si-inhga\/\" rel=\"external noopener nofollow\" title=\"WhatsApp\" target=\"_blank\" class=\"whatsapp-share-btn \" data-raw=\"https:\/\/api.whatsapp.com\/send?text={post_title}%20{post_link}\"><span class=\"screen-reader-text\">WhatsApp<\/span><\/a><a href=\"https:\/\/telegram.me\/share\/url?url=https:\/\/infotulcea.ro\/sedinta-extraordinara-a-comitetului-ministerial-pentru-situatii-de-urgenta-al-mmap-ca-urmare-a-atentionarilor-si-avertizarilor-emise-de-anm-si-inhga\/&amp;text=%C8%98edin%C5%A3%C4%83%20extraordinar%C4%83%20a%20Comitetului%20ministerial%20pentru%20situa%C5%A3ii%20de%20urgen%C5%A3%C4%83%20al%20MMAP%2C%20ca%20urmare%20a%20aten%C8%9Bion%C4%83rilor%20%C8%99i%20avertiz%C4%83rilor%20emise%20de%20ANM%20%C8%99i%20INHGA\" rel=\"external noopener nofollow\" title=\"Telegram\" target=\"_blank\" class=\"telegram-share-btn \" data-raw=\"https:\/\/telegram.me\/share\/url?url={post_link}&amp;text={post_title}\"><span class=\"screen-reader-text\">Telegram<\/span><\/a><a href=\"mailto:?subject=%C8%98edin%C5%A3%C4%83%20extraordinar%C4%83%20a%20Comitetului%20ministerial%20pentru%20situa%C5%A3ii%20de%20urgen%C5%A3%C4%83%20al%20MMAP%2C%20ca%20urmare%20a%20aten%C8%9Bion%C4%83rilor%20%C8%99i%20avertiz%C4%83rilor%20emise%20de%20ANM%20%C8%99i%20INHGA&amp;body=https:\/\/infotulcea.ro\/sedinta-extraordinara-a-comitetului-ministerial-pentru-situatii-de-urgenta-al-mmap-ca-urmare-a-atentionarilor-si-avertizarilor-emise-de-anm-si-inhga\/\" rel=\"external noopener nofollow\" title=\"Share via Email\" target=\"_blank\" class=\"email-share-btn \" data-raw=\"mailto:?subject={post_title}&amp;body={post_link}\"><span class=\"screen-reader-text\">Share via Email<\/span><\/a><a href=\"https:\/\/infotulcea.ro\/sedinta-extraordinara-a-comitetului-ministerial-pentru-situatii-de-urgenta-al-mmap-ca-urmare-a-atentionarilor-si-avertizarilor-emise-de-anm-si-inhga\/\" rel=\"external noopener nofollow\" title=\"Print\" target=\"_blank\" class=\"print-share-btn \" data-raw=\"#\"><span class=\"screen-reader-text\">Print<\/span><\/a><\/div>\n<\/div>\n<\/article>\n<div class=\"post-components\">\n<div id=\"related-posts\" class=\"container-wrapper has-extra-post\">\n<div class=\"mag-box-title the-global-title\">\n<h3>Related Articles<\/h3>\n<\/div>\n<div class=\"related-posts-list\">\n<div class=\"related-item tie-standard\"><a aria-label=\"Eugen Terente, pre\u0219edintele USR Tulcea, v\u0103 ureaz\u0103 Cr\u0103ciun fericit!\" href=\"https:\/\/infotulcea.ro\/eugen-terente-presedintele-usr-tulcea-va-ureaza-craciun-fericit\/\" class=\"post-thumb\"><source type=\"image\/webp\" data-srcset=\"https:\/\/infotulcea.ro\/wp-content\/uploads\/2025\/12\/usr-390x220.jpg.webp\" \/><img loading=\"lazy\" decoding=\"async\" width=\"390\" height=\"220\" src=\"https:\/\/infotulcea.ro\/wp-content\/uploads\/2025\/12\/usr-390x220.jpg\" class=\"attachment-jannah-image-large size-jannah-image-large wp-post-image\" alt><\/a><\/p>\n<h3 class=\"post-title\"><a href=\"https:\/\/infotulcea.ro\/eugen-terente-presedintele-usr-tulcea-va-ureaza-craciun-fericit\/\">Eugen Terente, pre\u0219edintele USR Tulcea, v\u0103 ureaz\u0103 Cr\u0103ciun fericit!<\/a><\/h3>\n<div class=\"post-meta clearfix\"><span class=\"date meta-item tie-icon\">25 decembrie 2025<\/span><\/div>\n<\/div>\n<div class=\"related-item tie-standard\"><a aria-label=\"Eugen Terente: Am dat startul campaniei de str\u00e2ngere de semn\u0103turi\" href=\"https:\/\/infotulcea.ro\/eugen-terente-am-dat-startul-campaniei-de-strangere-de-semnaturi\/\" class=\"post-thumb\"><source type=\"image\/webp\" data-srcset=\"https:\/\/infotulcea.ro\/wp-content\/uploads\/2024\/10\/458676561_1059782206150388_8315966213006465453_n-390x220.jpg.webp\" \/><img loading=\"lazy\" decoding=\"async\" width=\"390\" height=\"220\" src=\"https:\/\/infotulcea.ro\/wp-content\/uploads\/2024\/10\/458676561_1059782206150388_8315966213006465453_n-390x220.jpg\" class=\"attachment-jannah-image-large size-jannah-image-large wp-post-image\" alt><\/a><\/p>\n<h3 class=\"post-title\"><a href=\"https:\/\/infotulcea.ro\/eugen-terente-am-dat-startul-campaniei-de-strangere-de-semnaturi\/\">Eugen Terente: Am dat startul campaniei de str\u00e2ngere de semn\u0103turi<\/a><\/h3>\n<div class=\"post-meta clearfix\"><span class=\"date meta-item tie-icon\">7 septembrie 2024<\/span><\/div>\n<\/div>\n<div class=\"related-item tie-standard\"><a aria-label=\"Elena Lasconi: PNL-ul lui Iohannis \u0219i Ciuc\u0103 are de ales \u2013 poporul sau PSD.\" href=\"https:\/\/infotulcea.ro\/elena-lasconi-pnl-ul-lui-iohannis-si-ciuca-are-de-ales-poporul-sau-psd\/\" class=\"post-thumb\"><source type=\"image\/webp\" data-srcset=\"https:\/\/infotulcea.ro\/wp-content\/uploads\/2024\/10\/motiunea-390x220.jpg.webp\" \/><img loading=\"lazy\" decoding=\"async\" width=\"390\" height=\"220\" src=\"https:\/\/infotulcea.ro\/wp-content\/uploads\/2024\/10\/motiunea-390x220.jpg\" class=\"attachment-jannah-image-large size-jannah-image-large wp-post-image\" alt><\/a><\/p>\n<h3 class=\"post-title\"><a href=\"https:\/\/infotulcea.ro\/elena-lasconi-pnl-ul-lui-iohannis-si-ciuca-are-de-ales-poporul-sau-psd\/\">Elena Lasconi: PNL-ul lui Iohannis \u0219i Ciuc\u0103 are de ales \u2013 poporul sau PSD.<\/a><\/h3>\n<div class=\"post-meta clearfix\"><span class=\"date meta-item tie-icon\">8 octombrie 2024<\/span><\/div>\n<\/div>\n<div class=\"related-item tie-standard\"><a aria-label=\"Diana Buzoianu: \u201eVedem oficial ce aer respir\u0103m\u201d!\" href=\"https:\/\/infotulcea.ro\/diana-buzoianu-vedem-oficial-ce-aer-respiram\/\" class=\"post-thumb\"><source type=\"image\/webp\" data-srcset=\"https:\/\/infotulcea.ro\/wp-content\/uploads\/2025\/03\/usr-diana-buzoianu-390x220.jpg.webp\" \/><img loading=\"lazy\" decoding=\"async\" width=\"390\" height=\"220\" src=\"https:\/\/infotulcea.ro\/wp-content\/uploads\/2025\/03\/usr-diana-buzoianu-390x220.jpg\" class=\"attachment-jannah-image-large size-jannah-image-large wp-post-image\" alt><\/a><\/p>\n<h3 class=\"post-title\"><a href=\"https:\/\/infotulcea.ro\/diana-buzoianu-vedem-oficial-ce-aer-respiram\/\">Diana Buzoianu: \u201eVedem oficial ce aer respir\u0103m\u201d!<\/a><\/h3>\n<div class=\"post-meta clearfix\"><span class=\"date meta-item tie-icon\">23 februarie 2026<\/span><\/div>\n<\/div>\n<\/div>\n<\/div>\n<div id=\"comments\" class=\"comments-area\">\n<div id=\"add-comment-block\" class=\"container-wrapper\">\n<div id=\"respond\" class=\"comment-respond\">\n<h3 id=\"reply-title\" class=\"comment-reply-title the-global-title\">Las\u0103 un r\u0103spuns <small><a rel=\"nofollow\" id=\"cancel-comment-reply-link\" href=\"https:\/\/infotulcea.ro\/sedinta-extraordinara-a-comitetului-ministerial-pentru-situatii-de-urgenta-al-mmap-ca-urmare-a-atentionarilor-si-avertizarilor-emise-de-anm-si-inhga\/#respond\">Anuleaz\u0103 r\u0103spunsul<\/a><\/small><\/h3>\n<p class=\"comment-notes\"><span id=\"email-notes\">Adresa ta de email nu va fi publicat\u0103.<\/span><span class=\"required-field-message\">C\u00e2mpurile obligatorii sunt marcate cu <span class=\"required\">*<\/span><\/span><\/p>\n<\/div>\n<\/div>\n<\/div>\n<\/div>\n<\/div>\n<div id=\"check-also-box\" class=\"container-wrapper check-also-right\">\n<div class=\"widget-title the-global-title\">\n<div class=\"the-subtitle\">Check Also<\/div>\n<p><a href=\"https:\/\/infotulcea.ro\/sedinta-extraordinara-a-comitetului-ministerial-pentru-situatii-de-urgenta-al-mmap-ca-urmare-a-atentionarilor-si-avertizarilor-emise-de-anm-si-inhga\/\" id=\"check-also-close\" class=\"remove\"><span class=\"screen-reader-text\">Close<\/span><\/a><\/div>\n<div class=\"widget posts-list-big-first has-first-big-post\">\n<ul class=\"posts-list-items\">\n<li class=\"widget-single-post-item widget-post-list tie-standard\">\n<div class=\"post-widget-thumbnail\"><a aria-label=\"Eugen Terente, pre\u0219edinte USR Tulcea: \u201dLa mul\u021bi ani, marinari! La mul\u021bi ani tuturor s\u0103rb\u0103tori\u021bilor zilei\u201d\" href=\"https:\/\/infotulcea.ro\/eugen-terente-presedinte-usr-tulcea-la-multi-ani-marinari-la-multi-ani-tuturor-sarbatoritilor-zilei\/\" class=\"post-thumb\"><span class=\"post-cat-wrap\"><span class=\"post-cat tie-cat-248\">USR<\/span><\/span><source type=\"image\/webp\" data-srcset=\"https:\/\/infotulcea.ro\/wp-content\/uploads\/2025\/08\/terente-15-august-390x220.jpg.webp\" \/><img loading=\"lazy\" decoding=\"async\" width=\"390\" height=\"220\" src=\"https:\/\/infotulcea.ro\/wp-content\/uploads\/2025\/08\/terente-15-august-390x220.jpg\" class=\"attachment-jannah-image-large size-jannah-image-large wp-post-image\" alt><\/a><\/div>\n<div class=\"post-widget-body \"><a class=\"post-title the-subtitle\" href=\"https:\/\/infotulcea.ro\/eugen-terente-presedinte-usr-tulcea-la-multi-ani-marinari-la-multi-ani-tuturor-sarbatoritilor-zilei\/\">Eugen Terente, pre\u0219edinte USR Tulcea: \u201dLa mul\u021bi ani, marinari! La mul\u021bi ani tuturor s\u0103rb\u0103tori\u021bilor zilei\u201d<\/a><\/p>\n<div class=\"post-meta\"><span class=\"date meta-item tie-icon\">15 august 2025<\/span><\/div>\n<\/div>\n<\/li>\n<\/ul>\n<\/div>\n<\/div>\n<aside class=\"sidebar tie-col-md-4 tie-col-xs-12 normal-side is-sticky\" aria-label=\"Primary Sidebar\">\n<div class=\"theiaStickySidebar\">\n<div id=\"media_image-19\" class=\"container-wrapper widget widget_media_image\"><a href=\"https:\/\/infotulcea.ro\/delta-dunarii-mai-accesibila-navrom-delta-creste-numarul-curselor-regulate-de-la-1-mai-2025\/\"><source sizes=\"(max-width: 500px) 100vw, 500px\" type=\"image\/webp\" data-srcset=\"https:\/\/infotulcea.ro\/wp-content\/uploads\/2025\/04\/navrom-delta-500x271.jpg.webp 500w, https:\/\/infotulcea.ro\/wp-content\/uploads\/2025\/04\/navrom-delta-1024x555.jpg.webp 1024w, https:\/\/infotulcea.ro\/wp-content\/uploads\/2025\/04\/navrom-delta-768x416.jpg.webp 768w, https:\/\/infotulcea.ro\/wp-content\/uploads\/2025\/04\/navrom-delta.jpg.webp 1080w\" \/><img loading=\"lazy\" decoding=\"async\" width=\"500\" height=\"271\" src=\"https:\/\/infotulcea.ro\/wp-content\/uploads\/2025\/04\/navrom-delta-500x271.jpg\" class=\"image wp-image-34487  attachment-medium size-medium\" alt><\/a><\/div>\n<div id=\"media_image-17\" class=\"container-wrapper widget widget_media_image\"><a href=\"https:\/\/www.facebook.com\/share\/p\/1DGAD1tLWN\/?mibextid=wwXIfr\" target=\"_blank\"><source sizes=\"(max-width: 500px) 100vw, 500px\" type=\"image\/webp\" data-srcset=\"https:\/\/infotulcea.ro\/wp-content\/uploads\/2026\/01\/IMG_1563-500x500.jpeg.webp 500w, https:\/\/infotulcea.ro\/wp-content\/uploads\/2026\/01\/IMG_1563-1024x1024.jpeg.webp 1024w, https:\/\/infotulcea.ro\/wp-content\/uploads\/2026\/01\/IMG_1563-250x250.jpeg.webp 250w, https:\/\/infotulcea.ro\/wp-content\/uploads\/2026\/01\/IMG_1563-768x768.jpeg.webp 768w, https:\/\/infotulcea.ro\/wp-content\/uploads\/2026\/01\/IMG_1563.jpeg.webp 1080w\" \/><img loading=\"lazy\" decoding=\"async\" width=\"500\" height=\"500\" src=\"https:\/\/infotulcea.ro\/wp-content\/uploads\/2026\/01\/IMG_1563-500x500.jpeg\" class=\"image wp-image-37932  attachment-medium size-medium\" alt title=\"Centrale pe lemne\"><\/a><\/div>\n<div id=\"media_image-18\" class=\"container-wrapper widget widget_media_image\"><a href=\"https:\/\/www.licitatia.ro\/site\/index-guest\"><img loading=\"lazy\" decoding=\"async\" width=\"500\" height=\"262\" src=\"https:\/\/infotulcea.ro\/wp-content\/uploads\/2025\/09\/licitatia-500x262.png\" class=\"image wp-image-36670  attachment-medium size-medium lazyload\" alt><img loading=\"lazy\" decoding=\"async\" width=\"500\" height=\"262\" src=\"https:\/\/infotulcea.ro\/wp-content\/uploads\/2025\/09\/licitatia-500x262.png\" class=\"image wp-image-36670  attachment-medium size-medium\" alt><\/a><\/div>\n<div id=\"media_image-27\" class=\"container-wrapper widget widget_media_image\"><a href=\"https:\/\/www.centrale-lemne-liepsnele.ro\/\"><img loading=\"lazy\" decoding=\"async\" width=\"500\" height=\"500\" src=\"https:\/\/infotulcea.ro\/wp-content\/uploads\/2025\/09\/Centrale-pe-Lemne-Liepsnele-500x500.png\" class=\"image wp-image-36541  attachment-medium size-medium lazyload\" alt=\"Centrala pe lemne\"><img loading=\"lazy\" decoding=\"async\" width=\"500\" height=\"500\" src=\"https:\/\/infotulcea.ro\/wp-content\/uploads\/2025\/09\/Centrale-pe-Lemne-Liepsnele-500x500.png\" class=\"image wp-image-36541  attachment-medium size-medium\" alt=\"Centrala pe lemne\"><\/a><\/div>\n<div id=\"media_image-28\" class=\"container-wrapper widget widget_media_image\"><a href=\"https:\/\/infotulcea.ro\/angajeaza-te-ro-platforma-ta-online-de-angajari-si-forta-de-munca\/\"><source sizes=\"(max-width: 500px) 100vw, 500px\" type=\"image\/webp\" data-srcset=\"https:\/\/infotulcea.ro\/wp-content\/uploads\/2025\/04\/banner-angajazate-1-500x305.jpg.webp 500w, https:\/\/infotulcea.ro\/wp-content\/uploads\/2025\/04\/banner-angajazate-1-1024x625.jpg.webp 1024w, https:\/\/infotulcea.ro\/wp-content\/uploads\/2025\/04\/banner-angajazate-1-768x469.jpg.webp 768w, https:\/\/infotulcea.ro\/wp-content\/uploads\/2025\/04\/banner-angajazate-1.jpg.webp 1080w\" \/><img loading=\"lazy\" decoding=\"async\" width=\"500\" height=\"305\" src=\"https:\/\/infotulcea.ro\/wp-content\/uploads\/2025\/04\/banner-angajazate-1-500x305.jpg\" class=\"image wp-image-34317  attachment-medium size-medium\" alt><\/a><\/div>\n<\/div>\n<\/aside>\n<\/div>\n<\/div>\n<div class=\"entry-content entry clearfix\">\n<p><strong>Ministra mediului, apelor \u0219i p\u0103durilor, Diana Buzoianu, a convocat ast\u0103zi Comitetul ministerial pentru situa\u021bii de urgen\u021b\u0103 (CMSU), constituit la nivelul MMAP.<\/strong><\/p>\n<p><span>\u0218edin\u021ba extraordinar\u0103 a CMSU a fost organizat\u0103 ca urmare a aten\u021bion\u0103rilor \u0219i avertiz\u0103rilor meteorologice de COD GALBEN \u0219i COD PORTOCALIU emise de Administra\u021bia Na\u021bional\u0103 de Meteorologie, precum \u0219i a avertiz\u0103rii hidrologice COD GALBEN, COD PORTOCALIU \u0219i COD RO\u0218U emise de Institutul Na\u021bional de Hidrologie \u0219i Gospod\u0103rire a Apelor \u0219i a fost condus\u0103 de secretarul de stat Raul Pop.<\/span><\/p>\n<p><i><span>\u201ePrognoza meteorologic\u0103 vizeaz\u0103 mai multe aten\u021bion\u0103ri \u0219i avertiz\u0103ri cod galben \u0219i cod portocaliu. O aten\u021bie deosebit\u0103 trebuie acordat\u0103 zonelor aflate sub avertizare de cod portocaliu, jude\u021bele Arge\u0219, D\u00e2mbovi\u021ba, Prahova, unde, \u00een intervale scurte de timp (1\u20263 ore) \u0219i prin acumulare cantit\u0103\u021bile de ap\u0103 vor fi de 25\u202650 l\/mp \u0219i pe arii restr\u00e2nse de peste 60\u202670 l\/mp. <\/span><\/i><i><span>De asemenea, cod portocaliu a fost emis \u0219i pentru jude\u021bele Constan\u021ba, Tulcea, Gala\u021bi, Br\u0103ila \u0219i estul jude\u021belor Ialomi\u021ba \u0219i C\u0103l\u0103ra\u0219i, unde, cantit\u0103\u021bile de ap\u0103 vor fi de 25\u2026 50 l\/mp \u0219i pe arii restr\u00e2nse de peste 70 l\/mp. Av\u00e2nd \u00een vedere c\u0103 suntem \u00een plin sezon estival \u0219i c\u0103 \u00een zona litoralului se vor \u00eenregistra cantit\u0103\u021bi mari de precipita\u021bii, de 25-50 l\/m \u0219i pe arii restr\u00e2nse de peste 70 l\/mp, atragem aten\u021bia turi\u0219tilor s\u0103 respecte recomand\u0103rile\u00a0 autorit\u0103\u021bilor \u0219i s\u0103 evite deplas\u0103rile \u00een zonele aflate sub avertiz\u0103ri. De asemenea, recomand\u0103m popula\u021biei din jude\u021bele vizate de coduri s\u0103 manifeste o aten\u021bie sporit\u0103 \u0219i s\u0103 urm\u0103reasc\u0103 informa\u021biile actualizate disponibile inclusiv pe platforma fiipregatit.ro. \u00cen ceea ce prive\u0219te avertizarea hidrologic\u0103, avem \u0219i un cod ro\u0219u hidrologic emis, \u00een intervalul 22.07.2026 ora 03:00 \u2013 22.07.2026 ora 12:00 pe r\u00e2urile din bazinele hidrografice Ialomi\u021ba \u0219i Prahova.<\/span><\/i><i><span>\u00cen functie de evolu\u021bia fenomenelor hidrometeorologice, pot fi emise avertiz\u0103ri de fenomene imediate, iar prognozele vor fi actualizate\u201d, <\/span><\/i><span>a subliniat secretarul de stat Raul Pop.<\/span><\/p>\n<p><span>Reprezentan\u021bii ANAR au informat c\u0103 exist\u0103 rezerve de atenuare a viiturilor la barajele Paltinu \u0219i M\u0103neciu, estim\u00e2ndu-se o cre\u0219tere a evacu\u0103rii la 30mc\/s, astfel \u00eenc\u00e2t s\u0103 nu fie probleme \u00een aval. Totodat\u0103, s-a dispus deja evacuarea din acumul\u0103rile Gole\u0219ti \u0219i R\u00e2u\u0219or a volumelor care pot contribui la debitul Dun\u0103rii \u0219i se va ac\u021biona punctual, acolo unde este nevoie, \u00een func\u021bie de evolu\u021bia situa\u021biei hidrometeorologice. De asemenea, se va asigura permanen\u021ba pe \u00eentreaga perioad\u0103 a nop\u021bii.<\/span><\/p>\n<p><span>Totodat\u0103, se men\u021bine aten\u021bionarea pentru de\u021bin\u0103torii micilor acumul\u0103ri de importan\u021b\u0103 local\u0103 cu folosin\u021be pentru piscicultur\u0103 sau agrement. Ace\u0219tia au obliga\u021bia legal\u0103 de a asigura func\u021bionarea \u00een siguran\u021b\u0103 a amenaj\u0103rilor hidrotehnice administrate pentru a preveni inundarea zonelor adiacente. De\u021bin\u0103torii de astfel de acumul\u0103ri trebuie s\u0103 asigure func\u021bionarea desc\u0103rc\u0103torilor, s\u0103 elimine blocajele \u0219i s\u0103 cure\u021be gr\u0103tarele care pot afecta func\u021bionarea acestora, iar la solicitarea autorit\u0103\u021bilor competente s\u0103 realizeze pregoliri, astfel \u00eenc\u00e2t s\u0103 se evite afectarea zonelor din apropiere.<\/span><\/p>\n<p><span>\u00cen ceea ce prive\u0219te r\u00e2ul Dambovi\u021ba, cantit\u0103\u021bile prognozate care vor c\u0103dea \u00een amonte vor putea fi atenuate \u00een Lacul Morii, care are capacitate mare de preluare.\u00a0<\/span><\/p>\n<p><span>\u021ain\u00e2nd cont c\u0103 sunt prognozate \u0219i intensific\u0103ri ale v\u00e2ntului, care se vor suprapune cu precipita\u021biile abundente,\u00a0 este necesar\u0103 o aten\u021bie crescut\u0103, deoarece pot ap\u0103rea blocaje din cauza aluviunilor, \u00een special a plutitorilor \u0219i a materialelor lemnoase, care pot fi antrenate pe cursurile de ap\u0103.<\/span><\/p>\n<p><span>ANM a emis o ATEN\u021aIONARE METEOROLOGIC\u0102\u00a0 de COD GALBEN pentru intervalul 21 iulie, ora 14:00 \u2013 21 iulie, ora 22:00 \u0219i vizeaz\u0103 instabilitate atmosferic\u0103, averse toren\u021biale \u00eensemnate cantitativ, intensific\u0103ri ale v\u00e2ntului, vijelii. \u00a0 Zone afectate: jude\u021bele Prahova, Buz\u0103u, Vrancea \u0219i zona montan\u0103 a jude\u021belor V\u00e2lcea, Arge\u0219 \u0219i D\u00e2mbovi\u021ba.\u00a0 Mar\u021bi (21 iulie), \u00een jude\u021bele Prahova, Buz\u0103u, Vrancea \u0219i zona montan\u0103 a jude\u021belor V\u00e2lcea, Arge\u0219 \u0219i D\u00e2mbovi\u021ba vor fi perioade cu instabilitate atmosferic\u0103 ce se va manifesta prin averse toren\u021biale \u00eensemnate cantitativ, desc\u0103rc\u0103ri electrice, intensific\u0103ri ale v\u00e2ntului \u0219i vijelii (viteze la rafal\u0103 de 50\u202670 km\/h). Pe arii restr\u00e2nse va fi grindin\u0103 de mici \u0219i posibil medii dimensiuni (1\u20263 cm). \u00cen intervale scurte de timp (1\u20263 ore) \u0219i prin acumulare cantit\u0103\u021bile de ap\u0103 vor fi de 20\u202630 l\/mp \u0219i izolat de peste 40 l\/mp<source sizes=\"(max-width: 500px) 100vw, 500px\" type=\"image\/webp\" data-srcset=\"https:\/\/infotulcea.ro\/wp-content\/uploads\/2026\/06\/Usr-12-500x341.jpeg.webp 500w, https:\/\/infotulcea.ro\/wp-content\/uploads\/2026\/06\/Usr-12-768x524.jpeg.webp 768w, https:\/\/infotulcea.ro\/wp-content\/uploads\/2026\/06\/Usr-12-220x150.jpeg.webp 220w, https:\/\/infotulcea.ro\/wp-content\/uploads\/2026\/06\/Usr-12.jpeg.webp 791w\" \/><\/span><\/p>\n<p><img loading=\"lazy\" decoding=\"async\" class=\"size-medium wp-image-39900 aligncenter\" src=\"https:\/\/infotulcea.ro\/wp-content\/uploads\/2026\/06\/Usr-12-500x341.jpeg\" alt width=\"500\" height=\"341\"><\/p>\n<p><span>O alt\u0103 AVERTIZARE METEOROLOGIC\u0102 de COD GALBEN este valabil\u0103 pentru intervalul 21 iulie, ora 22:00 \u2013 22 iulie, ora 09:00 \u0219i vizeaz\u0103 instabilitate atmosferic\u0103, averse toren\u021biale \u00eensemnate cantitativ, intensific\u0103ri ale v\u00e2ntului.\u00a0 Zone afectate: Muntenia, sudul \u0219i estul Olteniei, sud-vestul Moldovei \u0219i al Transilvaniei local \u00een Carpa\u021bii Meridionali \u0219i de Curbur\u0103 \u00a0 \u00a0 \u00a0 \u00cen intervalul men\u021bionat, \u00een Muntenia, sudul \u0219i estul Olteniei, sud-vestul Moldovei \u0219i al Transilvaniei \u0219i local \u00een Carpa\u021bii Meridionali \u0219i de Curbur\u0103 vor fi perioade cu instabilitate atmosferic\u0103 ce se va manifesta prin averse toren\u021biale \u00eensemnate cantitativ, desc\u0103rc\u0103ri electrice, intensific\u0103ri ale v\u00e2ntului \u0219i izolat vijelii (viteze la rafal\u0103 de 50\u202670 km\/h). \u00cen intervale scurte de timp (1\u20263 ore) \u0219i prin acumulare cantit\u0103\u021bile de ap\u0103 vor fi de 20\u202630 l\/mp \u0219i izolat de peste 40\u202650 l\/mp.\u00a0\u00a0<\/span><\/p>\n<p><span>Tot ast\u0103zi ANM a emis \u0219i o AVERTIZARE METEOROLOGIC\u0102 de COD PORTOCALIU valabil\u0103 \u00een intervalul 22 iulie, ora 01:00 \u2013 22 iulie, ora 09:00 \u0219i vizeaz\u0103 averse toren\u021biale importante cantitativ. \u00cen jude\u021bele Arge\u0219, D\u00e2mbovi\u021ba, Prahova \u0219i zona de munte a jude\u021bului Buz\u0103u vor fi averse toren\u021biale importante cantitativ. \u00cen intervale scurte de timp (1\u20263 ore) \u0219i prin acumulare cantit\u0103\u021bile de ap\u0103 vor fi de 25\u202650 l\/mp \u0219i pe arii restr\u00e2nse de peste 60\u202670 l\/mp.<\/span><\/p>\n<p><span>O alt\u0103 AVERTIZARE METEOROLOGIC\u0102\u00a0 de COD GALBEN are ca interval de valabilitate: 22 iulie, ora 09:00 \u2013 23 iulie, ora 03:00. Fenomene vizate: instabilitate atmosferic\u0103, averse toren\u021biale \u00eensemnate cantitativ, intensific\u0103ri ale v\u00e2ntului \u0219i vijelii. \u00cen intervalul men\u021bionat, \u00een Muntenia, Dobrogea, estul Olteniei, jum\u0103tatea sudic\u0103 a Moldovei, sudvestul Transilvaniei \u0219i local \u00een Carpa\u021bii Orientali \u0219i Meridionali vor fi perioade cu instabilitate atmosferic\u0103 ce se va manifesta prin averse toren\u021biale \u00eensemnate cantitativ, desc\u0103rc\u0103ri electrice, intensific\u0103ri ale v\u00e2ntului \u0219i vijelii (viteze la rafal\u0103 de 50\u202670 km\/h). Pe arii restr\u00e2nse va fi grindin\u0103 de mici \u0219i posibil medii dimensiuni (1\u20263 cm). \u00cen intervale scurte de timp (1\u20263 ore) \u0219i prin acumulare cantit\u0103\u021bile de ap\u0103 vor fi de 20\u202630 l\/mp \u0219i izolat de peste 40\u202650 l\/mp.<\/span><\/p>\n<p><span>Un alt COD PORTOCALIU are ca interval de valabilitate: 22 iulie, ora 12:00 \u2013 22 iulie, ora 22:00. Fenomene vizate: averse toren\u021biale importante cantitativ. \u00cen jude\u021bele Constan\u021ba, Tulcea, Gala\u021bi, Br\u0103ila \u0219i estul jude\u021belor Ialomi\u021ba \u0219i C\u0103l\u0103ra\u0219i vor fi averse toren\u021biale importante cantitativ. \u00cen intervale scurte de timp (1\u20263 ore) \u0219i prin acumulare cantit\u0103\u021bile de ap\u0103 vor fi de 25\u2026 50 l\/mp \u0219i pe arii restr\u00e2nse de peste 70 l\/mp.<\/span><\/p>\n<p><span>De asemenea, Institutul Na\u021bional de Hidrologie \u0219i Gospod\u0103rire a Apelor (INHGA) a emis o avertizare hidrologic\u0103 ce vizeaz\u0103 scurgeri importante pe versan\u021bi, toren\u021bi \u0219i p\u00e2raie, viituri rapide pe r\u00e2urile mici cu posibile efecte de inunda\u021bii locale \u0219i cre\u0219teri de debite \u0219i niveluri pe unele r\u00e2uri din bazinele hidrografice men\u021bionate, cu posibile dep\u0103\u0219iri ale COTELOR DE AP\u0102RARE. Bazinele hidrografice vizate: Olt, Arge\u0219, Ialomi\u021ba, Siret.<\/span><\/p>\n<p><span>Pentru intervalul 21.07.2026 ora 14:00 \u2013 22.07.2026 ora 24:00, INHGA a emis o avertizare hidrologic\u0103 de cod galben pe r\u00e2urile din bazinele hidrografice: Olt (jude\u0163ele: Sibiu, V\u00e2lcea \u015fi Arge\u015f), Olte\u0163 (jude\u021bele: Gorj \u0219i V\u00e2lcea), Arge\u0219 (jude\u021bele: Arge\u0219, D\u00e2mbovi\u021ba, Giurgiu, Teleorman \u0219i Ilfov), Ialomi\u021ba (jude\u021bele: D\u00e2mbovi\u021ba, Prahova, Ilfov, Ialomi\u021ba \u0219i Buz\u0103u), Buz\u0103u (jude\u021bele: Bra\u0219ov, Covasna, Buz\u0103u \u0219i Prahova), R\u00e2mnicu S\u0103rat (jude\u021bele: Vrancea \u0219i Buz\u0103u), Putna (jude\u021bul Vrancea).<\/span><\/p>\n<p><span>De asemenea, pentru intervalul 22.07.2026 ora 01:00 \u2013 22.07.2026 ora 16:00, a fost emis\u0103 o avertizare hidrologic\u0103 de cod portocaliu pe r\u00e2urile din bazinele hidrografice Arge\u0219, D\u00e2mbovi\u021ba (jude\u021bele: Arge\u0219 \u0219i D\u00e2mbovi\u021ba), Ialomi\u021ba, Cricovul Dulce (jude\u021bele: D\u00e2mbovi\u021ba \u0219i Prahova), Prahova (jude\u021bele: Prahova \u0219i Ialomi\u021ba), Buz\u0103u (jude\u021bele: Bra\u0219ov, Covasna, Buz\u0103u \u0219i Prahova).\u00a0<\/span><\/p>\n<p><span>INHGA a emis \u0219i o avertizare hidrologic\u0103 de COD RO\u0218U, valabil\u0103 \u00een intervalul 22.07.2026 ora 03:00 \u2013 22.07.2026 ora 12:00, pe r\u00e2urile din bazinele hidrografice: Ialomi\u021ba (jude\u021bele: D\u00e2mbovi\u021ba \u0219i Prahova), Prahova (jude\u021bul Prahova).<\/span><\/p>\n<p><span>Ministerul Mediului, Apelor \u0219i P\u0103durilor (MMAP) subliniaz\u0103 c\u0103 respectarea strict\u0103 a Planurilor de Ap\u0103rare \u00eempotriva Inunda\u021biilor este esen\u021bial\u0103 pentru a reduce riscurile \u0219i a proteja vie\u021bile cet\u0103\u021benilor.\u00a0<\/span><\/p>\n<p>\u00a0<\/p>\n<\/div>\n<div class=\"articleBody\" data-key=\"articleBody\">Ministra mediului, apelor \u0219i p\u0103durilor, Diana Buzoianu, a convocat ast\u0103zi Comitetul ministerial pentru situa\u021bii de urgen\u021b\u0103 (CMSU), constituit la nivelul MMAP.<\/p>\n<p>\u0218edin\u021ba extraordinar\u0103 a CMSU a fost organizat\u0103 ca urmare a aten\u021bion\u0103rilor \u0219i avertiz\u0103rilor meteorologice de COD GALBEN \u0219i COD PORTOCALIU emise de Administra\u021bia Na\u021bional\u0103 de Meteorologie, precum \u0219i a avertiz\u0103rii hidrologice COD GALBEN, COD PORTOCALIU \u0219i COD RO\u0218U emise de Institutul Na\u021bional de Hidrologie \u0219i Gospod\u0103rire a Apelor \u0219i a fost condus\u0103 de secretarul de stat Raul Pop.<\/p>\n<p>\u201ePrognoza meteorologic\u0103 vizeaz\u0103 mai multe aten\u021bion\u0103ri \u0219i avertiz\u0103ri cod galben \u0219i cod portocaliu. O aten\u021bie deosebit\u0103 trebuie acordat\u0103 zonelor aflate sub avertizare de cod portocaliu, jude\u021bele Arge\u0219, D\u00e2mbovi\u021ba, Prahova, unde, \u00een intervale scurte de timp (1&#8230;3 ore) \u0219i prin acumulare cantit\u0103\u021bile de ap\u0103 vor fi de 25&#8230;50 l\/mp \u0219i pe arii restr\u00e2nse de peste 60&#8230;70 l\/mp. De asemenea, cod portocaliu a fost emis \u0219i pentru jude\u021bele Constan\u021ba, Tulcea, Gala\u021bi, Br\u0103ila \u0219i estul jude\u021belor Ialomi\u021ba \u0219i C\u0103l\u0103ra\u0219i, unde, cantit\u0103\u021bile de ap\u0103 vor fi de 25&#8230; 50 l\/mp \u0219i pe arii restr\u00e2nse de peste 70 l\/mp. Av\u00e2nd \u00een vedere c\u0103 suntem \u00een plin sezon estival \u0219i c\u0103 \u00een zona litoralului se vor \u00eenregistra cantit\u0103\u021bi mari de precipita\u021bii, de 25-50 l\/m \u0219i pe arii restr\u00e2nse de peste 70 l\/mp, atragem aten\u021bia turi\u0219tilor s\u0103 respecte recomand\u0103rile\u00a0 autorit\u0103\u021bilor \u0219i s\u0103 evite deplas\u0103rile \u00een zonele aflate sub avertiz\u0103ri. De asemenea, recomand\u0103m popula\u021biei din jude\u021bele vizate de coduri s\u0103 manifeste o aten\u021bie sporit\u0103 \u0219i s\u0103 urm\u0103reasc\u0103 informa\u021biile actualizate disponibile inclusiv pe platforma fiipregatit.ro. \u00cen ceea ce prive\u0219te avertizarea hidrologic\u0103, avem \u0219i un cod ro\u0219u hidrologic emis, \u00een intervalul 22.07.2026 ora 03:00 \u2013 22.07.2026 ora 12:00 pe r\u00e2urile din bazinele hidrografice Ialomi\u021ba \u0219i Prahova. \u00cen functie de evolu\u021bia fenomenelor hidrometeorologice, pot fi emise avertiz\u0103ri de fenomene imediate, iar prognozele vor fi actualizate\u201d, a subliniat secretarul de stat Raul Pop.<\/p>\n<p>Reprezentan\u021bii ANAR au informat c\u0103 exist\u0103 rezerve de atenuare a viiturilor la barajele Paltinu \u0219i M\u0103neciu, estim\u00e2ndu-se o cre\u0219tere a evacu\u0103rii la 30mc\/s, astfel \u00eenc\u00e2t s\u0103 nu fie probleme \u00een aval. Totodat\u0103, s-a dispus deja evacuarea din acumul\u0103rile Gole\u0219ti \u0219i R\u00e2u\u0219or a volumelor care pot contribui la debitul Dun\u0103rii \u0219i se va ac\u021biona punctual, acolo unde este nevoie, \u00een func\u021bie de evolu\u021bia situa\u021biei hidrometeorologice. De asemenea, se va asigura permanen\u021ba pe \u00eentreaga perioad\u0103 a nop\u021bii.<\/p>\n<p>Totodat\u0103, se men\u021bine aten\u021bionarea pentru de\u021bin\u0103torii micilor acumul\u0103ri de importan\u021b\u0103 local\u0103 cu folosin\u021be pentru piscicultur\u0103 sau agrement. Ace\u0219tia au obliga\u021bia legal\u0103 de a asigura func\u021bionarea \u00een siguran\u021b\u0103 a amenaj\u0103rilor hidrotehnice administrate pentru a preveni inundarea zonelor adiacente. De\u021bin\u0103torii de astfel de acumul\u0103ri trebuie s\u0103 asigure func\u021bionarea desc\u0103rc\u0103torilor, s\u0103 elimine blocajele \u0219i s\u0103 cure\u021be gr\u0103tarele care pot afecta func\u021bionarea acestora, iar la solicitarea autorit\u0103\u021bilor competente s\u0103 realizeze pregoliri, astfel \u00eenc\u00e2t s\u0103 se evite afectarea zonelor din apropiere.<\/p>\n<p>\u00cen ceea ce prive\u0219te r\u00e2ul Dambovi\u021ba, cantit\u0103\u021bile prognozate care vor c\u0103dea \u00een amonte vor putea fi atenuate \u00een Lacul Morii, care are capacitate mare de preluare.\u00a0<\/p>\n<p>\u021ain\u00e2nd cont c\u0103 sunt prognozate \u0219i intensific\u0103ri ale v\u00e2ntului, care se vor suprapune cu precipita\u021biile abundente,\u00a0 este necesar\u0103 o aten\u021bie crescut\u0103, deoarece pot ap\u0103rea blocaje din cauza aluviunilor, \u00een special a plutitorilor \u0219i a materialelor lemnoase, care pot fi antrenate pe cursurile de ap\u0103.<\/p>\n<p>ANM a emis o ATEN\u021aIONARE METEOROLOGIC\u0102\u00a0 de COD GALBEN pentru intervalul 21 iulie, ora 14:00 \u2013 21 iulie, ora 22:00 \u0219i vizeaz\u0103 instabilitate atmosferic\u0103, averse toren\u021biale \u00eensemnate cantitativ, intensific\u0103ri ale v\u00e2ntului, vijelii. \u00a0 Zone afectate: jude\u021bele Prahova, Buz\u0103u, Vrancea \u0219i zona montan\u0103 a jude\u021belor V\u00e2lcea, Arge\u0219 \u0219i D\u00e2mbovi\u021ba.\u00a0 Mar\u021bi (21 iulie), \u00een jude\u021bele Prahova, Buz\u0103u, Vrancea \u0219i zona montan\u0103 a jude\u021belor V\u00e2lcea, Arge\u0219 \u0219i D\u00e2mbovi\u021ba vor fi perioade cu instabilitate atmosferic\u0103 ce se va manifesta prin averse toren\u021biale \u00eensemnate cantitativ, desc\u0103rc\u0103ri electrice, intensific\u0103ri ale v\u00e2ntului \u0219i vijelii (viteze la rafal\u0103 de 50&#8230;70 km\/h). Pe arii restr\u00e2nse va fi grindin\u0103 de mici \u0219i posibil medii dimensiuni (1&#8230;3 cm). \u00cen intervale scurte de timp (1&#8230;3 ore) \u0219i prin acumulare cantit\u0103\u021bile de ap\u0103 vor fi de 20&#8230;30 l\/mp \u0219i izolat de peste 40 l\/mp<\/p>\n<p>O alt\u0103 AVERTIZARE METEOROLOGIC\u0102 de COD GALBEN este valabil\u0103 pentru intervalul 21 iulie, ora 22:00 \u2013 22 iulie, ora 09:00 \u0219i vizeaz\u0103 instabilitate atmosferic\u0103, averse toren\u021biale \u00eensemnate cantitativ, intensific\u0103ri ale v\u00e2ntului.\u00a0 Zone afectate: Muntenia, sudul \u0219i estul Olteniei, sud-vestul Moldovei \u0219i al Transilvaniei local \u00een Carpa\u021bii Meridionali \u0219i de Curbur\u0103 \u00a0 \u00a0 \u00a0 \u00cen intervalul men\u021bionat, \u00een Muntenia, sudul \u0219i estul Olteniei, sud-vestul Moldovei \u0219i al Transilvaniei \u0219i local \u00een Carpa\u021bii Meridionali \u0219i de Curbur\u0103 vor fi perioade cu instabilitate atmosferic\u0103 ce se va manifesta prin averse toren\u021biale \u00eensemnate cantitativ, desc\u0103rc\u0103ri electrice, intensific\u0103ri ale v\u00e2ntului \u0219i izolat vijelii (viteze la rafal\u0103 de 50&#8230;70 km\/h). \u00cen intervale scurte de timp (1&#8230;3 ore) \u0219i prin acumulare cantit\u0103\u021bile de ap\u0103 vor fi de 20&#8230;30 l\/mp \u0219i izolat de peste 40&#8230;50 l\/mp.\u00a0\u00a0<\/p>\n<p>Tot ast\u0103zi ANM a emis \u0219i o AVERTIZARE METEOROLOGIC\u0102 de COD PORTOCALIU valabil\u0103 \u00een intervalul 22 iulie, ora 01:00 \u2013 22 iulie, ora 09:00 \u0219i vizeaz\u0103 averse toren\u021biale importante cantitativ. \u00cen jude\u021bele Arge\u0219, D\u00e2mbovi\u021ba, Prahova \u0219i zona de munte a jude\u021bului Buz\u0103u vor fi averse toren\u021biale importante cantitativ. \u00cen intervale scurte de timp (1&#8230;3 ore) \u0219i prin acumulare cantit\u0103\u021bile de ap\u0103 vor fi de 25&#8230;50 l\/mp \u0219i pe arii restr\u00e2nse de peste 60&#8230;70 l\/mp.<\/p>\n<p>O alt\u0103 AVERTIZARE METEOROLOGIC\u0102\u00a0 de COD GALBEN are ca interval de valabilitate: 22 iulie, ora 09:00 \u2013 23 iulie, ora 03:00. Fenomene vizate: instabilitate atmosferic\u0103, averse toren\u021biale \u00eensemnate cantitativ, intensific\u0103ri ale v\u00e2ntului \u0219i vijelii. \u00cen intervalul men\u021bionat, \u00een Muntenia, Dobrogea, estul Olteniei, jum\u0103tatea sudic\u0103 a Moldovei, sudvestul Transilvaniei \u0219i local \u00een Carpa\u021bii Orientali \u0219i Meridionali vor fi perioade cu instabilitate atmosferic\u0103 ce se va manifesta prin averse toren\u021biale \u00eensemnate cantitativ, desc\u0103rc\u0103ri electrice, intensific\u0103ri ale v\u00e2ntului \u0219i vijelii (viteze la rafal\u0103 de 50&#8230;70 km\/h). Pe arii restr\u00e2nse va fi grindin\u0103 de mici \u0219i posibil medii dimensiuni (1&#8230;3 cm). \u00cen intervale scurte de timp (1&#8230;3 ore) \u0219i prin acumulare cantit\u0103\u021bile de ap\u0103 vor fi de 20&#8230;30 l\/mp \u0219i izolat de peste 40&#8230;50 l\/mp.<\/p>\n<p>Un alt COD PORTOCALIU are ca interval de valabilitate: 22 iulie, ora 12:00 \u2013 22 iulie, ora 22:00. Fenomene vizate: averse toren\u021biale importante cantitativ. \u00cen jude\u021bele Constan\u021ba, Tulcea, Gala\u021bi, Br\u0103ila \u0219i estul jude\u021belor Ialomi\u021ba \u0219i C\u0103l\u0103ra\u0219i vor fi averse toren\u021biale importante cantitativ. \u00cen intervale scurte de timp (1&#8230;3 ore) \u0219i prin acumulare cantit\u0103\u021bile de ap\u0103 vor fi de 25&#8230; 50 l\/mp \u0219i pe arii restr\u00e2nse de peste 70 l\/mp.<\/p>\n<p>De asemenea, Institutul Na\u021bional de Hidrologie \u0219i Gospod\u0103rire a Apelor (INHGA) a emis o avertizare hidrologic\u0103 ce vizeaz\u0103 scurgeri importante pe versan\u021bi, toren\u021bi \u0219i p\u00e2raie, viituri rapide pe r\u00e2urile mici cu posibile efecte de inunda\u021bii locale \u0219i cre\u0219teri de debite \u0219i niveluri pe unele r\u00e2uri din bazinele hidrografice men\u021bionate, cu posibile dep\u0103\u0219iri ale COTELOR DE AP\u0102RARE. Bazinele hidrografice vizate: Olt, Arge\u0219, Ialomi\u021ba, Siret.<\/p>\n<p>Pentru intervalul 21.07.2026 ora 14:00 \u2013 22.07.2026 ora 24:00, INHGA a emis o avertizare hidrologic\u0103 de cod galben pe r\u00e2urile din bazinele hidrografice: Olt (jude\u0163ele: Sibiu, V\u00e2lcea \u015fi Arge\u015f), Olte\u0163 (jude\u021bele: Gorj \u0219i V\u00e2lcea), Arge\u0219 (jude\u021bele: Arge\u0219, D\u00e2mbovi\u021ba, Giurgiu, Teleorman \u0219i Ilfov), Ialomi\u021ba (jude\u021bele: D\u00e2mbovi\u021ba, Prahova, Ilfov, Ialomi\u021ba \u0219i Buz\u0103u), Buz\u0103u (jude\u021bele: Bra\u0219ov, Covasna, Buz\u0103u \u0219i Prahova), R\u00e2mnicu S\u0103rat (jude\u021bele: Vrancea \u0219i Buz\u0103u), Putna (jude\u021bul Vrancea).<\/p>\n<p>De asemenea, pentru intervalul 22.07.2026 ora 01:00 \u2013 22.07.2026 ora 16:00, a fost emis\u0103 o avertizare hidrologic\u0103 de cod portocaliu pe r\u00e2urile din bazinele hidrografice Arge\u0219, D\u00e2mbovi\u021ba (jude\u021bele: Arge\u0219 \u0219i D\u00e2mbovi\u021ba), Ialomi\u021ba, Cricovul Dulce (jude\u021bele: D\u00e2mbovi\u021ba \u0219i Prahova), Prahova (jude\u021bele: Prahova \u0219i Ialomi\u021ba), Buz\u0103u (jude\u021bele: Bra\u0219ov, Covasna, Buz\u0103u \u0219i Prahova).\u00a0<\/p>\n<p>INHGA a emis \u0219i o avertizare hidrologic\u0103 de COD RO\u0218U, valabil\u0103 \u00een intervalul 22.07.2026 ora 03:00 \u2013 22.07.2026 ora 12:00, pe r\u00e2urile din bazinele hidrografice: Ialomi\u021ba (jude\u021bele: D\u00e2mbovi\u021ba \u0219i Prahova), Prahova (jude\u021bul Prahova).<\/p>\n<p>Ministerul Mediului, Apelor \u0219i P\u0103durilor (MMAP) subliniaz\u0103 c\u0103 respectarea strict\u0103 a Planurilor de Ap\u0103rare \u00eempotriva Inunda\u021biilor este esen\u021bial\u0103 pentru a reduce riscurile \u0219i a proteja vie\u021bile cet\u0103\u021benilor.\u00a0<\/p>\n<p>\u00a0<\/p><\/div>\n<p>[analyse_source url=&#8221;https:\/\/infotulcea.ro\/sedinta-extraordinara-a-comitetului-ministerial-pentru-situatii-de-urgenta-al-mmap-ca-urmare-a-atentionarilor-si-avertizarilor-emise-de-anm-si-inhga\/&#8221;]<\/p>\n","protected":false},"excerpt":{"rendered":"<p>[analyse_image type=&#8221;featured&#8221; src=&#8221;https:\/\/infotulcea.ro\/wp-content\/uploads\/2026\/06\/usr-1-.jpeghttps:\/\/infotulcea.ro\/wp-content\/uploads\/2026\/06\/usr-1-.jpeg&#8221;] Home\/Politic\u0103\/USR\/\u0218edin\u0163\u0103 extraordinar\u0103 a Comitetului ministerial pentru situa\u0163ii de urgen\u0163\u0103 al MMAP, ca urmare a aten\u021bion\u0103rilor \u0219i avertiz\u0103rilor emise de ANM \u0219i INHGA USR \u0218edin\u0163\u0103 extraordinar\u0103 a Comitetului ministerial pentru situa\u0163ii de urgen\u0163\u0103 al MMAP, ca urmare a aten\u021bion\u0103rilor \u0219i avertiz\u0103rilor emise de ANM \u0219i INHGA Redactia21 iulie 2026 0 287 5 minutes [&hellip;]<\/p>\n","protected":false},"author":1,"featured_media":0,"comment_status":"open","ping_status":"","sticky":false,"template":"","format":"standard","meta":{"footnotes":""},"categories":[89],"tags":[226,221],"class_list":["post-2055452","post","type-post","status-publish","format-standard","hentry","category-romania","tag-crawlmanager","tag-infotulcea-ro"],"_links":{"self":[{"href":"https:\/\/analyse.optim.biz\/index.php?rest_route=\/wp\/v2\/posts\/2055452","targetHints":{"allow":["GET"]}}],"collection":[{"href":"https:\/\/analyse.optim.biz\/index.php?rest_route=\/wp\/v2\/posts"}],"about":[{"href":"https:\/\/analyse.optim.biz\/index.php?rest_route=\/wp\/v2\/types\/post"}],"author":[{"embeddable":true,"href":"https:\/\/analyse.optim.biz\/index.php?rest_route=\/wp\/v2\/users\/1"}],"replies":[{"embeddable":true,"href":"https:\/\/analyse.optim.biz\/index.php?rest_route=%2Fwp%2Fv2%2Fcomments&post=2055452"}],"version-history":[{"count":0,"href":"https:\/\/analyse.optim.biz\/index.php?rest_route=\/wp\/v2\/posts\/2055452\/revisions"}],"wp:attachment":[{"href":"https:\/\/analyse.optim.biz\/index.php?rest_route=%2Fwp%2Fv2%2Fmedia&parent=2055452"}],"wp:term":[{"taxonomy":"category","embeddable":true,"href":"https:\/\/analyse.optim.biz\/index.php?rest_route=%2Fwp%2Fv2%2Fcategories&post=2055452"},{"taxonomy":"post_tag","embeddable":true,"href":"https:\/\/analyse.optim.biz\/index.php?rest_route=%2Fwp%2Fv2%2Ftags&post=2055452"}],"curies":[{"name":"wp","href":"https:\/\/api.w.org\/{rel}","templated":true}]}}