{"id":205534,"date":"2014-05-17T14:17:40","date_gmt":"2014-05-17T11:17:40","guid":{"rendered":"https:\/\/analyse.optim.biz\/?p=205534"},"modified":"2014-05-17T14:17:40","modified_gmt":"2014-05-17T11:17:40","slug":"traian-basescu-obiectivul-meu-pana-in-noiembrie-este-ca-victor-ponta-sa-nu-poata-deveni-presedintele-romaniei","status":"publish","type":"post","link":"https:\/\/analyse.optim.biz\/?p=205534","title":{"rendered":"Traian B\u0103sescu: Obiectivul meu, p\u00e2n\u0103 \u00een noiembrie, este ca Victor Ponta s\u0103 nu poat\u0103 deveni pre\u015fedintele Rom\u00e2niei"},"content":{"rendered":"<div class=\"entry data-app-meta data-app-meta-article\" data-embed-base-url-canonical=\"https:\/\/www.digi24.ro\/embed\/stiri\/actualitate\/politica\/traian-basescu-obiectivul-meu-pana-in-noiembrie-este-ca-victor-ponta-sa-nu-poata-deveni-presedintele-romaniei-244251\">\n<p data-index=\"1\"><img decoding=\"async\" src=\"https:\/\/analyse.optim.biz\/wp-content\/uploads\/2024\/09\/c2g9ntlhzgjlzjrlzwjiywq5ngvkzdc1yzdjztzhy2mwzdg-thumb_.jpg\" data-skip-htmlfix=\"1\" title=\"c2g9ntlhzgjlzjrlzwjiywq5ngvkzdc1yzdjztzhy2mwzdg-thumb_\">\u201eDac\u0103 a\u0163i v\u0103zut ca r\u0103spuns la atacurile mizerabile pe care Ponta \u015fi televiziunile lui le fac la adresa mea, a familiei mele, nu ezit s\u0103 r\u0103spund. Obiectivul meu, chiar dac\u0103 aceast\u0103 atitudine are pierderi electorale \u015fi pentru mine, obiectivul meu este ca p\u00e2n\u0103 \u00een noiembrie, acest om s\u0103 ajung\u0103 la un nivel la care s\u0103 nu mai poat\u0103 deveni pre\u015fedintele Rom\u00e2niei\u201d, a declarat Traian B\u0103sescu.<\/p>\n<p data-index=\"2\">De asemenea, \u015feful statului a afirmat, la Universitatea \u201e1 Decembrie 1918\u201d din Alba-Iulia, c\u0103 V. Ponta \u201enu trebuie s\u0103 fie pre\u015fedintele Rom\u00e2niei\u201d, informeaz\u0103 Mediafax.<\/p>\n<p data-index=\"3\">\u201eG\u00e2ndi\u0163i-v\u0103 c\u0103 acest om care ap\u0103r\u0103 corup\u0163ii din partidul s\u0103u \u015fi spunea ieri c\u0103 va politiza \u00eenapoi DNA, ar ajunge pre\u015fedinte. Rom\u00e2nia s-ar scufunda \u00een ne\u00eencredere\u201d, a ad\u0103ugat Traian B\u0103sescu.<\/p>\n<p data-index=\"4\">Liderul PSD,\u00a0Victor Ponta, declara recent c\u0103 USD va desemna un candidat propriu la alegerile preziden\u0163iale \u00een cazul \u00een care liberalii nu vor accepta s\u0103 refac\u0103 USL \u015fi s\u0103 revin\u0103 la guvernare, dup\u0103 alegerile europarlamentare din 25 mai, preciz\u00e2nd c\u0103 nu exclude ca, \u201ela nevoie\u201d, s\u0103 fie el acel candidat.<\/p>\n<\/div>\n<p> Source URL: https:\/\/www.digi24.ro\/stiri\/actualitate\/politica\/traian-basescu-obiectivul-meu-pana-in-noiembrie-este-ca-victor-ponta-sa-nu-poata-deveni-presedintele-romaniei-244251<\/p>\n","protected":false},"excerpt":{"rendered":"<p>\u201eDac\u0103 a\u0163i v\u0103zut ca r\u0103spuns la atacurile mizerabile pe care Ponta \u015fi televiziunile lui le fac la adresa mea, a familiei mele, nu ezit s\u0103 r\u0103spund. Obiectivul meu, chiar dac\u0103 aceast\u0103 atitudine are pierderi electorale \u015fi pentru mine, obiectivul meu este ca p\u00e2n\u0103 \u00een noiembrie, acest om s\u0103 ajung\u0103 la un nivel la care s\u0103 [&hellip;]<\/p>\n","protected":false},"author":1,"featured_media":205535,"comment_status":"open","ping_status":"","sticky":false,"template":"","format":"standard","meta":{"footnotes":""},"categories":[2],"tags":[11],"class_list":["post-205534","post","type-post","status-publish","format-standard","has-post-thumbnail","hentry","category-politics","tag-digi24"],"_links":{"self":[{"href":"https:\/\/analyse.optim.biz\/index.php?rest_route=\/wp\/v2\/posts\/205534","targetHints":{"allow":["GET"]}}],"collection":[{"href":"https:\/\/analyse.optim.biz\/index.php?rest_route=\/wp\/v2\/posts"}],"about":[{"href":"https:\/\/analyse.optim.biz\/index.php?rest_route=\/wp\/v2\/types\/post"}],"author":[{"embeddable":true,"href":"https:\/\/analyse.optim.biz\/index.php?rest_route=\/wp\/v2\/users\/1"}],"replies":[{"embeddable":true,"href":"https:\/\/analyse.optim.biz\/index.php?rest_route=%2Fwp%2Fv2%2Fcomments&post=205534"}],"version-history":[{"count":0,"href":"https:\/\/analyse.optim.biz\/index.php?rest_route=\/wp\/v2\/posts\/205534\/revisions"}],"wp:featuredmedia":[{"embeddable":true,"href":"https:\/\/analyse.optim.biz\/index.php?rest_route=\/wp\/v2\/media\/205535"}],"wp:attachment":[{"href":"https:\/\/analyse.optim.biz\/index.php?rest_route=%2Fwp%2Fv2%2Fmedia&parent=205534"}],"wp:term":[{"taxonomy":"category","embeddable":true,"href":"https:\/\/analyse.optim.biz\/index.php?rest_route=%2Fwp%2Fv2%2Fcategories&post=205534"},{"taxonomy":"post_tag","embeddable":true,"href":"https:\/\/analyse.optim.biz\/index.php?rest_route=%2Fwp%2Fv2%2Ftags&post=205534"}],"curies":[{"name":"wp","href":"https:\/\/api.w.org\/{rel}","templated":true}]}}