{"id":2055301,"date":"2026-07-21T14:19:04","date_gmt":"2026-07-21T11:19:04","guid":{"rendered":"https:\/\/analyse.optim.biz\/?p=2055301"},"modified":"2026-07-21T14:19:04","modified_gmt":"2026-07-21T11:19:04","slug":"ruben-latcau-din-august-incep-lucrarile-pentru-reducerea-zgomotului-produs-de-tramvaie","status":"publish","type":"post","link":"https:\/\/analyse.optim.biz\/?p=2055301","title":{"rendered":"Ruben La\u021bc\u0103u: Din august \u00eencep lucr\u0103rile pentru reducerea zgomotului produs de tramvaie"},"content":{"rendered":"<p>[analyse_image type=&#8221;featured&#8221; src=&#8221;https:\/\/orasul-timisoara.ro\/wp-content\/uploads\/2026\/07\/tramvai-proba-sine.jpg&#8221;]<\/p>\n<article id=\"post-39819\" class=\"td-post-template-7 post-39819 post type-post status-publish format-standard has-post-thumbnail category-administratie category-featured category-investitii-in-timisoara category-stiri-timisoara tag-frezare-sine tag-infrastructura-2 tag-linii-de-tramvai tag-mentenanta-2 tag-mobilitate-urbana-2 tag-ruben-latcau-2 tag-stpt tag-timisoara-2 tag-tramvai tag-transport-public tag-vibratii tag-zgomot td-container-wrap\">\n<div class=\"td-full-screen-header-image-wrap\">\n<div class=\"td-container td-post-header\">\n<div class=\"td-crumb-container\">\n<div class=\"entry-crumbs\"><span><a title=\"Vede\u021bi toate articolele \u00een Administra\u021bie local\u0103\" class=\"entry-crumb\" href=\"https:\/\/orasul-timisoara.ro\/local-category\/administratie\/\">Administra\u021bie local\u0103<\/a><\/span><span class=\"td-bred-no-url-last\">Ruben La\u021bc\u0103u: Din august \u00eencep lucr\u0103rile pentru reducerea zgomotului produs de tramvaie<\/span><\/div>\n<\/div>\n<div class=\"td-post-header-holder\">\n<div class=\"td-parallax-header\">\n<header class=\"td-post-title\">\n<ul class=\"td-category\">\n<li class=\"entry-category\"><a href=\"https:\/\/orasul-timisoara.ro\/local-category\/administratie\/\">Administra\u021bie local\u0103<\/a><\/li>\n<li class=\"entry-category\"><a href=\"https:\/\/orasul-timisoara.ro\/local-category\/investitii-in-timisoara\/\">Investitii in Timisoara<\/a><\/li>\n<li class=\"entry-category\"><a href=\"https:\/\/orasul-timisoara.ro\/local-category\/stiri-timisoara\/\">\u0218tiri Locale<\/a><\/li>\n<\/ul>\n<h1 class=\"entry-title\">Ruben La\u021bc\u0103u: Din august \u00eencep lucr\u0103rile pentru reducerea zgomotului produs de tramvaie<\/h1>\n<div class=\"td-module-meta-info\">\n<div class=\"td-post-author-name\">\n<div class=\"td-author-by\">De c\u0103tre<\/div>\n<p><a href=\"https:\/\/orasul-timisoara.ro\/author\/timisoara\/\">redactia<\/a><\/p>\n<div class=\"td-author-line\"> &#8211; <\/div>\n<\/div>\n<p><span class=\"td-post-date\"><time class=\"entry-date updated td-module-date\" datetime=\"2026-07-21T17:19:04+03:00\">21\/07\/2026<\/time><\/span><\/div>\n<\/header>\n<\/div>\n<\/div>\n<\/div>\n<div id=\"td-full-screen-header-image\" class=\"td-image-gradient-style7\"><img decoding=\"async\" class=\"td-backstretch\" src=\"https:\/\/orasul-timisoara.ro\/wp-content\/uploads\/2026\/07\/tramvai-proba-sine.jpg\"><\/div>\n<\/div>\n<div class=\"td-container\">\n<div class=\"td-pb-row\">\n<div class=\"td-pb-span8 td-main-content\" role=\"main\">\n<div class=\"td-ss-main-content\">\n<div class=\"td-post-sharing-top\">\n<div class=\"td-post-sharing-classic\"><iframe title=\"topFacebookLike\" frameborder src=\"https:\/\/www.facebook.com\/plugins\/like.php?href=https:\/\/orasul-timisoara.ro\/local-39819\/&amp;layout=button_count&amp;show_faces=false&amp;width=105&amp;action=like&amp;colorscheme=light&amp;height=21\"><\/iframe><\/div>\n<div id=\"td_social_sharing_article_top\" class=\"td-post-sharing td-ps-bg td-ps-notext td-post-sharing-style1 \">\n<div class=\"td-post-sharing-visible\"><a class=\"td-social-sharing-button td-social-sharing-button-js td-social-network td-social-facebook\" href=\"https:\/\/www.facebook.com\/sharer.php?u=https%3A%2F%2Forasul-timisoara.ro%2Flocal-39819%2F\" title=\"Facebook\"><\/p>\n<div class=\"td-social-but-text\">Facebook<\/div>\n<p><\/a><a class=\"td-social-sharing-button td-social-sharing-button-js td-social-network td-social-twitter\" href=\"https:\/\/twitter.com\/intent\/tweet?text=Ruben+La%C8%9Bc%C4%83u%3A+Din+august+%C3%AEncep+lucr%C4%83rile+pentru+reducerea+zgomotului+produs+de+tramvaie&amp;url=https%3A%2F%2Forasul-timisoara.ro%2Flocal-39819%2F&amp;via=orasultm\" title=\"Twitter\"><\/p>\n<div class=\"td-social-but-text\">Twitter<\/div>\n<p><\/a><a class=\"td-social-sharing-button td-social-sharing-button-js td-social-network td-social-whatsapp\" href=\"https:\/\/api.whatsapp.com\/send?text=Ruben+La%C8%9Bc%C4%83u%3A+Din+august+%C3%AEncep+lucr%C4%83rile+pentru+reducerea+zgomotului+produs+de+tramvaie%20%0A%0A%20https:\/\/orasul-timisoara.ro\/local-39819\/\" title=\"WhatsApp\"><\/p>\n<div class=\"td-social-but-text\">WhatsApp<\/div>\n<p><\/a><a class=\"td-social-sharing-button td-social-sharing-button-js td-social-network td-social-linkedin\" href=\"https:\/\/www.linkedin.com\/shareArticle?mini=true&amp;url=https:\/\/orasul-timisoara.ro\/local-39819\/&amp;title=Ruben+La%C8%9Bc%C4%83u%3A+Din+august+%C3%AEncep+lucr%C4%83rile+pentru+reducerea+zgomotului+produs+de+tramvaie\" title=\"Linkedin\"><\/p>\n<div class=\"td-social-but-text\">Linkedin<\/div>\n<p><\/a><a class=\"td-social-sharing-button td-social-sharing-button-js td-social-network td-social-reddit\" href=\"https:\/\/reddit.com\/submit?url=https:\/\/orasul-timisoara.ro\/local-39819\/&amp;title=Ruben+La%C8%9Bc%C4%83u%3A+Din+august+%C3%AEncep+lucr%C4%83rile+pentru+reducerea+zgomotului+produs+de+tramvaie\" title=\"ReddIt\"><\/p>\n<div class=\"td-social-but-text\">ReddIt<\/div>\n<p><\/a><a class=\"td-social-sharing-button td-social-sharing-button-js td-social-network td-social-mail\" href=\"mailto:?subject=Ruben%20La%C8%9Bc%C4%83u:%20Din%20august%20%C3%AEncep%20lucr%C4%83rile%20pentru%20reducerea%20zgomotului%20produs%20de%20tramvaie&amp;body=https:\/\/orasul-timisoara.ro\/local-39819\/\" title=\"Email\"><\/p>\n<div class=\"td-social-but-text\">Email<\/div>\n<p><\/a><a class=\"td-social-sharing-button td-social-sharing-button-js td-social-network td-social-print\" href=\"https:\/\/orasul-timisoara.ro\/local-39819\/\" title=\"Imprimare\"><\/p>\n<div class=\"td-social-but-text\">Imprimare<\/div>\n<p><\/a><\/div>\n<\/div>\n<\/div>\n<div class=\"td-post-content tagdiv-type\">\n<p class=\"wp-block-paragraph\">Timi\u0219oara face un nou pas \u00een modernizarea transportului public. \u00cencep\u00e2nd din luna august, Societatea de Transport Public Timi\u0219oara (STPT) va demara lucr\u0103rile de frezare a aproximativ 30 de kilometri de \u0219ine de tramvai, o interven\u021bie care are ca scop reducerea zgomotului \u0219i a vibra\u021biilor produse de circula\u021bia tramvaielor.<\/p>\n<p class=\"wp-block-paragraph\">Potrivit viceprimarului Ruben La\u021bc\u0103u, echipamentul special destinat acestor lucr\u0103ri a fost testat \u00een luna aprilie, iar rezultatele au confirmat eficien\u021ba tehnologiei. Interven\u021biile vor contribui la cre\u0219terea confortului c\u0103l\u0103torilor \u0219i la diminuarea disconfortului resim\u021bit de locuitorii din apropierea liniilor de tramvai.<\/p>\n<h2 class=\"wp-block-heading\">30 de kilometri de \u0219ine vor intra \u00een programul de frezare<\/h2>\n<p class=\"wp-block-paragraph\">Programul preg\u0103tit de STPT vizeaz\u0103 aproximativ 30 de kilometri din re\u021beaua de tramvai a municipiului Timi\u0219oara. Frezarea \u0219inelor reprezint\u0103 o opera\u021biune de \u00eentre\u021binere prin care sunt eliminate denivel\u0103rile \u0219i uzura ap\u0103rute \u00een timp pe suprafa\u021ba de rulare.<\/p>\n<p class=\"wp-block-paragraph\">Prin aceast\u0103 interven\u021bie, contactul dintre ro\u021bile tramvaielor \u0219i \u0219ine devine mai uniform, ceea ce reduce zgomotul produs \u00een timpul circula\u021biei \u0219i limiteaz\u0103 vibra\u021biile transmise c\u0103tre cl\u0103dirile aflate \u00een apropierea traseelor.<\/p>\n<h2 class=\"wp-block-heading\">Lucr\u0103rile \u00eencep \u00een luna august<\/h2>\n<p class=\"wp-block-paragraph\">Viceprimarul Ruben La\u021bc\u0103u a anun\u021bat c\u0103 echipamentul special pentru frezarea \u0219inelor a fost testat \u00een luna aprilie, iar opera\u021biunile propriu-zise vor \u00eencepe \u00een august.<\/p>\n<p class=\"wp-block-paragraph\">\u201eAm testat \u00een aprilie un echipament special pentru frezarea liniilor de tramvai. \u00cen august \u00eencep opera\u021biunile. Vor reduce vibra\u021biile \u0219i zgomotul, care \u00eei afecteaz\u0103 at\u00e2t pe c\u0103l\u0103tori, c\u00e2t \u0219i pe cei care locuiesc \u00een apropierea liniilor\u201d, a transmis viceprimarul Timi\u0219oarei.<\/p>\n<h2 class=\"wp-block-heading\">Investi\u021bii \u0219i \u00een \u00eentre\u021binerea infrastructurii existente<\/h2>\n<p class=\"wp-block-paragraph\">Reprezentan\u021bii administra\u021biei locale subliniaz\u0103 c\u0103 proiectul face parte dintr-o strategie mai ampl\u0103 de modernizare a transportului public, care nu vizeaz\u0103 doar construirea unor linii noi, ci \u0219i \u00eentre\u021binerea celor existente.<\/p>\n<p class=\"wp-block-paragraph\">Potrivit lui Ruben La\u021bc\u0103u, infrastructura de tramvai din Rom\u00e2nia a beneficiat, \u00een ultimele decenii, de interven\u021bii limitate de mentenan\u021b\u0103, iar \u00een multe cazuri acestea au fost realizate f\u0103r\u0103 utilaje specializate.<\/p>\n<p class=\"wp-block-paragraph\">\u201e\u00cen ultimele trei decenii \u0219i jum\u0103tate, \u00een Rom\u00e2nia, mentenan\u021ba infrastructurii de tramvai a fost mai degrab\u0103 o excep\u021bie dec\u00e2t o regul\u0103 \u0219i s-a f\u0103cut, de multe ori, f\u0103r\u0103 echipamente dedicate. Rupem acest cerc la Timi\u0219oara: construim linii noi \u0219i investim \u0219i \u00een \u00eentre\u021binerea infrastructurii existente. Conect\u0103m Timi\u0219oara\u201d, a declarat viceprimarul.<\/p>\n<h2 class=\"wp-block-heading\">Mai mult confort pentru c\u0103l\u0103tori \u0219i locuitorii ora\u0219ului<\/h2>\n<p class=\"wp-block-paragraph\">Reducerea zgomotului \u0219i a vibra\u021biilor este unul dintre principalele beneficii ale acestei opera\u021biuni, \u00een special \u00een zonele intens circulate \u0219i \u00een cartierele traversate de liniile de tramvai.<\/p>\n<p class=\"wp-block-paragraph\">Prin \u00eentre\u021binerea periodic\u0103 a infrastructurii, administra\u021bia local\u0103 urm\u0103re\u0219te prelungirea duratei de via\u021b\u0103 a \u0219inelor, reducerea costurilor de repara\u021bii pe termen lung \u0219i cre\u0219terea confortului pentru utilizatorii transportului public din Timi\u0219oara.<\/p>\n<\/div>\n<footer>\n<div class=\"td-post-source-tags\">\n<ul class=\"td-tags td-post-small-box clearfix\">\n<li><span>ETICHETE<\/span><\/li>\n<li><a href=\"https:\/\/orasul-timisoara.ro\/local-tag\/frezare-sine\/\">frezare \u0219ine<\/a><\/li>\n<li><a href=\"https:\/\/orasul-timisoara.ro\/local-tag\/infrastructura-2\/\">infrastructur\u0103<\/a><\/li>\n<li><a href=\"https:\/\/orasul-timisoara.ro\/local-tag\/linii-de-tramvai\/\">linii de tramvai<\/a><\/li>\n<li><a href=\"https:\/\/orasul-timisoara.ro\/local-tag\/mentenanta-2\/\">mentenan\u021b\u0103<\/a><\/li>\n<li><a href=\"https:\/\/orasul-timisoara.ro\/local-tag\/mobilitate-urbana-2\/\">mobilitate urban\u0103<\/a><\/li>\n<li><a href=\"https:\/\/orasul-timisoara.ro\/local-tag\/ruben-latcau-2\/\">Ruben La\u021bc\u0103u<\/a><\/li>\n<li><a href=\"https:\/\/orasul-timisoara.ro\/local-tag\/stpt\/\">stpt<\/a><\/li>\n<li><a href=\"https:\/\/orasul-timisoara.ro\/local-tag\/timisoara-2\/\">timi\u0219oara<\/a><\/li>\n<li><a href=\"https:\/\/orasul-timisoara.ro\/local-tag\/tramvai\/\">tramvai<\/a><\/li>\n<li><a href=\"https:\/\/orasul-timisoara.ro\/local-tag\/transport-public\/\">transport public<\/a><\/li>\n<li><a href=\"https:\/\/orasul-timisoara.ro\/local-tag\/vibratii\/\">vibra\u021bii<\/a><\/li>\n<li><a href=\"https:\/\/orasul-timisoara.ro\/local-tag\/zgomot\/\">zgomot<\/a><\/li>\n<\/ul>\n<\/div>\n<div class=\"td-post-sharing-bottom\">\n<div class=\"td-post-sharing-classic\"><iframe title=\"bottomFacebookLike\" frameborder src=\"https:\/\/www.facebook.com\/plugins\/like.php?href=https:\/\/orasul-timisoara.ro\/local-39819\/&amp;layout=button_count&amp;show_faces=false&amp;width=105&amp;action=like&amp;colorscheme=light&amp;height=21\"><\/iframe><\/div>\n<div id=\"td_social_sharing_article_bottom\" class=\"td-post-sharing td-ps-bg td-ps-notext td-post-sharing-style1 \">\n<div class=\"td-post-sharing-visible\"><a class=\"td-social-sharing-button td-social-sharing-button-js td-social-network td-social-facebook\" href=\"https:\/\/www.facebook.com\/sharer.php?u=https%3A%2F%2Forasul-timisoara.ro%2Flocal-39819%2F\" title=\"Facebook\"><\/p>\n<div class=\"td-social-but-text\">Facebook<\/div>\n<p><\/a><a class=\"td-social-sharing-button td-social-sharing-button-js td-social-network td-social-twitter\" href=\"https:\/\/twitter.com\/intent\/tweet?text=Ruben+La%C8%9Bc%C4%83u%3A+Din+august+%C3%AEncep+lucr%C4%83rile+pentru+reducerea+zgomotului+produs+de+tramvaie&amp;url=https%3A%2F%2Forasul-timisoara.ro%2Flocal-39819%2F&amp;via=orasultm\" title=\"Twitter\"><\/p>\n<div class=\"td-social-but-text\">Twitter<\/div>\n<p><\/a><a class=\"td-social-sharing-button td-social-sharing-button-js td-social-network td-social-whatsapp\" href=\"https:\/\/api.whatsapp.com\/send?text=Ruben+La%C8%9Bc%C4%83u%3A+Din+august+%C3%AEncep+lucr%C4%83rile+pentru+reducerea+zgomotului+produs+de+tramvaie%20%0A%0A%20https:\/\/orasul-timisoara.ro\/local-39819\/\" title=\"WhatsApp\"><\/p>\n<div class=\"td-social-but-text\">WhatsApp<\/div>\n<p><\/a><a class=\"td-social-sharing-button td-social-sharing-button-js td-social-network td-social-linkedin\" href=\"https:\/\/www.linkedin.com\/shareArticle?mini=true&amp;url=https:\/\/orasul-timisoara.ro\/local-39819\/&amp;title=Ruben+La%C8%9Bc%C4%83u%3A+Din+august+%C3%AEncep+lucr%C4%83rile+pentru+reducerea+zgomotului+produs+de+tramvaie\" title=\"Linkedin\"><\/p>\n<div class=\"td-social-but-text\">Linkedin<\/div>\n<p><\/a><a class=\"td-social-sharing-button td-social-sharing-button-js td-social-network td-social-reddit\" href=\"https:\/\/reddit.com\/submit?url=https:\/\/orasul-timisoara.ro\/local-39819\/&amp;title=Ruben+La%C8%9Bc%C4%83u%3A+Din+august+%C3%AEncep+lucr%C4%83rile+pentru+reducerea+zgomotului+produs+de+tramvaie\" title=\"ReddIt\"><\/p>\n<div class=\"td-social-but-text\">ReddIt<\/div>\n<p><\/a><a class=\"td-social-sharing-button td-social-sharing-button-js td-social-network td-social-mail\" href=\"mailto:?subject=Ruben%20La%C8%9Bc%C4%83u:%20Din%20august%20%C3%AEncep%20lucr%C4%83rile%20pentru%20reducerea%20zgomotului%20produs%20de%20tramvaie&amp;body=https:\/\/orasul-timisoara.ro\/local-39819\/\" title=\"Email\"><\/p>\n<div class=\"td-social-but-text\">Email<\/div>\n<p><\/a><a class=\"td-social-sharing-button td-social-sharing-button-js td-social-network td-social-print\" href=\"https:\/\/orasul-timisoara.ro\/local-39819\/\" title=\"Imprimare\"><\/p>\n<div class=\"td-social-but-text\">Imprimare<\/div>\n<p><\/a><\/div>\n<\/div>\n<\/div>\n<div class=\"td-block-row td-post-next-prev\">\n<div class=\"td-block-span6 td-post-prev-post\">\n<div class=\"td-post-next-prev-content\"><span>Articolul precedent<\/span><a href=\"https:\/\/orasul-timisoara.ro\/local-39816\/\">Aquatim opre\u0219te apa \u00een Mo\u0219ni\u021ba Nou\u0103, Mo\u0219ni\u021ba Veche \u0219i Albina pe 23 iulie<\/a><\/div>\n<\/div>\n<div class=\"td-block-span6 td-post-next-post\">\n<div class=\"td-post-next-prev-content\"><span>Articolul urm\u0103tor<\/span><a href=\"https:\/\/orasul-timisoara.ro\/local-39822\/\">Timi\u0219oara red\u0103 comunit\u0103\u021bii Turnul de Ap\u0103 din Iosefin dup\u0103 o investi\u021bie de peste 10,5 milioane de lei<\/a><\/div>\n<\/div>\n<\/div>\n<div class=\"td-author-name vcard author\"><span class=\"fn\"><a href=\"https:\/\/orasul-timisoara.ro\/author\/timisoara\/\">redactia<\/a><\/span><\/div>\n<p><span class=\"td-page-meta\"><\/span><span class=\"td-page-meta\"><span class=\"td-page-meta\"><\/span><\/span><span class=\"td-page-meta\"><\/span><\/footer>\n<div class=\"td_block_wrap td_block_related_posts tdi_3 td_with_ajax_pagination td-pb-border-top td_block_template_8\" data-td-block-uid=\"tdi_3\">\n<h4 class=\"td-related-title td-block-title\"><a id=\"tdi_4\" class=\"td-related-left td-cur-simple-item\" data-td_filter_value data-td_block_id=\"tdi_3\" href=\"https:\/\/orasul-timisoara.ro\/local-39819\/\">ARTICOLE SIMILARE<\/a><a id=\"tdi_5\" class=\"td-related-right\" data-td_filter_value=\"td_related_more_from_author\" data-td_block_id=\"tdi_3\" href=\"https:\/\/orasul-timisoara.ro\/local-39819\/\">DE LA ACELA\u0218I AUTOR<\/a><\/h4>\n<div id=\"tdi_3\" class=\"td_block_inner\">\n<div class=\"td-related-row\">\n<div class=\"td-related-span4\">\n<div class=\"td_module_related_posts td-animation-stack td_mod_related_posts\">\n<div class=\"td-module-image\">\n<div class=\"td-module-thumb\"><a href=\"https:\/\/orasul-timisoara.ro\/local-39807\/\" rel=\"bookmark\" class=\"td-image-wrap \" title=\"Achizi\u021bii de imobile, rectificare bugetar\u0103 \u0219i proiecte europene pe masa Consiliului Local Timi\u0219oara\"><img loading=\"lazy\" decoding=\"async\" class=\"entry-thumb\" src=\"https:\/\/orasul-timisoara.ro\/wp-content\/uploads\/2026\/02\/fritz-darau-consiliu-1-1-436x300.jpg\" alt title=\"Achizi\u021bii de imobile, rectificare bugetar\u0103 \u0219i proiecte europene pe masa Consiliului Local Timi\u0219oara\" width=\"218\" height=\"150\"><\/a><\/div>\n<\/div>\n<div class=\"item-details\">\n<h3 class=\"entry-title td-module-title\"><a href=\"https:\/\/orasul-timisoara.ro\/local-39807\/\" rel=\"bookmark\" title=\"Achizi\u021bii de imobile, rectificare bugetar\u0103 \u0219i proiecte europene pe masa Consiliului Local Timi\u0219oara\">Achizi\u021bii de imobile, rectificare bugetar\u0103 \u0219i proiecte europene pe masa Consiliului Local Timi\u0219oara<\/a><\/h3>\n<\/div>\n<\/div>\n<\/div>\n<div class=\"td-related-span4\">\n<div class=\"td_module_related_posts td-animation-stack td_mod_related_posts\">\n<div class=\"td-module-image\">\n<div class=\"td-module-thumb\"><a href=\"https:\/\/orasul-timisoara.ro\/local-39775\/\" rel=\"bookmark\" class=\"td-image-wrap \" title=\"Prim\u0103ria Timi\u0219oara preg\u0103te\u0219te transformarea C\u0103ii Urseni \u0219i extinderea infrastructurii rutiere\"><img loading=\"lazy\" decoding=\"async\" class=\"entry-thumb\" src=\"https:\/\/orasul-timisoara.ro\/wp-content\/uploads\/2026\/07\/posibil-calea-urseni-436x300.jpg\" alt title=\"Prim\u0103ria Timi\u0219oara preg\u0103te\u0219te transformarea C\u0103ii Urseni \u0219i extinderea infrastructurii rutiere\" width=\"218\" height=\"150\"><\/a><\/div>\n<\/div>\n<div class=\"item-details\">\n<h3 class=\"entry-title td-module-title\"><a href=\"https:\/\/orasul-timisoara.ro\/local-39775\/\" rel=\"bookmark\" title=\"Prim\u0103ria Timi\u0219oara preg\u0103te\u0219te transformarea C\u0103ii Urseni \u0219i extinderea infrastructurii rutiere\">Prim\u0103ria Timi\u0219oara preg\u0103te\u0219te transformarea C\u0103ii Urseni \u0219i extinderea infrastructurii rutiere<\/a><\/h3>\n<\/div>\n<\/div>\n<\/div>\n<div class=\"td-related-span4\">\n<div class=\"td_module_related_posts td-animation-stack td_mod_related_posts\">\n<div class=\"td-module-image\">\n<div class=\"td-module-thumb\"><a href=\"https:\/\/orasul-timisoara.ro\/local-39752\/\" rel=\"bookmark\" class=\"td-image-wrap \" title=\"Noua linie de tramvai Solventul \u2013 Gara de Nord intr\u0103 \u00een execu\u021bie. Contractul a fost semnat\"><img loading=\"lazy\" decoding=\"async\" class=\"entry-thumb\" src=\"https:\/\/orasul-timisoara.ro\/wp-content\/uploads\/2026\/07\/tramvai-linie-solventul-gara-de-nord-3-436x300.jpg\" alt title=\"Noua linie de tramvai Solventul \u2013 Gara de Nord intr\u0103 \u00een execu\u021bie. Contractul a fost semnat\" width=\"218\" height=\"150\"><\/a><\/div>\n<\/div>\n<div class=\"item-details\">\n<h3 class=\"entry-title td-module-title\"><a href=\"https:\/\/orasul-timisoara.ro\/local-39752\/\" rel=\"bookmark\" title=\"Noua linie de tramvai Solventul \u2013 Gara de Nord intr\u0103 \u00een execu\u021bie. Contractul a fost semnat\">Noua linie de tramvai Solventul \u2013 Gara de Nord intr\u0103 \u00een execu\u021bie. Contractul a fost semnat<\/a><\/h3>\n<\/div>\n<\/div>\n<\/div>\n<\/div>\n<\/div>\n<\/div>\n<div class=\"comments\" id=\"comments\">\n<div id=\"respond\" class=\"comment-respond\">\n<h3 id=\"reply-title\" class=\"comment-reply-title\">L\u0102SA\u021aI UN MESAJ<\/h3>\n<div class=\"comment-form-input-wrap td-form-comment\">\n<div class=\"td-warning-comment\">V\u0103 rug\u0103m s\u0103 introduce\u021bi comentariul dvs.!<\/div>\n<\/div>\n<div class=\"comment-form-input-wrap td-form-author\">\n<div class=\"td-warning-author\">Introduce\u021bi aici numele dvs.<\/div>\n<\/div>\n<div class=\"comment-form-input-wrap td-form-email\">\n<div class=\"td-warning-email-error\">A\u021bi introdus o adres\u0103 de e-mail incorect\u0103!<\/div>\n<div class=\"td-warning-email\">V\u0103 rug\u0103m s\u0103 introduce\u021bi adresa dvs. de e-mail aici<\/div>\n<\/div>\n<\/div>\n<p class=\"akismet_comment_form_privacy_notice\">Acest site folose\u0219te Akismet pentru a reduce spamul. <a href=\"https:\/\/akismet.com\/privacy\/\" target=\"_blank\" rel=\"nofollow noopener\">Afl\u0103 cum sunt procesate datele comentariilor tale<\/a>.<\/p>\n<\/div>\n<\/div>\n<\/div>\n<div class=\"td-pb-span4 td-main-sidebar\" role=\"complementary\">\n<div class=\"td-ss-main-sidebar\">\n<aside id=\"block-4\" class=\"td_block_template_8 widget block-4 widget_block widget_media_image\">\n<figure class=\"wp-block-image size-full\"><img loading=\"lazy\" decoding=\"async\" width=\"336\" height=\"280\" src=\"https:\/\/orasul-timisoara.ro\/wp-content\/uploads\/2024\/11\/ReTIM-Abonamentul-Verde-Google-Ads-336x280px.gif\" alt class=\"wp-image-29257\"><\/figure>\n<\/aside>\n<div class=\"td_block_wrap td_block_social_counter td_block_widget tdi_6 td-social-style5 td-social-boxed td-pb-border-top td_block_template_8\">\n<div class=\"td-block-title-wrap\">\n<h4 class=\"td-block-title\"><span>Urm\u0103re\u0219te-ne pe Social Media<\/span><\/h4>\n<\/div>\n<div class=\"td-social-list\">\n<div class=\"td_social_type td-pb-margin-side td_social_facebook\">\n<div class=\"td-social-box\"><span class=\"td_social_info td_social_info_counter\">344,595<\/span><span class=\"td_social_info td_social_info_name\">Fani<\/span><span class=\"td_social_button\"><a href=\"https:\/\/www.facebook.com\/247timisoara\" target=\"_blank\" rel=\"nofollow\">\u00cemi place<\/a><\/span><\/div>\n<\/div>\n<div class=\"td_social_type td-pb-margin-side td_social_instagram\">\n<div class=\"td-social-box\"><span class=\"td_social_info td_social_info_counter\">4,416<\/span><span class=\"td_social_info td_social_info_name\">Cititori<\/span><span class=\"td_social_button\"><a href=\"https:\/\/instagram.com\/orasultimisoararo\/\" target=\"_blank\" rel=\"nofollow\">Conecta\u021bi-v\u0103<\/a><\/span><\/div>\n<\/div>\n<div class=\"td_social_type td-pb-margin-side td_social_rss\">\n<div class=\"td-social-box\"><span class=\"td_social_info td_social_info_counter\">12,506<\/span><span class=\"td_social_info td_social_info_name\">Cititori<\/span><span class=\"td_social_button\"><a href=\"https:\/\/orasul-timisoara.ro\/feed\/\" target=\"_blank\" rel=\"nofollow\">Conecta\u021bi-v\u0103<\/a><\/span><\/div>\n<\/div>\n<div class=\"td_social_type td-pb-margin-side td_social_tiktok\">\n<div class=\"td-social-box\"><span class=\"td_social_info td_social_info_counter\">1,500<\/span><span class=\"td_social_info td_social_info_name\">Cititori<\/span><span class=\"td_social_button\"><a href=\"https:\/\/www.tiktok.com\/@orasultimisoara\" target=\"_blank\" rel=\"nofollow\">Conecta\u021bi-v\u0103<\/a><\/span><\/div>\n<\/div>\n<div class=\"td_social_type td-pb-margin-side td_social_twitter\">\n<div class=\"td-social-box\"><span class=\"td_social_info td_social_info_counter\">1,595<\/span><span class=\"td_social_info td_social_info_name\">Cititori<\/span><span class=\"td_social_button\"><a href=\"https:\/\/twitter.com\/orasultm\" target=\"_blank\" rel=\"nofollow\">Conecta\u021bi-v\u0103<\/a><\/span><\/div>\n<\/div>\n<div class=\"td_social_type td-pb-margin-side td_social_youtube\">\n<div class=\"td-social-box\"><span class=\"td_social_info td_social_info_counter\">3,506<\/span><span class=\"td_social_info td_social_info_name\">Abona\u021bi<\/span><span class=\"td_social_button\"><a href=\"https:\/\/www.youtube.com\/channel\/UCQNsQvs2XCSIm1Z-AHRturw?sub_confirmation=1\" target=\"_blank\" rel=\"nofollow\">Abona\u021bi-v\u0103<\/a><\/span><\/div>\n<\/div>\n<\/div>\n<\/div>\n<aside id=\"text-7\" class=\"td_block_template_8 widget text-7 widget_text\">\n<h4 class=\"td-block-title\"><span>C\u0103ut\u0103ri populare pe OTM<\/span><\/h4>\n<div class=\"textwidget\"><a href=\"https:\/\/orasul-timisoara.ro\/?s=timisoara\"><span>Timisoara<\/span><\/a><a href=\"https:\/\/orasul-timisoara.ro\/?s=calin+dobra\"><span>Calin Dobra<\/span><\/a><a href=\"https:\/\/orasul-timisoara.ro\/?s=primaria+timisoara\"><span>Primaria Timisoara<\/span><\/a><a href=\"https:\/\/orasul-timisoara.ro\/?s=dominic+fritz\"><span>Dominic Fritz<\/span><\/a><a href=\"https:\/\/orasul-timisoara.ro\/?s=nicolae+robu\"><span>Nicolae Robu<\/span><\/a><a href=\"https:\/\/orasul-timisoara.ro\/?s=consiliul+local+timisoara\">Consiliul Local Timisoara<\/a><a href=\"https:\/\/orasul-timisoara.ro\/?s=consiliul+judetean+timis\"><span>Consiliul Judetean Timis<\/span><\/a><a href=\"https:\/\/orasul-timisoara.ro\/?s=cjt\"><span>CJT<\/span><\/a><a href=\"https:\/\/orasul-timisoara.ro\/?s=Alfred+Simonis\"><span>Alfred Simonis<\/span><\/a><a href=\"https:\/\/orasul-timisoara.ro\/?s=PNL\"><span>PNL<\/span><\/a><a href=\"https:\/\/orasul-timisoara.ro\/?s=coronavirus\"><span>coronavirus<\/span><\/a><a href=\"https:\/\/orasul-timisoara.ro\/?s=teatru+timisoara\">teatru Timisoara<\/a><a href=\"https:\/\/orasul-timisoara.ro\/?s=restaurante\"><span>restaurante Timisoara<\/span><\/a><a href=\"https:\/\/orasul-timisoara.ro\/?s=diskoteka\"><span>Diskoteka<\/span><\/a><a href=\"https:\/\/orasul-timisoara.ro\/?s=iulius+town\"><span>Iulius Town<\/span><\/a><a href=\"https:\/\/orasul-timisoara.ro\/?s=iulius+mall\"><span>Iulius Mall<\/span><\/a><a href=\"https:\/\/orasul-timisoara.ro\/?s=stpt\"><span>STPT<\/span><\/a><a href=\"https:\/\/orasul-timisoara.ro\/?s=alin+nica\"><span>Alin Nica<\/span><\/a><a href=\"https:\/\/orasul-timisoara.ro\/?s=psd\"><span>PSD<\/span><\/a><a href=\"https:\/\/orasul-timisoara.ro\/?s=aeroport\"><span>Aeroportul International Timisoara<\/span><\/a><a href=\"https:\/\/orasul-timisoara.ro\/?s=babes\"><span>Spitalul Victor Babes Timisoara<\/span><\/a><a href=\"https:\/\/orasul-timisoara.ro\/?s=poli\"><span>Poli Timi\u0219oara<\/span><\/a><a href=\"https:\/\/orasul-timisoara.ro\/?s=carantina\"><span>carantina<\/span><\/a><a href=\"https:\/\/orasul-timisoara.ro\/?s=aquatim\"><span>Aquatim<\/span><\/a><a href=\"https:\/\/orasul-timisoara.ro\/local-category\/stiri-timisoara\/\"><span>Stiri Timisoara<\/span><\/a><a href=\"https:\/\/orasul-timisoara.ro\/local-category\/investitii-in-timisoara\/\"><span>Investi\u021bii in Timi\u0219oara<\/span><\/a><a href=\"https:\/\/orasul-timisoara.ro\/local-9463\/\"><span>shaorma<\/span><\/a><a href=\"https:\/\/orasul-timisoara.ro\/?s=trafic\"><span>trafic rutier<\/span><\/a><a href=\"https:\/\/orasul-timisoara.ro\/?s=politia\"><span>politia locala timisoara<\/span><\/a><a href=\"https:\/\/orasul-timisoara.ro\/?s=roxana\"><span>Roxana Iliescu<\/span><\/a><a href=\"https:\/\/orasul-timisoara.ro\/?s=colterm\"><span>Colterm<\/span><\/a><a href=\"https:\/\/orasul-timisoara.ro\/?s=latcau\"><span>Ruben La\u021bc\u0103u<\/span><\/a><a href=\"https:\/\/orasul-timisoara.ro\/?s=timis\"><span>\u0218tiri din Timi\u0219<\/span><\/a><a href=\"https:\/\/orasul-timisoara.ro\/?s=spital\"><span>Spitale din Timi\u0219oara<\/span><\/a><a href=\"https:\/\/orasul-timisoara.ro\/?s=tabara\"><span>Cosmin Tab\u0103r\u0103<\/span><\/a><\/div>\n<\/aside>\n<aside id=\"rss-2\" class=\"td_block_template_8 widget rss-2 widget_rss\">\n<h4 class=\"td-block-title\"><span><a class=\"rsswidget rss-widget-feed\" href=\"https:\/\/fashionfridays.ro\/feed\"><img decoding=\"async\" class=\"rss-widget-icon\" width=\"14\" height=\"14\" src=\"https:\/\/orasul-timisoara.ro\/wp-includes\/images\/rss.png\" alt=\"RSS\" loading=\"lazy\"><\/a><a class=\"rsswidget rss-widget-title\" href=\"https:\/\/fashionfridays.ro\/\">Fashion Fridays<\/a><\/span><\/h4>\n<ul>\n<li><a class=\"rsswidget\" href=\"https:\/\/fashionfridays.ro\/romania-devine-a-29-a-piata-vogue-o-noua-era-pentru-industria-locala-de-moda\/\">Rom\u00e2nia devine a 29-a pia\u021b\u0103 Vogue: o nou\u0103 er\u0103 pentru industria local\u0103 de mod\u0103<\/a>\n<div class=\"rssSummary\">Revista Vogue \u00ee\u0219i extinde prezen\u021ba global\u0103 \u0219i va fi lansat\u0103 oficial \u00een Rom\u00e2nia \u00een prim\u0103vara anului 2027, marc\u00e2nd intrarea pe cea de-a 29-a pia\u021b\u0103 interna\u021bional\u0103. Proiectul este realizat \u00een parteneriat cu AEMME Publishing, o companie media recent \u00eenfiin\u021bat\u0103, care va publica edi\u021bia local\u0103 sub licen\u021b\u0103. Noua edi\u021bie, Vogue Rom\u00e2nia, \u00ee\u0219i propune s\u0103 combine autoritatea global\u0103 [\u2026]<\/div>\n<\/li>\n<\/ul>\n<\/aside>\n<aside id=\"rss-4\" class=\"td_block_template_8 widget rss-4 widget_rss\">\n<h4 class=\"td-block-title\"><span><a class=\"rsswidget rss-widget-feed\" href=\"https:\/\/emasini.ro\/feed\"><img decoding=\"async\" class=\"rss-widget-icon\" width=\"14\" height=\"14\" src=\"https:\/\/orasul-timisoara.ro\/wp-includes\/images\/rss.png\" alt=\"RSS\" loading=\"lazy\"><\/a><a class=\"rsswidget rss-widget-title\" href=\"https:\/\/emasini.ro\/\">eMasini<\/a><\/span><\/h4>\n<ul>\n<li><a class=\"rsswidget\" href=\"https:\/\/emasini.ro\/dacia-analizeaza-lansarea-lui-hipster-automobilul-urban-de-doar-3-metri-lungime\/\">Dacia analizeaz\u0103 lansarea lui Hipster, automobilul urban de doar 3 metri lungime (video)<\/a>\n<div class=\"rssSummary\">Dacia ar putea introduce pe pia\u021b\u0103 unul dintre cele mai neobi\u0219nuite modele din istoria sa recent\u0103. Conceptul Hipster, prezentat anul trecut ca o reinterpretare radical\u0103 a automobilului urban accesibil, se afl\u0103 \u00een prezent \u00eentr-o etap\u0103 de evaluare, iar decizia privind produc\u021bia de serie va fi luat\u0103 \u00een func\u021bie de reac\u021bia publicului \u0219i de evolu\u021bia reglement\u0103rilor [\u2026]<\/div>\n<\/li>\n<\/ul>\n<\/aside>\n<\/div>\n<\/div>\n<\/div>\n<\/div>\n<\/article>\n<div class=\"td-post-content tagdiv-type\">\n<p class=\"wp-block-paragraph\">Timi\u0219oara face un nou pas \u00een modernizarea transportului public. \u00cencep\u00e2nd din luna august, Societatea de Transport Public Timi\u0219oara (STPT) va demara lucr\u0103rile de frezare a aproximativ 30 de kilometri de \u0219ine de tramvai, o interven\u021bie care are ca scop reducerea zgomotului \u0219i a vibra\u021biilor produse de circula\u021bia tramvaielor.<\/p>\n<p class=\"wp-block-paragraph\">Potrivit viceprimarului Ruben La\u021bc\u0103u, echipamentul special destinat acestor lucr\u0103ri a fost testat \u00een luna aprilie, iar rezultatele au confirmat eficien\u021ba tehnologiei. Interven\u021biile vor contribui la cre\u0219terea confortului c\u0103l\u0103torilor \u0219i la diminuarea disconfortului resim\u021bit de locuitorii din apropierea liniilor de tramvai.<\/p>\n<h2 class=\"wp-block-heading\">30 de kilometri de \u0219ine vor intra \u00een programul de frezare<\/h2>\n<p class=\"wp-block-paragraph\">Programul preg\u0103tit de STPT vizeaz\u0103 aproximativ 30 de kilometri din re\u021beaua de tramvai a municipiului Timi\u0219oara. Frezarea \u0219inelor reprezint\u0103 o opera\u021biune de \u00eentre\u021binere prin care sunt eliminate denivel\u0103rile \u0219i uzura ap\u0103rute \u00een timp pe suprafa\u021ba de rulare.<\/p>\n<p class=\"wp-block-paragraph\">Prin aceast\u0103 interven\u021bie, contactul dintre ro\u021bile tramvaielor \u0219i \u0219ine devine mai uniform, ceea ce reduce zgomotul produs \u00een timpul circula\u021biei \u0219i limiteaz\u0103 vibra\u021biile transmise c\u0103tre cl\u0103dirile aflate \u00een apropierea traseelor.<\/p>\n<h2 class=\"wp-block-heading\">Lucr\u0103rile \u00eencep \u00een luna august<\/h2>\n<p class=\"wp-block-paragraph\">Viceprimarul Ruben La\u021bc\u0103u a anun\u021bat c\u0103 echipamentul special pentru frezarea \u0219inelor a fost testat \u00een luna aprilie, iar opera\u021biunile propriu-zise vor \u00eencepe \u00een august.<\/p>\n<p class=\"wp-block-paragraph\">\u201eAm testat \u00een aprilie un echipament special pentru frezarea liniilor de tramvai. \u00cen august \u00eencep opera\u021biunile. Vor reduce vibra\u021biile \u0219i zgomotul, care \u00eei afecteaz\u0103 at\u00e2t pe c\u0103l\u0103tori, c\u00e2t \u0219i pe cei care locuiesc \u00een apropierea liniilor\u201d, a transmis viceprimarul Timi\u0219oarei.<\/p>\n<h2 class=\"wp-block-heading\">Investi\u021bii \u0219i \u00een \u00eentre\u021binerea infrastructurii existente<\/h2>\n<p class=\"wp-block-paragraph\">Reprezentan\u021bii administra\u021biei locale subliniaz\u0103 c\u0103 proiectul face parte dintr-o strategie mai ampl\u0103 de modernizare a transportului public, care nu vizeaz\u0103 doar construirea unor linii noi, ci \u0219i \u00eentre\u021binerea celor existente.<\/p>\n<p class=\"wp-block-paragraph\">Potrivit lui Ruben La\u021bc\u0103u, infrastructura de tramvai din Rom\u00e2nia a beneficiat, \u00een ultimele decenii, de interven\u021bii limitate de mentenan\u021b\u0103, iar \u00een multe cazuri acestea au fost realizate f\u0103r\u0103 utilaje specializate.<\/p>\n<p class=\"wp-block-paragraph\">\u201e\u00cen ultimele trei decenii \u0219i jum\u0103tate, \u00een Rom\u00e2nia, mentenan\u021ba infrastructurii de tramvai a fost mai degrab\u0103 o excep\u021bie dec\u00e2t o regul\u0103 \u0219i s-a f\u0103cut, de multe ori, f\u0103r\u0103 echipamente dedicate. Rupem acest cerc la Timi\u0219oara: construim linii noi \u0219i investim \u0219i \u00een \u00eentre\u021binerea infrastructurii existente. Conect\u0103m Timi\u0219oara\u201d, a declarat viceprimarul.<\/p>\n<h2 class=\"wp-block-heading\">Mai mult confort pentru c\u0103l\u0103tori \u0219i locuitorii ora\u0219ului<\/h2>\n<p class=\"wp-block-paragraph\">Reducerea zgomotului \u0219i a vibra\u021biilor este unul dintre principalele beneficii ale acestei opera\u021biuni, \u00een special \u00een zonele intens circulate \u0219i \u00een cartierele traversate de liniile de tramvai.<\/p>\n<p class=\"wp-block-paragraph\">Prin \u00eentre\u021binerea periodic\u0103 a infrastructurii, administra\u021bia local\u0103 urm\u0103re\u0219te prelungirea duratei de via\u021b\u0103 a \u0219inelor, reducerea costurilor de repara\u021bii pe termen lung \u0219i cre\u0219terea confortului pentru utilizatorii transportului public din Timi\u0219oara.<\/p>\n<\/div>\n<p>[analyse_source url=&#8221;https:\/\/orasul-timisoara.ro\/local-39819\/&#8221;]<\/p>\n","protected":false},"excerpt":{"rendered":"<p>[analyse_image type=&#8221;featured&#8221; src=&#8221;https:\/\/orasul-timisoara.ro\/wp-content\/uploads\/2026\/07\/tramvai-proba-sine.jpg&#8221;] Administra\u021bie local\u0103Ruben La\u021bc\u0103u: Din august \u00eencep lucr\u0103rile pentru reducerea zgomotului produs de tramvaie Administra\u021bie local\u0103 Investitii in Timisoara \u0218tiri Locale Ruben La\u021bc\u0103u: Din august \u00eencep lucr\u0103rile pentru reducerea zgomotului produs de tramvaie De c\u0103tre redactia &#8211; 21\/07\/2026 Facebook Twitter WhatsApp Linkedin ReddIt Email Imprimare Timi\u0219oara face un nou pas \u00een modernizarea transportului [&hellip;]<\/p>\n","protected":false},"author":1,"featured_media":0,"comment_status":"open","ping_status":"","sticky":false,"template":"","format":"standard","meta":{"footnotes":""},"categories":[89],"tags":[226,189],"class_list":["post-2055301","post","type-post","status-publish","format-standard","hentry","category-romania","tag-crawlmanager","tag-orasul-timisoara-ro"],"_links":{"self":[{"href":"https:\/\/analyse.optim.biz\/index.php?rest_route=\/wp\/v2\/posts\/2055301","targetHints":{"allow":["GET"]}}],"collection":[{"href":"https:\/\/analyse.optim.biz\/index.php?rest_route=\/wp\/v2\/posts"}],"about":[{"href":"https:\/\/analyse.optim.biz\/index.php?rest_route=\/wp\/v2\/types\/post"}],"author":[{"embeddable":true,"href":"https:\/\/analyse.optim.biz\/index.php?rest_route=\/wp\/v2\/users\/1"}],"replies":[{"embeddable":true,"href":"https:\/\/analyse.optim.biz\/index.php?rest_route=%2Fwp%2Fv2%2Fcomments&post=2055301"}],"version-history":[{"count":0,"href":"https:\/\/analyse.optim.biz\/index.php?rest_route=\/wp\/v2\/posts\/2055301\/revisions"}],"wp:attachment":[{"href":"https:\/\/analyse.optim.biz\/index.php?rest_route=%2Fwp%2Fv2%2Fmedia&parent=2055301"}],"wp:term":[{"taxonomy":"category","embeddable":true,"href":"https:\/\/analyse.optim.biz\/index.php?rest_route=%2Fwp%2Fv2%2Fcategories&post=2055301"},{"taxonomy":"post_tag","embeddable":true,"href":"https:\/\/analyse.optim.biz\/index.php?rest_route=%2Fwp%2Fv2%2Ftags&post=2055301"}],"curies":[{"name":"wp","href":"https:\/\/api.w.org\/{rel}","templated":true}]}}