{"id":2055299,"date":"2026-07-21T13:41:44","date_gmt":"2026-07-21T10:41:44","guid":{"rendered":"https:\/\/analyse.optim.biz\/?p=2055299"},"modified":"2026-07-21T13:41:44","modified_gmt":"2026-07-21T10:41:44","slug":"restrictii-de-trafic-pe-bulevardul-liviu-rebreanu-incep-noi-lucrari-de-modernizare","status":"publish","type":"post","link":"https:\/\/analyse.optim.biz\/?p=2055299","title":{"rendered":"Restric\u021bii de trafic pe bulevardul Liviu Rebreanu. \u00cencep noi lucr\u0103ri de modernizare"},"content":{"rendered":"<p>[analyse_image type=&#8221;featured&#8221; src=&#8221;https:\/\/orasul-timisoara.ro\/wp-content\/uploads\/2023\/09\/lucrari-drum-copy.jpg&#8221;]<\/p>\n<article id=\"post-39813\" class=\"td-post-template-7 post-39813 post type-post status-publish format-standard has-post-thumbnail category-administratie category-featured category-investitii-in-timisoara category-stiri-timisoara tag-bulevardul-liviu-rebreanu tag-calea-martirilor tag-lucrari-drumuri tag-primaria-timisoara-2 tag-restrictii-trafic-2 tag-sdm tag-societatea-drumuri-municipale tag-stiri-timisoara tag-strada-aries tag-strada-drubeta tag-strada-independentei tag-timisoara-2 td-container-wrap\">\n<div class=\"td-full-screen-header-image-wrap\">\n<div class=\"td-container td-post-header\">\n<div class=\"td-crumb-container\">\n<div class=\"entry-crumbs\"><span><a title=\"Vede\u021bi toate articolele \u00een Administra\u021bie local\u0103\" class=\"entry-crumb\" href=\"https:\/\/orasul-timisoara.ro\/local-category\/administratie\/\">Administra\u021bie local\u0103<\/a><\/span><span class=\"td-bred-no-url-last\">Restric\u021bii de trafic pe bulevardul Liviu Rebreanu. \u00cencep noi lucr\u0103ri de modernizare<\/span><\/div>\n<\/div>\n<div class=\"td-post-header-holder\">\n<div class=\"td-parallax-header\">\n<header class=\"td-post-title\">\n<ul class=\"td-category\">\n<li class=\"entry-category\"><a href=\"https:\/\/orasul-timisoara.ro\/local-category\/administratie\/\">Administra\u021bie local\u0103<\/a><\/li>\n<li class=\"entry-category\"><a href=\"https:\/\/orasul-timisoara.ro\/local-category\/investitii-in-timisoara\/\">Investitii in Timisoara<\/a><\/li>\n<li class=\"entry-category\"><a href=\"https:\/\/orasul-timisoara.ro\/local-category\/stiri-timisoara\/\">\u0218tiri Locale<\/a><\/li>\n<\/ul>\n<h1 class=\"entry-title\">Restric\u021bii de trafic pe bulevardul Liviu Rebreanu. \u00cencep noi lucr\u0103ri de modernizare<\/h1>\n<div class=\"td-module-meta-info\">\n<div class=\"td-post-author-name\">\n<div class=\"td-author-by\">De c\u0103tre<\/div>\n<p><a href=\"https:\/\/orasul-timisoara.ro\/author\/timisoara\/\">redactia<\/a><\/p>\n<div class=\"td-author-line\"> &#8211; <\/div>\n<\/div>\n<p><span class=\"td-post-date\"><time class=\"entry-date updated td-module-date\" datetime=\"2026-07-21T16:41:44+03:00\">21\/07\/2026<\/time><\/span><\/div>\n<\/header>\n<\/div>\n<\/div>\n<\/div>\n<div id=\"td-full-screen-header-image\" class=\"td-image-gradient-style7\"><img decoding=\"async\" class=\"td-backstretch\" src=\"https:\/\/orasul-timisoara.ro\/wp-content\/uploads\/2023\/09\/lucrari-drum-copy.jpg\"><\/div>\n<\/div>\n<div class=\"td-container\">\n<div class=\"td-pb-row\">\n<div class=\"td-pb-span8 td-main-content\" role=\"main\">\n<div class=\"td-ss-main-content\">\n<div class=\"td-post-sharing-top\">\n<div class=\"td-post-sharing-classic\"><iframe title=\"topFacebookLike\" frameborder src=\"https:\/\/www.facebook.com\/plugins\/like.php?href=https:\/\/orasul-timisoara.ro\/local-39813\/&amp;layout=button_count&amp;show_faces=false&amp;width=105&amp;action=like&amp;colorscheme=light&amp;height=21\"><\/iframe><\/div>\n<div id=\"td_social_sharing_article_top\" class=\"td-post-sharing td-ps-bg td-ps-notext td-post-sharing-style1 \">\n<div class=\"td-post-sharing-visible\"><a class=\"td-social-sharing-button td-social-sharing-button-js td-social-network td-social-facebook\" href=\"https:\/\/www.facebook.com\/sharer.php?u=https%3A%2F%2Forasul-timisoara.ro%2Flocal-39813%2F\" title=\"Facebook\"><\/p>\n<div class=\"td-social-but-text\">Facebook<\/div>\n<p><\/a><a class=\"td-social-sharing-button td-social-sharing-button-js td-social-network td-social-twitter\" href=\"https:\/\/twitter.com\/intent\/tweet?text=Restric%C8%9Bii+de+trafic+pe+bulevardul+Liviu+Rebreanu.+%C3%8Encep+noi+lucr%C4%83ri+de+modernizare&amp;url=https%3A%2F%2Forasul-timisoara.ro%2Flocal-39813%2F&amp;via=orasultm\" title=\"Twitter\"><\/p>\n<div class=\"td-social-but-text\">Twitter<\/div>\n<p><\/a><a class=\"td-social-sharing-button td-social-sharing-button-js td-social-network td-social-whatsapp\" href=\"https:\/\/api.whatsapp.com\/send?text=Restric%C8%9Bii+de+trafic+pe+bulevardul+Liviu+Rebreanu.+%C3%8Encep+noi+lucr%C4%83ri+de+modernizare%20%0A%0A%20https:\/\/orasul-timisoara.ro\/local-39813\/\" title=\"WhatsApp\"><\/p>\n<div class=\"td-social-but-text\">WhatsApp<\/div>\n<p><\/a><a class=\"td-social-sharing-button td-social-sharing-button-js td-social-network td-social-linkedin\" href=\"https:\/\/www.linkedin.com\/shareArticle?mini=true&amp;url=https:\/\/orasul-timisoara.ro\/local-39813\/&amp;title=Restric%C8%9Bii+de+trafic+pe+bulevardul+Liviu+Rebreanu.+%C3%8Encep+noi+lucr%C4%83ri+de+modernizare\" title=\"Linkedin\"><\/p>\n<div class=\"td-social-but-text\">Linkedin<\/div>\n<p><\/a><a class=\"td-social-sharing-button td-social-sharing-button-js td-social-network td-social-reddit\" href=\"https:\/\/reddit.com\/submit?url=https:\/\/orasul-timisoara.ro\/local-39813\/&amp;title=Restric%C8%9Bii+de+trafic+pe+bulevardul+Liviu+Rebreanu.+%C3%8Encep+noi+lucr%C4%83ri+de+modernizare\" title=\"ReddIt\"><\/p>\n<div class=\"td-social-but-text\">ReddIt<\/div>\n<p><\/a><a class=\"td-social-sharing-button td-social-sharing-button-js td-social-network td-social-mail\" href=\"mailto:?subject=Restric%C8%9Bii%20de%20trafic%20pe%20bulevardul%20Liviu%20Rebreanu.%20%C3%8Encep%20noi%20lucr%C4%83ri%20de%20modernizare&amp;body=https:\/\/orasul-timisoara.ro\/local-39813\/\" title=\"Email\"><\/p>\n<div class=\"td-social-but-text\">Email<\/div>\n<p><\/a><a class=\"td-social-sharing-button td-social-sharing-button-js td-social-network td-social-print\" href=\"https:\/\/orasul-timisoara.ro\/local-39813\/\" title=\"Imprimare\"><\/p>\n<div class=\"td-social-but-text\">Imprimare<\/div>\n<p><\/a><\/div>\n<\/div>\n<\/div>\n<div class=\"td-post-content tagdiv-type\">\n<p class=\"wp-block-paragraph\">Prim\u0103ria Municipiului Timi\u0219oara continu\u0103 programul de modernizare a infrastructurii rutiere prin noi lucr\u0103ri pe bulevardul Liviu Rebreanu, una dintre cele mai importante artere de circula\u021bie din ora\u0219. Dup\u0103 finalizarea unor interven\u021bii ample pe carosabil \u0219i trotuare, \u0219antierul intr\u0103 \u00eentr-o nou\u0103 etap\u0103, care va aduce restric\u021bii temporare de trafic \u00een zona intersec\u021biei cu strada Drubeta \u0219i pe strada Independen\u021bei.<\/p>\n<p class=\"wp-block-paragraph\">Lucr\u0103rile sunt executate etapizat de Societatea Drumuri Municipale (SDM), iar administra\u021bia local\u0103 precizeaz\u0103 c\u0103 aceast\u0103 abordare permite limitarea impactului asupra circula\u021biei \u0219i cre\u0219terea durabilit\u0103\u021bii investi\u021biei, prin coordonarea lucr\u0103rilor cu interven\u021biile realizate la re\u021belele de utilit\u0103\u021bi.<\/p>\n<h2 class=\"wp-block-heading\">Repara\u021bii capitale pe unul dintre cele mai circulate bulevarde din ora\u0219<\/h2>\n<p class=\"wp-block-paragraph\">P\u00e2n\u0103 \u00een prezent, echipele de interven\u021bie au finalizat repara\u021biile capitale ale carosabilului pe tronsonul dintre strada Drubeta \u0219i Calea Martirilor, pe sensul de mers c\u0103tre Spitalul Jude\u021bean.<\/p>\n<p class=\"wp-block-paragraph\">Totodat\u0103, au fost reconstruite complet trotuarele dintre sensul giratoriu AEM \u0219i bulevardul Sudului, pe o lungime de aproximativ 1,5 kilometri, pe ambele sensuri de circula\u021bie.<\/p>\n<p class=\"wp-block-paragraph\">Potrivit municipalit\u0103\u021bii, lucr\u0103rile au fost corelate cu interven\u021biile la re\u021belele de utilit\u0103\u021bi, astfel \u00eenc\u00e2t noua infrastructur\u0103 rutier\u0103 s\u0103 nu fie afectat\u0103 ulterior de alte \u0219antiere pentru ap\u0103, canalizare sau alte re\u021bele subterane.<\/p>\n<h2 class=\"wp-block-heading\">Restric\u021bii de circula\u021bie \u00eentre 23 iulie \u0219i 1 august<\/h2>\n<p class=\"wp-block-paragraph\">\u00cen urm\u0103toarea etap\u0103, constructorii vor interveni \u00een intersec\u021bia bulevardului Liviu Rebreanu cu strada Drubeta, pe direc\u021bia strada Drubeta \u2013 strada Independen\u021bei, precum \u0219i pe strada Independen\u021bei, \u00eentre bulevardul Liviu Rebreanu \u0219i strada Memorandului.<\/p>\n<p class=\"wp-block-paragraph\">Pentru desf\u0103\u0219urarea lucr\u0103rilor, circula\u021bia rutier\u0103 pe aceste segmente va fi \u00eenchis\u0103 \u00een perioada <strong>23 iulie \u2013 1 august 2026<\/strong>.<\/p>\n<p class=\"wp-block-paragraph\">Interven\u021biile vizeaz\u0103 \u00eenlocuirea covorului asfaltic \u0219i aducerea la cot\u0103 a capacelor de canal, opera\u021biuni necesare pentru asigurarea unei suprafe\u021be de rulare uniforme \u0219i pentru cre\u0219terea confortului \u0219i siguran\u021bei participan\u021bilor la trafic.<\/p>\n<h2 class=\"wp-block-heading\">Lucr\u0103rile vor continua spre Calea Martirilor \u0219i strada Arie\u0219<\/h2>\n<p class=\"wp-block-paragraph\">Programul de reabilitare nu se opre\u0219te la aceast\u0103 etap\u0103. Dup\u0103 finalizarea lucr\u0103rilor din zona Drubeta \u2013 Independen\u021bei, echipele Societ\u0103\u021bii Drumuri Municipale vor continua modernizarea infrastructurii rutiere \u00een intersec\u021bia Calea Martirilor cu strada Arie\u0219.<\/p>\n<p class=\"wp-block-paragraph\">Ulterior, lucr\u0103rile vor avansa \u0219i pe strada Arie\u0219, \u00een cadrul aceluia\u0219i proiect de reabilitare derulat de municipalitate.<\/p>\n<h2 class=\"wp-block-heading\">Investi\u021bii etapizate pentru reducerea impactului asupra traficului<\/h2>\n<p class=\"wp-block-paragraph\">Prin executarea etapizat\u0103 a lucr\u0103rilor, administra\u021bia local\u0103 urm\u0103re\u0219te limitarea disconfortului pentru \u0219oferi \u0219i men\u021binerea unei circula\u021bii c\u00e2t mai fluide pe durata \u0219antierelor.<\/p>\n<p class=\"wp-block-paragraph\">Bulevardul Liviu Rebreanu este una dintre principalele axe de circula\u021bie ale municipiului, asigur\u00e2nd leg\u0103tura dintre cartiere importante \u0219i zone intens tranzitate, inclusiv Spitalul Clinic Jude\u021bean de Urgen\u021b\u0103 \u201ePius Br\u00eenzeu\u201d, Calea Martirilor \u0219i zona AEM.<\/p>\n<p class=\"wp-block-paragraph\">Modernizarea carosabilului, refacerea trotuarelor \u0219i coordonarea lucr\u0103rilor cu operatorii de utilit\u0103\u021bi fac parte din strategia Prim\u0103riei Timi\u0219oara de reabilitare a infrastructurii rutiere \u0219i de reducere a interven\u021biilor repetate asupra drumurilor recent modernizate.<\/p>\n<\/div>\n<footer>\n<div class=\"td-post-source-tags\">\n<ul class=\"td-tags td-post-small-box clearfix\">\n<li><span>ETICHETE<\/span><\/li>\n<li><a href=\"https:\/\/orasul-timisoara.ro\/local-tag\/bulevardul-liviu-rebreanu\/\">bulevardul Liviu Rebreanu<\/a><\/li>\n<li><a href=\"https:\/\/orasul-timisoara.ro\/local-tag\/calea-martirilor\/\">calea martirilor<\/a><\/li>\n<li><a href=\"https:\/\/orasul-timisoara.ro\/local-tag\/lucrari-drumuri\/\">lucr\u0103ri drumuri<\/a><\/li>\n<li><a href=\"https:\/\/orasul-timisoara.ro\/local-tag\/primaria-timisoara-2\/\">Prim\u0103ria Timi\u0219oara<\/a><\/li>\n<li><a href=\"https:\/\/orasul-timisoara.ro\/local-tag\/restrictii-trafic-2\/\">restric\u021bii trafic<\/a><\/li>\n<li><a href=\"https:\/\/orasul-timisoara.ro\/local-tag\/sdm\/\">sdm<\/a><\/li>\n<li><a href=\"https:\/\/orasul-timisoara.ro\/local-tag\/societatea-drumuri-municipale\/\">Societatea Drumuri Municipale<\/a><\/li>\n<li><a href=\"https:\/\/orasul-timisoara.ro\/local-tag\/stiri-timisoara\/\">stiri timisoara<\/a><\/li>\n<li><a href=\"https:\/\/orasul-timisoara.ro\/local-tag\/strada-aries\/\">strada Arie\u0219<\/a><\/li>\n<li><a href=\"https:\/\/orasul-timisoara.ro\/local-tag\/strada-drubeta\/\">strada Drubeta<\/a><\/li>\n<li><a href=\"https:\/\/orasul-timisoara.ro\/local-tag\/strada-independentei\/\">strada Independen\u021bei<\/a><\/li>\n<li><a href=\"https:\/\/orasul-timisoara.ro\/local-tag\/timisoara-2\/\">timi\u0219oara<\/a><\/li>\n<\/ul>\n<\/div>\n<div class=\"td-post-sharing-bottom\">\n<div class=\"td-post-sharing-classic\"><iframe title=\"bottomFacebookLike\" frameborder src=\"https:\/\/www.facebook.com\/plugins\/like.php?href=https:\/\/orasul-timisoara.ro\/local-39813\/&amp;layout=button_count&amp;show_faces=false&amp;width=105&amp;action=like&amp;colorscheme=light&amp;height=21\"><\/iframe><\/div>\n<div id=\"td_social_sharing_article_bottom\" class=\"td-post-sharing td-ps-bg td-ps-notext td-post-sharing-style1 \">\n<div class=\"td-post-sharing-visible\"><a class=\"td-social-sharing-button td-social-sharing-button-js td-social-network td-social-facebook\" href=\"https:\/\/www.facebook.com\/sharer.php?u=https%3A%2F%2Forasul-timisoara.ro%2Flocal-39813%2F\" title=\"Facebook\"><\/p>\n<div class=\"td-social-but-text\">Facebook<\/div>\n<p><\/a><a class=\"td-social-sharing-button td-social-sharing-button-js td-social-network td-social-twitter\" href=\"https:\/\/twitter.com\/intent\/tweet?text=Restric%C8%9Bii+de+trafic+pe+bulevardul+Liviu+Rebreanu.+%C3%8Encep+noi+lucr%C4%83ri+de+modernizare&amp;url=https%3A%2F%2Forasul-timisoara.ro%2Flocal-39813%2F&amp;via=orasultm\" title=\"Twitter\"><\/p>\n<div class=\"td-social-but-text\">Twitter<\/div>\n<p><\/a><a class=\"td-social-sharing-button td-social-sharing-button-js td-social-network td-social-whatsapp\" href=\"https:\/\/api.whatsapp.com\/send?text=Restric%C8%9Bii+de+trafic+pe+bulevardul+Liviu+Rebreanu.+%C3%8Encep+noi+lucr%C4%83ri+de+modernizare%20%0A%0A%20https:\/\/orasul-timisoara.ro\/local-39813\/\" title=\"WhatsApp\"><\/p>\n<div class=\"td-social-but-text\">WhatsApp<\/div>\n<p><\/a><a class=\"td-social-sharing-button td-social-sharing-button-js td-social-network td-social-linkedin\" href=\"https:\/\/www.linkedin.com\/shareArticle?mini=true&amp;url=https:\/\/orasul-timisoara.ro\/local-39813\/&amp;title=Restric%C8%9Bii+de+trafic+pe+bulevardul+Liviu+Rebreanu.+%C3%8Encep+noi+lucr%C4%83ri+de+modernizare\" title=\"Linkedin\"><\/p>\n<div class=\"td-social-but-text\">Linkedin<\/div>\n<p><\/a><a class=\"td-social-sharing-button td-social-sharing-button-js td-social-network td-social-reddit\" href=\"https:\/\/reddit.com\/submit?url=https:\/\/orasul-timisoara.ro\/local-39813\/&amp;title=Restric%C8%9Bii+de+trafic+pe+bulevardul+Liviu+Rebreanu.+%C3%8Encep+noi+lucr%C4%83ri+de+modernizare\" title=\"ReddIt\"><\/p>\n<div class=\"td-social-but-text\">ReddIt<\/div>\n<p><\/a><a class=\"td-social-sharing-button td-social-sharing-button-js td-social-network td-social-mail\" href=\"mailto:?subject=Restric%C8%9Bii%20de%20trafic%20pe%20bulevardul%20Liviu%20Rebreanu.%20%C3%8Encep%20noi%20lucr%C4%83ri%20de%20modernizare&amp;body=https:\/\/orasul-timisoara.ro\/local-39813\/\" title=\"Email\"><\/p>\n<div class=\"td-social-but-text\">Email<\/div>\n<p><\/a><a class=\"td-social-sharing-button td-social-sharing-button-js td-social-network td-social-print\" href=\"https:\/\/orasul-timisoara.ro\/local-39813\/\" title=\"Imprimare\"><\/p>\n<div class=\"td-social-but-text\">Imprimare<\/div>\n<p><\/a><\/div>\n<\/div>\n<\/div>\n<div class=\"td-block-row td-post-next-prev\">\n<div class=\"td-block-span6 td-post-prev-post\">\n<div class=\"td-post-next-prev-content\"><span>Articolul precedent<\/span><a href=\"https:\/\/orasul-timisoara.ro\/local-39809\/\">Au \u00eenceput lucr\u0103rile la funda\u021bia noului pasaj Slavici\u2013Polon\u0103 din Timi\u0219oara<\/a><\/div>\n<\/div>\n<div class=\"td-block-span6 td-post-next-post\">\n<div class=\"td-post-next-prev-content\"><span>Articolul urm\u0103tor<\/span><a href=\"https:\/\/orasul-timisoara.ro\/local-39816\/\">Aquatim opre\u0219te apa \u00een Mo\u0219ni\u021ba Nou\u0103, Mo\u0219ni\u021ba Veche \u0219i Albina pe 23 iulie<\/a><\/div>\n<\/div>\n<\/div>\n<div class=\"td-author-name vcard author\"><span class=\"fn\"><a href=\"https:\/\/orasul-timisoara.ro\/author\/timisoara\/\">redactia<\/a><\/span><\/div>\n<p><span class=\"td-page-meta\"><\/span><span class=\"td-page-meta\"><span class=\"td-page-meta\"><\/span><\/span><span class=\"td-page-meta\"><\/span><\/footer>\n<div class=\"td_block_wrap td_block_related_posts tdi_3 td_with_ajax_pagination td-pb-border-top td_block_template_8\" data-td-block-uid=\"tdi_3\">\n<h4 class=\"td-related-title td-block-title\"><a id=\"tdi_4\" class=\"td-related-left td-cur-simple-item\" data-td_filter_value data-td_block_id=\"tdi_3\" href=\"https:\/\/orasul-timisoara.ro\/local-39813\/\">ARTICOLE SIMILARE<\/a><a id=\"tdi_5\" class=\"td-related-right\" data-td_filter_value=\"td_related_more_from_author\" data-td_block_id=\"tdi_3\" href=\"https:\/\/orasul-timisoara.ro\/local-39813\/\">DE LA ACELA\u0218I AUTOR<\/a><\/h4>\n<div id=\"tdi_3\" class=\"td_block_inner\">\n<div class=\"td-related-row\">\n<div class=\"td-related-span4\">\n<div class=\"td_module_related_posts td-animation-stack td_mod_related_posts\">\n<div class=\"td-module-image\">\n<div class=\"td-module-thumb\"><a href=\"https:\/\/orasul-timisoara.ro\/local-39822\/\" rel=\"bookmark\" class=\"td-image-wrap \" title=\"Timi\u0219oara red\u0103 comunit\u0103\u021bii Turnul de Ap\u0103 din Iosefin dup\u0103 o investi\u021bie de peste 10,5 milioane de lei\"><img loading=\"lazy\" decoding=\"async\" class=\"entry-thumb\" src=\"https:\/\/orasul-timisoara.ro\/wp-content\/uploads\/2026\/07\/Turn-5-436x300.jpg\" alt title=\"Timi\u0219oara red\u0103 comunit\u0103\u021bii Turnul de Ap\u0103 din Iosefin dup\u0103 o investi\u021bie de peste 10,5 milioane de lei\" width=\"218\" height=\"150\"><\/a><\/div>\n<\/div>\n<div class=\"item-details\">\n<h3 class=\"entry-title td-module-title\"><a href=\"https:\/\/orasul-timisoara.ro\/local-39822\/\" rel=\"bookmark\" title=\"Timi\u0219oara red\u0103 comunit\u0103\u021bii Turnul de Ap\u0103 din Iosefin dup\u0103 o investi\u021bie de peste 10,5 milioane de lei\">Timi\u0219oara red\u0103 comunit\u0103\u021bii Turnul de Ap\u0103 din Iosefin dup\u0103 o investi\u021bie de peste 10,5 milioane de lei<\/a><\/h3>\n<\/div>\n<\/div>\n<\/div>\n<div class=\"td-related-span4\">\n<div class=\"td_module_related_posts td-animation-stack td_mod_related_posts\">\n<div class=\"td-module-image\">\n<div class=\"td-module-thumb\"><a href=\"https:\/\/orasul-timisoara.ro\/local-39809\/\" rel=\"bookmark\" class=\"td-image-wrap \" title=\"Au \u00eenceput lucr\u0103rile la funda\u021bia noului pasaj Slavici\u2013Polon\u0103 din Timi\u0219oara\"><img loading=\"lazy\" decoding=\"async\" class=\"entry-thumb\" src=\"https:\/\/orasul-timisoara.ro\/wp-content\/uploads\/2026\/07\/Pasaj-Polona-2-436x300.jpg\" alt title=\"Au \u00eenceput lucr\u0103rile la funda\u021bia noului pasaj Slavici\u2013Polon\u0103 din Timi\u0219oara\" width=\"218\" height=\"150\"><\/a><\/div>\n<\/div>\n<div class=\"item-details\">\n<h3 class=\"entry-title td-module-title\"><a href=\"https:\/\/orasul-timisoara.ro\/local-39809\/\" rel=\"bookmark\" title=\"Au \u00eenceput lucr\u0103rile la funda\u021bia noului pasaj Slavici\u2013Polon\u0103 din Timi\u0219oara\">Au \u00eenceput lucr\u0103rile la funda\u021bia noului pasaj Slavici\u2013Polon\u0103 din Timi\u0219oara<\/a><\/h3>\n<\/div>\n<\/div>\n<\/div>\n<div class=\"td-related-span4\">\n<div class=\"td_module_related_posts td-animation-stack td_mod_related_posts\">\n<div class=\"td-module-image\">\n<div class=\"td-module-thumb\"><a href=\"https:\/\/orasul-timisoara.ro\/local-39807\/\" rel=\"bookmark\" class=\"td-image-wrap \" title=\"Achizi\u021bii de imobile, rectificare bugetar\u0103 \u0219i proiecte europene pe masa Consiliului Local Timi\u0219oara\"><img loading=\"lazy\" decoding=\"async\" class=\"entry-thumb\" src=\"https:\/\/orasul-timisoara.ro\/wp-content\/uploads\/2026\/02\/fritz-darau-consiliu-1-1-436x300.jpg\" alt title=\"Achizi\u021bii de imobile, rectificare bugetar\u0103 \u0219i proiecte europene pe masa Consiliului Local Timi\u0219oara\" width=\"218\" height=\"150\"><\/a><\/div>\n<\/div>\n<div class=\"item-details\">\n<h3 class=\"entry-title td-module-title\"><a href=\"https:\/\/orasul-timisoara.ro\/local-39807\/\" rel=\"bookmark\" title=\"Achizi\u021bii de imobile, rectificare bugetar\u0103 \u0219i proiecte europene pe masa Consiliului Local Timi\u0219oara\">Achizi\u021bii de imobile, rectificare bugetar\u0103 \u0219i proiecte europene pe masa Consiliului Local Timi\u0219oara<\/a><\/h3>\n<\/div>\n<\/div>\n<\/div>\n<\/div>\n<\/div>\n<\/div>\n<div class=\"comments\" id=\"comments\">\n<div id=\"respond\" class=\"comment-respond\">\n<h3 id=\"reply-title\" class=\"comment-reply-title\">L\u0102SA\u021aI UN MESAJ<\/h3>\n<div class=\"comment-form-input-wrap td-form-comment\">\n<div class=\"td-warning-comment\">V\u0103 rug\u0103m s\u0103 introduce\u021bi comentariul dvs.!<\/div>\n<\/div>\n<div class=\"comment-form-input-wrap td-form-author\">\n<div class=\"td-warning-author\">Introduce\u021bi aici numele dvs.<\/div>\n<\/div>\n<div class=\"comment-form-input-wrap td-form-email\">\n<div class=\"td-warning-email-error\">A\u021bi introdus o adres\u0103 de e-mail incorect\u0103!<\/div>\n<div class=\"td-warning-email\">V\u0103 rug\u0103m s\u0103 introduce\u021bi adresa dvs. de e-mail aici<\/div>\n<\/div>\n<\/div>\n<p class=\"akismet_comment_form_privacy_notice\">Acest site folose\u0219te Akismet pentru a reduce spamul. <a href=\"https:\/\/akismet.com\/privacy\/\" target=\"_blank\" rel=\"nofollow noopener\">Afl\u0103 cum sunt procesate datele comentariilor tale<\/a>.<\/p>\n<\/div>\n<\/div>\n<\/div>\n<div class=\"td-pb-span4 td-main-sidebar\" role=\"complementary\">\n<div class=\"td-ss-main-sidebar\">\n<aside id=\"block-4\" class=\"td_block_template_8 widget block-4 widget_block widget_media_image\">\n<figure class=\"wp-block-image size-full\"><img loading=\"lazy\" decoding=\"async\" width=\"336\" height=\"280\" src=\"https:\/\/orasul-timisoara.ro\/wp-content\/uploads\/2024\/11\/ReTIM-Abonamentul-Verde-Google-Ads-336x280px.gif\" alt class=\"wp-image-29257\"><\/figure>\n<\/aside>\n<div class=\"td_block_wrap td_block_social_counter td_block_widget tdi_6 td-social-style5 td-social-boxed td-pb-border-top td_block_template_8\">\n<div class=\"td-block-title-wrap\">\n<h4 class=\"td-block-title\"><span>Urm\u0103re\u0219te-ne pe Social Media<\/span><\/h4>\n<\/div>\n<div class=\"td-social-list\">\n<div class=\"td_social_type td-pb-margin-side td_social_facebook\">\n<div class=\"td-social-box\"><span class=\"td_social_info td_social_info_counter\">344,595<\/span><span class=\"td_social_info td_social_info_name\">Fani<\/span><span class=\"td_social_button\"><a href=\"https:\/\/www.facebook.com\/247timisoara\" target=\"_blank\" rel=\"nofollow\">\u00cemi place<\/a><\/span><\/div>\n<\/div>\n<div class=\"td_social_type td-pb-margin-side td_social_instagram\">\n<div class=\"td-social-box\"><span class=\"td_social_info td_social_info_counter\">4,416<\/span><span class=\"td_social_info td_social_info_name\">Cititori<\/span><span class=\"td_social_button\"><a href=\"https:\/\/instagram.com\/orasultimisoararo\/\" target=\"_blank\" rel=\"nofollow\">Conecta\u021bi-v\u0103<\/a><\/span><\/div>\n<\/div>\n<div class=\"td_social_type td-pb-margin-side td_social_rss\">\n<div class=\"td-social-box\"><span class=\"td_social_info td_social_info_counter\">12,506<\/span><span class=\"td_social_info td_social_info_name\">Cititori<\/span><span class=\"td_social_button\"><a href=\"https:\/\/orasul-timisoara.ro\/feed\/\" target=\"_blank\" rel=\"nofollow\">Conecta\u021bi-v\u0103<\/a><\/span><\/div>\n<\/div>\n<div class=\"td_social_type td-pb-margin-side td_social_tiktok\">\n<div class=\"td-social-box\"><span class=\"td_social_info td_social_info_counter\">1,500<\/span><span class=\"td_social_info td_social_info_name\">Cititori<\/span><span class=\"td_social_button\"><a href=\"https:\/\/www.tiktok.com\/@orasultimisoara\" target=\"_blank\" rel=\"nofollow\">Conecta\u021bi-v\u0103<\/a><\/span><\/div>\n<\/div>\n<div class=\"td_social_type td-pb-margin-side td_social_twitter\">\n<div class=\"td-social-box\"><span class=\"td_social_info td_social_info_counter\">1,595<\/span><span class=\"td_social_info td_social_info_name\">Cititori<\/span><span class=\"td_social_button\"><a href=\"https:\/\/twitter.com\/orasultm\" target=\"_blank\" rel=\"nofollow\">Conecta\u021bi-v\u0103<\/a><\/span><\/div>\n<\/div>\n<div class=\"td_social_type td-pb-margin-side td_social_youtube\">\n<div class=\"td-social-box\"><span class=\"td_social_info td_social_info_counter\">3,506<\/span><span class=\"td_social_info td_social_info_name\">Abona\u021bi<\/span><span class=\"td_social_button\"><a href=\"https:\/\/www.youtube.com\/channel\/UCQNsQvs2XCSIm1Z-AHRturw?sub_confirmation=1\" target=\"_blank\" rel=\"nofollow\">Abona\u021bi-v\u0103<\/a><\/span><\/div>\n<\/div>\n<\/div>\n<\/div>\n<aside id=\"text-7\" class=\"td_block_template_8 widget text-7 widget_text\">\n<h4 class=\"td-block-title\"><span>C\u0103ut\u0103ri populare pe OTM<\/span><\/h4>\n<div class=\"textwidget\"><a href=\"https:\/\/orasul-timisoara.ro\/?s=timisoara\"><span>Timisoara<\/span><\/a><a href=\"https:\/\/orasul-timisoara.ro\/?s=calin+dobra\"><span>Calin Dobra<\/span><\/a><a href=\"https:\/\/orasul-timisoara.ro\/?s=primaria+timisoara\"><span>Primaria Timisoara<\/span><\/a><a href=\"https:\/\/orasul-timisoara.ro\/?s=dominic+fritz\"><span>Dominic Fritz<\/span><\/a><a href=\"https:\/\/orasul-timisoara.ro\/?s=nicolae+robu\"><span>Nicolae Robu<\/span><\/a><a href=\"https:\/\/orasul-timisoara.ro\/?s=consiliul+local+timisoara\">Consiliul Local Timisoara<\/a><a href=\"https:\/\/orasul-timisoara.ro\/?s=consiliul+judetean+timis\"><span>Consiliul Judetean Timis<\/span><\/a><a href=\"https:\/\/orasul-timisoara.ro\/?s=cjt\"><span>CJT<\/span><\/a><a href=\"https:\/\/orasul-timisoara.ro\/?s=Alfred+Simonis\"><span>Alfred Simonis<\/span><\/a><a href=\"https:\/\/orasul-timisoara.ro\/?s=PNL\"><span>PNL<\/span><\/a><a href=\"https:\/\/orasul-timisoara.ro\/?s=coronavirus\"><span>coronavirus<\/span><\/a><a href=\"https:\/\/orasul-timisoara.ro\/?s=teatru+timisoara\">teatru Timisoara<\/a><a href=\"https:\/\/orasul-timisoara.ro\/?s=restaurante\"><span>restaurante Timisoara<\/span><\/a><a href=\"https:\/\/orasul-timisoara.ro\/?s=diskoteka\"><span>Diskoteka<\/span><\/a><a href=\"https:\/\/orasul-timisoara.ro\/?s=iulius+town\"><span>Iulius Town<\/span><\/a><a href=\"https:\/\/orasul-timisoara.ro\/?s=iulius+mall\"><span>Iulius Mall<\/span><\/a><a href=\"https:\/\/orasul-timisoara.ro\/?s=stpt\"><span>STPT<\/span><\/a><a href=\"https:\/\/orasul-timisoara.ro\/?s=alin+nica\"><span>Alin Nica<\/span><\/a><a href=\"https:\/\/orasul-timisoara.ro\/?s=psd\"><span>PSD<\/span><\/a><a href=\"https:\/\/orasul-timisoara.ro\/?s=aeroport\"><span>Aeroportul International Timisoara<\/span><\/a><a href=\"https:\/\/orasul-timisoara.ro\/?s=babes\"><span>Spitalul Victor Babes Timisoara<\/span><\/a><a href=\"https:\/\/orasul-timisoara.ro\/?s=poli\"><span>Poli Timi\u0219oara<\/span><\/a><a href=\"https:\/\/orasul-timisoara.ro\/?s=carantina\"><span>carantina<\/span><\/a><a href=\"https:\/\/orasul-timisoara.ro\/?s=aquatim\"><span>Aquatim<\/span><\/a><a href=\"https:\/\/orasul-timisoara.ro\/local-category\/stiri-timisoara\/\"><span>Stiri Timisoara<\/span><\/a><a href=\"https:\/\/orasul-timisoara.ro\/local-category\/investitii-in-timisoara\/\"><span>Investi\u021bii in Timi\u0219oara<\/span><\/a><a href=\"https:\/\/orasul-timisoara.ro\/local-9463\/\"><span>shaorma<\/span><\/a><a href=\"https:\/\/orasul-timisoara.ro\/?s=trafic\"><span>trafic rutier<\/span><\/a><a href=\"https:\/\/orasul-timisoara.ro\/?s=politia\"><span>politia locala timisoara<\/span><\/a><a href=\"https:\/\/orasul-timisoara.ro\/?s=roxana\"><span>Roxana Iliescu<\/span><\/a><a href=\"https:\/\/orasul-timisoara.ro\/?s=colterm\"><span>Colterm<\/span><\/a><a href=\"https:\/\/orasul-timisoara.ro\/?s=latcau\"><span>Ruben La\u021bc\u0103u<\/span><\/a><a href=\"https:\/\/orasul-timisoara.ro\/?s=timis\"><span>\u0218tiri din Timi\u0219<\/span><\/a><a href=\"https:\/\/orasul-timisoara.ro\/?s=spital\"><span>Spitale din Timi\u0219oara<\/span><\/a><a href=\"https:\/\/orasul-timisoara.ro\/?s=tabara\"><span>Cosmin Tab\u0103r\u0103<\/span><\/a><\/div>\n<\/aside>\n<aside id=\"rss-2\" class=\"td_block_template_8 widget rss-2 widget_rss\">\n<h4 class=\"td-block-title\"><span><a class=\"rsswidget rss-widget-feed\" href=\"https:\/\/fashionfridays.ro\/feed\"><img decoding=\"async\" class=\"rss-widget-icon\" width=\"14\" height=\"14\" src=\"https:\/\/orasul-timisoara.ro\/wp-includes\/images\/rss.png\" alt=\"RSS\" loading=\"lazy\"><\/a><a class=\"rsswidget rss-widget-title\" href=\"https:\/\/fashionfridays.ro\/\">Fashion Fridays<\/a><\/span><\/h4>\n<ul>\n<li><a class=\"rsswidget\" href=\"https:\/\/fashionfridays.ro\/romania-devine-a-29-a-piata-vogue-o-noua-era-pentru-industria-locala-de-moda\/\">Rom\u00e2nia devine a 29-a pia\u021b\u0103 Vogue: o nou\u0103 er\u0103 pentru industria local\u0103 de mod\u0103<\/a>\n<div class=\"rssSummary\">Revista Vogue \u00ee\u0219i extinde prezen\u021ba global\u0103 \u0219i va fi lansat\u0103 oficial \u00een Rom\u00e2nia \u00een prim\u0103vara anului 2027, marc\u00e2nd intrarea pe cea de-a 29-a pia\u021b\u0103 interna\u021bional\u0103. Proiectul este realizat \u00een parteneriat cu AEMME Publishing, o companie media recent \u00eenfiin\u021bat\u0103, care va publica edi\u021bia local\u0103 sub licen\u021b\u0103. Noua edi\u021bie, Vogue Rom\u00e2nia, \u00ee\u0219i propune s\u0103 combine autoritatea global\u0103 [\u2026]<\/div>\n<\/li>\n<\/ul>\n<\/aside>\n<aside id=\"rss-4\" class=\"td_block_template_8 widget rss-4 widget_rss\">\n<h4 class=\"td-block-title\"><span><a class=\"rsswidget rss-widget-feed\" href=\"https:\/\/emasini.ro\/feed\"><img decoding=\"async\" class=\"rss-widget-icon\" width=\"14\" height=\"14\" src=\"https:\/\/orasul-timisoara.ro\/wp-includes\/images\/rss.png\" alt=\"RSS\" loading=\"lazy\"><\/a><a class=\"rsswidget rss-widget-title\" href=\"https:\/\/emasini.ro\/\">eMasini<\/a><\/span><\/h4>\n<ul>\n<li><a class=\"rsswidget\" href=\"https:\/\/emasini.ro\/dacia-analizeaza-lansarea-lui-hipster-automobilul-urban-de-doar-3-metri-lungime\/\">Dacia analizeaz\u0103 lansarea lui Hipster, automobilul urban de doar 3 metri lungime (video)<\/a>\n<div class=\"rssSummary\">Dacia ar putea introduce pe pia\u021b\u0103 unul dintre cele mai neobi\u0219nuite modele din istoria sa recent\u0103. Conceptul Hipster, prezentat anul trecut ca o reinterpretare radical\u0103 a automobilului urban accesibil, se afl\u0103 \u00een prezent \u00eentr-o etap\u0103 de evaluare, iar decizia privind produc\u021bia de serie va fi luat\u0103 \u00een func\u021bie de reac\u021bia publicului \u0219i de evolu\u021bia reglement\u0103rilor [\u2026]<\/div>\n<\/li>\n<\/ul>\n<\/aside>\n<\/div>\n<\/div>\n<\/div>\n<\/div>\n<\/article>\n<div class=\"td-post-content tagdiv-type\">\n<p class=\"wp-block-paragraph\">Prim\u0103ria Municipiului Timi\u0219oara continu\u0103 programul de modernizare a infrastructurii rutiere prin noi lucr\u0103ri pe bulevardul Liviu Rebreanu, una dintre cele mai importante artere de circula\u021bie din ora\u0219. Dup\u0103 finalizarea unor interven\u021bii ample pe carosabil \u0219i trotuare, \u0219antierul intr\u0103 \u00eentr-o nou\u0103 etap\u0103, care va aduce restric\u021bii temporare de trafic \u00een zona intersec\u021biei cu strada Drubeta \u0219i pe strada Independen\u021bei.<\/p>\n<p class=\"wp-block-paragraph\">Lucr\u0103rile sunt executate etapizat de Societatea Drumuri Municipale (SDM), iar administra\u021bia local\u0103 precizeaz\u0103 c\u0103 aceast\u0103 abordare permite limitarea impactului asupra circula\u021biei \u0219i cre\u0219terea durabilit\u0103\u021bii investi\u021biei, prin coordonarea lucr\u0103rilor cu interven\u021biile realizate la re\u021belele de utilit\u0103\u021bi.<\/p>\n<h2 class=\"wp-block-heading\">Repara\u021bii capitale pe unul dintre cele mai circulate bulevarde din ora\u0219<\/h2>\n<p class=\"wp-block-paragraph\">P\u00e2n\u0103 \u00een prezent, echipele de interven\u021bie au finalizat repara\u021biile capitale ale carosabilului pe tronsonul dintre strada Drubeta \u0219i Calea Martirilor, pe sensul de mers c\u0103tre Spitalul Jude\u021bean.<\/p>\n<p class=\"wp-block-paragraph\">Totodat\u0103, au fost reconstruite complet trotuarele dintre sensul giratoriu AEM \u0219i bulevardul Sudului, pe o lungime de aproximativ 1,5 kilometri, pe ambele sensuri de circula\u021bie.<\/p>\n<p class=\"wp-block-paragraph\">Potrivit municipalit\u0103\u021bii, lucr\u0103rile au fost corelate cu interven\u021biile la re\u021belele de utilit\u0103\u021bi, astfel \u00eenc\u00e2t noua infrastructur\u0103 rutier\u0103 s\u0103 nu fie afectat\u0103 ulterior de alte \u0219antiere pentru ap\u0103, canalizare sau alte re\u021bele subterane.<\/p>\n<h2 class=\"wp-block-heading\">Restric\u021bii de circula\u021bie \u00eentre 23 iulie \u0219i 1 august<\/h2>\n<p class=\"wp-block-paragraph\">\u00cen urm\u0103toarea etap\u0103, constructorii vor interveni \u00een intersec\u021bia bulevardului Liviu Rebreanu cu strada Drubeta, pe direc\u021bia strada Drubeta \u2013 strada Independen\u021bei, precum \u0219i pe strada Independen\u021bei, \u00eentre bulevardul Liviu Rebreanu \u0219i strada Memorandului.<\/p>\n<p class=\"wp-block-paragraph\">Pentru desf\u0103\u0219urarea lucr\u0103rilor, circula\u021bia rutier\u0103 pe aceste segmente va fi \u00eenchis\u0103 \u00een perioada <strong>23 iulie \u2013 1 august 2026<\/strong>.<\/p>\n<p class=\"wp-block-paragraph\">Interven\u021biile vizeaz\u0103 \u00eenlocuirea covorului asfaltic \u0219i aducerea la cot\u0103 a capacelor de canal, opera\u021biuni necesare pentru asigurarea unei suprafe\u021be de rulare uniforme \u0219i pentru cre\u0219terea confortului \u0219i siguran\u021bei participan\u021bilor la trafic.<\/p>\n<h2 class=\"wp-block-heading\">Lucr\u0103rile vor continua spre Calea Martirilor \u0219i strada Arie\u0219<\/h2>\n<p class=\"wp-block-paragraph\">Programul de reabilitare nu se opre\u0219te la aceast\u0103 etap\u0103. Dup\u0103 finalizarea lucr\u0103rilor din zona Drubeta \u2013 Independen\u021bei, echipele Societ\u0103\u021bii Drumuri Municipale vor continua modernizarea infrastructurii rutiere \u00een intersec\u021bia Calea Martirilor cu strada Arie\u0219.<\/p>\n<p class=\"wp-block-paragraph\">Ulterior, lucr\u0103rile vor avansa \u0219i pe strada Arie\u0219, \u00een cadrul aceluia\u0219i proiect de reabilitare derulat de municipalitate.<\/p>\n<h2 class=\"wp-block-heading\">Investi\u021bii etapizate pentru reducerea impactului asupra traficului<\/h2>\n<p class=\"wp-block-paragraph\">Prin executarea etapizat\u0103 a lucr\u0103rilor, administra\u021bia local\u0103 urm\u0103re\u0219te limitarea disconfortului pentru \u0219oferi \u0219i men\u021binerea unei circula\u021bii c\u00e2t mai fluide pe durata \u0219antierelor.<\/p>\n<p class=\"wp-block-paragraph\">Bulevardul Liviu Rebreanu este una dintre principalele axe de circula\u021bie ale municipiului, asigur\u00e2nd leg\u0103tura dintre cartiere importante \u0219i zone intens tranzitate, inclusiv Spitalul Clinic Jude\u021bean de Urgen\u021b\u0103 \u201ePius Br\u00eenzeu\u201d, Calea Martirilor \u0219i zona AEM.<\/p>\n<p class=\"wp-block-paragraph\">Modernizarea carosabilului, refacerea trotuarelor \u0219i coordonarea lucr\u0103rilor cu operatorii de utilit\u0103\u021bi fac parte din strategia Prim\u0103riei Timi\u0219oara de reabilitare a infrastructurii rutiere \u0219i de reducere a interven\u021biilor repetate asupra drumurilor recent modernizate.<\/p>\n<\/div>\n<p>[analyse_source url=&#8221;https:\/\/orasul-timisoara.ro\/local-39813\/&#8221;]<\/p>\n","protected":false},"excerpt":{"rendered":"<p>[analyse_image type=&#8221;featured&#8221; src=&#8221;https:\/\/orasul-timisoara.ro\/wp-content\/uploads\/2023\/09\/lucrari-drum-copy.jpg&#8221;] Administra\u021bie local\u0103Restric\u021bii de trafic pe bulevardul Liviu Rebreanu. \u00cencep noi lucr\u0103ri de modernizare Administra\u021bie local\u0103 Investitii in Timisoara \u0218tiri Locale Restric\u021bii de trafic pe bulevardul Liviu Rebreanu. \u00cencep noi lucr\u0103ri de modernizare De c\u0103tre redactia &#8211; 21\/07\/2026 Facebook Twitter WhatsApp Linkedin ReddIt Email Imprimare Prim\u0103ria Municipiului Timi\u0219oara continu\u0103 programul de modernizare a [&hellip;]<\/p>\n","protected":false},"author":1,"featured_media":0,"comment_status":"open","ping_status":"","sticky":false,"template":"","format":"standard","meta":{"footnotes":""},"categories":[89],"tags":[226,189],"class_list":["post-2055299","post","type-post","status-publish","format-standard","hentry","category-romania","tag-crawlmanager","tag-orasul-timisoara-ro"],"_links":{"self":[{"href":"https:\/\/analyse.optim.biz\/index.php?rest_route=\/wp\/v2\/posts\/2055299","targetHints":{"allow":["GET"]}}],"collection":[{"href":"https:\/\/analyse.optim.biz\/index.php?rest_route=\/wp\/v2\/posts"}],"about":[{"href":"https:\/\/analyse.optim.biz\/index.php?rest_route=\/wp\/v2\/types\/post"}],"author":[{"embeddable":true,"href":"https:\/\/analyse.optim.biz\/index.php?rest_route=\/wp\/v2\/users\/1"}],"replies":[{"embeddable":true,"href":"https:\/\/analyse.optim.biz\/index.php?rest_route=%2Fwp%2Fv2%2Fcomments&post=2055299"}],"version-history":[{"count":0,"href":"https:\/\/analyse.optim.biz\/index.php?rest_route=\/wp\/v2\/posts\/2055299\/revisions"}],"wp:attachment":[{"href":"https:\/\/analyse.optim.biz\/index.php?rest_route=%2Fwp%2Fv2%2Fmedia&parent=2055299"}],"wp:term":[{"taxonomy":"category","embeddable":true,"href":"https:\/\/analyse.optim.biz\/index.php?rest_route=%2Fwp%2Fv2%2Fcategories&post=2055299"},{"taxonomy":"post_tag","embeddable":true,"href":"https:\/\/analyse.optim.biz\/index.php?rest_route=%2Fwp%2Fv2%2Ftags&post=2055299"}],"curies":[{"name":"wp","href":"https:\/\/api.w.org\/{rel}","templated":true}]}}