{"id":2055297,"date":"2026-07-21T13:35:55","date_gmt":"2026-07-21T10:35:55","guid":{"rendered":"https:\/\/analyse.optim.biz\/?p=2055297"},"modified":"2026-07-21T13:35:55","modified_gmt":"2026-07-21T10:35:55","slug":"au-inceput-lucrarile-la-fundatia-noului-pasaj-slavici-polona-din-timisoara","status":"publish","type":"post","link":"https:\/\/analyse.optim.biz\/?p=2055297","title":{"rendered":"Au \u00eenceput lucr\u0103rile la funda\u021bia noului pasaj Slavici\u2013Polon\u0103 din Timi\u0219oara"},"content":{"rendered":"<p>[analyse_image type=&#8221;featured&#8221; src=&#8221;https:\/\/orasul-timisoara.ro\/wp-content\/uploads\/2026\/07\/Pasaj-Polona-2.jpg&#8221;]<\/p>\n<article id=\"post-39809\" class=\"td-post-template-7 post-39809 post type-post status-publish format-standard has-post-thumbnail category-administratie category-featured category-investitii-in-timisoara category-stiri-timisoara tag-dominic-fritz tag-infrastructura-rutiera tag-investitii-2 tag-lucrari-drumuri tag-ovidiu-cotrus tag-pasaj-slavici-polona tag-piste-pentru-biciclete tag-primaria-timisoara-2 tag-strada-polona-2 tag-timisoara-2 tag-trafic-timisoara-2 tag-wilhelm-tell td-container-wrap\">\n<div class=\"td-full-screen-header-image-wrap\">\n<div class=\"td-container td-post-header\">\n<div class=\"td-crumb-container\">\n<div class=\"entry-crumbs\"><span><a title=\"Vede\u021bi toate articolele \u00een Administra\u021bie local\u0103\" class=\"entry-crumb\" href=\"https:\/\/orasul-timisoara.ro\/local-category\/administratie\/\">Administra\u021bie local\u0103<\/a><\/span><span class=\"td-bred-no-url-last\">Au \u00eenceput lucr\u0103rile la funda\u021bia noului pasaj Slavici\u2013Polon\u0103 din Timi\u0219oara<\/span><\/div>\n<\/div>\n<div class=\"td-post-header-holder\">\n<div class=\"td-parallax-header\">\n<header class=\"td-post-title\">\n<ul class=\"td-category\">\n<li class=\"entry-category\"><a href=\"https:\/\/orasul-timisoara.ro\/local-category\/administratie\/\">Administra\u021bie local\u0103<\/a><\/li>\n<li class=\"entry-category\"><a href=\"https:\/\/orasul-timisoara.ro\/local-category\/investitii-in-timisoara\/\">Investitii in Timisoara<\/a><\/li>\n<li class=\"entry-category\"><a href=\"https:\/\/orasul-timisoara.ro\/local-category\/stiri-timisoara\/\">\u0218tiri Locale<\/a><\/li>\n<\/ul>\n<h1 class=\"entry-title\">Au \u00eenceput lucr\u0103rile la funda\u021bia noului pasaj Slavici\u2013Polon\u0103 din Timi\u0219oara<\/h1>\n<div class=\"td-module-meta-info\">\n<div class=\"td-post-author-name\">\n<div class=\"td-author-by\">De c\u0103tre<\/div>\n<p><a href=\"https:\/\/orasul-timisoara.ro\/author\/timisoara\/\">redactia<\/a><\/p>\n<div class=\"td-author-line\"> &#8211; <\/div>\n<\/div>\n<p><span class=\"td-post-date\"><time class=\"entry-date updated td-module-date\" datetime=\"2026-07-21T16:35:55+03:00\">21\/07\/2026<\/time><\/span><\/div>\n<\/header>\n<\/div>\n<\/div>\n<\/div>\n<div id=\"td-full-screen-header-image\" class=\"td-image-gradient-style7\"><img decoding=\"async\" class=\"td-backstretch\" src=\"https:\/\/orasul-timisoara.ro\/wp-content\/uploads\/2026\/07\/Pasaj-Polona-2.jpg\"><\/div>\n<\/div>\n<div class=\"td-container\">\n<div class=\"td-pb-row\">\n<div class=\"td-pb-span8 td-main-content\" role=\"main\">\n<div class=\"td-ss-main-content\">\n<div class=\"td-post-sharing-top\">\n<div class=\"td-post-sharing-classic\"><iframe title=\"topFacebookLike\" frameborder src=\"https:\/\/www.facebook.com\/plugins\/like.php?href=https:\/\/orasul-timisoara.ro\/local-39809\/&amp;layout=button_count&amp;show_faces=false&amp;width=105&amp;action=like&amp;colorscheme=light&amp;height=21\"><\/iframe><\/div>\n<div id=\"td_social_sharing_article_top\" class=\"td-post-sharing td-ps-bg td-ps-notext td-post-sharing-style1 \">\n<div class=\"td-post-sharing-visible\"><a class=\"td-social-sharing-button td-social-sharing-button-js td-social-network td-social-facebook\" href=\"https:\/\/www.facebook.com\/sharer.php?u=https%3A%2F%2Forasul-timisoara.ro%2Flocal-39809%2F\" title=\"Facebook\"><\/p>\n<div class=\"td-social-but-text\">Facebook<\/div>\n<p><\/a><a class=\"td-social-sharing-button td-social-sharing-button-js td-social-network td-social-twitter\" href=\"https:\/\/twitter.com\/intent\/tweet?text=Au+%C3%AEnceput+lucr%C4%83rile+la+funda%C8%9Bia+noului+pasaj+Slavici%E2%80%93Polon%C4%83+din+Timi%C8%99oara&amp;url=https%3A%2F%2Forasul-timisoara.ro%2Flocal-39809%2F&amp;via=orasultm\" title=\"Twitter\"><\/p>\n<div class=\"td-social-but-text\">Twitter<\/div>\n<p><\/a><a class=\"td-social-sharing-button td-social-sharing-button-js td-social-network td-social-whatsapp\" href=\"https:\/\/api.whatsapp.com\/send?text=Au+%C3%AEnceput+lucr%C4%83rile+la+funda%C8%9Bia+noului+pasaj+Slavici%E2%80%93Polon%C4%83+din+Timi%C8%99oara%20%0A%0A%20https:\/\/orasul-timisoara.ro\/local-39809\/\" title=\"WhatsApp\"><\/p>\n<div class=\"td-social-but-text\">WhatsApp<\/div>\n<p><\/a><a class=\"td-social-sharing-button td-social-sharing-button-js td-social-network td-social-linkedin\" href=\"https:\/\/www.linkedin.com\/shareArticle?mini=true&amp;url=https:\/\/orasul-timisoara.ro\/local-39809\/&amp;title=Au+%C3%AEnceput+lucr%C4%83rile+la+funda%C8%9Bia+noului+pasaj+Slavici%E2%80%93Polon%C4%83+din+Timi%C8%99oara\" title=\"Linkedin\"><\/p>\n<div class=\"td-social-but-text\">Linkedin<\/div>\n<p><\/a><a class=\"td-social-sharing-button td-social-sharing-button-js td-social-network td-social-reddit\" href=\"https:\/\/reddit.com\/submit?url=https:\/\/orasul-timisoara.ro\/local-39809\/&amp;title=Au+%C3%AEnceput+lucr%C4%83rile+la+funda%C8%9Bia+noului+pasaj+Slavici%E2%80%93Polon%C4%83+din+Timi%C8%99oara\" title=\"ReddIt\"><\/p>\n<div class=\"td-social-but-text\">ReddIt<\/div>\n<p><\/a><a class=\"td-social-sharing-button td-social-sharing-button-js td-social-network td-social-mail\" href=\"mailto:?subject=Au%20%C3%AEnceput%20lucr%C4%83rile%20la%20funda%C8%9Bia%20noului%20pasaj%20Slavici%E2%80%93Polon%C4%83%20din%20Timi%C8%99oara&amp;body=https:\/\/orasul-timisoara.ro\/local-39809\/\" title=\"Email\"><\/p>\n<div class=\"td-social-but-text\">Email<\/div>\n<p><\/a><a class=\"td-social-sharing-button td-social-sharing-button-js td-social-network td-social-print\" href=\"https:\/\/orasul-timisoara.ro\/local-39809\/\" title=\"Imprimare\"><\/p>\n<div class=\"td-social-but-text\">Imprimare<\/div>\n<p><\/a><\/div>\n<\/div>\n<\/div>\n<div class=\"td-post-content tagdiv-type\">\n<p class=\"wp-block-paragraph\">Prim\u0103ria Municipiului Timi\u0219oara continu\u0103 lucr\u0103rile de reconstruc\u021bie a pasajului Slavici\u2013Polon\u0103, unul dintre cele mai importante proiecte de infrastructur\u0103 rutier\u0103 aflate \u00een execu\u021bie \u00een aceast\u0103 perioad\u0103. Constructorul a intrat \u00eentr-o nou\u0103 etap\u0103 a investi\u021biei \u0219i a \u00eenceput forarea pilo\u021bilor care vor sus\u021bine funda\u021bia viitorului pasaj, lucr\u0103rile desf\u0103\u0219ur\u00e2ndu-se \u00een afara structurii existente, f\u0103r\u0103 restric\u021bii suplimentare pentru traficul rutier.<\/p>\n<p class=\"wp-block-paragraph\">Proiectul presupune reconstruirea complet\u0103 a pasajului din zona fostei Fabrici de Zah\u0103r, modernizarea infrastructurii rutiere din zon\u0103 \u0219i reabilitarea unor elemente esen\u021biale pentru transportul public, pietoni \u0219i bicicli\u0219ti. Valoarea investi\u021biei dep\u0103\u0219e\u0219te 49 de milioane de lei, f\u0103r\u0103 TVA, iar finan\u021barea este asigurat\u0103 integral din bugetul local al municipiului.<\/p>\n<h2 class=\"wp-block-heading\">Au \u00eenceput lucr\u0103rile la funda\u021bia noului pasaj<\/h2>\n<p class=\"wp-block-paragraph\">Potrivit Prim\u0103riei Timi\u0219oara, constructorul a \u00eenceput executarea funda\u021biei noii structuri prin forarea pilo\u021bilor de sus\u021binere, o etap\u0103 esen\u021bial\u0103 \u00eenaintea demol\u0103rii pasajului existent.<\/p>\n<p class=\"wp-block-paragraph\">Lucr\u0103rile sunt realizate \u00een lateralele actualului pasaj, strategie care permite men\u021binerea circula\u021biei pe durata acestei faze a proiectului \u0219i reduce impactul asupra traficului din zon\u0103.<\/p>\n<figure class=\"wp-block-image size-full\"><img loading=\"lazy\" decoding=\"async\" width=\"1920\" height=\"1080\" src=\"https:\/\/orasul-timisoara.ro\/wp-content\/uploads\/2026\/07\/Pasaj-Polona-1.jpg\" alt class=\"wp-image-39811\"><\/figure>\n<p class=\"wp-block-paragraph\">Primarul Dominic Fritz a explicat c\u0103 abordarea este diferit\u0103 fa\u021b\u0103 de alte proiecte de infrastructur\u0103, precum Podul Muncii. \u00cen cazul pasajului Slavici\u2013Polon\u0103, noua structur\u0103 este preg\u0103tit\u0103 \u00eenainte de demolarea celei existente, astfel \u00eenc\u00e2t circula\u021bia s\u0103 fie afectat\u0103 c\u00e2t mai pu\u021bin pe durata lucr\u0103rilor.<\/p>\n<h2 class=\"wp-block-heading\">Lucr\u0103rile avanseaz\u0103 pe ambele rampe ale pasajului<\/h2>\n<p class=\"wp-block-paragraph\">Pe rampa dinspre strada Polon\u0103 c\u0103tre strada Ovidiu Cotru\u0219 au fost finalizate lucr\u0103rile de terasamente, iar echipele preg\u0103tesc terenul pentru forarea pilo\u021bilor de sus\u021binere.<\/p>\n<p class=\"wp-block-paragraph\">\u00cen acela\u0219i timp, aceea\u0219i etap\u0103 este \u00een desf\u0103\u0219urare \u0219i pe rampa dinspre strada Ovidiu Cotru\u0219, unde constructorul continu\u0103 preg\u0103tirea infrastructurii necesare noii structuri.<\/p>\n<p class=\"wp-block-paragraph\">\u00cen paralel, pe str\u0103zile Ovidiu Cotru\u0219 \u0219i Wilhelm Tell se execut\u0103 funda\u021biile pentru noile parapete de protec\u021bie. Elementele vechi au fost deja demontate pentru a permite desf\u0103\u0219urarea lucr\u0103rilor \u00een condi\u021bii de siguran\u021b\u0103.<\/p>\n<h2 class=\"wp-block-heading\">Trei pasaje vor fi reconstruite \u0219i aproximativ 1,5 kilometri de drum vor fi moderniza\u021bi<\/h2>\n<p class=\"wp-block-paragraph\">Investi\u021bia municipalit\u0103\u021bii nu se limiteaz\u0103 doar la pasajul principal. Proiectul prevede reconstruirea complet\u0103 a trei structuri rutiere din zon\u0103.<\/p>\n<p class=\"wp-block-paragraph\">Este vorba despre pasajul peste linia ferat\u0103 CF 926 de pe strada Ovidiu Cotru\u0219, pasajul peste \u00eencruci\u0219area spre Utvin \u0219i pasajul peste linia ferat\u0103 dezafectat\u0103 de pe strada Wilhelm Tell.<\/p>\n<p class=\"wp-block-paragraph\">\u00cen acela\u0219i timp, vor fi moderniza\u021bi aproximativ 1,5 kilometri de carosabil, contribuind la \u00eembun\u0103t\u0103\u021birea circula\u021biei \u00eentr-una dintre cele mai circulate zone din partea de sud-vest a municipiului.<\/p>\n<h2 class=\"wp-block-heading\">Transport public, piste pentru biciclete \u0219i infrastructur\u0103 modernizat\u0103<\/h2>\n<p class=\"wp-block-paragraph\">Proiectul include \u0219i o serie de lucr\u0103ri complementare menite s\u0103 modernizeze \u00eentreaga infrastructur\u0103 din zon\u0103.<\/p>\n<p class=\"wp-block-paragraph\">Vor fi reabilitate liniile de tramvai, astfel \u00eenc\u00e2t s\u0103 fie p\u0103strat\u0103 posibilitatea unei viitoare conexiuni de transport public. Totodat\u0103, investi\u021bia prevede amenajarea unor piste pentru biciclete, refacerea trotuarelor \u0219i a bordurilor, modernizarea sistemului de iluminat public \u0219i reabilitarea re\u021belei de canalizare pluvial\u0103.<\/p>\n<p class=\"wp-block-paragraph\">La finalul lucr\u0103rilor, infrastructura va oferi condi\u021bii mai bune pentru toate categoriile de participan\u021bi la trafic, de la \u0219oferi \u0219i mijloace de transport public p\u00e2n\u0103 la pietoni \u0219i bicicli\u0219ti.<\/p>\n<h2 class=\"wp-block-heading\">Investi\u021bie de peste 49 de milioane de lei<\/h2>\n<p class=\"wp-block-paragraph\">Reconstruc\u021bia pasajului Slavici\u2013Polon\u0103 reprezint\u0103 una dintre cele mai importante investi\u021bii \u00een infrastructura rutier\u0103 derulate \u00een prezent de administra\u021bia local\u0103.<\/p>\n<p class=\"wp-block-paragraph\">Contractul are o valoare de peste 49 de milioane de lei, f\u0103r\u0103 TVA, iar finan\u021barea este asigurat\u0103 integral din bugetul local al Municipiului Timi\u0219oara.<\/p>\n<p class=\"wp-block-paragraph\">Lucr\u0103rile sunt executate de asocierea format\u0103 din Freyrom S.A., Procons Group S.R.L., Inginerie Drumuri \u0219i Poduri S.R.L. \u0219i Integrated Road Solutions S.R.L. Dup\u0103 finalizarea investi\u021biei, zona fostei Fabrici de Zah\u0103r va beneficia de o infrastructur\u0103 complet modernizat\u0103, adaptat\u0103 cerin\u021belor actuale privind siguran\u021ba \u0219i mobilitatea urban\u0103.<\/p>\n<\/div>\n<footer>\n<div class=\"td-post-source-tags\">\n<ul class=\"td-tags td-post-small-box clearfix\">\n<li><span>ETICHETE<\/span><\/li>\n<li><a href=\"https:\/\/orasul-timisoara.ro\/local-tag\/dominic-fritz\/\">dominic fritz<\/a><\/li>\n<li><a href=\"https:\/\/orasul-timisoara.ro\/local-tag\/infrastructura-rutiera\/\">infrastructur\u0103 rutier\u0103<\/a><\/li>\n<li><a href=\"https:\/\/orasul-timisoara.ro\/local-tag\/investitii-2\/\">investi\u021bii<\/a><\/li>\n<li><a href=\"https:\/\/orasul-timisoara.ro\/local-tag\/lucrari-drumuri\/\">lucr\u0103ri drumuri<\/a><\/li>\n<li><a href=\"https:\/\/orasul-timisoara.ro\/local-tag\/ovidiu-cotrus\/\">Ovidiu Cotru\u0219<\/a><\/li>\n<li><a href=\"https:\/\/orasul-timisoara.ro\/local-tag\/pasaj-slavici-polona\/\">pasaj Slavici Polon\u0103<\/a><\/li>\n<li><a href=\"https:\/\/orasul-timisoara.ro\/local-tag\/piste-pentru-biciclete\/\">piste pentru biciclete<\/a><\/li>\n<li><a href=\"https:\/\/orasul-timisoara.ro\/local-tag\/primaria-timisoara-2\/\">Prim\u0103ria Timi\u0219oara<\/a><\/li>\n<li><a href=\"https:\/\/orasul-timisoara.ro\/local-tag\/strada-polona-2\/\">strada Polon\u0103<\/a><\/li>\n<li><a href=\"https:\/\/orasul-timisoara.ro\/local-tag\/timisoara-2\/\">timi\u0219oara<\/a><\/li>\n<li><a href=\"https:\/\/orasul-timisoara.ro\/local-tag\/trafic-timisoara-2\/\">trafic Timi\u0219oara<\/a><\/li>\n<li><a href=\"https:\/\/orasul-timisoara.ro\/local-tag\/wilhelm-tell\/\">Wilhelm Tell<\/a><\/li>\n<\/ul>\n<\/div>\n<div class=\"td-post-sharing-bottom\">\n<div class=\"td-post-sharing-classic\"><iframe title=\"bottomFacebookLike\" frameborder src=\"https:\/\/www.facebook.com\/plugins\/like.php?href=https:\/\/orasul-timisoara.ro\/local-39809\/&amp;layout=button_count&amp;show_faces=false&amp;width=105&amp;action=like&amp;colorscheme=light&amp;height=21\"><\/iframe><\/div>\n<div id=\"td_social_sharing_article_bottom\" class=\"td-post-sharing td-ps-bg td-ps-notext td-post-sharing-style1 \">\n<div class=\"td-post-sharing-visible\"><a class=\"td-social-sharing-button td-social-sharing-button-js td-social-network td-social-facebook\" href=\"https:\/\/www.facebook.com\/sharer.php?u=https%3A%2F%2Forasul-timisoara.ro%2Flocal-39809%2F\" title=\"Facebook\"><\/p>\n<div class=\"td-social-but-text\">Facebook<\/div>\n<p><\/a><a class=\"td-social-sharing-button td-social-sharing-button-js td-social-network td-social-twitter\" href=\"https:\/\/twitter.com\/intent\/tweet?text=Au+%C3%AEnceput+lucr%C4%83rile+la+funda%C8%9Bia+noului+pasaj+Slavici%E2%80%93Polon%C4%83+din+Timi%C8%99oara&amp;url=https%3A%2F%2Forasul-timisoara.ro%2Flocal-39809%2F&amp;via=orasultm\" title=\"Twitter\"><\/p>\n<div class=\"td-social-but-text\">Twitter<\/div>\n<p><\/a><a class=\"td-social-sharing-button td-social-sharing-button-js td-social-network td-social-whatsapp\" href=\"https:\/\/api.whatsapp.com\/send?text=Au+%C3%AEnceput+lucr%C4%83rile+la+funda%C8%9Bia+noului+pasaj+Slavici%E2%80%93Polon%C4%83+din+Timi%C8%99oara%20%0A%0A%20https:\/\/orasul-timisoara.ro\/local-39809\/\" title=\"WhatsApp\"><\/p>\n<div class=\"td-social-but-text\">WhatsApp<\/div>\n<p><\/a><a class=\"td-social-sharing-button td-social-sharing-button-js td-social-network td-social-linkedin\" href=\"https:\/\/www.linkedin.com\/shareArticle?mini=true&amp;url=https:\/\/orasul-timisoara.ro\/local-39809\/&amp;title=Au+%C3%AEnceput+lucr%C4%83rile+la+funda%C8%9Bia+noului+pasaj+Slavici%E2%80%93Polon%C4%83+din+Timi%C8%99oara\" title=\"Linkedin\"><\/p>\n<div class=\"td-social-but-text\">Linkedin<\/div>\n<p><\/a><a class=\"td-social-sharing-button td-social-sharing-button-js td-social-network td-social-reddit\" href=\"https:\/\/reddit.com\/submit?url=https:\/\/orasul-timisoara.ro\/local-39809\/&amp;title=Au+%C3%AEnceput+lucr%C4%83rile+la+funda%C8%9Bia+noului+pasaj+Slavici%E2%80%93Polon%C4%83+din+Timi%C8%99oara\" title=\"ReddIt\"><\/p>\n<div class=\"td-social-but-text\">ReddIt<\/div>\n<p><\/a><a class=\"td-social-sharing-button td-social-sharing-button-js td-social-network td-social-mail\" href=\"mailto:?subject=Au%20%C3%AEnceput%20lucr%C4%83rile%20la%20funda%C8%9Bia%20noului%20pasaj%20Slavici%E2%80%93Polon%C4%83%20din%20Timi%C8%99oara&amp;body=https:\/\/orasul-timisoara.ro\/local-39809\/\" title=\"Email\"><\/p>\n<div class=\"td-social-but-text\">Email<\/div>\n<p><\/a><a class=\"td-social-sharing-button td-social-sharing-button-js td-social-network td-social-print\" href=\"https:\/\/orasul-timisoara.ro\/local-39809\/\" title=\"Imprimare\"><\/p>\n<div class=\"td-social-but-text\">Imprimare<\/div>\n<p><\/a><\/div>\n<\/div>\n<\/div>\n<div class=\"td-block-row td-post-next-prev\">\n<div class=\"td-block-span6 td-post-prev-post\">\n<div class=\"td-post-next-prev-content\"><span>Articolul precedent<\/span><a href=\"https:\/\/orasul-timisoara.ro\/local-39807\/\">Achizi\u021bii de imobile, rectificare bugetar\u0103 \u0219i proiecte europene pe masa Consiliului Local Timi\u0219oara<\/a><\/div>\n<\/div>\n<div class=\"td-block-span6 td-post-next-post\">\n<div class=\"td-post-next-prev-content\"><span>Articolul urm\u0103tor<\/span><a href=\"https:\/\/orasul-timisoara.ro\/local-39813\/\">Restric\u021bii de trafic pe bulevardul Liviu Rebreanu. \u00cencep noi lucr\u0103ri de modernizare<\/a><\/div>\n<\/div>\n<\/div>\n<div class=\"td-author-name vcard author\"><span class=\"fn\"><a href=\"https:\/\/orasul-timisoara.ro\/author\/timisoara\/\">redactia<\/a><\/span><\/div>\n<p><span class=\"td-page-meta\"><\/span><span class=\"td-page-meta\"><span class=\"td-page-meta\"><\/span><\/span><span class=\"td-page-meta\"><\/span><\/footer>\n<div class=\"td_block_wrap td_block_related_posts tdi_3 td_with_ajax_pagination td-pb-border-top td_block_template_8\" data-td-block-uid=\"tdi_3\">\n<h4 class=\"td-related-title td-block-title\"><a id=\"tdi_4\" class=\"td-related-left td-cur-simple-item\" data-td_filter_value data-td_block_id=\"tdi_3\" href=\"https:\/\/orasul-timisoara.ro\/local-39809\/\">ARTICOLE SIMILARE<\/a><a id=\"tdi_5\" class=\"td-related-right\" data-td_filter_value=\"td_related_more_from_author\" data-td_block_id=\"tdi_3\" href=\"https:\/\/orasul-timisoara.ro\/local-39809\/\">DE LA ACELA\u0218I AUTOR<\/a><\/h4>\n<div id=\"tdi_3\" class=\"td_block_inner\">\n<div class=\"td-related-row\">\n<div class=\"td-related-span4\">\n<div class=\"td_module_related_posts td-animation-stack td_mod_related_posts\">\n<div class=\"td-module-image\">\n<div class=\"td-module-thumb\"><a href=\"https:\/\/orasul-timisoara.ro\/local-39822\/\" rel=\"bookmark\" class=\"td-image-wrap \" title=\"Timi\u0219oara red\u0103 comunit\u0103\u021bii Turnul de Ap\u0103 din Iosefin dup\u0103 o investi\u021bie de peste 10,5 milioane de lei\"><img loading=\"lazy\" decoding=\"async\" class=\"entry-thumb\" src=\"https:\/\/orasul-timisoara.ro\/wp-content\/uploads\/2026\/07\/Turn-5-436x300.jpg\" alt title=\"Timi\u0219oara red\u0103 comunit\u0103\u021bii Turnul de Ap\u0103 din Iosefin dup\u0103 o investi\u021bie de peste 10,5 milioane de lei\" width=\"218\" height=\"150\"><\/a><\/div>\n<\/div>\n<div class=\"item-details\">\n<h3 class=\"entry-title td-module-title\"><a href=\"https:\/\/orasul-timisoara.ro\/local-39822\/\" rel=\"bookmark\" title=\"Timi\u0219oara red\u0103 comunit\u0103\u021bii Turnul de Ap\u0103 din Iosefin dup\u0103 o investi\u021bie de peste 10,5 milioane de lei\">Timi\u0219oara red\u0103 comunit\u0103\u021bii Turnul de Ap\u0103 din Iosefin dup\u0103 o investi\u021bie de peste 10,5 milioane de lei<\/a><\/h3>\n<\/div>\n<\/div>\n<\/div>\n<div class=\"td-related-span4\">\n<div class=\"td_module_related_posts td-animation-stack td_mod_related_posts\">\n<div class=\"td-module-image\">\n<div class=\"td-module-thumb\"><a href=\"https:\/\/orasul-timisoara.ro\/local-39813\/\" rel=\"bookmark\" class=\"td-image-wrap \" title=\"Restric\u021bii de trafic pe bulevardul Liviu Rebreanu. \u00cencep noi lucr\u0103ri de modernizare\"><img loading=\"lazy\" decoding=\"async\" class=\"entry-thumb\" src=\"https:\/\/orasul-timisoara.ro\/wp-content\/uploads\/2023\/09\/lucrari-drum-copy-436x300.jpg\" alt title=\"Restric\u021bii de trafic pe bulevardul Liviu Rebreanu. \u00cencep noi lucr\u0103ri de modernizare\" width=\"218\" height=\"150\"><\/a><\/div>\n<\/div>\n<div class=\"item-details\">\n<h3 class=\"entry-title td-module-title\"><a href=\"https:\/\/orasul-timisoara.ro\/local-39813\/\" rel=\"bookmark\" title=\"Restric\u021bii de trafic pe bulevardul Liviu Rebreanu. \u00cencep noi lucr\u0103ri de modernizare\">Restric\u021bii de trafic pe bulevardul Liviu Rebreanu. \u00cencep noi lucr\u0103ri de modernizare<\/a><\/h3>\n<\/div>\n<\/div>\n<\/div>\n<div class=\"td-related-span4\">\n<div class=\"td_module_related_posts td-animation-stack td_mod_related_posts\">\n<div class=\"td-module-image\">\n<div class=\"td-module-thumb\"><a href=\"https:\/\/orasul-timisoara.ro\/local-39775\/\" rel=\"bookmark\" class=\"td-image-wrap \" title=\"Prim\u0103ria Timi\u0219oara preg\u0103te\u0219te transformarea C\u0103ii Urseni \u0219i extinderea infrastructurii rutiere\"><img loading=\"lazy\" decoding=\"async\" class=\"entry-thumb\" src=\"https:\/\/orasul-timisoara.ro\/wp-content\/uploads\/2026\/07\/posibil-calea-urseni-436x300.jpg\" alt title=\"Prim\u0103ria Timi\u0219oara preg\u0103te\u0219te transformarea C\u0103ii Urseni \u0219i extinderea infrastructurii rutiere\" width=\"218\" height=\"150\"><\/a><\/div>\n<\/div>\n<div class=\"item-details\">\n<h3 class=\"entry-title td-module-title\"><a href=\"https:\/\/orasul-timisoara.ro\/local-39775\/\" rel=\"bookmark\" title=\"Prim\u0103ria Timi\u0219oara preg\u0103te\u0219te transformarea C\u0103ii Urseni \u0219i extinderea infrastructurii rutiere\">Prim\u0103ria Timi\u0219oara preg\u0103te\u0219te transformarea C\u0103ii Urseni \u0219i extinderea infrastructurii rutiere<\/a><\/h3>\n<\/div>\n<\/div>\n<\/div>\n<\/div>\n<\/div>\n<\/div>\n<div class=\"comments\" id=\"comments\">\n<div id=\"respond\" class=\"comment-respond\">\n<h3 id=\"reply-title\" class=\"comment-reply-title\">L\u0102SA\u021aI UN MESAJ<\/h3>\n<div class=\"comment-form-input-wrap td-form-comment\">\n<div class=\"td-warning-comment\">V\u0103 rug\u0103m s\u0103 introduce\u021bi comentariul dvs.!<\/div>\n<\/div>\n<div class=\"comment-form-input-wrap td-form-author\">\n<div class=\"td-warning-author\">Introduce\u021bi aici numele dvs.<\/div>\n<\/div>\n<div class=\"comment-form-input-wrap td-form-email\">\n<div class=\"td-warning-email-error\">A\u021bi introdus o adres\u0103 de e-mail incorect\u0103!<\/div>\n<div class=\"td-warning-email\">V\u0103 rug\u0103m s\u0103 introduce\u021bi adresa dvs. de e-mail aici<\/div>\n<\/div>\n<\/div>\n<p class=\"akismet_comment_form_privacy_notice\">Acest site folose\u0219te Akismet pentru a reduce spamul. <a href=\"https:\/\/akismet.com\/privacy\/\" target=\"_blank\" rel=\"nofollow noopener\">Afl\u0103 cum sunt procesate datele comentariilor tale<\/a>.<\/p>\n<\/div>\n<\/div>\n<\/div>\n<div class=\"td-pb-span4 td-main-sidebar\" role=\"complementary\">\n<div class=\"td-ss-main-sidebar\">\n<aside id=\"block-4\" class=\"td_block_template_8 widget block-4 widget_block widget_media_image\">\n<figure class=\"wp-block-image size-full\"><img loading=\"lazy\" decoding=\"async\" width=\"336\" height=\"280\" src=\"https:\/\/orasul-timisoara.ro\/wp-content\/uploads\/2024\/11\/ReTIM-Abonamentul-Verde-Google-Ads-336x280px.gif\" alt class=\"wp-image-29257\"><\/figure>\n<\/aside>\n<div class=\"td_block_wrap td_block_social_counter td_block_widget tdi_6 td-social-style5 td-social-boxed td-pb-border-top td_block_template_8\">\n<div class=\"td-block-title-wrap\">\n<h4 class=\"td-block-title\"><span>Urm\u0103re\u0219te-ne pe Social Media<\/span><\/h4>\n<\/div>\n<div class=\"td-social-list\">\n<div class=\"td_social_type td-pb-margin-side td_social_facebook\">\n<div class=\"td-social-box\"><span class=\"td_social_info td_social_info_counter\">344,595<\/span><span class=\"td_social_info td_social_info_name\">Fani<\/span><span class=\"td_social_button\"><a href=\"https:\/\/www.facebook.com\/247timisoara\" target=\"_blank\" rel=\"nofollow\">\u00cemi place<\/a><\/span><\/div>\n<\/div>\n<div class=\"td_social_type td-pb-margin-side td_social_instagram\">\n<div class=\"td-social-box\"><span class=\"td_social_info td_social_info_counter\">4,416<\/span><span class=\"td_social_info td_social_info_name\">Cititori<\/span><span class=\"td_social_button\"><a href=\"https:\/\/instagram.com\/orasultimisoararo\/\" target=\"_blank\" rel=\"nofollow\">Conecta\u021bi-v\u0103<\/a><\/span><\/div>\n<\/div>\n<div class=\"td_social_type td-pb-margin-side td_social_rss\">\n<div class=\"td-social-box\"><span class=\"td_social_info td_social_info_counter\">12,506<\/span><span class=\"td_social_info td_social_info_name\">Cititori<\/span><span class=\"td_social_button\"><a href=\"https:\/\/orasul-timisoara.ro\/feed\/\" target=\"_blank\" rel=\"nofollow\">Conecta\u021bi-v\u0103<\/a><\/span><\/div>\n<\/div>\n<div class=\"td_social_type td-pb-margin-side td_social_tiktok\">\n<div class=\"td-social-box\"><span class=\"td_social_info td_social_info_counter\">1,500<\/span><span class=\"td_social_info td_social_info_name\">Cititori<\/span><span class=\"td_social_button\"><a href=\"https:\/\/www.tiktok.com\/@orasultimisoara\" target=\"_blank\" rel=\"nofollow\">Conecta\u021bi-v\u0103<\/a><\/span><\/div>\n<\/div>\n<div class=\"td_social_type td-pb-margin-side td_social_twitter\">\n<div class=\"td-social-box\"><span class=\"td_social_info td_social_info_counter\">1,595<\/span><span class=\"td_social_info td_social_info_name\">Cititori<\/span><span class=\"td_social_button\"><a href=\"https:\/\/twitter.com\/orasultm\" target=\"_blank\" rel=\"nofollow\">Conecta\u021bi-v\u0103<\/a><\/span><\/div>\n<\/div>\n<div class=\"td_social_type td-pb-margin-side td_social_youtube\">\n<div class=\"td-social-box\"><span class=\"td_social_info td_social_info_counter\">3,506<\/span><span class=\"td_social_info td_social_info_name\">Abona\u021bi<\/span><span class=\"td_social_button\"><a href=\"https:\/\/www.youtube.com\/channel\/UCQNsQvs2XCSIm1Z-AHRturw?sub_confirmation=1\" target=\"_blank\" rel=\"nofollow\">Abona\u021bi-v\u0103<\/a><\/span><\/div>\n<\/div>\n<\/div>\n<\/div>\n<aside id=\"text-7\" class=\"td_block_template_8 widget text-7 widget_text\">\n<h4 class=\"td-block-title\"><span>C\u0103ut\u0103ri populare pe OTM<\/span><\/h4>\n<div class=\"textwidget\"><a href=\"https:\/\/orasul-timisoara.ro\/?s=timisoara\"><span>Timisoara<\/span><\/a><a href=\"https:\/\/orasul-timisoara.ro\/?s=calin+dobra\"><span>Calin Dobra<\/span><\/a><a href=\"https:\/\/orasul-timisoara.ro\/?s=primaria+timisoara\"><span>Primaria Timisoara<\/span><\/a><a href=\"https:\/\/orasul-timisoara.ro\/?s=dominic+fritz\"><span>Dominic Fritz<\/span><\/a><a href=\"https:\/\/orasul-timisoara.ro\/?s=nicolae+robu\"><span>Nicolae Robu<\/span><\/a><a href=\"https:\/\/orasul-timisoara.ro\/?s=consiliul+local+timisoara\">Consiliul Local Timisoara<\/a><a href=\"https:\/\/orasul-timisoara.ro\/?s=consiliul+judetean+timis\"><span>Consiliul Judetean Timis<\/span><\/a><a href=\"https:\/\/orasul-timisoara.ro\/?s=cjt\"><span>CJT<\/span><\/a><a href=\"https:\/\/orasul-timisoara.ro\/?s=Alfred+Simonis\"><span>Alfred Simonis<\/span><\/a><a href=\"https:\/\/orasul-timisoara.ro\/?s=PNL\"><span>PNL<\/span><\/a><a href=\"https:\/\/orasul-timisoara.ro\/?s=coronavirus\"><span>coronavirus<\/span><\/a><a href=\"https:\/\/orasul-timisoara.ro\/?s=teatru+timisoara\">teatru Timisoara<\/a><a href=\"https:\/\/orasul-timisoara.ro\/?s=restaurante\"><span>restaurante Timisoara<\/span><\/a><a href=\"https:\/\/orasul-timisoara.ro\/?s=diskoteka\"><span>Diskoteka<\/span><\/a><a href=\"https:\/\/orasul-timisoara.ro\/?s=iulius+town\"><span>Iulius Town<\/span><\/a><a href=\"https:\/\/orasul-timisoara.ro\/?s=iulius+mall\"><span>Iulius Mall<\/span><\/a><a href=\"https:\/\/orasul-timisoara.ro\/?s=stpt\"><span>STPT<\/span><\/a><a href=\"https:\/\/orasul-timisoara.ro\/?s=alin+nica\"><span>Alin Nica<\/span><\/a><a href=\"https:\/\/orasul-timisoara.ro\/?s=psd\"><span>PSD<\/span><\/a><a href=\"https:\/\/orasul-timisoara.ro\/?s=aeroport\"><span>Aeroportul International Timisoara<\/span><\/a><a href=\"https:\/\/orasul-timisoara.ro\/?s=babes\"><span>Spitalul Victor Babes Timisoara<\/span><\/a><a href=\"https:\/\/orasul-timisoara.ro\/?s=poli\"><span>Poli Timi\u0219oara<\/span><\/a><a href=\"https:\/\/orasul-timisoara.ro\/?s=carantina\"><span>carantina<\/span><\/a><a href=\"https:\/\/orasul-timisoara.ro\/?s=aquatim\"><span>Aquatim<\/span><\/a><a href=\"https:\/\/orasul-timisoara.ro\/local-category\/stiri-timisoara\/\"><span>Stiri Timisoara<\/span><\/a><a href=\"https:\/\/orasul-timisoara.ro\/local-category\/investitii-in-timisoara\/\"><span>Investi\u021bii in Timi\u0219oara<\/span><\/a><a href=\"https:\/\/orasul-timisoara.ro\/local-9463\/\"><span>shaorma<\/span><\/a><a href=\"https:\/\/orasul-timisoara.ro\/?s=trafic\"><span>trafic rutier<\/span><\/a><a href=\"https:\/\/orasul-timisoara.ro\/?s=politia\"><span>politia locala timisoara<\/span><\/a><a href=\"https:\/\/orasul-timisoara.ro\/?s=roxana\"><span>Roxana Iliescu<\/span><\/a><a href=\"https:\/\/orasul-timisoara.ro\/?s=colterm\"><span>Colterm<\/span><\/a><a href=\"https:\/\/orasul-timisoara.ro\/?s=latcau\"><span>Ruben La\u021bc\u0103u<\/span><\/a><a href=\"https:\/\/orasul-timisoara.ro\/?s=timis\"><span>\u0218tiri din Timi\u0219<\/span><\/a><a href=\"https:\/\/orasul-timisoara.ro\/?s=spital\"><span>Spitale din Timi\u0219oara<\/span><\/a><a href=\"https:\/\/orasul-timisoara.ro\/?s=tabara\"><span>Cosmin Tab\u0103r\u0103<\/span><\/a><\/div>\n<\/aside>\n<aside id=\"rss-2\" class=\"td_block_template_8 widget rss-2 widget_rss\">\n<h4 class=\"td-block-title\"><span><a class=\"rsswidget rss-widget-feed\" href=\"https:\/\/fashionfridays.ro\/feed\"><img decoding=\"async\" class=\"rss-widget-icon\" width=\"14\" height=\"14\" src=\"https:\/\/orasul-timisoara.ro\/wp-includes\/images\/rss.png\" alt=\"RSS\" loading=\"lazy\"><\/a><a class=\"rsswidget rss-widget-title\" href=\"https:\/\/fashionfridays.ro\/\">Fashion Fridays<\/a><\/span><\/h4>\n<ul>\n<li><a class=\"rsswidget\" href=\"https:\/\/fashionfridays.ro\/romania-devine-a-29-a-piata-vogue-o-noua-era-pentru-industria-locala-de-moda\/\">Rom\u00e2nia devine a 29-a pia\u021b\u0103 Vogue: o nou\u0103 er\u0103 pentru industria local\u0103 de mod\u0103<\/a>\n<div class=\"rssSummary\">Revista Vogue \u00ee\u0219i extinde prezen\u021ba global\u0103 \u0219i va fi lansat\u0103 oficial \u00een Rom\u00e2nia \u00een prim\u0103vara anului 2027, marc\u00e2nd intrarea pe cea de-a 29-a pia\u021b\u0103 interna\u021bional\u0103. Proiectul este realizat \u00een parteneriat cu AEMME Publishing, o companie media recent \u00eenfiin\u021bat\u0103, care va publica edi\u021bia local\u0103 sub licen\u021b\u0103. Noua edi\u021bie, Vogue Rom\u00e2nia, \u00ee\u0219i propune s\u0103 combine autoritatea global\u0103 [\u2026]<\/div>\n<\/li>\n<\/ul>\n<\/aside>\n<aside id=\"rss-4\" class=\"td_block_template_8 widget rss-4 widget_rss\">\n<h4 class=\"td-block-title\"><span><a class=\"rsswidget rss-widget-feed\" href=\"https:\/\/emasini.ro\/feed\"><img decoding=\"async\" class=\"rss-widget-icon\" width=\"14\" height=\"14\" src=\"https:\/\/orasul-timisoara.ro\/wp-includes\/images\/rss.png\" alt=\"RSS\" loading=\"lazy\"><\/a><a class=\"rsswidget rss-widget-title\" href=\"https:\/\/emasini.ro\/\">eMasini<\/a><\/span><\/h4>\n<ul>\n<li><a class=\"rsswidget\" href=\"https:\/\/emasini.ro\/dacia-analizeaza-lansarea-lui-hipster-automobilul-urban-de-doar-3-metri-lungime\/\">Dacia analizeaz\u0103 lansarea lui Hipster, automobilul urban de doar 3 metri lungime (video)<\/a>\n<div class=\"rssSummary\">Dacia ar putea introduce pe pia\u021b\u0103 unul dintre cele mai neobi\u0219nuite modele din istoria sa recent\u0103. Conceptul Hipster, prezentat anul trecut ca o reinterpretare radical\u0103 a automobilului urban accesibil, se afl\u0103 \u00een prezent \u00eentr-o etap\u0103 de evaluare, iar decizia privind produc\u021bia de serie va fi luat\u0103 \u00een func\u021bie de reac\u021bia publicului \u0219i de evolu\u021bia reglement\u0103rilor [\u2026]<\/div>\n<\/li>\n<\/ul>\n<\/aside>\n<\/div>\n<\/div>\n<\/div>\n<\/div>\n<\/article>\n<div class=\"td-post-content tagdiv-type\">\n<p class=\"wp-block-paragraph\">Prim\u0103ria Municipiului Timi\u0219oara continu\u0103 lucr\u0103rile de reconstruc\u021bie a pasajului Slavici\u2013Polon\u0103, unul dintre cele mai importante proiecte de infrastructur\u0103 rutier\u0103 aflate \u00een execu\u021bie \u00een aceast\u0103 perioad\u0103. Constructorul a intrat \u00eentr-o nou\u0103 etap\u0103 a investi\u021biei \u0219i a \u00eenceput forarea pilo\u021bilor care vor sus\u021bine funda\u021bia viitorului pasaj, lucr\u0103rile desf\u0103\u0219ur\u00e2ndu-se \u00een afara structurii existente, f\u0103r\u0103 restric\u021bii suplimentare pentru traficul rutier.<\/p>\n<p class=\"wp-block-paragraph\">Proiectul presupune reconstruirea complet\u0103 a pasajului din zona fostei Fabrici de Zah\u0103r, modernizarea infrastructurii rutiere din zon\u0103 \u0219i reabilitarea unor elemente esen\u021biale pentru transportul public, pietoni \u0219i bicicli\u0219ti. Valoarea investi\u021biei dep\u0103\u0219e\u0219te 49 de milioane de lei, f\u0103r\u0103 TVA, iar finan\u021barea este asigurat\u0103 integral din bugetul local al municipiului.<\/p>\n<h2 class=\"wp-block-heading\">Au \u00eenceput lucr\u0103rile la funda\u021bia noului pasaj<\/h2>\n<p class=\"wp-block-paragraph\">Potrivit Prim\u0103riei Timi\u0219oara, constructorul a \u00eenceput executarea funda\u021biei noii structuri prin forarea pilo\u021bilor de sus\u021binere, o etap\u0103 esen\u021bial\u0103 \u00eenaintea demol\u0103rii pasajului existent.<\/p>\n<p class=\"wp-block-paragraph\">Lucr\u0103rile sunt realizate \u00een lateralele actualului pasaj, strategie care permite men\u021binerea circula\u021biei pe durata acestei faze a proiectului \u0219i reduce impactul asupra traficului din zon\u0103.<\/p>\n<figure class=\"wp-block-image size-full\"><img loading=\"lazy\" decoding=\"async\" width=\"1920\" height=\"1080\" src=\"https:\/\/orasul-timisoara.ro\/wp-content\/uploads\/2026\/07\/Pasaj-Polona-1.jpg\" alt class=\"wp-image-39811\"><\/figure>\n<p class=\"wp-block-paragraph\">Primarul Dominic Fritz a explicat c\u0103 abordarea este diferit\u0103 fa\u021b\u0103 de alte proiecte de infrastructur\u0103, precum Podul Muncii. \u00cen cazul pasajului Slavici\u2013Polon\u0103, noua structur\u0103 este preg\u0103tit\u0103 \u00eenainte de demolarea celei existente, astfel \u00eenc\u00e2t circula\u021bia s\u0103 fie afectat\u0103 c\u00e2t mai pu\u021bin pe durata lucr\u0103rilor.<\/p>\n<h2 class=\"wp-block-heading\">Lucr\u0103rile avanseaz\u0103 pe ambele rampe ale pasajului<\/h2>\n<p class=\"wp-block-paragraph\">Pe rampa dinspre strada Polon\u0103 c\u0103tre strada Ovidiu Cotru\u0219 au fost finalizate lucr\u0103rile de terasamente, iar echipele preg\u0103tesc terenul pentru forarea pilo\u021bilor de sus\u021binere.<\/p>\n<p class=\"wp-block-paragraph\">\u00cen acela\u0219i timp, aceea\u0219i etap\u0103 este \u00een desf\u0103\u0219urare \u0219i pe rampa dinspre strada Ovidiu Cotru\u0219, unde constructorul continu\u0103 preg\u0103tirea infrastructurii necesare noii structuri.<\/p>\n<p class=\"wp-block-paragraph\">\u00cen paralel, pe str\u0103zile Ovidiu Cotru\u0219 \u0219i Wilhelm Tell se execut\u0103 funda\u021biile pentru noile parapete de protec\u021bie. Elementele vechi au fost deja demontate pentru a permite desf\u0103\u0219urarea lucr\u0103rilor \u00een condi\u021bii de siguran\u021b\u0103.<\/p>\n<h2 class=\"wp-block-heading\">Trei pasaje vor fi reconstruite \u0219i aproximativ 1,5 kilometri de drum vor fi moderniza\u021bi<\/h2>\n<p class=\"wp-block-paragraph\">Investi\u021bia municipalit\u0103\u021bii nu se limiteaz\u0103 doar la pasajul principal. Proiectul prevede reconstruirea complet\u0103 a trei structuri rutiere din zon\u0103.<\/p>\n<p class=\"wp-block-paragraph\">Este vorba despre pasajul peste linia ferat\u0103 CF 926 de pe strada Ovidiu Cotru\u0219, pasajul peste \u00eencruci\u0219area spre Utvin \u0219i pasajul peste linia ferat\u0103 dezafectat\u0103 de pe strada Wilhelm Tell.<\/p>\n<p class=\"wp-block-paragraph\">\u00cen acela\u0219i timp, vor fi moderniza\u021bi aproximativ 1,5 kilometri de carosabil, contribuind la \u00eembun\u0103t\u0103\u021birea circula\u021biei \u00eentr-una dintre cele mai circulate zone din partea de sud-vest a municipiului.<\/p>\n<h2 class=\"wp-block-heading\">Transport public, piste pentru biciclete \u0219i infrastructur\u0103 modernizat\u0103<\/h2>\n<p class=\"wp-block-paragraph\">Proiectul include \u0219i o serie de lucr\u0103ri complementare menite s\u0103 modernizeze \u00eentreaga infrastructur\u0103 din zon\u0103.<\/p>\n<p class=\"wp-block-paragraph\">Vor fi reabilitate liniile de tramvai, astfel \u00eenc\u00e2t s\u0103 fie p\u0103strat\u0103 posibilitatea unei viitoare conexiuni de transport public. Totodat\u0103, investi\u021bia prevede amenajarea unor piste pentru biciclete, refacerea trotuarelor \u0219i a bordurilor, modernizarea sistemului de iluminat public \u0219i reabilitarea re\u021belei de canalizare pluvial\u0103.<\/p>\n<p class=\"wp-block-paragraph\">La finalul lucr\u0103rilor, infrastructura va oferi condi\u021bii mai bune pentru toate categoriile de participan\u021bi la trafic, de la \u0219oferi \u0219i mijloace de transport public p\u00e2n\u0103 la pietoni \u0219i bicicli\u0219ti.<\/p>\n<h2 class=\"wp-block-heading\">Investi\u021bie de peste 49 de milioane de lei<\/h2>\n<p class=\"wp-block-paragraph\">Reconstruc\u021bia pasajului Slavici\u2013Polon\u0103 reprezint\u0103 una dintre cele mai importante investi\u021bii \u00een infrastructura rutier\u0103 derulate \u00een prezent de administra\u021bia local\u0103.<\/p>\n<p class=\"wp-block-paragraph\">Contractul are o valoare de peste 49 de milioane de lei, f\u0103r\u0103 TVA, iar finan\u021barea este asigurat\u0103 integral din bugetul local al Municipiului Timi\u0219oara.<\/p>\n<p class=\"wp-block-paragraph\">Lucr\u0103rile sunt executate de asocierea format\u0103 din Freyrom S.A., Procons Group S.R.L., Inginerie Drumuri \u0219i Poduri S.R.L. \u0219i Integrated Road Solutions S.R.L. Dup\u0103 finalizarea investi\u021biei, zona fostei Fabrici de Zah\u0103r va beneficia de o infrastructur\u0103 complet modernizat\u0103, adaptat\u0103 cerin\u021belor actuale privind siguran\u021ba \u0219i mobilitatea urban\u0103.<\/p>\n<\/div>\n<p>[analyse_source url=&#8221;https:\/\/orasul-timisoara.ro\/local-39809\/&#8221;]<\/p>\n","protected":false},"excerpt":{"rendered":"<p>[analyse_image type=&#8221;featured&#8221; src=&#8221;https:\/\/orasul-timisoara.ro\/wp-content\/uploads\/2026\/07\/Pasaj-Polona-2.jpg&#8221;] Administra\u021bie local\u0103Au \u00eenceput lucr\u0103rile la funda\u021bia noului pasaj Slavici\u2013Polon\u0103 din Timi\u0219oara Administra\u021bie local\u0103 Investitii in Timisoara \u0218tiri Locale Au \u00eenceput lucr\u0103rile la funda\u021bia noului pasaj Slavici\u2013Polon\u0103 din Timi\u0219oara De c\u0103tre redactia &#8211; 21\/07\/2026 Facebook Twitter WhatsApp Linkedin ReddIt Email Imprimare Prim\u0103ria Municipiului Timi\u0219oara continu\u0103 lucr\u0103rile de reconstruc\u021bie a pasajului Slavici\u2013Polon\u0103, unul dintre [&hellip;]<\/p>\n","protected":false},"author":1,"featured_media":0,"comment_status":"open","ping_status":"","sticky":false,"template":"","format":"standard","meta":{"footnotes":""},"categories":[89],"tags":[226,189],"class_list":["post-2055297","post","type-post","status-publish","format-standard","hentry","category-romania","tag-crawlmanager","tag-orasul-timisoara-ro"],"_links":{"self":[{"href":"https:\/\/analyse.optim.biz\/index.php?rest_route=\/wp\/v2\/posts\/2055297","targetHints":{"allow":["GET"]}}],"collection":[{"href":"https:\/\/analyse.optim.biz\/index.php?rest_route=\/wp\/v2\/posts"}],"about":[{"href":"https:\/\/analyse.optim.biz\/index.php?rest_route=\/wp\/v2\/types\/post"}],"author":[{"embeddable":true,"href":"https:\/\/analyse.optim.biz\/index.php?rest_route=\/wp\/v2\/users\/1"}],"replies":[{"embeddable":true,"href":"https:\/\/analyse.optim.biz\/index.php?rest_route=%2Fwp%2Fv2%2Fcomments&post=2055297"}],"version-history":[{"count":0,"href":"https:\/\/analyse.optim.biz\/index.php?rest_route=\/wp\/v2\/posts\/2055297\/revisions"}],"wp:attachment":[{"href":"https:\/\/analyse.optim.biz\/index.php?rest_route=%2Fwp%2Fv2%2Fmedia&parent=2055297"}],"wp:term":[{"taxonomy":"category","embeddable":true,"href":"https:\/\/analyse.optim.biz\/index.php?rest_route=%2Fwp%2Fv2%2Fcategories&post=2055297"},{"taxonomy":"post_tag","embeddable":true,"href":"https:\/\/analyse.optim.biz\/index.php?rest_route=%2Fwp%2Fv2%2Ftags&post=2055297"}],"curies":[{"name":"wp","href":"https:\/\/api.w.org\/{rel}","templated":true}]}}