{"id":2055295,"date":"2026-07-21T13:25:07","date_gmt":"2026-07-21T10:25:07","guid":{"rendered":"https:\/\/analyse.optim.biz\/?p=2055295"},"modified":"2026-07-21T13:25:07","modified_gmt":"2026-07-21T10:25:07","slug":"achizitii-de-imobile-rectificare-bugetara-si-proiecte-europene-pe-masa-consiliului-local-timisoara","status":"publish","type":"post","link":"https:\/\/analyse.optim.biz\/?p=2055295","title":{"rendered":"Achizi\u021bii de imobile, rectificare bugetar\u0103 \u0219i proiecte europene pe masa Consiliului Local Timi\u0219oara"},"content":{"rendered":"<p>[analyse_image type=&#8221;featured&#8221; src=&#8221;https:\/\/orasul-timisoara.ro\/wp-content\/uploads\/2026\/02\/fritz-darau-consiliu-1-1.jpg&#8221;]<\/p>\n<article id=\"post-39807\" class=\"td-post-template-7 post-39807 post type-post status-publish format-standard has-post-thumbnail category-administratie category-featured category-stiri-timisoara tag-colegiul-national-banatean-2 tag-consiliul-local-timisoara-2 tag-electrometal tag-fonduri-europene tag-infrastructura-2 tag-investitii-timisoara-2 tag-patrimoniu-public tag-primaria-timisoara-2 tag-rectificare-bugetara-2 tag-sedinta-extraordinara tag-servicii-sociale tag-spitalul-louis-turcanu td-container-wrap\">\n<div class=\"td-full-screen-header-image-wrap\">\n<div class=\"td-container td-post-header\">\n<div class=\"td-crumb-container\">\n<div class=\"entry-crumbs\"><span><a title=\"Vede\u021bi toate articolele \u00een Administra\u021bie local\u0103\" class=\"entry-crumb\" href=\"https:\/\/orasul-timisoara.ro\/local-category\/administratie\/\">Administra\u021bie local\u0103<\/a><\/span><span class=\"td-bred-no-url-last\">Achizi\u021bii de imobile, rectificare bugetar\u0103 \u0219i proiecte europene pe masa Consiliului Local&#8230;<\/span><\/div>\n<\/div>\n<div class=\"td-post-header-holder\">\n<div class=\"td-parallax-header\">\n<header class=\"td-post-title\">\n<ul class=\"td-category\">\n<li class=\"entry-category\"><a href=\"https:\/\/orasul-timisoara.ro\/local-category\/administratie\/\">Administra\u021bie local\u0103<\/a><\/li>\n<li class=\"entry-category\"><a href=\"https:\/\/orasul-timisoara.ro\/local-category\/stiri-timisoara\/\">\u0218tiri Locale<\/a><\/li>\n<\/ul>\n<h1 class=\"entry-title\">Achizi\u021bii de imobile, rectificare bugetar\u0103 \u0219i proiecte europene pe masa Consiliului Local Timi\u0219oara<\/h1>\n<div class=\"td-module-meta-info\">\n<div class=\"td-post-author-name\">\n<div class=\"td-author-by\">De c\u0103tre<\/div>\n<p><a href=\"https:\/\/orasul-timisoara.ro\/author\/timisoara\/\">redactia<\/a><\/p>\n<div class=\"td-author-line\"> &#8211; <\/div>\n<\/div>\n<p><span class=\"td-post-date\"><time class=\"entry-date updated td-module-date\" datetime=\"2026-07-21T16:25:07+03:00\">21\/07\/2026<\/time><\/span><\/div>\n<\/header>\n<\/div>\n<\/div>\n<\/div>\n<div id=\"td-full-screen-header-image\" class=\"td-image-gradient-style7\"><img decoding=\"async\" class=\"td-backstretch\" src=\"https:\/\/orasul-timisoara.ro\/wp-content\/uploads\/2026\/02\/fritz-darau-consiliu-1-1.jpg\"><\/div>\n<\/div>\n<div class=\"td-container\">\n<div class=\"td-pb-row\">\n<div class=\"td-pb-span8 td-main-content\" role=\"main\">\n<div class=\"td-ss-main-content\">\n<div class=\"td-post-sharing-top\">\n<div class=\"td-post-sharing-classic\"><iframe title=\"topFacebookLike\" frameborder src=\"https:\/\/www.facebook.com\/plugins\/like.php?href=https:\/\/orasul-timisoara.ro\/local-39807\/&amp;layout=button_count&amp;show_faces=false&amp;width=105&amp;action=like&amp;colorscheme=light&amp;height=21\"><\/iframe><\/div>\n<div id=\"td_social_sharing_article_top\" class=\"td-post-sharing td-ps-bg td-ps-notext td-post-sharing-style1 \">\n<div class=\"td-post-sharing-visible\"><a class=\"td-social-sharing-button td-social-sharing-button-js td-social-network td-social-facebook\" href=\"https:\/\/www.facebook.com\/sharer.php?u=https%3A%2F%2Forasul-timisoara.ro%2Flocal-39807%2F\" title=\"Facebook\"><\/p>\n<div class=\"td-social-but-text\">Facebook<\/div>\n<p><\/a><a class=\"td-social-sharing-button td-social-sharing-button-js td-social-network td-social-twitter\" href=\"https:\/\/twitter.com\/intent\/tweet?text=Achizi%C8%9Bii+de+imobile%2C+rectificare+bugetar%C4%83+%C8%99i+proiecte+europene+pe+masa+Consiliului+Local+Timi%C8%99oara&amp;url=https%3A%2F%2Forasul-timisoara.ro%2Flocal-39807%2F&amp;via=orasultm\" title=\"Twitter\"><\/p>\n<div class=\"td-social-but-text\">Twitter<\/div>\n<p><\/a><a class=\"td-social-sharing-button td-social-sharing-button-js td-social-network td-social-whatsapp\" href=\"https:\/\/api.whatsapp.com\/send?text=Achizi%C8%9Bii+de+imobile%2C+rectificare+bugetar%C4%83+%C8%99i+proiecte+europene+pe+masa+Consiliului+Local+Timi%C8%99oara%20%0A%0A%20https:\/\/orasul-timisoara.ro\/local-39807\/\" title=\"WhatsApp\"><\/p>\n<div class=\"td-social-but-text\">WhatsApp<\/div>\n<p><\/a><a class=\"td-social-sharing-button td-social-sharing-button-js td-social-network td-social-linkedin\" href=\"https:\/\/www.linkedin.com\/shareArticle?mini=true&amp;url=https:\/\/orasul-timisoara.ro\/local-39807\/&amp;title=Achizi%C8%9Bii+de+imobile%2C+rectificare+bugetar%C4%83+%C8%99i+proiecte+europene+pe+masa+Consiliului+Local+Timi%C8%99oara\" title=\"Linkedin\"><\/p>\n<div class=\"td-social-but-text\">Linkedin<\/div>\n<p><\/a><a class=\"td-social-sharing-button td-social-sharing-button-js td-social-network td-social-reddit\" href=\"https:\/\/reddit.com\/submit?url=https:\/\/orasul-timisoara.ro\/local-39807\/&amp;title=Achizi%C8%9Bii+de+imobile%2C+rectificare+bugetar%C4%83+%C8%99i+proiecte+europene+pe+masa+Consiliului+Local+Timi%C8%99oara\" title=\"ReddIt\"><\/p>\n<div class=\"td-social-but-text\">ReddIt<\/div>\n<p><\/a><a class=\"td-social-sharing-button td-social-sharing-button-js td-social-network td-social-mail\" href=\"mailto:?subject=Achizi%C8%9Bii%20de%20imobile,%20rectificare%20bugetar%C4%83%20%C8%99i%20proiecte%20europene%20pe%20masa%20Consiliului%20Local%20Timi%C8%99oara&amp;body=https:\/\/orasul-timisoara.ro\/local-39807\/\" title=\"Email\"><\/p>\n<div class=\"td-social-but-text\">Email<\/div>\n<p><\/a><a class=\"td-social-sharing-button td-social-sharing-button-js td-social-network td-social-print\" href=\"https:\/\/orasul-timisoara.ro\/local-39807\/\" title=\"Imprimare\"><\/p>\n<div class=\"td-social-but-text\">Imprimare<\/div>\n<p><\/a><\/div>\n<\/div>\n<\/div>\n<div class=\"td-post-content tagdiv-type\">\n<p class=\"wp-block-paragraph\">Consiliul Local al Municipiului Timi\u0219oara se va reuni vineri, 24 iulie 2026, de la ora 10:00, \u00eentr-o \u0219edin\u021b\u0103 extraordinar\u0103 desf\u0103\u0219urat\u0103 prin platforma online de videoconferin\u021b\u0103. \u00cent\u00e2lnirea va fi transmis\u0103 \u00een direct pe pagina de Facebook a Prim\u0103riei Timi\u0219oara, iar consilierii locali vor dezbate 19 proiecte de hot\u0103r\u00e2re care vizeaz\u0103 investi\u021bii, achizi\u021bii de imobile, rectificarea bugetului local, dezvoltarea infrastructurii \u0219i proiecte din domeniul s\u0103n\u0103t\u0103\u021bii \u0219i educa\u021biei.<\/p>\n<p class=\"wp-block-paragraph\">Printre cele mai importante puncte de pe ordinea de zi se num\u0103r\u0103 achizi\u021bionarea unor cl\u0103diri destinate extinderii infrastructurii \u0219colare \u0219i serviciilor sociale, cump\u0103rarea construc\u021biilor Electrometal de pe bulevardul Vasile P\u00e2rvan, rectificarea bugetului local pe anul 2026 \u0219i aprobarea unor proiecte pentru atragerea de finan\u021b\u0103ri europene destinate Spitalului de Copii \u201eLouis \u021aurcanu\u201d.<\/p>\n<h2 class=\"wp-block-heading\">Municipalitatea propune trei achizi\u021bii importante de imobile<\/h2>\n<p class=\"wp-block-paragraph\">Primele proiecte aflate pe ordinea de zi vizeaz\u0103 extinderea patrimoniului municipal prin cump\u0103rarea unor imobile considerate importante pentru dezvoltarea serviciilor publice.<\/p>\n<p class=\"wp-block-paragraph\">Consilierii locali vor analiza propunerea privind achizi\u021bionarea construc\u021biilor aflate \u00een proprietatea Electrometal S.A., amplasate pe terenuri care apar\u021bin deja Municipiului Timi\u0219oara, pe bulevardul Vasile P\u00e2rvan nr. 5.<\/p>\n<p class=\"wp-block-paragraph\">Pe ordinea de zi se afl\u0103 \u0219i proiectul privind cump\u0103rarea unui teren de 1.128 de metri p\u0103tra\u021bi \u0219i a cl\u0103dirilor aferente de pe strada Ioan Inocen\u021biu Micu Klein nr. 25-27. Imobilul urmeaz\u0103 s\u0103 fie folosit pentru extinderea serviciilor sociale, inclusiv prin dezvoltarea unui centru reziden\u021bial \u0219i a unor servicii de \u00eengrijiri paliative destinate persoanelor v\u00e2rstnice \u0219i vulnerabile.<\/p>\n<p class=\"wp-block-paragraph\">Tot \u00een cadrul \u0219edin\u021bei va fi analizat\u0103 \u0219i achizi\u021bionarea cl\u0103dirii situate pe bulevardul 16 Decembrie 1989 nr. 30. Dup\u0103 modernizare, aceasta ar urma s\u0103 fie administrat\u0103 de Colegiul Na\u021bional B\u0103n\u0103\u021bean \u0219i transformat\u0103 \u00eentr-o cantin\u0103 modern\u0103 destinat\u0103 elevilor din zona Odobescu.<\/p>\n<h2 class=\"wp-block-heading\">Rectificarea bugetului local, printre cele mai importante proiecte<\/h2>\n<p class=\"wp-block-paragraph\">Un alt punct important al \u0219edin\u021bei \u00eel reprezint\u0103 rectificarea bugetului local al Municipiului Timi\u0219oara pentru anul 2026.<\/p>\n<p class=\"wp-block-paragraph\">Rectific\u0103rile bugetare permit administra\u021biei locale s\u0103 actualizeze aloc\u0103rile financiare \u00een func\u021bie de evolu\u021bia proiectelor aflate \u00een derulare, de necesarul institu\u021biilor publice \u0219i de noile surse de finan\u021bare disponibile pe parcursul anului.<\/p>\n<h2 class=\"wp-block-heading\">Investi\u021bii \u00een infrastructura edilitar\u0103<\/h2>\n<p class=\"wp-block-paragraph\">Consilierii locali vor analiza \u0219i dou\u0103 proiecte privind preluarea \u00een domeniul public al municipiului a unor lucr\u0103ri de extindere a re\u021belelor de ap\u0103 \u0219i canalizare realizate de investitori priva\u021bi.<\/p>\n<p class=\"wp-block-paragraph\">Este vorba despre lucr\u0103rile executate pe strada Aurel Pop nr. 4 \u0219i pe Calea Torontalului, kilometru 4. Dup\u0103 aprobarea proiectelor, aceste re\u021bele vor intra \u00een patrimoniul public al Municipiului Timi\u0219oara, urm\u00e2nd s\u0103 deserveasc\u0103 infrastructura local\u0103.<\/p>\n<h2 class=\"wp-block-heading\">Mai multe opera\u021biuni cadastrale \u0219i actualizarea patrimoniului public<\/h2>\n<p class=\"wp-block-paragraph\">O parte important\u0103 a ordinii de zi este dedicat\u0103 actualiz\u0103rii eviden\u021bei cadastrale \u0219i a patrimoniului municipiului.<\/p>\n<p class=\"wp-block-paragraph\">Consilierii vor dezbate mai multe proiecte privind prima \u00eenregistrare \u00een sistemul integrat de cadastru \u0219i carte funciar\u0103, modific\u0103ri de suprafe\u021be \u0219i atestarea unor terenuri \u00een domeniul public al Municipiului Timi\u0219oara.<\/p>\n<p class=\"wp-block-paragraph\">Printre acestea se reg\u0103sesc terenuri situate pe strada Avram Imbroane, str\u0103zile Armoniei \u0219i Marginii, strada Simion B\u0103rnu\u021biu, precum \u0219i alte imobile pentru care sunt necesare actualiz\u0103ri cadastrale.<\/p>\n<h2 class=\"wp-block-heading\">Drept de preemp\u021biune pentru un apartament dintr-o cl\u0103dire istoric\u0103<\/h2>\n<p class=\"wp-block-paragraph\">Pe ordinea de zi figureaz\u0103 \u0219i exercitarea dreptului de preemp\u021biune pentru achizi\u021bionarea unui apartament situat pe bulevardul Regele Carol I nr. 12.<\/p>\n<p class=\"wp-block-paragraph\">Imobilul este amplasat \u00eentr-o zon\u0103 istoric\u0103 a ora\u0219ului, iar legisla\u021bia permite autorit\u0103\u021bilor locale s\u0103 decid\u0103 dac\u0103 \u00ee\u0219i exercit\u0103 dreptul de preemp\u021biune \u00eenainte ca proprietatea s\u0103 fie v\u00e2ndut\u0103 unui cump\u0103r\u0103tor privat.<\/p>\n<h2 class=\"wp-block-heading\">Finan\u021b\u0103ri europene pentru Spitalul de Copii \u201eLouis \u021aurcanu\u201d<\/h2>\n<p class=\"wp-block-paragraph\">Dou\u0103 dintre proiectele aflate pe ordinea de zi urm\u0103resc aprobarea documenta\u021biilor \u0219i a cheltuielilor necesare pentru accesarea fondurilor europene prin Programul Regional Vest 2021\u20132027.<\/p>\n<p class=\"wp-block-paragraph\">Primul proiect vizeaz\u0103 reabilitarea imobilului de pe strada Corbului nr. 9, iar cel de-al doilea se refer\u0103 la reabilitarea termic\u0103 a cl\u0103dirii de pe strada Teiului nr. 1, ambele utilizate \u00een cadrul Spitalului de Copii \u201eLouis \u021aurcanu\u201d.<\/p>\n<p class=\"wp-block-paragraph\">Prin aceste investi\u021bii, administra\u021bia local\u0103 urm\u0103re\u0219te cre\u0219terea eficien\u021bei energetice a cl\u0103dirilor publice \u0219i \u00eembun\u0103t\u0103\u021birea condi\u021biilor oferite pacien\u021bilor \u0219i personalului medical.<\/p>\n<h2 class=\"wp-block-heading\">\u0218edin\u021ba va fi transmis\u0103 online<\/h2>\n<p class=\"wp-block-paragraph\">Toate cele 19 proiecte de hot\u0103r\u00e2re vor fi supuse votului \u00een cadrul \u0219edin\u021bei extraordinare programate pentru 24 iulie, \u00eencep\u00e2nd cu ora 10:00.<\/p>\n<p class=\"wp-block-paragraph\">\u0218edin\u021ba se va desf\u0103\u0219ura prin videoconferin\u021b\u0103 \u0219i va putea fi urm\u0103rit\u0103 \u00een direct pe pagina de Facebook a Prim\u0103riei Municipiului Timi\u0219oara. Deciziile adoptate vor influen\u021ba at\u00e2t investi\u021biile aflate \u00een preg\u0103tire, c\u00e2t \u0219i dezvoltarea infrastructurii educa\u021bionale, sociale, edilitare \u0219i medicale din municipiu \u00een perioada urm\u0103toare.<\/p>\n<\/div>\n<footer>\n<div class=\"td-post-source-tags\">\n<ul class=\"td-tags td-post-small-box clearfix\">\n<li><span>ETICHETE<\/span><\/li>\n<li><a href=\"https:\/\/orasul-timisoara.ro\/local-tag\/colegiul-national-banatean-2\/\">Colegiul Na\u021bional B\u0103n\u0103\u021bean<\/a><\/li>\n<li><a href=\"https:\/\/orasul-timisoara.ro\/local-tag\/consiliul-local-timisoara-2\/\">Consiliul Local Timi\u0219oara<\/a><\/li>\n<li><a href=\"https:\/\/orasul-timisoara.ro\/local-tag\/electrometal\/\">Electrometal<\/a><\/li>\n<li><a href=\"https:\/\/orasul-timisoara.ro\/local-tag\/fonduri-europene\/\">fonduri europene<\/a><\/li>\n<li><a href=\"https:\/\/orasul-timisoara.ro\/local-tag\/infrastructura-2\/\">infrastructur\u0103<\/a><\/li>\n<li><a href=\"https:\/\/orasul-timisoara.ro\/local-tag\/investitii-timisoara-2\/\">investi\u021bii Timi\u0219oara<\/a><\/li>\n<li><a href=\"https:\/\/orasul-timisoara.ro\/local-tag\/patrimoniu-public\/\">patrimoniu public<\/a><\/li>\n<li><a href=\"https:\/\/orasul-timisoara.ro\/local-tag\/primaria-timisoara-2\/\">Prim\u0103ria Timi\u0219oara<\/a><\/li>\n<li><a href=\"https:\/\/orasul-timisoara.ro\/local-tag\/rectificare-bugetara-2\/\">rectificare bugetar\u0103<\/a><\/li>\n<li><a href=\"https:\/\/orasul-timisoara.ro\/local-tag\/sedinta-extraordinara\/\">\u0219edin\u021b\u0103 extraordinar\u0103<\/a><\/li>\n<li><a href=\"https:\/\/orasul-timisoara.ro\/local-tag\/servicii-sociale\/\">servicii sociale<\/a><\/li>\n<li><a href=\"https:\/\/orasul-timisoara.ro\/local-tag\/spitalul-louis-turcanu\/\">Spitalul Louis \u021aurcanu<\/a><\/li>\n<\/ul>\n<\/div>\n<div class=\"td-post-sharing-bottom\">\n<div class=\"td-post-sharing-classic\"><iframe title=\"bottomFacebookLike\" frameborder src=\"https:\/\/www.facebook.com\/plugins\/like.php?href=https:\/\/orasul-timisoara.ro\/local-39807\/&amp;layout=button_count&amp;show_faces=false&amp;width=105&amp;action=like&amp;colorscheme=light&amp;height=21\"><\/iframe><\/div>\n<div id=\"td_social_sharing_article_bottom\" class=\"td-post-sharing td-ps-bg td-ps-notext td-post-sharing-style1 \">\n<div class=\"td-post-sharing-visible\"><a class=\"td-social-sharing-button td-social-sharing-button-js td-social-network td-social-facebook\" href=\"https:\/\/www.facebook.com\/sharer.php?u=https%3A%2F%2Forasul-timisoara.ro%2Flocal-39807%2F\" title=\"Facebook\"><\/p>\n<div class=\"td-social-but-text\">Facebook<\/div>\n<p><\/a><a class=\"td-social-sharing-button td-social-sharing-button-js td-social-network td-social-twitter\" href=\"https:\/\/twitter.com\/intent\/tweet?text=Achizi%C8%9Bii+de+imobile%2C+rectificare+bugetar%C4%83+%C8%99i+proiecte+europene+pe+masa+Consiliului+Local+Timi%C8%99oara&amp;url=https%3A%2F%2Forasul-timisoara.ro%2Flocal-39807%2F&amp;via=orasultm\" title=\"Twitter\"><\/p>\n<div class=\"td-social-but-text\">Twitter<\/div>\n<p><\/a><a class=\"td-social-sharing-button td-social-sharing-button-js td-social-network td-social-whatsapp\" href=\"https:\/\/api.whatsapp.com\/send?text=Achizi%C8%9Bii+de+imobile%2C+rectificare+bugetar%C4%83+%C8%99i+proiecte+europene+pe+masa+Consiliului+Local+Timi%C8%99oara%20%0A%0A%20https:\/\/orasul-timisoara.ro\/local-39807\/\" title=\"WhatsApp\"><\/p>\n<div class=\"td-social-but-text\">WhatsApp<\/div>\n<p><\/a><a class=\"td-social-sharing-button td-social-sharing-button-js td-social-network td-social-linkedin\" href=\"https:\/\/www.linkedin.com\/shareArticle?mini=true&amp;url=https:\/\/orasul-timisoara.ro\/local-39807\/&amp;title=Achizi%C8%9Bii+de+imobile%2C+rectificare+bugetar%C4%83+%C8%99i+proiecte+europene+pe+masa+Consiliului+Local+Timi%C8%99oara\" title=\"Linkedin\"><\/p>\n<div class=\"td-social-but-text\">Linkedin<\/div>\n<p><\/a><a class=\"td-social-sharing-button td-social-sharing-button-js td-social-network td-social-reddit\" href=\"https:\/\/reddit.com\/submit?url=https:\/\/orasul-timisoara.ro\/local-39807\/&amp;title=Achizi%C8%9Bii+de+imobile%2C+rectificare+bugetar%C4%83+%C8%99i+proiecte+europene+pe+masa+Consiliului+Local+Timi%C8%99oara\" title=\"ReddIt\"><\/p>\n<div class=\"td-social-but-text\">ReddIt<\/div>\n<p><\/a><a class=\"td-social-sharing-button td-social-sharing-button-js td-social-network td-social-mail\" href=\"mailto:?subject=Achizi%C8%9Bii%20de%20imobile,%20rectificare%20bugetar%C4%83%20%C8%99i%20proiecte%20europene%20pe%20masa%20Consiliului%20Local%20Timi%C8%99oara&amp;body=https:\/\/orasul-timisoara.ro\/local-39807\/\" title=\"Email\"><\/p>\n<div class=\"td-social-but-text\">Email<\/div>\n<p><\/a><a class=\"td-social-sharing-button td-social-sharing-button-js td-social-network td-social-print\" href=\"https:\/\/orasul-timisoara.ro\/local-39807\/\" title=\"Imprimare\"><\/p>\n<div class=\"td-social-but-text\">Imprimare<\/div>\n<p><\/a><\/div>\n<\/div>\n<\/div>\n<div class=\"td-block-row td-post-next-prev\">\n<div class=\"td-block-span6 td-post-prev-post\">\n<div class=\"td-post-next-prev-content\"><span>Articolul precedent<\/span><a href=\"https:\/\/orasul-timisoara.ro\/local-39799\/\">Summer Beach Cup 2026 aduce trei zile de sport \u0219i concerte la Ciacova<\/a><\/div>\n<\/div>\n<div class=\"td-block-span6 td-post-next-post\">\n<div class=\"td-post-next-prev-content\"><span>Articolul urm\u0103tor<\/span><a href=\"https:\/\/orasul-timisoara.ro\/local-39809\/\">Au \u00eenceput lucr\u0103rile la funda\u021bia noului pasaj Slavici\u2013Polon\u0103 din Timi\u0219oara<\/a><\/div>\n<\/div>\n<\/div>\n<div class=\"td-author-name vcard author\"><span class=\"fn\"><a href=\"https:\/\/orasul-timisoara.ro\/author\/timisoara\/\">redactia<\/a><\/span><\/div>\n<p><span class=\"td-page-meta\"><\/span><span class=\"td-page-meta\"><span class=\"td-page-meta\"><\/span><\/span><span class=\"td-page-meta\"><\/span><\/footer>\n<div class=\"td_block_wrap td_block_related_posts tdi_3 td_with_ajax_pagination td-pb-border-top td_block_template_8\" data-td-block-uid=\"tdi_3\">\n<h4 class=\"td-related-title td-block-title\"><a id=\"tdi_4\" class=\"td-related-left td-cur-simple-item\" data-td_filter_value data-td_block_id=\"tdi_3\" href=\"https:\/\/orasul-timisoara.ro\/local-39807\/\">ARTICOLE SIMILARE<\/a><a id=\"tdi_5\" class=\"td-related-right\" data-td_filter_value=\"td_related_more_from_author\" data-td_block_id=\"tdi_3\" href=\"https:\/\/orasul-timisoara.ro\/local-39807\/\">DE LA ACELA\u0218I AUTOR<\/a><\/h4>\n<div id=\"tdi_3\" class=\"td_block_inner\">\n<div class=\"td-related-row\">\n<div class=\"td-related-span4\">\n<div class=\"td_module_related_posts td-animation-stack td_mod_related_posts\">\n<div class=\"td-module-image\">\n<div class=\"td-module-thumb\"><a href=\"https:\/\/orasul-timisoara.ro\/local-39819\/\" rel=\"bookmark\" class=\"td-image-wrap \" title=\"Ruben La\u021bc\u0103u: Din august \u00eencep lucr\u0103rile pentru reducerea zgomotului produs de tramvaie\"><img loading=\"lazy\" decoding=\"async\" class=\"entry-thumb\" src=\"https:\/\/orasul-timisoara.ro\/wp-content\/uploads\/2026\/07\/tramvai-proba-sine-436x300.jpg\" alt title=\"Ruben La\u021bc\u0103u: Din august \u00eencep lucr\u0103rile pentru reducerea zgomotului produs de tramvaie\" width=\"218\" height=\"150\"><\/a><\/div>\n<\/div>\n<div class=\"item-details\">\n<h3 class=\"entry-title td-module-title\"><a href=\"https:\/\/orasul-timisoara.ro\/local-39819\/\" rel=\"bookmark\" title=\"Ruben La\u021bc\u0103u: Din august \u00eencep lucr\u0103rile pentru reducerea zgomotului produs de tramvaie\">Ruben La\u021bc\u0103u: Din august \u00eencep lucr\u0103rile pentru reducerea zgomotului produs de tramvaie<\/a><\/h3>\n<\/div>\n<\/div>\n<\/div>\n<div class=\"td-related-span4\">\n<div class=\"td_module_related_posts td-animation-stack td_mod_related_posts\">\n<div class=\"td-module-image\">\n<div class=\"td-module-thumb\"><a href=\"https:\/\/orasul-timisoara.ro\/local-39796\/\" rel=\"bookmark\" class=\"td-image-wrap \" title=\"Prim\u0103ria Timi\u0219oara cump\u0103r\u0103 o cl\u0103dire pentru o cantin\u0103 destinat\u0103 elevilor din zona Odobescu\"><img loading=\"lazy\" decoding=\"async\" class=\"entry-thumb\" src=\"https:\/\/orasul-timisoara.ro\/wp-content\/uploads\/2026\/07\/Screenshot-2026-07-20-144401-436x300.jpg\" alt title=\"Prim\u0103ria Timi\u0219oara cump\u0103r\u0103 o cl\u0103dire pentru o cantin\u0103 destinat\u0103 elevilor din zona Odobescu\" width=\"218\" height=\"150\"><\/a><\/div>\n<\/div>\n<div class=\"item-details\">\n<h3 class=\"entry-title td-module-title\"><a href=\"https:\/\/orasul-timisoara.ro\/local-39796\/\" rel=\"bookmark\" title=\"Prim\u0103ria Timi\u0219oara cump\u0103r\u0103 o cl\u0103dire pentru o cantin\u0103 destinat\u0103 elevilor din zona Odobescu\">Prim\u0103ria Timi\u0219oara cump\u0103r\u0103 o cl\u0103dire pentru o cantin\u0103 destinat\u0103 elevilor din zona Odobescu<\/a><\/h3>\n<\/div>\n<\/div>\n<\/div>\n<div class=\"td-related-span4\">\n<div class=\"td_module_related_posts td-animation-stack td_mod_related_posts\">\n<div class=\"td-module-image\">\n<div class=\"td-module-thumb\"><a href=\"https:\/\/orasul-timisoara.ro\/local-39757\/\" rel=\"bookmark\" class=\"td-image-wrap \" title=\"Jocurile de noroc din Timi\u0219oara, la votul cet\u0103\u021benilor? Propunerea unui consilier local PSD\"><img loading=\"lazy\" decoding=\"async\" class=\"entry-thumb\" src=\"https:\/\/orasul-timisoara.ro\/wp-content\/uploads\/2023\/10\/roxana-iliescu-04-436x300.jpg\" alt title=\"Jocurile de noroc din Timi\u0219oara, la votul cet\u0103\u021benilor? Propunerea unui consilier local PSD\" width=\"218\" height=\"150\"><\/a><\/div>\n<\/div>\n<div class=\"item-details\">\n<h3 class=\"entry-title td-module-title\"><a href=\"https:\/\/orasul-timisoara.ro\/local-39757\/\" rel=\"bookmark\" title=\"Jocurile de noroc din Timi\u0219oara, la votul cet\u0103\u021benilor? Propunerea unui consilier local PSD\">Jocurile de noroc din Timi\u0219oara, la votul cet\u0103\u021benilor? Propunerea unui consilier local PSD<\/a><\/h3>\n<\/div>\n<\/div>\n<\/div>\n<\/div>\n<\/div>\n<\/div>\n<div class=\"comments\" id=\"comments\">\n<div id=\"respond\" class=\"comment-respond\">\n<h3 id=\"reply-title\" class=\"comment-reply-title\">L\u0102SA\u021aI UN MESAJ<\/h3>\n<div class=\"comment-form-input-wrap td-form-comment\">\n<div class=\"td-warning-comment\">V\u0103 rug\u0103m s\u0103 introduce\u021bi comentariul dvs.!<\/div>\n<\/div>\n<div class=\"comment-form-input-wrap td-form-author\">\n<div class=\"td-warning-author\">Introduce\u021bi aici numele dvs.<\/div>\n<\/div>\n<div class=\"comment-form-input-wrap td-form-email\">\n<div class=\"td-warning-email-error\">A\u021bi introdus o adres\u0103 de e-mail incorect\u0103!<\/div>\n<div class=\"td-warning-email\">V\u0103 rug\u0103m s\u0103 introduce\u021bi adresa dvs. de e-mail aici<\/div>\n<\/div>\n<\/div>\n<p class=\"akismet_comment_form_privacy_notice\">Acest site folose\u0219te Akismet pentru a reduce spamul. <a href=\"https:\/\/akismet.com\/privacy\/\" target=\"_blank\" rel=\"nofollow noopener\">Afl\u0103 cum sunt procesate datele comentariilor tale<\/a>.<\/p>\n<\/div>\n<\/div>\n<\/div>\n<div class=\"td-pb-span4 td-main-sidebar\" role=\"complementary\">\n<div class=\"td-ss-main-sidebar\">\n<aside id=\"block-4\" class=\"td_block_template_8 widget block-4 widget_block widget_media_image\">\n<figure class=\"wp-block-image size-full\"><img loading=\"lazy\" decoding=\"async\" width=\"336\" height=\"280\" src=\"https:\/\/orasul-timisoara.ro\/wp-content\/uploads\/2024\/11\/ReTIM-Abonamentul-Verde-Google-Ads-336x280px.gif\" alt class=\"wp-image-29257\"><\/figure>\n<\/aside>\n<div class=\"td_block_wrap td_block_social_counter td_block_widget tdi_6 td-social-style5 td-social-boxed td-pb-border-top td_block_template_8\">\n<div class=\"td-block-title-wrap\">\n<h4 class=\"td-block-title\"><span>Urm\u0103re\u0219te-ne pe Social Media<\/span><\/h4>\n<\/div>\n<div class=\"td-social-list\">\n<div class=\"td_social_type td-pb-margin-side td_social_facebook\">\n<div class=\"td-social-box\"><span class=\"td_social_info td_social_info_counter\">344,595<\/span><span class=\"td_social_info td_social_info_name\">Fani<\/span><span class=\"td_social_button\"><a href=\"https:\/\/www.facebook.com\/247timisoara\" target=\"_blank\" rel=\"nofollow\">\u00cemi place<\/a><\/span><\/div>\n<\/div>\n<div class=\"td_social_type td-pb-margin-side td_social_instagram\">\n<div class=\"td-social-box\"><span class=\"td_social_info td_social_info_counter\">4,416<\/span><span class=\"td_social_info td_social_info_name\">Cititori<\/span><span class=\"td_social_button\"><a href=\"https:\/\/instagram.com\/orasultimisoararo\/\" target=\"_blank\" rel=\"nofollow\">Conecta\u021bi-v\u0103<\/a><\/span><\/div>\n<\/div>\n<div class=\"td_social_type td-pb-margin-side td_social_rss\">\n<div class=\"td-social-box\"><span class=\"td_social_info td_social_info_counter\">12,506<\/span><span class=\"td_social_info td_social_info_name\">Cititori<\/span><span class=\"td_social_button\"><a href=\"https:\/\/orasul-timisoara.ro\/feed\/\" target=\"_blank\" rel=\"nofollow\">Conecta\u021bi-v\u0103<\/a><\/span><\/div>\n<\/div>\n<div class=\"td_social_type td-pb-margin-side td_social_tiktok\">\n<div class=\"td-social-box\"><span class=\"td_social_info td_social_info_counter\">1,500<\/span><span class=\"td_social_info td_social_info_name\">Cititori<\/span><span class=\"td_social_button\"><a href=\"https:\/\/www.tiktok.com\/@orasultimisoara\" target=\"_blank\" rel=\"nofollow\">Conecta\u021bi-v\u0103<\/a><\/span><\/div>\n<\/div>\n<div class=\"td_social_type td-pb-margin-side td_social_twitter\">\n<div class=\"td-social-box\"><span class=\"td_social_info td_social_info_counter\">1,595<\/span><span class=\"td_social_info td_social_info_name\">Cititori<\/span><span class=\"td_social_button\"><a href=\"https:\/\/twitter.com\/orasultm\" target=\"_blank\" rel=\"nofollow\">Conecta\u021bi-v\u0103<\/a><\/span><\/div>\n<\/div>\n<div class=\"td_social_type td-pb-margin-side td_social_youtube\">\n<div class=\"td-social-box\"><span class=\"td_social_info td_social_info_counter\">3,506<\/span><span class=\"td_social_info td_social_info_name\">Abona\u021bi<\/span><span class=\"td_social_button\"><a href=\"https:\/\/www.youtube.com\/channel\/UCQNsQvs2XCSIm1Z-AHRturw?sub_confirmation=1\" target=\"_blank\" rel=\"nofollow\">Abona\u021bi-v\u0103<\/a><\/span><\/div>\n<\/div>\n<\/div>\n<\/div>\n<aside id=\"text-7\" class=\"td_block_template_8 widget text-7 widget_text\">\n<h4 class=\"td-block-title\"><span>C\u0103ut\u0103ri populare pe OTM<\/span><\/h4>\n<div class=\"textwidget\"><a href=\"https:\/\/orasul-timisoara.ro\/?s=timisoara\"><span>Timisoara<\/span><\/a><a href=\"https:\/\/orasul-timisoara.ro\/?s=calin+dobra\"><span>Calin Dobra<\/span><\/a><a href=\"https:\/\/orasul-timisoara.ro\/?s=primaria+timisoara\"><span>Primaria Timisoara<\/span><\/a><a href=\"https:\/\/orasul-timisoara.ro\/?s=dominic+fritz\"><span>Dominic Fritz<\/span><\/a><a href=\"https:\/\/orasul-timisoara.ro\/?s=nicolae+robu\"><span>Nicolae Robu<\/span><\/a><a href=\"https:\/\/orasul-timisoara.ro\/?s=consiliul+local+timisoara\">Consiliul Local Timisoara<\/a><a href=\"https:\/\/orasul-timisoara.ro\/?s=consiliul+judetean+timis\"><span>Consiliul Judetean Timis<\/span><\/a><a href=\"https:\/\/orasul-timisoara.ro\/?s=cjt\"><span>CJT<\/span><\/a><a href=\"https:\/\/orasul-timisoara.ro\/?s=Alfred+Simonis\"><span>Alfred Simonis<\/span><\/a><a href=\"https:\/\/orasul-timisoara.ro\/?s=PNL\"><span>PNL<\/span><\/a><a href=\"https:\/\/orasul-timisoara.ro\/?s=coronavirus\"><span>coronavirus<\/span><\/a><a href=\"https:\/\/orasul-timisoara.ro\/?s=teatru+timisoara\">teatru Timisoara<\/a><a href=\"https:\/\/orasul-timisoara.ro\/?s=restaurante\"><span>restaurante Timisoara<\/span><\/a><a href=\"https:\/\/orasul-timisoara.ro\/?s=diskoteka\"><span>Diskoteka<\/span><\/a><a href=\"https:\/\/orasul-timisoara.ro\/?s=iulius+town\"><span>Iulius Town<\/span><\/a><a href=\"https:\/\/orasul-timisoara.ro\/?s=iulius+mall\"><span>Iulius Mall<\/span><\/a><a href=\"https:\/\/orasul-timisoara.ro\/?s=stpt\"><span>STPT<\/span><\/a><a href=\"https:\/\/orasul-timisoara.ro\/?s=alin+nica\"><span>Alin Nica<\/span><\/a><a href=\"https:\/\/orasul-timisoara.ro\/?s=psd\"><span>PSD<\/span><\/a><a href=\"https:\/\/orasul-timisoara.ro\/?s=aeroport\"><span>Aeroportul International Timisoara<\/span><\/a><a href=\"https:\/\/orasul-timisoara.ro\/?s=babes\"><span>Spitalul Victor Babes Timisoara<\/span><\/a><a href=\"https:\/\/orasul-timisoara.ro\/?s=poli\"><span>Poli Timi\u0219oara<\/span><\/a><a href=\"https:\/\/orasul-timisoara.ro\/?s=carantina\"><span>carantina<\/span><\/a><a href=\"https:\/\/orasul-timisoara.ro\/?s=aquatim\"><span>Aquatim<\/span><\/a><a href=\"https:\/\/orasul-timisoara.ro\/local-category\/stiri-timisoara\/\"><span>Stiri Timisoara<\/span><\/a><a href=\"https:\/\/orasul-timisoara.ro\/local-category\/investitii-in-timisoara\/\"><span>Investi\u021bii in Timi\u0219oara<\/span><\/a><a href=\"https:\/\/orasul-timisoara.ro\/local-9463\/\"><span>shaorma<\/span><\/a><a href=\"https:\/\/orasul-timisoara.ro\/?s=trafic\"><span>trafic rutier<\/span><\/a><a href=\"https:\/\/orasul-timisoara.ro\/?s=politia\"><span>politia locala timisoara<\/span><\/a><a href=\"https:\/\/orasul-timisoara.ro\/?s=roxana\"><span>Roxana Iliescu<\/span><\/a><a href=\"https:\/\/orasul-timisoara.ro\/?s=colterm\"><span>Colterm<\/span><\/a><a href=\"https:\/\/orasul-timisoara.ro\/?s=latcau\"><span>Ruben La\u021bc\u0103u<\/span><\/a><a href=\"https:\/\/orasul-timisoara.ro\/?s=timis\"><span>\u0218tiri din Timi\u0219<\/span><\/a><a href=\"https:\/\/orasul-timisoara.ro\/?s=spital\"><span>Spitale din Timi\u0219oara<\/span><\/a><a href=\"https:\/\/orasul-timisoara.ro\/?s=tabara\"><span>Cosmin Tab\u0103r\u0103<\/span><\/a><\/div>\n<\/aside>\n<aside id=\"rss-2\" class=\"td_block_template_8 widget rss-2 widget_rss\">\n<h4 class=\"td-block-title\"><span><a class=\"rsswidget rss-widget-feed\" href=\"https:\/\/fashionfridays.ro\/feed\"><img decoding=\"async\" class=\"rss-widget-icon\" width=\"14\" height=\"14\" src=\"https:\/\/orasul-timisoara.ro\/wp-includes\/images\/rss.png\" alt=\"RSS\" loading=\"lazy\"><\/a><a class=\"rsswidget rss-widget-title\" href=\"https:\/\/fashionfridays.ro\/\">Fashion Fridays<\/a><\/span><\/h4>\n<ul>\n<li><a class=\"rsswidget\" href=\"https:\/\/fashionfridays.ro\/romania-devine-a-29-a-piata-vogue-o-noua-era-pentru-industria-locala-de-moda\/\">Rom\u00e2nia devine a 29-a pia\u021b\u0103 Vogue: o nou\u0103 er\u0103 pentru industria local\u0103 de mod\u0103<\/a>\n<div class=\"rssSummary\">Revista Vogue \u00ee\u0219i extinde prezen\u021ba global\u0103 \u0219i va fi lansat\u0103 oficial \u00een Rom\u00e2nia \u00een prim\u0103vara anului 2027, marc\u00e2nd intrarea pe cea de-a 29-a pia\u021b\u0103 interna\u021bional\u0103. Proiectul este realizat \u00een parteneriat cu AEMME Publishing, o companie media recent \u00eenfiin\u021bat\u0103, care va publica edi\u021bia local\u0103 sub licen\u021b\u0103. Noua edi\u021bie, Vogue Rom\u00e2nia, \u00ee\u0219i propune s\u0103 combine autoritatea global\u0103 [\u2026]<\/div>\n<\/li>\n<\/ul>\n<\/aside>\n<aside id=\"rss-4\" class=\"td_block_template_8 widget rss-4 widget_rss\">\n<h4 class=\"td-block-title\"><span><a class=\"rsswidget rss-widget-feed\" href=\"https:\/\/emasini.ro\/feed\"><img decoding=\"async\" class=\"rss-widget-icon\" width=\"14\" height=\"14\" src=\"https:\/\/orasul-timisoara.ro\/wp-includes\/images\/rss.png\" alt=\"RSS\" loading=\"lazy\"><\/a><a class=\"rsswidget rss-widget-title\" href=\"https:\/\/emasini.ro\/\">eMasini<\/a><\/span><\/h4>\n<ul>\n<li><a class=\"rsswidget\" href=\"https:\/\/emasini.ro\/dacia-analizeaza-lansarea-lui-hipster-automobilul-urban-de-doar-3-metri-lungime\/\">Dacia analizeaz\u0103 lansarea lui Hipster, automobilul urban de doar 3 metri lungime (video)<\/a>\n<div class=\"rssSummary\">Dacia ar putea introduce pe pia\u021b\u0103 unul dintre cele mai neobi\u0219nuite modele din istoria sa recent\u0103. Conceptul Hipster, prezentat anul trecut ca o reinterpretare radical\u0103 a automobilului urban accesibil, se afl\u0103 \u00een prezent \u00eentr-o etap\u0103 de evaluare, iar decizia privind produc\u021bia de serie va fi luat\u0103 \u00een func\u021bie de reac\u021bia publicului \u0219i de evolu\u021bia reglement\u0103rilor [\u2026]<\/div>\n<\/li>\n<\/ul>\n<\/aside>\n<\/div>\n<\/div>\n<\/div>\n<\/div>\n<\/article>\n<div class=\"td-post-content tagdiv-type\">\n<p class=\"wp-block-paragraph\">Consiliul Local al Municipiului Timi\u0219oara se va reuni vineri, 24 iulie 2026, de la ora 10:00, \u00eentr-o \u0219edin\u021b\u0103 extraordinar\u0103 desf\u0103\u0219urat\u0103 prin platforma online de videoconferin\u021b\u0103. \u00cent\u00e2lnirea va fi transmis\u0103 \u00een direct pe pagina de Facebook a Prim\u0103riei Timi\u0219oara, iar consilierii locali vor dezbate 19 proiecte de hot\u0103r\u00e2re care vizeaz\u0103 investi\u021bii, achizi\u021bii de imobile, rectificarea bugetului local, dezvoltarea infrastructurii \u0219i proiecte din domeniul s\u0103n\u0103t\u0103\u021bii \u0219i educa\u021biei.<\/p>\n<p class=\"wp-block-paragraph\">Printre cele mai importante puncte de pe ordinea de zi se num\u0103r\u0103 achizi\u021bionarea unor cl\u0103diri destinate extinderii infrastructurii \u0219colare \u0219i serviciilor sociale, cump\u0103rarea construc\u021biilor Electrometal de pe bulevardul Vasile P\u00e2rvan, rectificarea bugetului local pe anul 2026 \u0219i aprobarea unor proiecte pentru atragerea de finan\u021b\u0103ri europene destinate Spitalului de Copii \u201eLouis \u021aurcanu\u201d.<\/p>\n<h2 class=\"wp-block-heading\">Municipalitatea propune trei achizi\u021bii importante de imobile<\/h2>\n<p class=\"wp-block-paragraph\">Primele proiecte aflate pe ordinea de zi vizeaz\u0103 extinderea patrimoniului municipal prin cump\u0103rarea unor imobile considerate importante pentru dezvoltarea serviciilor publice.<\/p>\n<p class=\"wp-block-paragraph\">Consilierii locali vor analiza propunerea privind achizi\u021bionarea construc\u021biilor aflate \u00een proprietatea Electrometal S.A., amplasate pe terenuri care apar\u021bin deja Municipiului Timi\u0219oara, pe bulevardul Vasile P\u00e2rvan nr. 5.<\/p>\n<p class=\"wp-block-paragraph\">Pe ordinea de zi se afl\u0103 \u0219i proiectul privind cump\u0103rarea unui teren de 1.128 de metri p\u0103tra\u021bi \u0219i a cl\u0103dirilor aferente de pe strada Ioan Inocen\u021biu Micu Klein nr. 25-27. Imobilul urmeaz\u0103 s\u0103 fie folosit pentru extinderea serviciilor sociale, inclusiv prin dezvoltarea unui centru reziden\u021bial \u0219i a unor servicii de \u00eengrijiri paliative destinate persoanelor v\u00e2rstnice \u0219i vulnerabile.<\/p>\n<p class=\"wp-block-paragraph\">Tot \u00een cadrul \u0219edin\u021bei va fi analizat\u0103 \u0219i achizi\u021bionarea cl\u0103dirii situate pe bulevardul 16 Decembrie 1989 nr. 30. Dup\u0103 modernizare, aceasta ar urma s\u0103 fie administrat\u0103 de Colegiul Na\u021bional B\u0103n\u0103\u021bean \u0219i transformat\u0103 \u00eentr-o cantin\u0103 modern\u0103 destinat\u0103 elevilor din zona Odobescu.<\/p>\n<h2 class=\"wp-block-heading\">Rectificarea bugetului local, printre cele mai importante proiecte<\/h2>\n<p class=\"wp-block-paragraph\">Un alt punct important al \u0219edin\u021bei \u00eel reprezint\u0103 rectificarea bugetului local al Municipiului Timi\u0219oara pentru anul 2026.<\/p>\n<p class=\"wp-block-paragraph\">Rectific\u0103rile bugetare permit administra\u021biei locale s\u0103 actualizeze aloc\u0103rile financiare \u00een func\u021bie de evolu\u021bia proiectelor aflate \u00een derulare, de necesarul institu\u021biilor publice \u0219i de noile surse de finan\u021bare disponibile pe parcursul anului.<\/p>\n<h2 class=\"wp-block-heading\">Investi\u021bii \u00een infrastructura edilitar\u0103<\/h2>\n<p class=\"wp-block-paragraph\">Consilierii locali vor analiza \u0219i dou\u0103 proiecte privind preluarea \u00een domeniul public al municipiului a unor lucr\u0103ri de extindere a re\u021belelor de ap\u0103 \u0219i canalizare realizate de investitori priva\u021bi.<\/p>\n<p class=\"wp-block-paragraph\">Este vorba despre lucr\u0103rile executate pe strada Aurel Pop nr. 4 \u0219i pe Calea Torontalului, kilometru 4. Dup\u0103 aprobarea proiectelor, aceste re\u021bele vor intra \u00een patrimoniul public al Municipiului Timi\u0219oara, urm\u00e2nd s\u0103 deserveasc\u0103 infrastructura local\u0103.<\/p>\n<h2 class=\"wp-block-heading\">Mai multe opera\u021biuni cadastrale \u0219i actualizarea patrimoniului public<\/h2>\n<p class=\"wp-block-paragraph\">O parte important\u0103 a ordinii de zi este dedicat\u0103 actualiz\u0103rii eviden\u021bei cadastrale \u0219i a patrimoniului municipiului.<\/p>\n<p class=\"wp-block-paragraph\">Consilierii vor dezbate mai multe proiecte privind prima \u00eenregistrare \u00een sistemul integrat de cadastru \u0219i carte funciar\u0103, modific\u0103ri de suprafe\u021be \u0219i atestarea unor terenuri \u00een domeniul public al Municipiului Timi\u0219oara.<\/p>\n<p class=\"wp-block-paragraph\">Printre acestea se reg\u0103sesc terenuri situate pe strada Avram Imbroane, str\u0103zile Armoniei \u0219i Marginii, strada Simion B\u0103rnu\u021biu, precum \u0219i alte imobile pentru care sunt necesare actualiz\u0103ri cadastrale.<\/p>\n<h2 class=\"wp-block-heading\">Drept de preemp\u021biune pentru un apartament dintr-o cl\u0103dire istoric\u0103<\/h2>\n<p class=\"wp-block-paragraph\">Pe ordinea de zi figureaz\u0103 \u0219i exercitarea dreptului de preemp\u021biune pentru achizi\u021bionarea unui apartament situat pe bulevardul Regele Carol I nr. 12.<\/p>\n<p class=\"wp-block-paragraph\">Imobilul este amplasat \u00eentr-o zon\u0103 istoric\u0103 a ora\u0219ului, iar legisla\u021bia permite autorit\u0103\u021bilor locale s\u0103 decid\u0103 dac\u0103 \u00ee\u0219i exercit\u0103 dreptul de preemp\u021biune \u00eenainte ca proprietatea s\u0103 fie v\u00e2ndut\u0103 unui cump\u0103r\u0103tor privat.<\/p>\n<h2 class=\"wp-block-heading\">Finan\u021b\u0103ri europene pentru Spitalul de Copii \u201eLouis \u021aurcanu\u201d<\/h2>\n<p class=\"wp-block-paragraph\">Dou\u0103 dintre proiectele aflate pe ordinea de zi urm\u0103resc aprobarea documenta\u021biilor \u0219i a cheltuielilor necesare pentru accesarea fondurilor europene prin Programul Regional Vest 2021\u20132027.<\/p>\n<p class=\"wp-block-paragraph\">Primul proiect vizeaz\u0103 reabilitarea imobilului de pe strada Corbului nr. 9, iar cel de-al doilea se refer\u0103 la reabilitarea termic\u0103 a cl\u0103dirii de pe strada Teiului nr. 1, ambele utilizate \u00een cadrul Spitalului de Copii \u201eLouis \u021aurcanu\u201d.<\/p>\n<p class=\"wp-block-paragraph\">Prin aceste investi\u021bii, administra\u021bia local\u0103 urm\u0103re\u0219te cre\u0219terea eficien\u021bei energetice a cl\u0103dirilor publice \u0219i \u00eembun\u0103t\u0103\u021birea condi\u021biilor oferite pacien\u021bilor \u0219i personalului medical.<\/p>\n<h2 class=\"wp-block-heading\">\u0218edin\u021ba va fi transmis\u0103 online<\/h2>\n<p class=\"wp-block-paragraph\">Toate cele 19 proiecte de hot\u0103r\u00e2re vor fi supuse votului \u00een cadrul \u0219edin\u021bei extraordinare programate pentru 24 iulie, \u00eencep\u00e2nd cu ora 10:00.<\/p>\n<p class=\"wp-block-paragraph\">\u0218edin\u021ba se va desf\u0103\u0219ura prin videoconferin\u021b\u0103 \u0219i va putea fi urm\u0103rit\u0103 \u00een direct pe pagina de Facebook a Prim\u0103riei Municipiului Timi\u0219oara. Deciziile adoptate vor influen\u021ba at\u00e2t investi\u021biile aflate \u00een preg\u0103tire, c\u00e2t \u0219i dezvoltarea infrastructurii educa\u021bionale, sociale, edilitare \u0219i medicale din municipiu \u00een perioada urm\u0103toare.<\/p>\n<\/div>\n<p>[analyse_source url=&#8221;https:\/\/orasul-timisoara.ro\/local-39807\/&#8221;]<\/p>\n","protected":false},"excerpt":{"rendered":"<p>[analyse_image type=&#8221;featured&#8221; src=&#8221;https:\/\/orasul-timisoara.ro\/wp-content\/uploads\/2026\/02\/fritz-darau-consiliu-1-1.jpg&#8221;] Administra\u021bie local\u0103Achizi\u021bii de imobile, rectificare bugetar\u0103 \u0219i proiecte europene pe masa Consiliului Local&#8230; Administra\u021bie local\u0103 \u0218tiri Locale Achizi\u021bii de imobile, rectificare bugetar\u0103 \u0219i proiecte europene pe masa Consiliului Local Timi\u0219oara De c\u0103tre redactia &#8211; 21\/07\/2026 Facebook Twitter WhatsApp Linkedin ReddIt Email Imprimare Consiliul Local al Municipiului Timi\u0219oara se va reuni vineri, 24 [&hellip;]<\/p>\n","protected":false},"author":1,"featured_media":0,"comment_status":"open","ping_status":"","sticky":false,"template":"","format":"standard","meta":{"footnotes":""},"categories":[89],"tags":[226,189],"class_list":["post-2055295","post","type-post","status-publish","format-standard","hentry","category-romania","tag-crawlmanager","tag-orasul-timisoara-ro"],"_links":{"self":[{"href":"https:\/\/analyse.optim.biz\/index.php?rest_route=\/wp\/v2\/posts\/2055295","targetHints":{"allow":["GET"]}}],"collection":[{"href":"https:\/\/analyse.optim.biz\/index.php?rest_route=\/wp\/v2\/posts"}],"about":[{"href":"https:\/\/analyse.optim.biz\/index.php?rest_route=\/wp\/v2\/types\/post"}],"author":[{"embeddable":true,"href":"https:\/\/analyse.optim.biz\/index.php?rest_route=\/wp\/v2\/users\/1"}],"replies":[{"embeddable":true,"href":"https:\/\/analyse.optim.biz\/index.php?rest_route=%2Fwp%2Fv2%2Fcomments&post=2055295"}],"version-history":[{"count":0,"href":"https:\/\/analyse.optim.biz\/index.php?rest_route=\/wp\/v2\/posts\/2055295\/revisions"}],"wp:attachment":[{"href":"https:\/\/analyse.optim.biz\/index.php?rest_route=%2Fwp%2Fv2%2Fmedia&parent=2055295"}],"wp:term":[{"taxonomy":"category","embeddable":true,"href":"https:\/\/analyse.optim.biz\/index.php?rest_route=%2Fwp%2Fv2%2Fcategories&post=2055295"},{"taxonomy":"post_tag","embeddable":true,"href":"https:\/\/analyse.optim.biz\/index.php?rest_route=%2Fwp%2Fv2%2Ftags&post=2055295"}],"curies":[{"name":"wp","href":"https:\/\/api.w.org\/{rel}","templated":true}]}}