{"id":2055292,"date":"2026-07-21T14:23:31","date_gmt":"2026-07-21T11:23:31","guid":{"rendered":"https:\/\/analyse.optim.biz\/?p=2055292"},"modified":"2026-07-21T14:23:31","modified_gmt":"2026-07-21T11:23:31","slug":"timisoara-reda-comunitatii-turnul-de-apa-din-iosefin-dupa-o-investitie-de-peste-105-milioane-de-lei","status":"publish","type":"post","link":"https:\/\/analyse.optim.biz\/?p=2055292","title":{"rendered":"Timi\u0219oara red\u0103 comunit\u0103\u021bii Turnul de Ap\u0103 din Iosefin dup\u0103 o investi\u021bie de peste 10,5 milioane de lei"},"content":{"rendered":"<p>[analyse_image type=&#8221;featured&#8221; src=&#8221;https:\/\/orasul-timisoara.ro\/wp-content\/uploads\/2026\/07\/Turn-5.jpg&#8221;]<\/p>\n<article id=\"post-39822\" class=\"td-post-template-7 post-39822 post type-post status-publish format-standard has-post-thumbnail category-administratie category-featured category-investitii-in-timisoara category-stiri-timisoara tag-belvedere tag-canalul-bega tag-cultura-2 tag-dominic-fritz tag-iosefin tag-monument-istoric tag-patrimoniu-industrial tag-primaria-timisoara-2 tag-restaurare tag-timisoara-2 tag-turism tag-turnul-de-apa-iosefin td-container-wrap\">\n<div class=\"td-full-screen-header-image-wrap\">\n<div class=\"td-container td-post-header\">\n<div class=\"td-crumb-container\">\n<div class=\"entry-crumbs\"><span><a title=\"Vede\u021bi toate articolele \u00een Administra\u021bie local\u0103\" class=\"entry-crumb\" href=\"https:\/\/orasul-timisoara.ro\/local-category\/administratie\/\">Administra\u021bie local\u0103<\/a><\/span><span class=\"td-bred-no-url-last\">Timi\u0219oara red\u0103 comunit\u0103\u021bii Turnul de Ap\u0103 din Iosefin dup\u0103 o investi\u021bie de&#8230;<\/span><\/div>\n<\/div>\n<div class=\"td-post-header-holder\">\n<div class=\"td-parallax-header\">\n<header class=\"td-post-title\">\n<ul class=\"td-category\">\n<li class=\"entry-category\"><a href=\"https:\/\/orasul-timisoara.ro\/local-category\/administratie\/\">Administra\u021bie local\u0103<\/a><\/li>\n<li class=\"entry-category\"><a href=\"https:\/\/orasul-timisoara.ro\/local-category\/investitii-in-timisoara\/\">Investitii in Timisoara<\/a><\/li>\n<li class=\"entry-category\"><a href=\"https:\/\/orasul-timisoara.ro\/local-category\/stiri-timisoara\/\">\u0218tiri Locale<\/a><\/li>\n<\/ul>\n<h1 class=\"entry-title\">Timi\u0219oara red\u0103 comunit\u0103\u021bii Turnul de Ap\u0103 din Iosefin dup\u0103 o investi\u021bie de peste 10,5 milioane de lei<\/h1>\n<div class=\"td-module-meta-info\">\n<div class=\"td-post-author-name\">\n<div class=\"td-author-by\">De c\u0103tre<\/div>\n<p><a href=\"https:\/\/orasul-timisoara.ro\/author\/timisoara\/\">redactia<\/a><\/p>\n<div class=\"td-author-line\"> &#8211; <\/div>\n<\/div>\n<p><span class=\"td-post-date\"><time class=\"entry-date updated td-module-date\" datetime=\"2026-07-21T17:23:31+03:00\">21\/07\/2026<\/time><\/span><\/div>\n<\/header>\n<\/div>\n<\/div>\n<\/div>\n<div id=\"td-full-screen-header-image\" class=\"td-image-gradient-style7\"><img decoding=\"async\" class=\"td-backstretch\" src=\"https:\/\/orasul-timisoara.ro\/wp-content\/uploads\/2026\/07\/Turn-5.jpg\"><\/div>\n<\/div>\n<div class=\"td-container\">\n<div class=\"td-pb-row\">\n<div class=\"td-pb-span8 td-main-content\" role=\"main\">\n<div class=\"td-ss-main-content\">\n<div class=\"td-post-sharing-top\">\n<div class=\"td-post-sharing-classic\"><iframe title=\"topFacebookLike\" frameborder src=\"https:\/\/www.facebook.com\/plugins\/like.php?href=https:\/\/orasul-timisoara.ro\/local-39822\/&amp;layout=button_count&amp;show_faces=false&amp;width=105&amp;action=like&amp;colorscheme=light&amp;height=21\"><\/iframe><\/div>\n<div id=\"td_social_sharing_article_top\" class=\"td-post-sharing td-ps-bg td-ps-notext td-post-sharing-style1 \">\n<div class=\"td-post-sharing-visible\"><a class=\"td-social-sharing-button td-social-sharing-button-js td-social-network td-social-facebook\" href=\"https:\/\/www.facebook.com\/sharer.php?u=https%3A%2F%2Forasul-timisoara.ro%2Flocal-39822%2F\" title=\"Facebook\"><\/p>\n<div class=\"td-social-but-text\">Facebook<\/div>\n<p><\/a><a class=\"td-social-sharing-button td-social-sharing-button-js td-social-network td-social-twitter\" href=\"https:\/\/twitter.com\/intent\/tweet?text=Timi%C8%99oara+red%C4%83+comunit%C4%83%C8%9Bii+Turnul+de+Ap%C4%83+din+Iosefin+dup%C4%83+o+investi%C8%9Bie+de+peste+10%2C5+milioane+de+lei&amp;url=https%3A%2F%2Forasul-timisoara.ro%2Flocal-39822%2F&amp;via=orasultm\" title=\"Twitter\"><\/p>\n<div class=\"td-social-but-text\">Twitter<\/div>\n<p><\/a><a class=\"td-social-sharing-button td-social-sharing-button-js td-social-network td-social-whatsapp\" href=\"https:\/\/api.whatsapp.com\/send?text=Timi%C8%99oara+red%C4%83+comunit%C4%83%C8%9Bii+Turnul+de+Ap%C4%83+din+Iosefin+dup%C4%83+o+investi%C8%9Bie+de+peste+10%2C5+milioane+de+lei%20%0A%0A%20https:\/\/orasul-timisoara.ro\/local-39822\/\" title=\"WhatsApp\"><\/p>\n<div class=\"td-social-but-text\">WhatsApp<\/div>\n<p><\/a><a class=\"td-social-sharing-button td-social-sharing-button-js td-social-network td-social-linkedin\" href=\"https:\/\/www.linkedin.com\/shareArticle?mini=true&amp;url=https:\/\/orasul-timisoara.ro\/local-39822\/&amp;title=Timi%C8%99oara+red%C4%83+comunit%C4%83%C8%9Bii+Turnul+de+Ap%C4%83+din+Iosefin+dup%C4%83+o+investi%C8%9Bie+de+peste+10%2C5+milioane+de+lei\" title=\"Linkedin\"><\/p>\n<div class=\"td-social-but-text\">Linkedin<\/div>\n<p><\/a><a class=\"td-social-sharing-button td-social-sharing-button-js td-social-network td-social-reddit\" href=\"https:\/\/reddit.com\/submit?url=https:\/\/orasul-timisoara.ro\/local-39822\/&amp;title=Timi%C8%99oara+red%C4%83+comunit%C4%83%C8%9Bii+Turnul+de+Ap%C4%83+din+Iosefin+dup%C4%83+o+investi%C8%9Bie+de+peste+10%2C5+milioane+de+lei\" title=\"ReddIt\"><\/p>\n<div class=\"td-social-but-text\">ReddIt<\/div>\n<p><\/a><a class=\"td-social-sharing-button td-social-sharing-button-js td-social-network td-social-mail\" href=\"mailto:?subject=Timi%C8%99oara%20red%C4%83%20comunit%C4%83%C8%9Bii%20Turnul%20de%20Ap%C4%83%20din%20Iosefin%20dup%C4%83%20o%20investi%C8%9Bie%20de%20peste%2010,5%20milioane%20de%20lei&amp;body=https:\/\/orasul-timisoara.ro\/local-39822\/\" title=\"Email\"><\/p>\n<div class=\"td-social-but-text\">Email<\/div>\n<p><\/a><a class=\"td-social-sharing-button td-social-sharing-button-js td-social-network td-social-print\" href=\"https:\/\/orasul-timisoara.ro\/local-39822\/\" title=\"Imprimare\"><\/p>\n<div class=\"td-social-but-text\">Imprimare<\/div>\n<p><\/a><\/div>\n<\/div>\n<\/div>\n<div class=\"td-post-content tagdiv-type\">\n<p class=\"wp-block-paragraph\">Unul dintre cele mai reprezentative monumente de patrimoniu industrial din Timi\u0219oara este preg\u0103tit s\u0103 \u00ee\u0219i primeasc\u0103 primii vizitatori. Prim\u0103ria Municipiului Timi\u0219oara a finalizat lucr\u0103rile de restaurare \u0219i refunc\u021bionalizare a Turnului de Ap\u0103 din Iosefin, care va fi deschis publicului pentru prima dat\u0103 de la inaugurarea sa, \u00een anul 1914.<\/p>\n<p class=\"wp-block-paragraph\">Investi\u021bia transform\u0103 cl\u0103direa \u00eentr-un centru cultural \u0219i de vizitare, oferind timi\u0219orenilor \u0219i turi\u0219tilor acces la o platform\u0103 de belvedere amplasat\u0103 la aproximativ 50 de metri \u00een\u0103l\u021bime, precum \u0219i la un traseu expozi\u021bional amenajat \u00een interiorul monumentului. Noul obiectiv va fi inaugurat \u00een weekendul dedicat Zilei Timi\u0219oarei, iar programul complet al vizitelor urmeaz\u0103 s\u0103 fie anun\u021bat de administra\u021bia local\u0103.<\/p>\n<h2 class=\"wp-block-heading\">Un simbol al cartierului Iosefin prime\u0219te o nou\u0103 via\u021b\u0103<\/h2>\n<p class=\"wp-block-paragraph\">Construit \u00een 1914 pentru alimentarea cu ap\u0103 a ora\u0219ului, Turnul de Ap\u0103 din Iosefin reprezint\u0103 unul dintre cele mai cunoscute repere arhitecturale \u0219i industriale ale Timi\u0219oarei.<\/p>\n<p class=\"wp-block-paragraph\">Dup\u0103 mai bine de un secol de existen\u021b\u0103 \u0219i o ampl\u0103 restaurare, cl\u0103direa va avea o nou\u0103 func\u021biune, devenind un spa\u021biu dedicat culturii, patrimoniului \u0219i evenimentelor publice.<\/p>\n<p class=\"wp-block-paragraph\">Primarul Dominic Fritz a declarat c\u0103 proiectul face parte din strategia municipalit\u0103\u021bii de revitalizare a cartierului istoric Iosefin \u0219i de valorificare a patrimoniului industrial al ora\u0219ului.<\/p>\n<h2 class=\"wp-block-heading\">Platform\u0103 de belvedere la aproape 50 de metri \u00een\u0103l\u021bime<\/h2>\n<p class=\"wp-block-paragraph\">Una dintre principalele atrac\u021bii ale noului obiectiv este platforma de belvedere amenajat\u0103 la aproximativ 50 de metri \u00een\u0103l\u021bime.<\/p>\n<p class=\"wp-block-paragraph\">De aici, vizitatorii vor putea admira o panoram\u0103 asupra cartierului Iosefin, a Canalului Bega \u0219i a unei mari p\u0103r\u021bi din Timi\u0219oara, transform\u00e2nd turnul \u00eentr-un nou punct de observa\u021bie \u0219i fotografie al ora\u0219ului.<\/p>\n<p class=\"wp-block-paragraph\">Accesul \u00een interior se va realiza cu ajutorul unui lift p\u00e2n\u0103 la aproximativ 24 de metri, iar traseul va continua pe sc\u0103ri, printre elementele originale ale construc\u021biei istorice.<\/p>\n<h2 class=\"wp-block-heading\">Rezervoarele istorice au fost transformate \u00een spa\u021bii expozi\u021bionale<\/h2>\n<p class=\"wp-block-paragraph\">Proiectul de restaurare a urm\u0103rit p\u0103strarea caracterului autentic al monumentului, integr\u00e2nd \u00een circuitul de vizitare cele dou\u0103 rezervoare originale de ap\u0103 construite \u00een 1914.<\/p>\n<p class=\"wp-block-paragraph\">Acestea vor g\u0103zdui expozi\u021bii \u0219i evenimente culturale, oferind vizitatorilor o experien\u021b\u0103 care \u00eembin\u0103 patrimoniul tehnic cu arta contemporan\u0103 \u0219i activit\u0103\u021bile culturale.<\/p>\n<p class=\"wp-block-paragraph\">\u00cen acela\u0219i timp, scara tehnic\u0103 original\u0103 \u0219i t\u00e2mpl\u0103ria exterioar\u0103 au fost restaurate cu grij\u0103 pentru a conserva identitatea istoric\u0103 a cl\u0103dirii.<\/p>\n<h2 class=\"wp-block-heading\">Un nou spa\u021biu pentru cultur\u0103 \u0219i evenimente<\/h2>\n<p class=\"wp-block-paragraph\">Turnul de Ap\u0103 din Iosefin va putea g\u0103zdui evenimente culturale, expozi\u021bii \u0219i activit\u0103\u021bi educa\u021bionale, av\u00e2nd o capacitate maxim\u0103 de 60 de persoane.<\/p>\n<figure class=\"wp-block-gallery has-nested-images columns-7 is-cropped td-modal-on-gallery wp-block-gallery-1 is-layout-flex wp-block-gallery-is-layout-flex\">\n<figure class=\"wp-block-image size-large\"><img loading=\"lazy\" decoding=\"async\" width=\"1667\" height=\"2500\" data-id=\"39826\" src=\"https:\/\/orasul-timisoara.ro\/wp-content\/uploads\/2026\/07\/Turn-7-1667x2500.jpg\" alt class=\"wp-image-39826\"><\/figure>\n<figure class=\"wp-block-image size-large\"><img loading=\"lazy\" decoding=\"async\" width=\"1920\" height=\"1279\" data-id=\"39829\" src=\"https:\/\/orasul-timisoara.ro\/wp-content\/uploads\/2026\/07\/Turn-6.jpg\" alt class=\"wp-image-39829\"><\/figure>\n<figure class=\"wp-block-image size-large\"><img loading=\"lazy\" decoding=\"async\" width=\"1920\" height=\"1279\" data-id=\"39824\" src=\"https:\/\/orasul-timisoara.ro\/wp-content\/uploads\/2026\/07\/Turn-5.jpg\" alt class=\"wp-image-39824\"><\/figure>\n<figure class=\"wp-block-image size-large\"><img decoding=\"async\" loading=\"lazy\" width=\"1920\" height=\"1279\" data-id=\"39827\" src=\"https:\/\/orasul-timisoara.ro\/wp-content\/uploads\/2026\/07\/Turn-4.jpg\" alt class=\"wp-image-39827\"><\/figure>\n<figure class=\"wp-block-image size-large\"><img decoding=\"async\" loading=\"lazy\" width=\"1920\" height=\"1279\" data-id=\"39828\" src=\"https:\/\/orasul-timisoara.ro\/wp-content\/uploads\/2026\/07\/Turn-3.jpg\" alt class=\"wp-image-39828\"><\/figure>\n<figure class=\"wp-block-image size-large\"><img decoding=\"async\" loading=\"lazy\" width=\"1920\" height=\"1279\" data-id=\"39830\" src=\"https:\/\/orasul-timisoara.ro\/wp-content\/uploads\/2026\/07\/Turn-2.jpg\" alt class=\"wp-image-39830\"><\/figure>\n<figure class=\"wp-block-image size-large\"><img decoding=\"async\" loading=\"lazy\" width=\"1920\" height=\"1279\" data-id=\"39825\" src=\"https:\/\/orasul-timisoara.ro\/wp-content\/uploads\/2026\/07\/Turn-1.jpg\" alt class=\"wp-image-39825\"><\/figure>\n<figure class=\"wp-block-image size-large\"><img decoding=\"async\" loading=\"lazy\" width=\"1920\" height=\"1279\" data-id=\"39823\" src=\"https:\/\/orasul-timisoara.ro\/wp-content\/uploads\/2026\/07\/Turn-8.jpg\" alt class=\"wp-image-39823\"><\/figure>\n<\/figure>\n<p class=\"wp-block-paragraph\">Noua func\u021biune completeaz\u0103 oferta cultural\u0103 \u0219i turistic\u0103 a Timi\u0219oarei \u0219i pune \u00een valoare unul dintre cele mai importante monumente ale patrimoniului industrial local.<\/p>\n<h2 class=\"wp-block-heading\">Investi\u021bie de peste 10,5 milioane de lei<\/h2>\n<p class=\"wp-block-paragraph\">\u00cen perioada urm\u0103toare, Prim\u0103ria Municipiului Timi\u0219oara va \u00eencepe procedura de recep\u021bie a lucr\u0103rilor de restaurare \u0219i refunc\u021bionalizare.<\/p>\n<p class=\"wp-block-paragraph\">Valoarea total\u0103 a investi\u021biei dep\u0103\u0219e\u0219te 10,5 milioane de lei, TVA inclus. Prin acest proiect, municipalitatea readuce \u00een circuitul public un obiectiv care a fost inaccesibil genera\u021bii \u00eentregi \u0219i \u00eel transform\u0103 \u00eentr-un spa\u021biu dedicat comunit\u0103\u021bii, culturii \u0219i turismului.<\/p>\n<p class=\"wp-block-paragraph\">Deschiderea Turnului de Ap\u0103 din Iosefin marcheaz\u0103 un nou pas \u00een procesul de revitalizare a patrimoniului construit al Timi\u0219oarei \u0219i consolideaz\u0103 pozi\u021bia ora\u0219ului ca destina\u021bie cultural\u0103 \u0219i turistic\u0103 \u00een vestul Rom\u00e2niei.<\/p>\n<\/div>\n<footer>\n<div class=\"td-post-source-tags\">\n<ul class=\"td-tags td-post-small-box clearfix\">\n<li><span>ETICHETE<\/span><\/li>\n<li><a href=\"https:\/\/orasul-timisoara.ro\/local-tag\/belvedere\/\">belvedere<\/a><\/li>\n<li><a href=\"https:\/\/orasul-timisoara.ro\/local-tag\/canalul-bega\/\">canalul bega<\/a><\/li>\n<li><a href=\"https:\/\/orasul-timisoara.ro\/local-tag\/cultura-2\/\">Cultur\u0103<\/a><\/li>\n<li><a href=\"https:\/\/orasul-timisoara.ro\/local-tag\/dominic-fritz\/\">dominic fritz<\/a><\/li>\n<li><a href=\"https:\/\/orasul-timisoara.ro\/local-tag\/iosefin\/\">iosefin<\/a><\/li>\n<li><a href=\"https:\/\/orasul-timisoara.ro\/local-tag\/monument-istoric\/\">monument istoric<\/a><\/li>\n<li><a href=\"https:\/\/orasul-timisoara.ro\/local-tag\/patrimoniu-industrial\/\">patrimoniu industrial<\/a><\/li>\n<li><a href=\"https:\/\/orasul-timisoara.ro\/local-tag\/primaria-timisoara-2\/\">Prim\u0103ria Timi\u0219oara<\/a><\/li>\n<li><a href=\"https:\/\/orasul-timisoara.ro\/local-tag\/restaurare\/\">restaurare<\/a><\/li>\n<li><a href=\"https:\/\/orasul-timisoara.ro\/local-tag\/timisoara-2\/\">timi\u0219oara<\/a><\/li>\n<li><a href=\"https:\/\/orasul-timisoara.ro\/local-tag\/turism\/\">turism<\/a><\/li>\n<li><a href=\"https:\/\/orasul-timisoara.ro\/local-tag\/turnul-de-apa-iosefin\/\">Turnul de Ap\u0103 Iosefin<\/a><\/li>\n<\/ul>\n<\/div>\n<div class=\"td-post-sharing-bottom\">\n<div class=\"td-post-sharing-classic\"><iframe title=\"bottomFacebookLike\" frameborder src=\"https:\/\/www.facebook.com\/plugins\/like.php?href=https:\/\/orasul-timisoara.ro\/local-39822\/&amp;layout=button_count&amp;show_faces=false&amp;width=105&amp;action=like&amp;colorscheme=light&amp;height=21\"><\/iframe><\/div>\n<div id=\"td_social_sharing_article_bottom\" class=\"td-post-sharing td-ps-bg td-ps-notext td-post-sharing-style1 \">\n<div class=\"td-post-sharing-visible\"><a class=\"td-social-sharing-button td-social-sharing-button-js td-social-network td-social-facebook\" href=\"https:\/\/www.facebook.com\/sharer.php?u=https%3A%2F%2Forasul-timisoara.ro%2Flocal-39822%2F\" title=\"Facebook\"><\/p>\n<div class=\"td-social-but-text\">Facebook<\/div>\n<p><\/a><a class=\"td-social-sharing-button td-social-sharing-button-js td-social-network td-social-twitter\" href=\"https:\/\/twitter.com\/intent\/tweet?text=Timi%C8%99oara+red%C4%83+comunit%C4%83%C8%9Bii+Turnul+de+Ap%C4%83+din+Iosefin+dup%C4%83+o+investi%C8%9Bie+de+peste+10%2C5+milioane+de+lei&amp;url=https%3A%2F%2Forasul-timisoara.ro%2Flocal-39822%2F&amp;via=orasultm\" title=\"Twitter\"><\/p>\n<div class=\"td-social-but-text\">Twitter<\/div>\n<p><\/a><a class=\"td-social-sharing-button td-social-sharing-button-js td-social-network td-social-whatsapp\" href=\"https:\/\/api.whatsapp.com\/send?text=Timi%C8%99oara+red%C4%83+comunit%C4%83%C8%9Bii+Turnul+de+Ap%C4%83+din+Iosefin+dup%C4%83+o+investi%C8%9Bie+de+peste+10%2C5+milioane+de+lei%20%0A%0A%20https:\/\/orasul-timisoara.ro\/local-39822\/\" title=\"WhatsApp\"><\/p>\n<div class=\"td-social-but-text\">WhatsApp<\/div>\n<p><\/a><a class=\"td-social-sharing-button td-social-sharing-button-js td-social-network td-social-linkedin\" href=\"https:\/\/www.linkedin.com\/shareArticle?mini=true&amp;url=https:\/\/orasul-timisoara.ro\/local-39822\/&amp;title=Timi%C8%99oara+red%C4%83+comunit%C4%83%C8%9Bii+Turnul+de+Ap%C4%83+din+Iosefin+dup%C4%83+o+investi%C8%9Bie+de+peste+10%2C5+milioane+de+lei\" title=\"Linkedin\"><\/p>\n<div class=\"td-social-but-text\">Linkedin<\/div>\n<p><\/a><a class=\"td-social-sharing-button td-social-sharing-button-js td-social-network td-social-reddit\" href=\"https:\/\/reddit.com\/submit?url=https:\/\/orasul-timisoara.ro\/local-39822\/&amp;title=Timi%C8%99oara+red%C4%83+comunit%C4%83%C8%9Bii+Turnul+de+Ap%C4%83+din+Iosefin+dup%C4%83+o+investi%C8%9Bie+de+peste+10%2C5+milioane+de+lei\" title=\"ReddIt\"><\/p>\n<div class=\"td-social-but-text\">ReddIt<\/div>\n<p><\/a><a class=\"td-social-sharing-button td-social-sharing-button-js td-social-network td-social-mail\" href=\"mailto:?subject=Timi%C8%99oara%20red%C4%83%20comunit%C4%83%C8%9Bii%20Turnul%20de%20Ap%C4%83%20din%20Iosefin%20dup%C4%83%20o%20investi%C8%9Bie%20de%20peste%2010,5%20milioane%20de%20lei&amp;body=https:\/\/orasul-timisoara.ro\/local-39822\/\" title=\"Email\"><\/p>\n<div class=\"td-social-but-text\">Email<\/div>\n<p><\/a><a class=\"td-social-sharing-button td-social-sharing-button-js td-social-network td-social-print\" href=\"https:\/\/orasul-timisoara.ro\/local-39822\/\" title=\"Imprimare\"><\/p>\n<div class=\"td-social-but-text\">Imprimare<\/div>\n<p><\/a><\/div>\n<\/div>\n<\/div>\n<div class=\"td-block-row td-post-next-prev\">\n<div class=\"td-block-span6 td-post-prev-post\">\n<div class=\"td-post-next-prev-content\"><span>Articolul precedent<\/span><a href=\"https:\/\/orasul-timisoara.ro\/local-39819\/\">Ruben La\u021bc\u0103u: Din august \u00eencep lucr\u0103rile pentru reducerea zgomotului produs de tramvaie<\/a><\/div>\n<\/div>\n<div class=\"td-block-span6 td-post-next-post\">\n<div class=\"td-post-next-prev-content\"><span>Articolul urm\u0103tor<\/span><a href=\"https:\/\/orasul-timisoara.ro\/local-39832\/\">Horia Colib\u0103\u0219anu renun\u021b\u0103 la ascensiunea pe Gasherbrum II din cauza riscului de avalan\u0219\u0103<\/a><\/div>\n<\/div>\n<\/div>\n<div class=\"td-author-name vcard author\"><span class=\"fn\"><a href=\"https:\/\/orasul-timisoara.ro\/author\/timisoara\/\">redactia<\/a><\/span><\/div>\n<p><span class=\"td-page-meta\"><\/span><span class=\"td-page-meta\"><span class=\"td-page-meta\"><\/span><\/span><span class=\"td-page-meta\"><\/span><\/footer>\n<div class=\"td_block_wrap td_block_related_posts tdi_3 td_with_ajax_pagination td-pb-border-top td_block_template_8\" data-td-block-uid=\"tdi_3\">\n<h4 class=\"td-related-title td-block-title\"><a id=\"tdi_4\" class=\"td-related-left td-cur-simple-item\" data-td_filter_value data-td_block_id=\"tdi_3\" href=\"https:\/\/orasul-timisoara.ro\/local-39822\/\">ARTICOLE SIMILARE<\/a><a id=\"tdi_5\" class=\"td-related-right\" data-td_filter_value=\"td_related_more_from_author\" data-td_block_id=\"tdi_3\" href=\"https:\/\/orasul-timisoara.ro\/local-39822\/\">DE LA ACELA\u0218I AUTOR<\/a><\/h4>\n<div id=\"tdi_3\" class=\"td_block_inner\">\n<div class=\"td-related-row\">\n<div class=\"td-related-span4\">\n<div class=\"td_module_related_posts td-animation-stack td_mod_related_posts\">\n<div class=\"td-module-image\">\n<div class=\"td-module-thumb\"><a href=\"https:\/\/orasul-timisoara.ro\/local-39809\/\" rel=\"bookmark\" class=\"td-image-wrap \" title=\"Au \u00eenceput lucr\u0103rile la funda\u021bia noului pasaj Slavici\u2013Polon\u0103 din Timi\u0219oara\"><img loading=\"lazy\" decoding=\"async\" class=\"entry-thumb\" src=\"https:\/\/orasul-timisoara.ro\/wp-content\/uploads\/2026\/07\/Pasaj-Polona-2-436x300.jpg\" alt title=\"Au \u00eenceput lucr\u0103rile la funda\u021bia noului pasaj Slavici\u2013Polon\u0103 din Timi\u0219oara\" width=\"218\" height=\"150\"><\/a><\/div>\n<\/div>\n<div class=\"item-details\">\n<h3 class=\"entry-title td-module-title\"><a href=\"https:\/\/orasul-timisoara.ro\/local-39809\/\" rel=\"bookmark\" title=\"Au \u00eenceput lucr\u0103rile la funda\u021bia noului pasaj Slavici\u2013Polon\u0103 din Timi\u0219oara\">Au \u00eenceput lucr\u0103rile la funda\u021bia noului pasaj Slavici\u2013Polon\u0103 din Timi\u0219oara<\/a><\/h3>\n<\/div>\n<\/div>\n<\/div>\n<div class=\"td-related-span4\">\n<div class=\"td_module_related_posts td-animation-stack td_mod_related_posts\">\n<div class=\"td-module-image\">\n<div class=\"td-module-thumb\"><a href=\"https:\/\/orasul-timisoara.ro\/local-39757\/\" rel=\"bookmark\" class=\"td-image-wrap \" title=\"Jocurile de noroc din Timi\u0219oara, la votul cet\u0103\u021benilor? Propunerea unui consilier local PSD\"><img loading=\"lazy\" decoding=\"async\" class=\"entry-thumb\" src=\"https:\/\/orasul-timisoara.ro\/wp-content\/uploads\/2023\/10\/roxana-iliescu-04-436x300.jpg\" alt title=\"Jocurile de noroc din Timi\u0219oara, la votul cet\u0103\u021benilor? Propunerea unui consilier local PSD\" width=\"218\" height=\"150\"><\/a><\/div>\n<\/div>\n<div class=\"item-details\">\n<h3 class=\"entry-title td-module-title\"><a href=\"https:\/\/orasul-timisoara.ro\/local-39757\/\" rel=\"bookmark\" title=\"Jocurile de noroc din Timi\u0219oara, la votul cet\u0103\u021benilor? Propunerea unui consilier local PSD\">Jocurile de noroc din Timi\u0219oara, la votul cet\u0103\u021benilor? Propunerea unui consilier local PSD<\/a><\/h3>\n<\/div>\n<\/div>\n<\/div>\n<div class=\"td-related-span4\">\n<div class=\"td_module_related_posts td-animation-stack td_mod_related_posts\">\n<div class=\"td-module-image\">\n<div class=\"td-module-thumb\"><a href=\"https:\/\/orasul-timisoara.ro\/local-39664\/\" rel=\"bookmark\" class=\"td-image-wrap \" title=\"Spectacol multimedia la Timi\u0219oara: patrimoniul ora\u0219ului, explorat prin realitate virtual\u0103\"><img loading=\"lazy\" decoding=\"async\" class=\"entry-thumb\" src=\"https:\/\/orasul-timisoara.ro\/wp-content\/uploads\/2026\/07\/WhatsApp-Image-2026-07-13-at-23.13.16-1-436x300.jpg\" alt title=\"Spectacol multimedia la Timi\u0219oara: patrimoniul ora\u0219ului, explorat prin realitate virtual\u0103\" width=\"218\" height=\"150\"><\/a><\/div>\n<\/div>\n<div class=\"item-details\">\n<h3 class=\"entry-title td-module-title\"><a href=\"https:\/\/orasul-timisoara.ro\/local-39664\/\" rel=\"bookmark\" title=\"Spectacol multimedia la Timi\u0219oara: patrimoniul ora\u0219ului, explorat prin realitate virtual\u0103\">Spectacol multimedia la Timi\u0219oara: patrimoniul ora\u0219ului, explorat prin realitate virtual\u0103<\/a><\/h3>\n<\/div>\n<\/div>\n<\/div>\n<\/div>\n<\/div>\n<\/div>\n<div class=\"comments\" id=\"comments\">\n<div id=\"respond\" class=\"comment-respond\">\n<h3 id=\"reply-title\" class=\"comment-reply-title\">L\u0102SA\u021aI UN MESAJ<\/h3>\n<div class=\"comment-form-input-wrap td-form-comment\">\n<div class=\"td-warning-comment\">V\u0103 rug\u0103m s\u0103 introduce\u021bi comentariul dvs.!<\/div>\n<\/div>\n<div class=\"comment-form-input-wrap td-form-author\">\n<div class=\"td-warning-author\">Introduce\u021bi aici numele dvs.<\/div>\n<\/div>\n<div class=\"comment-form-input-wrap td-form-email\">\n<div class=\"td-warning-email-error\">A\u021bi introdus o adres\u0103 de e-mail incorect\u0103!<\/div>\n<div class=\"td-warning-email\">V\u0103 rug\u0103m s\u0103 introduce\u021bi adresa dvs. de e-mail aici<\/div>\n<\/div>\n<\/div>\n<p class=\"akismet_comment_form_privacy_notice\">Acest site folose\u0219te Akismet pentru a reduce spamul. <a href=\"https:\/\/akismet.com\/privacy\/\" target=\"_blank\" rel=\"nofollow noopener\">Afl\u0103 cum sunt procesate datele comentariilor tale<\/a>.<\/p>\n<\/div>\n<\/div>\n<\/div>\n<div class=\"td-pb-span4 td-main-sidebar\" role=\"complementary\">\n<div class=\"td-ss-main-sidebar\">\n<aside id=\"block-4\" class=\"td_block_template_8 widget block-4 widget_block widget_media_image\">\n<figure class=\"wp-block-image size-full\"><img decoding=\"async\" loading=\"lazy\" width=\"336\" height=\"280\" src=\"https:\/\/orasul-timisoara.ro\/wp-content\/uploads\/2024\/11\/ReTIM-Abonamentul-Verde-Google-Ads-336x280px.gif\" alt class=\"wp-image-29257\"><\/figure>\n<\/aside>\n<div class=\"td_block_wrap td_block_social_counter td_block_widget tdi_6 td-social-style5 td-social-boxed td-pb-border-top td_block_template_8\">\n<div class=\"td-block-title-wrap\">\n<h4 class=\"td-block-title\"><span>Urm\u0103re\u0219te-ne pe Social Media<\/span><\/h4>\n<\/div>\n<div class=\"td-social-list\">\n<div class=\"td_social_type td-pb-margin-side td_social_facebook\">\n<div class=\"td-social-box\"><span class=\"td_social_info td_social_info_counter\">344,595<\/span><span class=\"td_social_info td_social_info_name\">Fani<\/span><span class=\"td_social_button\"><a href=\"https:\/\/www.facebook.com\/247timisoara\" target=\"_blank\" rel=\"nofollow\">\u00cemi place<\/a><\/span><\/div>\n<\/div>\n<div class=\"td_social_type td-pb-margin-side td_social_instagram\">\n<div class=\"td-social-box\"><span class=\"td_social_info td_social_info_counter\">4,416<\/span><span class=\"td_social_info td_social_info_name\">Cititori<\/span><span class=\"td_social_button\"><a href=\"https:\/\/instagram.com\/orasultimisoararo\/\" target=\"_blank\" rel=\"nofollow\">Conecta\u021bi-v\u0103<\/a><\/span><\/div>\n<\/div>\n<div class=\"td_social_type td-pb-margin-side td_social_rss\">\n<div class=\"td-social-box\"><span class=\"td_social_info td_social_info_counter\">12,506<\/span><span class=\"td_social_info td_social_info_name\">Cititori<\/span><span class=\"td_social_button\"><a href=\"https:\/\/orasul-timisoara.ro\/feed\/\" target=\"_blank\" rel=\"nofollow\">Conecta\u021bi-v\u0103<\/a><\/span><\/div>\n<\/div>\n<div class=\"td_social_type td-pb-margin-side td_social_tiktok\">\n<div class=\"td-social-box\"><span class=\"td_social_info td_social_info_counter\">1,500<\/span><span class=\"td_social_info td_social_info_name\">Cititori<\/span><span class=\"td_social_button\"><a href=\"https:\/\/www.tiktok.com\/@orasultimisoara\" target=\"_blank\" rel=\"nofollow\">Conecta\u021bi-v\u0103<\/a><\/span><\/div>\n<\/div>\n<div class=\"td_social_type td-pb-margin-side td_social_twitter\">\n<div class=\"td-social-box\"><span class=\"td_social_info td_social_info_counter\">1,595<\/span><span class=\"td_social_info td_social_info_name\">Cititori<\/span><span class=\"td_social_button\"><a href=\"https:\/\/twitter.com\/orasultm\" target=\"_blank\" rel=\"nofollow\">Conecta\u021bi-v\u0103<\/a><\/span><\/div>\n<\/div>\n<div class=\"td_social_type td-pb-margin-side td_social_youtube\">\n<div class=\"td-social-box\"><span class=\"td_social_info td_social_info_counter\">3,506<\/span><span class=\"td_social_info td_social_info_name\">Abona\u021bi<\/span><span class=\"td_social_button\"><a href=\"https:\/\/www.youtube.com\/channel\/UCQNsQvs2XCSIm1Z-AHRturw?sub_confirmation=1\" target=\"_blank\" rel=\"nofollow\">Abona\u021bi-v\u0103<\/a><\/span><\/div>\n<\/div>\n<\/div>\n<\/div>\n<aside id=\"text-7\" class=\"td_block_template_8 widget text-7 widget_text\">\n<h4 class=\"td-block-title\"><span>C\u0103ut\u0103ri populare pe OTM<\/span><\/h4>\n<div class=\"textwidget\"><a href=\"https:\/\/orasul-timisoara.ro\/?s=timisoara\"><span>Timisoara<\/span><\/a><a href=\"https:\/\/orasul-timisoara.ro\/?s=calin+dobra\"><span>Calin Dobra<\/span><\/a><a href=\"https:\/\/orasul-timisoara.ro\/?s=primaria+timisoara\"><span>Primaria Timisoara<\/span><\/a><a href=\"https:\/\/orasul-timisoara.ro\/?s=dominic+fritz\"><span>Dominic Fritz<\/span><\/a><a href=\"https:\/\/orasul-timisoara.ro\/?s=nicolae+robu\"><span>Nicolae Robu<\/span><\/a><a href=\"https:\/\/orasul-timisoara.ro\/?s=consiliul+local+timisoara\">Consiliul Local Timisoara<\/a><a href=\"https:\/\/orasul-timisoara.ro\/?s=consiliul+judetean+timis\"><span>Consiliul Judetean Timis<\/span><\/a><a href=\"https:\/\/orasul-timisoara.ro\/?s=cjt\"><span>CJT<\/span><\/a><a href=\"https:\/\/orasul-timisoara.ro\/?s=Alfred+Simonis\"><span>Alfred Simonis<\/span><\/a><a href=\"https:\/\/orasul-timisoara.ro\/?s=PNL\"><span>PNL<\/span><\/a><a href=\"https:\/\/orasul-timisoara.ro\/?s=coronavirus\"><span>coronavirus<\/span><\/a><a href=\"https:\/\/orasul-timisoara.ro\/?s=teatru+timisoara\">teatru Timisoara<\/a><a href=\"https:\/\/orasul-timisoara.ro\/?s=restaurante\"><span>restaurante Timisoara<\/span><\/a><a href=\"https:\/\/orasul-timisoara.ro\/?s=diskoteka\"><span>Diskoteka<\/span><\/a><a href=\"https:\/\/orasul-timisoara.ro\/?s=iulius+town\"><span>Iulius Town<\/span><\/a><a href=\"https:\/\/orasul-timisoara.ro\/?s=iulius+mall\"><span>Iulius Mall<\/span><\/a><a href=\"https:\/\/orasul-timisoara.ro\/?s=stpt\"><span>STPT<\/span><\/a><a href=\"https:\/\/orasul-timisoara.ro\/?s=alin+nica\"><span>Alin Nica<\/span><\/a><a href=\"https:\/\/orasul-timisoara.ro\/?s=psd\"><span>PSD<\/span><\/a><a href=\"https:\/\/orasul-timisoara.ro\/?s=aeroport\"><span>Aeroportul International Timisoara<\/span><\/a><a href=\"https:\/\/orasul-timisoara.ro\/?s=babes\"><span>Spitalul Victor Babes Timisoara<\/span><\/a><a href=\"https:\/\/orasul-timisoara.ro\/?s=poli\"><span>Poli Timi\u0219oara<\/span><\/a><a href=\"https:\/\/orasul-timisoara.ro\/?s=carantina\"><span>carantina<\/span><\/a><a href=\"https:\/\/orasul-timisoara.ro\/?s=aquatim\"><span>Aquatim<\/span><\/a><a href=\"https:\/\/orasul-timisoara.ro\/local-category\/stiri-timisoara\/\"><span>Stiri Timisoara<\/span><\/a><a href=\"https:\/\/orasul-timisoara.ro\/local-category\/investitii-in-timisoara\/\"><span>Investi\u021bii in Timi\u0219oara<\/span><\/a><a href=\"https:\/\/orasul-timisoara.ro\/local-9463\/\"><span>shaorma<\/span><\/a><a href=\"https:\/\/orasul-timisoara.ro\/?s=trafic\"><span>trafic rutier<\/span><\/a><a href=\"https:\/\/orasul-timisoara.ro\/?s=politia\"><span>politia locala timisoara<\/span><\/a><a href=\"https:\/\/orasul-timisoara.ro\/?s=roxana\"><span>Roxana Iliescu<\/span><\/a><a href=\"https:\/\/orasul-timisoara.ro\/?s=colterm\"><span>Colterm<\/span><\/a><a href=\"https:\/\/orasul-timisoara.ro\/?s=latcau\"><span>Ruben La\u021bc\u0103u<\/span><\/a><a href=\"https:\/\/orasul-timisoara.ro\/?s=timis\"><span>\u0218tiri din Timi\u0219<\/span><\/a><a href=\"https:\/\/orasul-timisoara.ro\/?s=spital\"><span>Spitale din Timi\u0219oara<\/span><\/a><a href=\"https:\/\/orasul-timisoara.ro\/?s=tabara\"><span>Cosmin Tab\u0103r\u0103<\/span><\/a><\/div>\n<\/aside>\n<aside id=\"rss-2\" class=\"td_block_template_8 widget rss-2 widget_rss\">\n<h4 class=\"td-block-title\"><span><a class=\"rsswidget rss-widget-feed\" href=\"https:\/\/fashionfridays.ro\/feed\"><img decoding=\"async\" class=\"rss-widget-icon\" width=\"14\" height=\"14\" src=\"https:\/\/orasul-timisoara.ro\/wp-includes\/images\/rss.png\" alt=\"RSS\" loading=\"lazy\"><\/a><a class=\"rsswidget rss-widget-title\" href=\"https:\/\/fashionfridays.ro\/\">Fashion Fridays<\/a><\/span><\/h4>\n<ul>\n<li><a class=\"rsswidget\" href=\"https:\/\/fashionfridays.ro\/romania-devine-a-29-a-piata-vogue-o-noua-era-pentru-industria-locala-de-moda\/\">Rom\u00e2nia devine a 29-a pia\u021b\u0103 Vogue: o nou\u0103 er\u0103 pentru industria local\u0103 de mod\u0103<\/a>\n<div class=\"rssSummary\">Revista Vogue \u00ee\u0219i extinde prezen\u021ba global\u0103 \u0219i va fi lansat\u0103 oficial \u00een Rom\u00e2nia \u00een prim\u0103vara anului 2027, marc\u00e2nd intrarea pe cea de-a 29-a pia\u021b\u0103 interna\u021bional\u0103. Proiectul este realizat \u00een parteneriat cu AEMME Publishing, o companie media recent \u00eenfiin\u021bat\u0103, care va publica edi\u021bia local\u0103 sub licen\u021b\u0103. Noua edi\u021bie, Vogue Rom\u00e2nia, \u00ee\u0219i propune s\u0103 combine autoritatea global\u0103 [\u2026]<\/div>\n<\/li>\n<\/ul>\n<\/aside>\n<aside id=\"rss-4\" class=\"td_block_template_8 widget rss-4 widget_rss\">\n<h4 class=\"td-block-title\"><span><a class=\"rsswidget rss-widget-feed\" href=\"https:\/\/emasini.ro\/feed\"><img decoding=\"async\" class=\"rss-widget-icon\" width=\"14\" height=\"14\" src=\"https:\/\/orasul-timisoara.ro\/wp-includes\/images\/rss.png\" alt=\"RSS\" loading=\"lazy\"><\/a><a class=\"rsswidget rss-widget-title\" href=\"https:\/\/emasini.ro\/\">eMasini<\/a><\/span><\/h4>\n<ul>\n<li><a class=\"rsswidget\" href=\"https:\/\/emasini.ro\/dacia-analizeaza-lansarea-lui-hipster-automobilul-urban-de-doar-3-metri-lungime\/\">Dacia analizeaz\u0103 lansarea lui Hipster, automobilul urban de doar 3 metri lungime (video)<\/a>\n<div class=\"rssSummary\">Dacia ar putea introduce pe pia\u021b\u0103 unul dintre cele mai neobi\u0219nuite modele din istoria sa recent\u0103. Conceptul Hipster, prezentat anul trecut ca o reinterpretare radical\u0103 a automobilului urban accesibil, se afl\u0103 \u00een prezent \u00eentr-o etap\u0103 de evaluare, iar decizia privind produc\u021bia de serie va fi luat\u0103 \u00een func\u021bie de reac\u021bia publicului \u0219i de evolu\u021bia reglement\u0103rilor [\u2026]<\/div>\n<\/li>\n<\/ul>\n<\/aside>\n<\/div>\n<\/div>\n<\/div>\n<\/div>\n<\/article>\n<div class=\"td-post-content tagdiv-type\">\n<p class=\"wp-block-paragraph\">Unul dintre cele mai reprezentative monumente de patrimoniu industrial din Timi\u0219oara este preg\u0103tit s\u0103 \u00ee\u0219i primeasc\u0103 primii vizitatori. Prim\u0103ria Municipiului Timi\u0219oara a finalizat lucr\u0103rile de restaurare \u0219i refunc\u021bionalizare a Turnului de Ap\u0103 din Iosefin, care va fi deschis publicului pentru prima dat\u0103 de la inaugurarea sa, \u00een anul 1914.<\/p>\n<p class=\"wp-block-paragraph\">Investi\u021bia transform\u0103 cl\u0103direa \u00eentr-un centru cultural \u0219i de vizitare, oferind timi\u0219orenilor \u0219i turi\u0219tilor acces la o platform\u0103 de belvedere amplasat\u0103 la aproximativ 50 de metri \u00een\u0103l\u021bime, precum \u0219i la un traseu expozi\u021bional amenajat \u00een interiorul monumentului. Noul obiectiv va fi inaugurat \u00een weekendul dedicat Zilei Timi\u0219oarei, iar programul complet al vizitelor urmeaz\u0103 s\u0103 fie anun\u021bat de administra\u021bia local\u0103.<\/p>\n<h2 class=\"wp-block-heading\">Un simbol al cartierului Iosefin prime\u0219te o nou\u0103 via\u021b\u0103<\/h2>\n<p class=\"wp-block-paragraph\">Construit \u00een 1914 pentru alimentarea cu ap\u0103 a ora\u0219ului, Turnul de Ap\u0103 din Iosefin reprezint\u0103 unul dintre cele mai cunoscute repere arhitecturale \u0219i industriale ale Timi\u0219oarei.<\/p>\n<p class=\"wp-block-paragraph\">Dup\u0103 mai bine de un secol de existen\u021b\u0103 \u0219i o ampl\u0103 restaurare, cl\u0103direa va avea o nou\u0103 func\u021biune, devenind un spa\u021biu dedicat culturii, patrimoniului \u0219i evenimentelor publice.<\/p>\n<p class=\"wp-block-paragraph\">Primarul Dominic Fritz a declarat c\u0103 proiectul face parte din strategia municipalit\u0103\u021bii de revitalizare a cartierului istoric Iosefin \u0219i de valorificare a patrimoniului industrial al ora\u0219ului.<\/p>\n<h2 class=\"wp-block-heading\">Platform\u0103 de belvedere la aproape 50 de metri \u00een\u0103l\u021bime<\/h2>\n<p class=\"wp-block-paragraph\">Una dintre principalele atrac\u021bii ale noului obiectiv este platforma de belvedere amenajat\u0103 la aproximativ 50 de metri \u00een\u0103l\u021bime.<\/p>\n<p class=\"wp-block-paragraph\">De aici, vizitatorii vor putea admira o panoram\u0103 asupra cartierului Iosefin, a Canalului Bega \u0219i a unei mari p\u0103r\u021bi din Timi\u0219oara, transform\u00e2nd turnul \u00eentr-un nou punct de observa\u021bie \u0219i fotografie al ora\u0219ului.<\/p>\n<p class=\"wp-block-paragraph\">Accesul \u00een interior se va realiza cu ajutorul unui lift p\u00e2n\u0103 la aproximativ 24 de metri, iar traseul va continua pe sc\u0103ri, printre elementele originale ale construc\u021biei istorice.<\/p>\n<h2 class=\"wp-block-heading\">Rezervoarele istorice au fost transformate \u00een spa\u021bii expozi\u021bionale<\/h2>\n<p class=\"wp-block-paragraph\">Proiectul de restaurare a urm\u0103rit p\u0103strarea caracterului autentic al monumentului, integr\u00e2nd \u00een circuitul de vizitare cele dou\u0103 rezervoare originale de ap\u0103 construite \u00een 1914.<\/p>\n<p class=\"wp-block-paragraph\">Acestea vor g\u0103zdui expozi\u021bii \u0219i evenimente culturale, oferind vizitatorilor o experien\u021b\u0103 care \u00eembin\u0103 patrimoniul tehnic cu arta contemporan\u0103 \u0219i activit\u0103\u021bile culturale.<\/p>\n<p class=\"wp-block-paragraph\">\u00cen acela\u0219i timp, scara tehnic\u0103 original\u0103 \u0219i t\u00e2mpl\u0103ria exterioar\u0103 au fost restaurate cu grij\u0103 pentru a conserva identitatea istoric\u0103 a cl\u0103dirii.<\/p>\n<h2 class=\"wp-block-heading\">Un nou spa\u021biu pentru cultur\u0103 \u0219i evenimente<\/h2>\n<p class=\"wp-block-paragraph\">Turnul de Ap\u0103 din Iosefin va putea g\u0103zdui evenimente culturale, expozi\u021bii \u0219i activit\u0103\u021bi educa\u021bionale, av\u00e2nd o capacitate maxim\u0103 de 60 de persoane.<\/p>\n<figure class=\"wp-block-gallery has-nested-images columns-7 is-cropped td-modal-on-gallery wp-block-gallery-1 is-layout-flex wp-block-gallery-is-layout-flex\">\n<figure class=\"wp-block-image size-large\"><img loading=\"lazy\" decoding=\"async\" width=\"1667\" height=\"2500\" data-id=\"39826\" src=\"https:\/\/orasul-timisoara.ro\/wp-content\/uploads\/2026\/07\/Turn-7-1667x2500.jpg\" alt class=\"wp-image-39826\"><\/figure>\n<figure class=\"wp-block-image size-large\"><img loading=\"lazy\" decoding=\"async\" width=\"1920\" height=\"1279\" data-id=\"39829\" src=\"https:\/\/orasul-timisoara.ro\/wp-content\/uploads\/2026\/07\/Turn-6.jpg\" alt class=\"wp-image-39829\"><\/figure>\n<figure class=\"wp-block-image size-large\"><img loading=\"lazy\" decoding=\"async\" width=\"1920\" height=\"1279\" data-id=\"39824\" src=\"https:\/\/orasul-timisoara.ro\/wp-content\/uploads\/2026\/07\/Turn-5.jpg\" alt class=\"wp-image-39824\"><\/figure>\n<figure class=\"wp-block-image size-large\"><img decoding=\"async\" loading=\"lazy\" width=\"1920\" height=\"1279\" data-id=\"39827\" src=\"https:\/\/orasul-timisoara.ro\/wp-content\/uploads\/2026\/07\/Turn-4.jpg\" alt class=\"wp-image-39827\"><\/figure>\n<figure class=\"wp-block-image size-large\"><img decoding=\"async\" loading=\"lazy\" width=\"1920\" height=\"1279\" data-id=\"39828\" src=\"https:\/\/orasul-timisoara.ro\/wp-content\/uploads\/2026\/07\/Turn-3.jpg\" alt class=\"wp-image-39828\"><\/figure>\n<figure class=\"wp-block-image size-large\"><img decoding=\"async\" loading=\"lazy\" width=\"1920\" height=\"1279\" data-id=\"39830\" src=\"https:\/\/orasul-timisoara.ro\/wp-content\/uploads\/2026\/07\/Turn-2.jpg\" alt class=\"wp-image-39830\"><\/figure>\n<figure class=\"wp-block-image size-large\"><img decoding=\"async\" loading=\"lazy\" width=\"1920\" height=\"1279\" data-id=\"39825\" src=\"https:\/\/orasul-timisoara.ro\/wp-content\/uploads\/2026\/07\/Turn-1.jpg\" alt class=\"wp-image-39825\"><\/figure>\n<figure class=\"wp-block-image size-large\"><img decoding=\"async\" loading=\"lazy\" width=\"1920\" height=\"1279\" data-id=\"39823\" src=\"https:\/\/orasul-timisoara.ro\/wp-content\/uploads\/2026\/07\/Turn-8.jpg\" alt class=\"wp-image-39823\"><\/figure>\n<\/figure>\n<p class=\"wp-block-paragraph\">Noua func\u021biune completeaz\u0103 oferta cultural\u0103 \u0219i turistic\u0103 a Timi\u0219oarei \u0219i pune \u00een valoare unul dintre cele mai importante monumente ale patrimoniului industrial local.<\/p>\n<h2 class=\"wp-block-heading\">Investi\u021bie de peste 10,5 milioane de lei<\/h2>\n<p class=\"wp-block-paragraph\">\u00cen perioada urm\u0103toare, Prim\u0103ria Municipiului Timi\u0219oara va \u00eencepe procedura de recep\u021bie a lucr\u0103rilor de restaurare \u0219i refunc\u021bionalizare.<\/p>\n<p class=\"wp-block-paragraph\">Valoarea total\u0103 a investi\u021biei dep\u0103\u0219e\u0219te 10,5 milioane de lei, TVA inclus. Prin acest proiect, municipalitatea readuce \u00een circuitul public un obiectiv care a fost inaccesibil genera\u021bii \u00eentregi \u0219i \u00eel transform\u0103 \u00eentr-un spa\u021biu dedicat comunit\u0103\u021bii, culturii \u0219i turismului.<\/p>\n<p class=\"wp-block-paragraph\">Deschiderea Turnului de Ap\u0103 din Iosefin marcheaz\u0103 un nou pas \u00een procesul de revitalizare a patrimoniului construit al Timi\u0219oarei \u0219i consolideaz\u0103 pozi\u021bia ora\u0219ului ca destina\u021bie cultural\u0103 \u0219i turistic\u0103 \u00een vestul Rom\u00e2niei.<\/p>\n<\/div>\n<p>[analyse_source url=&#8221;https:\/\/orasul-timisoara.ro\/local-39822\/&#8221;]<\/p>\n","protected":false},"excerpt":{"rendered":"<p>[analyse_image type=&#8221;featured&#8221; src=&#8221;https:\/\/orasul-timisoara.ro\/wp-content\/uploads\/2026\/07\/Turn-5.jpg&#8221;] Administra\u021bie local\u0103Timi\u0219oara red\u0103 comunit\u0103\u021bii Turnul de Ap\u0103 din Iosefin dup\u0103 o investi\u021bie de&#8230; Administra\u021bie local\u0103 Investitii in Timisoara \u0218tiri Locale Timi\u0219oara red\u0103 comunit\u0103\u021bii Turnul de Ap\u0103 din Iosefin dup\u0103 o investi\u021bie de peste 10,5 milioane de lei De c\u0103tre redactia &#8211; 21\/07\/2026 Facebook Twitter WhatsApp Linkedin ReddIt Email Imprimare Unul dintre cele [&hellip;]<\/p>\n","protected":false},"author":1,"featured_media":0,"comment_status":"open","ping_status":"","sticky":false,"template":"","format":"standard","meta":{"footnotes":""},"categories":[89],"tags":[226,189],"class_list":["post-2055292","post","type-post","status-publish","format-standard","hentry","category-romania","tag-crawlmanager","tag-orasul-timisoara-ro"],"_links":{"self":[{"href":"https:\/\/analyse.optim.biz\/index.php?rest_route=\/wp\/v2\/posts\/2055292","targetHints":{"allow":["GET"]}}],"collection":[{"href":"https:\/\/analyse.optim.biz\/index.php?rest_route=\/wp\/v2\/posts"}],"about":[{"href":"https:\/\/analyse.optim.biz\/index.php?rest_route=\/wp\/v2\/types\/post"}],"author":[{"embeddable":true,"href":"https:\/\/analyse.optim.biz\/index.php?rest_route=\/wp\/v2\/users\/1"}],"replies":[{"embeddable":true,"href":"https:\/\/analyse.optim.biz\/index.php?rest_route=%2Fwp%2Fv2%2Fcomments&post=2055292"}],"version-history":[{"count":0,"href":"https:\/\/analyse.optim.biz\/index.php?rest_route=\/wp\/v2\/posts\/2055292\/revisions"}],"wp:attachment":[{"href":"https:\/\/analyse.optim.biz\/index.php?rest_route=%2Fwp%2Fv2%2Fmedia&parent=2055292"}],"wp:term":[{"taxonomy":"category","embeddable":true,"href":"https:\/\/analyse.optim.biz\/index.php?rest_route=%2Fwp%2Fv2%2Fcategories&post=2055292"},{"taxonomy":"post_tag","embeddable":true,"href":"https:\/\/analyse.optim.biz\/index.php?rest_route=%2Fwp%2Fv2%2Ftags&post=2055292"}],"curies":[{"name":"wp","href":"https:\/\/api.w.org\/{rel}","templated":true}]}}