{"id":205512,"date":"2014-05-17T20:28:32","date_gmt":"2014-05-17T17:28:32","guid":{"rendered":"https:\/\/analyse.optim.biz\/?p=205512"},"modified":"2014-05-17T20:28:32","modified_gmt":"2014-05-17T17:28:32","slug":"crin-antonescu-primeste-in-partid-o-intreaga-filiala-a-pc-dar-critica-traseismul-politic","status":"publish","type":"post","link":"https:\/\/analyse.optim.biz\/?p=205512","title":{"rendered":"Crin Antonescu prime\u0219te \u00een partid o \u00eentreag\u0103 filial\u0103 a PC, dar critic\u0103 traseismul politic"},"content":{"rendered":"<div class=\"entry data-app-meta data-app-meta-article\" data-embed-base-url-canonical=\"https:\/\/www.digi24.ro\/embed\/stiri\/actualitate\/politica\/crin-antonescu-primeste-in-partid-o-intreaga-filiala-a-pc-dar-critica-traseismul-politic-244305\">\n<p data-index=\"1\">\u201eVreau s\u0103 fac ce a spus B\u0103sescu c\u0103 face \u0219i nu a f\u0103cut. Eu nu pot s\u0103 m\u0103 pun la mintea politic\u0103 a lui Ponta, c\u0103 nu putem s\u0103 transmitem acelea\u0219i mesaje ca B\u0103sescu. Transmit acelea\u0219i mesaje ca \u0219i Ceau\u0219escu dac\u0103 \u00eenvie \u0219i spune c\u0103 trebuie s\u0103 mergem cu NATO. Nu mesajele sunt problema, ideile sunt problema. Traian B\u0103sescu a vorbit despre foarte multe lucruri pe care, din diverse motive, nu a reu\u0219it sa le fac\u0103, nu neap\u0103rat fiindc\u0103 nu a vrut, pentru c\u0103 e foarte greu. Noi nu am putut st\u0103vili traseismul politic care a proliferat p\u00e2n\u0103 la a deveni o cangren\u0103\u201d, a spus Crin Antonescu la un post de televiziune.<\/p>\n<p data-index=\"2\">Cu doar c\u00e2teva ore \u00eenainte de a face aceast\u0103 declara\u0163ie, alta era pozi\u0163ia liderului PNL. Convoca\u0163i \u00een forurile de conducere, liberalii au aplaudat vineri anun\u0163ul migr\u0103rii la PNL a sute de conservatori. Crin Antonescu a \u0163inut s\u0103 puncteze lovitura de imagine dat\u0103 fo\u015ftilor alia\u0163i.<\/p>\n<p data-index=\"3\">\u201eS-a al\u0103turat PNL practic \u00eentreaga organiza\u021bie a PC\u201d, spunea pre\u0219edintele liberalilor.<\/p>\n<p data-index=\"4\">\u201e<span>Consider c\u0103 PNL este singurul partid care reprezint\u0103 dreapta \u0219i tandemul Antonescu &#8211; Klaus Iohannis este unul c\u00e2\u0219tig\u0103tor pentru Rom\u00e2nia\u201d, a spus Dan Marinescu, ex-primvicepre\u015fedintele PC Sector 3.<\/span><\/p>\n<p data-index=\"5\">Vizat \u00een 2012 de tentativa liderilor USL de demitere din func\u0163ie, Traian B\u0103sescu r\u0103m\u00e2ne rezervat fa\u0163\u0103 de liderul PNL.<\/p>\n<p data-index=\"6\">\u201eAduce\u021bi-v\u0103 aminte \u0219i de dr\u0103gu\u021bul de Antonescu, care acum \u0219i-a schimbat discursul, r\u0103m\u00e2ne de v\u0103zut dac\u0103 \u0219i-a schimbat doar blana \u0219i ce facem cu n\u0103ravul\u201d, a spus pre\u0219edintele.<\/p>\n<p data-index=\"7\">Nu este prima dat\u0103 c\u00e2nd \u00eentre faptele politicienilor \u015fi declara\u0163iile publice se remarc\u0103 o ruptur\u0103. Iar Crin Antonescu nu face excep\u0163ie.<\/p>\n<p data-index=\"8\">\u201eTraseismul politic este \u00een fond moartea democra\u021biei, cu alte cuvinte nu mai are importan\u021b\u0103 ce aleg oamenii, dac\u0103 eu a doua zi dup\u0103 ce am primit voturile pentru un partid, pentru un program, o anumit\u0103 direc\u021bie \u0219i op\u021biune politic\u0103 trec \u00een partea cealalt\u0103\u201d &#8211; sus\u0163inea, \u00een decembrie 2012, liderul PNL.<\/p>\n<p data-index=\"9\">Patru luni mai t\u00e2rziu, anun\u0163a adeziunea la partid a mai multor lideri cu greutate \u00een PDL, printre care Mihai St\u0103ni\u015foar\u0103 \u015fi Sorin Frunz\u0103verde.<\/p>\n<\/div>\n<p> Source URL: https:\/\/www.digi24.ro\/stiri\/actualitate\/politica\/crin-antonescu-primeste-in-partid-o-intreaga-filiala-a-pc-dar-critica-traseismul-politic-244305<\/p>\n","protected":false},"excerpt":{"rendered":"<p>\u201eVreau s\u0103 fac ce a spus B\u0103sescu c\u0103 face \u0219i nu a f\u0103cut. Eu nu pot s\u0103 m\u0103 pun la mintea politic\u0103 a lui Ponta, c\u0103 nu putem s\u0103 transmitem acelea\u0219i mesaje ca B\u0103sescu. Transmit acelea\u0219i mesaje ca \u0219i Ceau\u0219escu dac\u0103 \u00eenvie \u0219i spune c\u0103 trebuie s\u0103 mergem cu NATO. Nu mesajele sunt problema, ideile [&hellip;]<\/p>\n","protected":false},"author":1,"featured_media":205513,"comment_status":"open","ping_status":"","sticky":false,"template":"","format":"standard","meta":{"footnotes":""},"categories":[2],"tags":[11],"class_list":["post-205512","post","type-post","status-publish","format-standard","has-post-thumbnail","hentry","category-politics","tag-digi24"],"_links":{"self":[{"href":"https:\/\/analyse.optim.biz\/index.php?rest_route=\/wp\/v2\/posts\/205512","targetHints":{"allow":["GET"]}}],"collection":[{"href":"https:\/\/analyse.optim.biz\/index.php?rest_route=\/wp\/v2\/posts"}],"about":[{"href":"https:\/\/analyse.optim.biz\/index.php?rest_route=\/wp\/v2\/types\/post"}],"author":[{"embeddable":true,"href":"https:\/\/analyse.optim.biz\/index.php?rest_route=\/wp\/v2\/users\/1"}],"replies":[{"embeddable":true,"href":"https:\/\/analyse.optim.biz\/index.php?rest_route=%2Fwp%2Fv2%2Fcomments&post=205512"}],"version-history":[{"count":0,"href":"https:\/\/analyse.optim.biz\/index.php?rest_route=\/wp\/v2\/posts\/205512\/revisions"}],"wp:featuredmedia":[{"embeddable":true,"href":"https:\/\/analyse.optim.biz\/index.php?rest_route=\/wp\/v2\/media\/205513"}],"wp:attachment":[{"href":"https:\/\/analyse.optim.biz\/index.php?rest_route=%2Fwp%2Fv2%2Fmedia&parent=205512"}],"wp:term":[{"taxonomy":"category","embeddable":true,"href":"https:\/\/analyse.optim.biz\/index.php?rest_route=%2Fwp%2Fv2%2Fcategories&post=205512"},{"taxonomy":"post_tag","embeddable":true,"href":"https:\/\/analyse.optim.biz\/index.php?rest_route=%2Fwp%2Fv2%2Ftags&post=205512"}],"curies":[{"name":"wp","href":"https:\/\/api.w.org\/{rel}","templated":true}]}}