{"id":2055062,"date":"2026-07-20T00:00:00","date_gmt":"2026-07-19T21:00:00","guid":{"rendered":"https:\/\/analyse.optim.biz\/?p=2055062"},"modified":"2026-07-20T00:00:00","modified_gmt":"2026-07-19T21:00:00","slug":"mozaic-stiri-nationale-misiune-de-salvare-in-marea-neagra-dupa-un-incendiu-produs-la-un-petrolier-liberian","status":"publish","type":"post","link":"https:\/\/analyse.optim.biz\/?p=2055062","title":{"rendered":"MOZAIC \u0218TIRI NA\u021aIONALE: Misiune de salvare \u00een Marea Neagr\u0103 dup\u0103 un incendiu produs la un petrolier liberian"},"content":{"rendered":"<p>[analyse_image type=&#8221;featured&#8221; src=&#8221;https:\/\/zdvi.cname.ro\/_\/mozaic-Stiri-naTionale-misiune-de-salvare-in-marea-neagra-dupa-un-incendiu-produs-la-un-petrolier-liberian\/mediaPool\/uqgHzHp.jpeg&#8221;]<\/p>\n<div class=\"main-content detaliu-articol\"><a class=\"titlu-cat-list\" href=\"https:\/\/ziaruldevrancea.ro\/actualitatea\/national\">Na\u021bional<\/a><\/p>\n<h1>MOZAIC \u0218TIRI NA\u021aIONALE: Misiune de salvare \u00een Marea Neagr\u0103 dup\u0103 un incendiu produs la un petrolier liberian<\/h1>\n<div class=\"date-articol clearfix\">\n<div class=\"distribuie-articol dropdown\">\n    Distribuie: \u00a0<br \/>\n    <em>|<\/em><\/div>\n<div class=\"autor-articol\"><a href=\"https:\/\/ziaruldevrancea.ro\/autor\/rodica-condurache\/\"><img decoding=\"async\" class=\"img-circle\" src=\"https:\/\/zdvi.cname.ro\/50_50\/articleAuthor\/rodica-condurache\/articleAuthor\/uy6Kz5r.jpg\" alt><\/a><\/p>\n<h5><a href=\"https:\/\/ziaruldevrancea.ro\/autor\/rodica-condurache\/\">Rodica Condurache<\/a><\/h5>\n<div class=\"grup-spatiere\"><span class=\"cu-spatiere\">20 iul 2026<\/span><span class=\"cu-spatiere\">107 vizualiz\u0103ri<\/span><\/div>\n<\/div>\n<\/div>\n<div class=\"poza-mare\"><a href class=\"openGallery\"><img decoding=\"async\" class=\"img-responsive\" src=\"https:\/\/zdvi.cname.ro\/850_530\/mozaic-Stiri-naTionale-misiune-de-salvare-in-marea-neagra-dupa-un-incendiu-produs-la-un-petrolier-liberian\/article\/mediaPool\/uqgHzHp.jpeg\" alt><\/a><\/div>\n<p>Cei 17 membri ai echipajului au fost salva\u0163i, trei dintre ei fiind r\u0103ni\u021bi n nava comercial\u0103 transporta 3.800 tone de propan<\/p>\n<p>O misiune de salvare a avut loc \u00een noaptea de luni spre mar\u0163i \u00een Marea Neagr\u0103, dup\u0103 un incendiu produs la o nav\u0103 aflat\u0103 \u00een apropiere de Sf\u00e2ntu Gheorghe, au anun\u0163at reprezentan\u0163ii Autorit\u0103\u0163ii Navale Rom\u00e2ne. Ei au precizat c\u0103 cei 17 membri ai echipajului au fost salva\u0163i, trei persoane r\u0103nite fiind preluate de echipajele medicale. Pompierii au anun\u0163at c\u0103 r\u0103ni\u0163ii vor fi transporta\u0163i la UPU Tulcea. \u201d\u00cen acest moment, cele trei victime transportate de nava multirol din cadrul Inspectoratului pentru Situa\u0163ii de Urgen\u0163\u0103 Delta al jude\u0163ului Tulcea au fost preluate de c\u0103tre echipajele medicale cu o ambulan\u0163\u0103 de terapie intensiv\u0103 SMURD \u015fi o autospecial\u0103 transport personal \u015fi victime multiple \u015fi transportate pentru investiga\u0163ii \u015fi \u00eengrijiri medicale de specialitate la UPU Tulcea\u201d, au transmis pompierii.<\/p>\n<p>Potrivit aceleia\u015fi surse, autorit\u0103\u0163ile rom\u00e2ne au intervenit pentru salvarea echipajului navei comerciale GAS LISBON, un tanc petrolier de tip LPG aflat sub pavilion Liberia, care naviga \u00een Zona Economic\u0103 Exclusiv\u0103 a Rom\u00e2niei, la aproximativ 20 de mile marine sud-est de localitatea Sf\u00e2ntu Gheorghe. Nava plecase din portul Alexandria (Egipt) \u015fi se \u00eendrepta c\u0103tre Reni (Ucraina), av\u00e2nd la bord o \u00eenc\u0103rc\u0103tur\u0103 de peste 3.790 de tone de propan \u015fi un echipaj format din 17 persoane.<\/p>\n<p>\u201e\u00cen urma producerii unui incident la bordul navei, care a provocat avarii majore \u015fi izbucnirea unui incendiu la nivelul suprastructurii, echipajul s-a refugiat \u00een zona prova, f\u0103r\u0103 posibilitatea de a utiliza mijloacele proprii de evacuare. Dup\u0103 primirea alertei prin intermediul MRCC Constan\u0163a, a fost declan\u015fat\u0103 o opera\u0163iune complex\u0103 de c\u0103utare \u015fi salvare, coordonat\u0103 de autorit\u0103\u0163ile competente. Comunica\u0163iile cu nava au fost men\u0163inute prin intermediul unei nave comerciale aflate \u00een apropiere, utilizat\u0103 ca releu radio\u201d, precizeaz\u0103 ISU Tulcea.<\/p>\n<p>Aceea\u015fi surs\u0103 men\u0163ioneaz\u0103 c\u0103 \u00een sprijinul echipajului au fost mobilizate o nav\u0103 maritim\u0103 de interven\u0163ie a G\u0103rzii de Coast\u0103, precum \u015fi navele de c\u0103utare \u015fi salvare SAR APOLLO \u015fi SAR ARTEMIS, apar\u0163in\u00e2nd Agen\u0163iei Rom\u00e2ne de Salvare a Vie\u0163ii Omene\u015fti pe Mare (ARSVOM). Potrivit pompierilor, din cauza condi\u0163iilor meteorologice nefavorabile, interven\u0163ia aerian\u0103 cu un elicopter al Inspectoratului General de Avia\u0163ie al MAI nu a putut fi realizat\u0103. \u201eDup\u0103 sosirea la locul interven\u0163iei, echipajul navei SAR APOLLO a lansat la ap\u0103 dou\u0103 plute de salvare, reu\u015find evacuarea \u00een siguran\u0163\u0103 a tuturor celor 17 membri ai echipajului. Trei dintre persoanele salvate necesitau \u00eengrijiri medicale de urgen\u0163\u0103. Dou\u0103 victime prezentau arsuri pe aproximativ 10-15% din suprafa\u0163a corpului, iar cea de-a treia suferise multiple pl\u0103gi \u015fi prezenta hemoragie\u201d, precizeaz\u0103 sursa citat\u0103.<\/p>\n<p>Dup\u0103 evacuare, nava SAR APOLLO s-a deplasat c\u0103tre Portul Sulina. Pentru reducerea timpului de r\u0103spuns, Inspectoratul pentru Situa\u0163ii de Urgen\u0163\u0103 \u201eDelta\u201d al jude\u0163ului Tulcea a mobilizat o ambarca\u0163iune multirol \u015fi o echip\u0103 medical\u0103 pentru preluarea victimelor \u015fi transportul acestora c\u0103tre Unitatea de Primiri Urgen\u0163e Tulcea. Totodat\u0103, medicul coordonator a dispus realizarea unei jonc\u0163iuni \u00eentre echipajele medicale, astfel \u00eenc\u00e2t transferul \u015fi acordarea asisten\u0163ei medicale s\u0103 se desf\u0103\u015foare \u00een cel mai scurt timp, explic\u0103 pompierii.<\/p>\n<p>\u201eLa acest moment, incendiul de la bordul navei se manifest\u0103 \u00een continuare la nivelul suprastructurii, nava fiind ancorat\u0103. Pentru siguran\u0163a naviga\u0163iei, a fost emis un mesaj de avertizare c\u0103tre toate navele aflate \u00een zon\u0103, \u00een vederea evit\u0103rii perimetrului afectat. Autorit\u0103\u0163ile rom\u00e2ne continu\u0103 monitorizarea situa\u0163iei \u015fi men\u0163in \u00een teren resursele necesare pentru gestionarea \u00een siguran\u0163\u0103 a interven\u0163iei\u201d, mai arat\u0103 ISU Tulcea.<\/p>\n<p><strong>Nicu\u015for Dan: Nava a fost lovit\u0103<\/strong><\/p>\n<p>Pre\u015fedintele Nicu\u015for Dan a anun\u0163at, ulterior, c\u0103 nava a fost lovit\u0103 \u00een afara apelor teritoriale ale Rom\u00e2niei, la aproximativ 20 de mile marine \u00een largul \u0163\u0103rmului rom\u00e2nesc. \u00a0&#8220;Institu\u0163iile statului sunt \u00een alert\u0103 \u015fi vor clarifica circumstan\u0163ele, cauzele \u015fi responsabilit\u0103\u0163ile aferente acestui grav incident, cel mai probabil parte a r\u0103zboiului ilegal de agresiune al Federa\u0163iei Ruse \u00eempotriva Ucrainei&#8221;, precizeaz\u0103 Nicu\u015for Dan.<\/p>\n<p><strong>Ce este astmul de furtun\u0103<\/strong><\/p>\n<p>medicii din Timi\u015foara atrag aten\u0163ia asupra unui fenomen respirator care apare pe fondul schimb\u0103rilor climatice<\/p>\n<p>Tusea puternic\u0103, respira\u0163ia \u015fuier\u0103toare, senza\u0163ia de ap\u0103sare \u00een piept \u015fi lipsa de aer, ap\u0103rute \u00een timpul unei furtuni de var\u0103, pot indica instalarea unei crize de astm. Medicii din Timi\u015foara atrag aten\u0163ia c\u0103 fenomenul poart\u0103 numele de \u201eastm de furtun\u0103\u201d \u015fi c\u0103 \u00eei poate afecta inclusiv pe copiii care nu au fost diagnostica\u0163i anterior cu astm.<\/p>\n<p>Potrivit speciali\u015ftilor, \u00een Rom\u00e2nia nu exist\u0103 statistici care s\u0103 arate c\u00e2te asemenea episoade se produc, fenomenul fiind mai degrab\u0103 nerecunoscut \u015fi subraportat. &#8220;Copilul ajunge la camera de gard\u0103 cu dificult\u0103\u0163i de respira\u0163ie, iar cazul este \u00eenregistrat ca o criz\u0103 de astm, un episod de bronhospasm sau o reac\u0163ie alergic\u0103. Leg\u0103tura cu furtuna \u015fi concentra\u0163ia ridicat\u0103 de polen trece de cele mai multe ori neobservat\u0103&#8221;, se arat\u0103 \u00eentr-un comunicat de pres\u0103, de mar\u0163i al Compartimentului de Pneumologie Pediatric\u0103 al Spitalului Jude\u0163ean Timi\u015foara.<\/p>\n<p>Medicii spun c\u0103 astmul de furtun\u0103 nu este o afec\u0163iune distinct\u0103, ci o reac\u0163ie respiratorie acut\u0103 produs\u0103 de combina\u0163ia dintre cantitatea mare de polen din aer, umiditatea ridicat\u0103 \u015fi curen\u0163ii puternici care apar \u00eenaintea \u015fi \u00een timpul unei furtuni.<\/p>\n<p>&#8220;\u00cen mod obi\u015fnuit, ploaia este considerat\u0103 benefic\u0103 pentru persoanele alergice, deoarece cur\u0103\u0163\u0103 temporar aerul de polen. \u00cen cazul furtunilor puternice de var\u0103, efectul poate fi \u00eens\u0103 exact invers. Curen\u0163ii de aer aduc spre sol cantit\u0103\u0163i mari de polen aflate \u00een straturile superioare ale atmosferei. Din cauza umidit\u0103\u0163ii, particulele de polen absorb ap\u0103 \u015fi se sparg \u00een fragmente extrem de mici. Dac\u0103 particulele \u00eentregi sunt oprite, de cele mai multe ori, \u00een nas \u015fi \u00een g\u00e2t, fragmentele rezultate pot p\u0103trunde ad\u00e2nc \u00een c\u0103ile respiratorii \u015fi pot ajunge p\u00e2n\u0103 la nivelul bronhiilor. O dat\u0103 inhalate, acestea pot provoca inflama\u0163ia \u015fi \u00eengustarea c\u0103ilor respiratorii, declan\u015f\u00e2nd o criz\u0103 de astm&#8221;, a declarat prof. dr. Ioana Ciuc\u0103, medic primar pneumolog pediatru, coordonator al Compartimentului de Pneumologie Pediatric\u0103 al Spitalului Jude\u0163ean Timi\u015foara.<\/p>\n<p>Potrivit sursei citate, copiii cu astm alergic sunt cei mai expu\u015fi, mai ales dac\u0103 boala nu este controlat\u0103 corespunz\u0103tor sau tratamentul nu este administrat conform recomand\u0103rilor. Exist\u0103 \u00eens\u0103 \u015fi copii care nu au fost diagnostica\u0163i cu astm, dar care au o sensibilitate la polen \u015fi prezint\u0103, de obicei, doar str\u0103nut, nas \u00eenfundat, secre\u0163ii nazale, m\u00e2nc\u0103rimi sau l\u0103crimarea ochilor.<\/p>\n<p>\u00cen timpul unei furtuni, ace\u015ftia pot dezvolta pentru prima dat\u0103 tuse sever\u0103, respira\u0163ie \u015fuier\u0103toare \u015fi senza\u0163ia c\u0103 nu mai au aer. Simptomele pot ap\u0103rea chiar \u00eenainte ca ploaia s\u0103 \u00eenceap\u0103. Rafalele puternice care preced furtuna pot transporta polenul \u015fi fragmentele rezultate pe suprafe\u0163e \u00eentinse. \u00cen aer pot ajunge \u015fi spori de mucegai, praf sau alte particule iritante, care pot agrava problemele respiratorii. Fenomenul este \u00eent\u00e2lnit mai ales \u00een perioadele cu o concentra\u0163ie ridicat\u0103 de polen, \u00een special de polen provenit de la graminee. Riscul poate cre\u015fte \u00een zilele c\u0103lduroase, urmate de furtuni puternice. &#8220;Atunci c\u00e2nd se anun\u0163\u0103 o furtun\u0103, recomandarea pentru p\u0103rin\u0163ii copiilor alergici la polen sau diagnostica\u0163i cu astm este s\u0103 \u00eenchid\u0103 ferestrele \u015fi s\u0103 \u00eei \u0163in\u0103 pe cei mici \u00een interior. Copilul trebuie s\u0103 urmeze tratamentul prescris \u015fi s\u0103 aib\u0103 la \u00eendem\u00e2n\u0103 medica\u0163ia indicat\u0103 pentru situa\u0163iile \u00een care simptomele se agraveaz\u0103. Tratamentul de control nu trebuie \u00eentrerupt doar pentru c\u0103, \u00eentr-o anumit\u0103 perioad\u0103, copilul se simte bine. Tocmai administrarea corect\u0103 a acestuia reduce riscul apari\u0163iei unei crize severe&#8221;, a declarat Ioana Ciuc\u0103.<\/p>\n<p>Ea spune c\u0103 schimb\u0103rile climatice favorizeaz\u0103 prelungirea perioadelor de polenizare, cre\u015fterea cantit\u0103\u0163ii de polen din aer \u015fi apari\u0163ia mai frecvent\u0103 a fenomenelor meteorologice extreme. \u00cen aceste condi\u0163ii, episoadele de astm indus de furtun\u0103 ar putea deveni mai frecvente. P\u0103rin\u0163ii trebuie s\u0103 solicite imediat ajutor medical atunci c\u00e2nd copilul respir\u0103 cu dificultate, nu poate vorbi normal din cauza lipsei de aer, respir\u0103 greu sau des, devine agitat sau somnolent ori dac\u0103 buzele \u00eencep s\u0103 devin\u0103 cianotice.<\/p>\n<p><strong>Doi membri ai familiei C\u00e2rpaci din Timi\u015foara, prin\u015fi de poli\u0163i\u015fti la Caransebe\u015f<\/strong><\/p>\n<p>Ofi\u0163erii de la Serviciul de Investiga\u0163ii Criminale \u015fi de la Biroul de Opera\u0163iuni Speciale din IPJ Timi\u015f au ridicat mar\u0163i diminea\u0163\u0103 doi membri ai familiei de romi C\u00e2rpaci, din Timi\u015foara, \u00een urma unei opera\u0163iuni desf\u0103\u015furate la Caransebe\u015f, \u00een jude\u0163ul Cara\u015f-Severin. Cei doi au fost c\u0103uta\u0163i \u00een Rom\u00e2nia \u015fi Germania, pentru sclavie \u015fi trafic de organe, dup\u0103 ce au capturat un b\u0103rbat \u015fi l-au for\u0163at s\u0103 doneze un rinichi.<\/p>\n<p>Gradu C\u00eerpaci, zis \u015fi &#8220;Ministrul de Finan\u0163e&#8221;, \u015fi so\u0163ia lui, care fac parte dintr-unul dintre cele mai cunoscute clanuri din Timi\u015foara, ai c\u0103rui membri de\u0163in mai multe vile \u00een zona central\u0103 a ora\u015fului, au fost acuza\u0163i de autorit\u0103\u0163ile din Germania de s\u0103v\u00e2r\u015firea mai multor infrac\u0163iuni.<\/p>\n<p>\u00cen timp ce locuiau \u00een M\u00fcnchen (Germania), Gradu C\u00eerpaci \u015fi so\u0163ia lui l-au cazat pe un b\u0103rbat adus din Rom\u00e2nia \u00eentr-un apartament, i-au luat pa\u015faportul \u015fi buletinul \u015fi l-au izolat de familia lui r\u0103mas\u0103 \u00een \u0163ar\u0103. Apoi, l-au pus s\u0103 lucreze pentru ei \u015fi l-au constr\u00e2ns s\u0103 semneze mai multe contracte. Ulterior, l-au amenin\u0163at c\u0103 \u00eei vor ucide rudele din Rom\u00e2nia, dac\u0103 nu accept\u0103 s\u0103 \u00eei doneze un rinichi lui Gradu C\u00eerpaci, care suferea de o boal\u0103 renal\u0103. Donatorul urma s\u0103 primeasc\u0103 15.000 de euro \u015fi un apartament \u00een Timi\u015foara. Opera\u0163ia a avut loc \u00eentr-un spital din Freiburg, Germania. Dup\u0103 transplant, b\u0103rbatul nu a mai primit nimic \u015fi ar fi r\u0103mas sclavul familiei C\u00eerpaci.<\/p>\n<p>\u00cen luna martie a acestui an, poli\u0163i\u015ftii din Germania, \u00eempreun\u0103 cu procurorii DIICOT Timi\u015foara, au descins la vila familiei C\u00eerpaci, de unde au ridicat mai multe contracte de v\u00e2nzare-cump\u0103rare, asigur\u0103ri, acte medicale, calculatoare \u015fi telefoane. Pe numele celor doi a fost emis un mandat european de arestare pentru trafic de persoane \u00een scopul prelev\u0103rii de organe, v\u0103t\u0103mare corporal\u0103, constr\u00e2ngere, amenin\u0163are \u015fi \u00een\u015fel\u0103ciune.<\/p>\n<p>Gradu C\u00eerpaci \u015fi so\u0163ia lui se afl\u0103 acum \u00een custodia poli\u0163iei \u015fi urmau s\u0103 fie du\u015fi la Curtea de Apel Timi\u015foara pentru confirmarea mandatului european de arestare.<\/p>\n<p><strong>Sibiu &#8211; Un bolovan a c\u0103zut pe un autoturism, un b\u0103rbat a decedat<\/strong><\/p>\n<p>Echipele ISU au intervenit mar\u0163i diminea\u0163\u0103, pe DN7, \u00eentre Boi\u0163a \u015fi Lazaret, dup\u0103 ce un bolovan a c\u0103zut pe un autoturism, un b\u0103rbat fiind scos incon\u015ftient din vehicul. El nu a r\u0103spuns manevrelor de resuscitare, fiind declarat decesul.\u00a0\u00cen ma\u015fin\u0103 erau dou\u0103 persoane, una dintre ele s-a autoevacuat, cealalt\u0103 persoan\u0103, un b\u0103rbat de aproximativ 65 de ani, incon\u015ftient, fiind \u00eencarcerat.<\/p>\n<p><strong>Alba Iulia: Un t\u00e2n\u0103r s-a dezbr\u0103cat, a urcat pe liftul unui pasaj \u015fi a strigat \u201eGeorgescu pre\u015fedinte!\u201d<\/strong><\/p>\n<p>Incidentul a avut loc pe Bulevardul Transilvaniei din Alba Iulia, peste drum de Parcul Unirii. C\u00e2nd la fa\u0163a locului \u015fi-au f\u0103cut apari\u0163ia echipaje ale Jandarmeriei, Poli\u0163iei \u015fi ISU, b\u0103rbatul complet dezbr\u0103cat a \u00eenceput s\u0103 amenin\u0163e c\u0103 se arunc\u0103 \u00een gol, scrie ziarul unirea.ro. Publica\u0163ia local\u0103 noteaz\u0103 c\u0103 t\u00e2n\u0103rul a fost dat jos de pe lift de c\u0103tre autorit\u0103\u0163i.<\/p>\n<hr>\n<div class=\"bloc-widget widget-rosu\">\n<p>\u00cen lipsa unui acord scris din partea Ziarului de Vrancea, pute\u0163i prelua maxim 500 de caractere din acest articol dac\u0103 preciza\u0163i sursa \u015fi insera\u0163i vizibil link-ul articolului:\u00a0<span>#insertcurrentlinkhere<\/span><\/p>\n<\/div>\n<div class=\"extra-articol listing-anunturi\">\n<h6>Anun\u021buri <span class=\"text-primary\">ZdV<\/span> Premium<\/h6>\n<div class=\"row\">\n<div class=\"col-lg-4 col-md-6 bloc-egal\"><a class=\"card-anunt\" href=\"https:\/\/ziaruldevrancea.ro\/anunturi\/angajari\/cereri-angajari\/doresc-angajare-anunt-72815\"><strong class=\"titlu\">Cereri<\/strong><span class=\"text-anunt\">Doresc s\u0103 am grij\u0103 de un copil de&#8230;<\/span><span class=\"data-anunt\">21.07.2026  <\/span><\/a><\/div>\n<div class=\"col-lg-4 col-md-6 bloc-egal\"><a class=\"card-anunt\" href=\"https:\/\/ziaruldevrancea.ro\/anunturi\/inchirieri\/locuinte-oferte\/primesc-in-gazda-anunt-72816\"><strong class=\"titlu\">Locuin\u021be oferte<\/strong><span class=\"text-anunt\">\u00a0Primesc \u00een gazd\u0103 la cas\u0103.<\/p>\n<p>Tel&#8230;.<\/span><span class=\"data-anunt\">21.07.2026  <\/span><\/a><\/div>\n<div class=\"col-lg-4 col-md-6 bloc-egal\"><a class=\"card-anunt\" href=\"https:\/\/ziaruldevrancea.ro\/anunturi\/inchirieri\/locuinte-oferte\/primesc-in-gazda-anunt-72817\"><strong class=\"titlu\">Locuin\u021be oferte<\/strong><span class=\"text-anunt\">Primesc \u00een gazd\u0103 la bloc o elev\u0103. <\/p>\n<p>Tel&#8230;.<\/span><span class=\"data-anunt\">21.07.2026  <\/span><\/a><\/div>\n<\/div>\n<\/div>\n<div class=\"extra-articol alte-articole\">\n<div class=\"row\">\n<div class=\"col-lg-6 bloc-egal\">\n<div class=\"card articol-listing\">\n<h6>\u00cen categoria <a href=\"https:\/\/ziaruldevrancea.ro\/actualitatea\/national\">Na\u021bional<\/a><\/h6>\n<div class=\"grup-articol-listing\">\n<div class=\"cont-pils\"><a href=\"https:\/\/ziaruldevrancea.ro\/actualitatea\/national\/mozaic-Stiri-naTionale-ciucu-ceban-de-la-chisinau-a-aflat-inaintea-lui-bolojan-ca-vestea-va-fi-nominalizat-premier\"><img decoding=\"async\" src=\"https:\/\/zdvi.cname.ro\/180_135\/actualitatea\/national\/mozaic-Stiri-naTionale-ciucu-ceban-de-la-chisinau-a-aflat-inaintea-lui-bolojan-ca-vestea-va-fi-nominalizat-premier\/mediaPool\/ubnCyvf.jpg\" class=\"img-responsive img-180\" alt><\/a><\/div>\n<h2><a class=\"link-titlu\" href=\"https:\/\/ziaruldevrancea.ro\/actualitatea\/national\/mozaic-Stiri-naTionale-ciucu-ceban-de-la-chisinau-a-aflat-inaintea-lui-bolojan-ca-vestea-va-fi-nominalizat-premier\">MOZAIC \u0218TIRI NA\u021aIONALE: Ciucu: Ceban de la Chi\u015fin\u0103u a aflat \u00eenaintea lui Bolojan c\u0103 Ve\u015ftea va fi nominalizat premier<\/a><\/h2>\n<div class=\"date-post\"><a href=\"https:\/\/ziaruldevrancea.ro\/autor\/rodica-condurache\">Rodica Condurache<\/a>, 19 iul 2026  <\/div>\n<\/div>\n<div class=\"grup-articol-listing\">\n<div class=\"cont-pils\"><a href=\"https:\/\/ziaruldevrancea.ro\/actualitatea\/national\/mozaic-stiri-nationale-oana-gheorghiu-decizia-curtii-europene-de-justitie-vine-sa-confirme-ceea-ce-romanii-simt\"><img decoding=\"async\" src=\"https:\/\/zdvi.cname.ro\/180_135\/actualitatea\/national\/mozaic-stiri-nationale-oana-gheorghiu-decizia-curtii-europene-de-justitie-vine-sa-confirme-ceea-ce-romanii-simt\/mediaPool\/uMcC3nC.jpeg\" class=\"img-responsive img-180\" alt><\/a><\/div>\n<h2><a class=\"link-titlu\" href=\"https:\/\/ziaruldevrancea.ro\/actualitatea\/national\/mozaic-stiri-nationale-oana-gheorghiu-decizia-curtii-europene-de-justitie-vine-sa-confirme-ceea-ce-romanii-simt\">MOZAIC \u0218TIRI NA\u021aIONALE: Oana Gheorghiu: Decizia Cur\u0163ii Europene de Justi\u0163ie vine s\u0103 confirme ceea ce rom\u00e2nii simt<\/a><\/h2>\n<div class=\"date-post\"><a href=\"https:\/\/ziaruldevrancea.ro\/autor\/rodica-condurache\">Rodica Condurache<\/a>, 18 iul 2026  <\/div>\n<\/div>\n<div class=\"grup-articol-listing\">\n<div class=\"cont-pils\"><a href=\"https:\/\/ziaruldevrancea.ro\/actualitatea\/national\/mozaic-Stiri-naTionale-olguta-vasilescu-nou-atac-la-pilonul-ii-de-pensii\"><img decoding=\"async\" src=\"https:\/\/zdvi.cname.ro\/180_135\/actualitatea\/national\/mozaic-Stiri-naTionale-olguta-vasilescu-nou-atac-la-pilonul-ii-de-pensii\/mediaPool\/uN6pNQr.jpg\" class=\"img-responsive img-180\" alt><\/a><\/div>\n<h2><a class=\"link-titlu\" href=\"https:\/\/ziaruldevrancea.ro\/actualitatea\/national\/mozaic-Stiri-naTionale-olguta-vasilescu-nou-atac-la-pilonul-ii-de-pensii\">MOZAIC \u0218TIRI NA\u021aIONALE: Olgu\u021ba Vasilescu, nou atac la Pilonul II de pensii<\/a><\/h2>\n<div class=\"date-post\"><a href=\"https:\/\/ziaruldevrancea.ro\/autor\/rodica-condurache\">Rodica Condurache<\/a>, 15 iul 2026  <\/div>\n<\/div>\n<\/div>\n<\/div>\n<div class=\"col-lg-6 bloc-egal\">\n<div class=\"card articol-listing\">\n<h6>De acela\u0219i <a href=\"https:\/\/ziaruldevrancea.ro\/autor\/rodica-condurache\/\">autor<\/a><\/h6>\n<div class=\"grup-articol-listing\">\n<div class=\"cont-pils\"><a href=\"https:\/\/ziaruldevrancea.ro\/actualitatea\/stiri-locale\/prima-pagina-a-editiei-tiparite-a-ziarului-de-vrancea-de-astazi-22-iulie-2026\"><img decoding=\"async\" src=\"https:\/\/zdvi.cname.ro\/180_135\/actualitatea\/stiri-locale\/prima-pagina-a-editiei-tiparite-a-ziarului-de-vrancea-de-astazi-22-iulie-2026\/mediaPool\/uDVumvv.jpg\" class=\"img-responsive img-180\" alt><\/a><\/div>\n<h2><a class=\"link-titlu\" href=\"https:\/\/ziaruldevrancea.ro\/actualitatea\/stiri-locale\/prima-pagina-a-editiei-tiparite-a-ziarului-de-vrancea-de-astazi-22-iulie-2026\">Prima pagin\u0103 a edi\u021biei tip\u0103rite a Ziarului de Vrancea de ast\u0103zi, 22 iulie 2026: Educa\u021bie, investi\u021bii, economie \u0219i memoria eroilor \u2013 principalele teme din noua edi\u021bie a Ziarului de Vrancea<\/a><\/h2>\n<div class=\"date-post\"><a href=\"https:\/\/ziaruldevrancea.ro\/autor\/rodica-condurache\">Rodica Condurache<\/a>, 22 iul 2026  <\/div>\n<\/div>\n<div class=\"grup-articol-listing\">\n<div class=\"cont-pils\"><a href=\"https:\/\/ziaruldevrancea.ro\/timp-liber\/calendarul-zilei-de-22-iulie-o-zi-in-care-istoria-cultura-si-memoria-se-intalnesc\"><img decoding=\"async\" src=\"https:\/\/zdvi.cname.ro\/180_135\/timp-liber\/calendarul-zilei-de-22-iulie-o-zi-in-care-istoria-cultura-si-memoria-se-intalnesc\/mediaPool\/uD7mJ57.png\" class=\"img-responsive img-180\" alt><\/a><\/div>\n<h2><a class=\"link-titlu\" href=\"https:\/\/ziaruldevrancea.ro\/timp-liber\/calendarul-zilei-de-22-iulie-o-zi-in-care-istoria-cultura-si-memoria-se-intalnesc\">Calendarul zilei de 22 iulie: O zi \u00een care istoria, cultura \u0219i memoria se \u00eent\u00e2lnesc<\/a><\/h2>\n<div class=\"date-post\"><a href=\"https:\/\/ziaruldevrancea.ro\/autor\/rodica-condurache\">Rodica Condurache<\/a>, 22 iul 2026  <\/div>\n<\/div>\n<div class=\"grup-articol-listing\">\n<div class=\"cont-pils\"><a href=\"https:\/\/ziaruldevrancea.ro\/timp-liber\/horoscop-21-iulie-2026\"><img decoding=\"async\" src=\"https:\/\/zdvi.cname.ro\/180_135\/timp-liber\/horoscop-21-iulie-2026\/mediaPool\/uA8enxT.jpg\" class=\"img-responsive img-180\" alt><\/a><\/div>\n<h2><a class=\"link-titlu\" href=\"https:\/\/ziaruldevrancea.ro\/timp-liber\/horoscop-21-iulie-2026\">Horoscop 21 iulie 2026 <\/a><\/h2>\n<div class=\"date-post\"><a href=\"https:\/\/ziaruldevrancea.ro\/autor\/rodica-condurache\">Rodica Condurache<\/a>, 21 iul 2026  <\/div>\n<\/div>\n<\/div>\n<\/div>\n<\/div>\n<\/div>\n<div class=\"extra-articol listing-anunturi\">\n<h6>Anun\u021buri <span class=\"text-primary\">ZdV<\/span> Premium<\/h6>\n<div class=\"row\">\n<div class=\"col-lg-4 col-md-6 bloc-egal\"><a class=\"card-anunt\" href=\"https:\/\/ziaruldevrancea.ro\/anunturi\/altele\/matrimoniale\/Imi-caut-sufletul-pereche-anunt-72811\"><strong class=\"titlu\">Matrimoniale<\/strong><span class=\"text-anunt\">Domn serios caut doamn\u0103 serioas\u0103, v\u00e2rsta&#8230;<\/span><span class=\"data-anunt\">20.07.2026  <\/span><\/a><\/div>\n<div class=\"col-lg-4 col-md-6 bloc-egal\"><a class=\"card-anunt\" href=\"https:\/\/ziaruldevrancea.ro\/anunturi\/altele\/matrimoniale\/Imi-caut-sufletul-pereche-anunt-72809\"><strong class=\"titlu\">Matrimoniale<\/strong><span class=\"text-anunt\">Domn de la \u021bar\u0103, 55 de ani, cu locuin\u021b\u0103, teren&#8230;<\/span><span class=\"data-anunt\">16.07.2026  <\/span><\/a><\/div>\n<div class=\"col-lg-4 col-md-6 bloc-egal\"><a class=\"card-anunt\" href=\"https:\/\/ziaruldevrancea.ro\/anunturi\/servicii\/familie-cauta-doamna-pentru-a-lucra-2-zile-pe-saptamana\"><strong class=\"titlu\">SERVICII<\/strong><span class=\"text-anunt\">Solicit\u0103m servicii de buc\u0103t\u0103rie acordate unei&#8230;<\/span><span class=\"data-anunt\">16.07.2026  <\/span><\/a><\/div>\n<\/div>\n<\/div>\n<div class=\"bloc-widget widget-albastru\">\n    Ziarul de Vrancea \u00a0nu este responsabil juridic pentru con\u0163inutul textelor din comentariile de mai jos. Responsabilitatea pentru mesajele dumneavoastra v\u0103 revine \u00een exclusivitate.\n<\/div>\n<div class=\"comentarii-articol\" id=\"comentarii\">\n<h3>Comentarii: <span class=\"text-primary\">0<\/span><\/h3>\n<p><a href=\"https:\/\/ziaruldevrancea.ro\/actualitatea\/national\/mozaic-Stiri-naTionale-misiune-de-salvare-in-marea-neagra-dupa-un-incendiu-produs-la-un-petrolier-liberian\" class=\"btn btn-success btn-adauga-com\" data-toggle=\"modal\" data-parent=\"0\" data-target=\"#commentModal\">Adaug\u0103 comentariu<\/a><\/p>\n<div class=\"loadMask comments-mask\"><img decoding=\"async\" src=\"https:\/\/zdvs.cname.ro\/images\/loader_40.gif\"><\/div>\n<div class=\"comenteaza-jos\">Trebuie s\u0103 fii <a href=\"https:\/\/ziaruldevrancea.ro\/account\">autentificat<\/a> pentru a putea <a href=\"https:\/\/ziaruldevrancea.ro\/actualitatea\/national\/mozaic-Stiri-naTionale-misiune-de-salvare-in-marea-neagra-dupa-un-incendiu-produs-la-un-petrolier-liberian\" class data-toggle=\"modal\" data-parent=\"0\" data-target=\"#commentModal\">posta un comentariu<\/a>.<\/div>\n<\/div>\n<div class=\"modal fade\" id=\"commentModal\" role=\"dialog\" aria-labelledby=\"commentModalLabel\">\n<div class=\"modal-dialog modal-lg\" role=\"document\">\n<div class=\"modal-content\">\n<div class=\"modal-header\">\n<h3 class=\"modal-title\" id=\"commentModalLabel\">Comenteaz\u0103<\/h3>\n<\/div>\n<div class=\"modal-body\">\n<div class=\"tabel tabel-full\">\n<div class=\"celula\">\n              Trebuie s\u0103 fii <a href=\"https:\/\/ziaruldevrancea.ro\/account\">autentificat<\/a> pentru a putea posta un comentariu.\n            <\/div>\n<\/div>\n<\/div>\n<div class=\"modal-footer\">\n<div id=\"commentPending\" class=\"formPending pull-left\"><img decoding=\"async\" src=\"https:\/\/zdvs.cname.ro\/images\/loader_40.gif\"> In curs de procesare&#8230;<\/div>\n<p><a href=\"https:\/\/ziaruldevrancea.ro\/actualitatea\/national\/mozaic-Stiri-naTionale-misiune-de-salvare-in-marea-neagra-dupa-un-incendiu-produs-la-un-petrolier-liberian\" class=\"btn btn-default\" data-dismiss=\"modal\">Anuleaz\u0103<\/a><\/div>\n<\/div>\n<\/div>\n<\/div>\n<div class=\"modal fade\" id=\"commentReportModal\" role=\"dialog\" aria-labelledby=\"commentReportModalLabel\">\n<div class=\"modal-dialog modal-lg\" role=\"document\">\n<div class=\"modal-content\">\n<div class=\"modal-header\">\n<h3 class=\"modal-title\" id=\"commentReportModalLabel\">Raporteaza comentariu<\/h3>\n<\/div>\n<div class=\"modal-body\">\n<div class=\"tabel tabel-full\">\n<div class=\"celula\">\n              Trebuie s\u0103 fii <a href=\"https:\/\/ziaruldevrancea.ro\/account\">autentificat<\/a> pentru a putea raporta un comentariu.\n            <\/div>\n<\/div>\n<\/div>\n<div class=\"modal-footer\">\n<div id=\"commentReportPending\" class=\"formPending pull-left\"><img decoding=\"async\" src=\"https:\/\/zdvs.cname.ro\/images\/loader_40.gif\"> In curs de procesare&#8230;<\/div>\n<p><a href=\"https:\/\/ziaruldevrancea.ro\/actualitatea\/national\/mozaic-Stiri-naTionale-misiune-de-salvare-in-marea-neagra-dupa-un-incendiu-produs-la-un-petrolier-liberian\" class=\"btn btn-default\" data-dismiss=\"modal\">Anuleaz\u0103<\/a><\/div>\n<\/div>\n<\/div>\n<\/div>\n<div class=\"modal fade\" id=\"commentLikeModal\" role=\"dialog\" aria-labelledby=\"commentLikeModalLabel\">\n<div class=\"modal-dialog modal-lg\" role=\"document\">\n<div class=\"modal-content\">\n<div class=\"modal-header\">\n<h3 class=\"modal-title\" id=\"commentReportModalLabel\">Apreciaza comentariu<\/h3>\n<\/div>\n<div class=\"modal-body\">\n<div class=\"tabel tabel-full\">\n<div class=\"celula\">\n            Trebuie s\u0103 fii <a href=\"https:\/\/ziaruldevrancea.ro\/account\">autentificat<\/a> pentru a putea aprecia un comentariu.\n          <\/div>\n<\/div>\n<\/div>\n<div class=\"modal-footer\"><a href=\"https:\/\/ziaruldevrancea.ro\/actualitatea\/national\/mozaic-Stiri-naTionale-misiune-de-salvare-in-marea-neagra-dupa-un-incendiu-produs-la-un-petrolier-liberian\" class=\"btn btn-default\" data-dismiss=\"modal\">Anuleaz\u0103<\/a><\/div>\n<\/div>\n<\/div>\n<\/div>\n<div class=\"bloc-widget widget-rosu\"><span><small>Ziarul de Vrancea doreste ca acest site sa fie un spatiu al discutiilor civilizate, al comentariilor de bun simt. Din acest motiv, cei care posteaza comentarii la articole trebuie sa respecte urmatoarele reguli:<br \/>\n1. Sa se refere doar la articolul la care posteaza comentarii.<br \/>\n2. Sa foloseasca un limbaj civilizat, fara injurii, calomnii, comentarii antisemite, xenofobe sau rasiste.<br \/>\n3. Sunt interzise atacurile la adresa autorilor, daca acestea nu au legatura cu textul.<br \/>\n4. Username-ul sa nu fie nume de personalitati ale vietii publice sau parodieri ale acestora.<br \/>\nAutorul unui articol poate fi criticat pentru eventuale greseli, incoerenta, lipsa de documentare etc.<br \/>\nNerespectarea regulilor mentionate mai sus va duce la stergerea comentariilor, fara avertisment si fara explicatii.<br \/>\nAbaterile repetate vor avea drept consecinta interdictia accesului la aceasta facilitate a site-ului.<\/small><\/span><\/div>\n<\/div>\n<p>[analyse_source url=&#8221;https:\/\/ziaruldevrancea.ro\/actualitatea\/national\/mozaic-Stiri-naTionale-misiune-de-salvare-in-marea-neagra-dupa-un-incendiu-produs-la-un-petrolier-liberian&#8221;]<\/p>\n","protected":false},"excerpt":{"rendered":"<p>[analyse_image type=&#8221;featured&#8221; src=&#8221;https:\/\/zdvi.cname.ro\/_\/mozaic-Stiri-naTionale-misiune-de-salvare-in-marea-neagra-dupa-un-incendiu-produs-la-un-petrolier-liberian\/mediaPool\/uqgHzHp.jpeg&#8221;] Na\u021bional MOZAIC \u0218TIRI NA\u021aIONALE: Misiune de salvare \u00een Marea Neagr\u0103 dup\u0103 un incendiu produs la un petrolier liberian Distribuie: \u00a0 | Rodica Condurache 20 iul 2026107 vizualiz\u0103ri Cei 17 membri ai echipajului au fost salva\u0163i, trei dintre ei fiind r\u0103ni\u021bi n nava comercial\u0103 transporta 3.800 tone de propan O misiune de salvare [&hellip;]<\/p>\n","protected":false},"author":1,"featured_media":0,"comment_status":"open","ping_status":"","sticky":false,"template":"","format":"standard","meta":{"footnotes":""},"categories":[89],"tags":[226,208],"class_list":["post-2055062","post","type-post","status-publish","format-standard","hentry","category-romania","tag-crawlmanager","tag-ziaruldevrancea-ro"],"_links":{"self":[{"href":"https:\/\/analyse.optim.biz\/index.php?rest_route=\/wp\/v2\/posts\/2055062","targetHints":{"allow":["GET"]}}],"collection":[{"href":"https:\/\/analyse.optim.biz\/index.php?rest_route=\/wp\/v2\/posts"}],"about":[{"href":"https:\/\/analyse.optim.biz\/index.php?rest_route=\/wp\/v2\/types\/post"}],"author":[{"embeddable":true,"href":"https:\/\/analyse.optim.biz\/index.php?rest_route=\/wp\/v2\/users\/1"}],"replies":[{"embeddable":true,"href":"https:\/\/analyse.optim.biz\/index.php?rest_route=%2Fwp%2Fv2%2Fcomments&post=2055062"}],"version-history":[{"count":0,"href":"https:\/\/analyse.optim.biz\/index.php?rest_route=\/wp\/v2\/posts\/2055062\/revisions"}],"wp:attachment":[{"href":"https:\/\/analyse.optim.biz\/index.php?rest_route=%2Fwp%2Fv2%2Fmedia&parent=2055062"}],"wp:term":[{"taxonomy":"category","embeddable":true,"href":"https:\/\/analyse.optim.biz\/index.php?rest_route=%2Fwp%2Fv2%2Fcategories&post=2055062"},{"taxonomy":"post_tag","embeddable":true,"href":"https:\/\/analyse.optim.biz\/index.php?rest_route=%2Fwp%2Fv2%2Ftags&post=2055062"}],"curies":[{"name":"wp","href":"https:\/\/api.w.org\/{rel}","templated":true}]}}