{"id":2055050,"date":"2026-07-19T06:18:32","date_gmt":"2026-07-19T03:18:32","guid":{"rendered":"https:\/\/analyse.optim.biz\/?p=2055050"},"modified":"2026-07-19T06:18:32","modified_gmt":"2026-07-19T03:18:32","slug":"fratii-andrew-si-tristan-tate-arestati-in-america-au-fost-saltati-direct-din-masina-la-miami","status":"publish","type":"post","link":"https:\/\/analyse.optim.biz\/?p=2055050","title":{"rendered":"Fra\u021bii Andrew \u0219i Tristan Tate aresta\u021bi in America. Au fost s\u0103lta\u021bi direct din ma\u0219in\u0103 la Miami"},"content":{"rendered":"<p>[analyse_image type=&#8221;featured&#8221; src=&#8221;https:\/\/www.opiniatimisoarei.ro\/wp-content\/uploads\/2026\/07\/fratii-tate-728&#215;336.jpghttps:\/\/www.opiniatimisoarei.ro\/wp-content\/uploads\/2026\/07\/fratii-tate.jpg&#8221;]<\/p>\n<div class=\"the_content\">\n<p>Andrew \u0219i Tristan Tate au fost aresta\u021bi s\u00e2mb\u0103t\u0103 \u00een Miami de autorit\u0103\u021bile federale americane, dup\u0103 ce procurorii britanici au anun\u021bat c\u0103 formuleaz\u0103 noi acuza\u021bii de viol \u0219i trafic de persoane \u00eempotriva lor. Marea Britanie solicit\u0103 extr\u0103darea celor doi pentru a fi judeca\u021bi, relateaz\u0103 BBC.<br \/>\nErau liberi dup\u0103 ce justi\u021bia din Rom\u00e2nia le anulase restric\u021bia de c\u0103l\u0103torie.<\/p>\n<p>Conform primelor informa\u021bii din presa interna\u021bional\u0103, re\u021binerea din Miami a avut loc la cererea autorit\u0103\u021bilor britanice. Anglia \u0219i Rom\u00e2nia sunt cele dou\u0103 \u021b\u0103ri care au deschis cercet\u0103ri penale pentru cei doi fra\u021bi.<\/p>\n<blockquote class=\"twitter-tweet\" data-width=\"550\" data-dnt=\"true\">\n<p lang=\"en\" dir=\"ltr\">Both Andrew and Tristan Tate have been arrested by U.S. Marshals outside of a private event in Miami, Florida, following an extradition request by the UK Government against the brothers on over fifty charges related to rape, arranging or facilitating trafficking for sexual\u2026 <a href=\"https:\/\/t.co\/zW9qOOhlFU\">pic.twitter.com\/zW9qOOhlFU<\/a><\/p>\n<p>\u2014 OSINTdefender (@sentdefender) <a href=\"https:\/\/x.com\/sentdefender\/status\/2078649379876171858?ref_src=twsrc%5Etfw\">July 19, 2026<\/a><\/p>\n<\/blockquote>\n<p>Cei doi fra\u021bi, Andrew \u0219i Tristan Tate de\u021bin dubl\u0103 cet\u0103\u021benie: american\u0103 \u0219i britanic\u0103. Ei se aflau \u00een statul american Florida din februarie 2025, dup\u0103 ce autorit\u0103\u021bile din Rom\u00e2nia le ridicaser\u0103 interdic\u021bia de c\u0103l\u0103torie impus\u0103 \u00een dosarul penal deschis la Bucure\u0219ti.<\/p>\n<p>S-au prezentat \u00een iulie 2026 la audieri la sediul DIICOT, \u00eenainte ca procurorii s\u0103 anun\u021be c\u0103 extind cercet\u0103rile penale \u00eempotriva lor.<\/p>\n<p>Arestarea s-a petrecut la un eveniment privat la Miami<\/p>\n<p>Fra\u021bii Tate participau la un eveniment privat din Miami. Mai exact, ei asistau la un meci de b\u0103t\u0103i f\u0103r\u0103 m\u0103nu\u0219i, c\u00e2nd au fost aresta\u021bi de autorit\u0103\u021bile federale, potrivit informa\u021biilor din presa american\u0103.<\/p>\n<p>Mai multe pe <a href=\"https:\/\/hotnews.ro\/fratii-andrew-si-tristan-tate-au-fost-arestati-in-miami-2304024\"><strong>Hotnews<\/strong><\/a><\/p>\n<\/div>\n<p>[analyse_source url=&#8221;https:\/\/www.opiniatimisoarei.ro\/fratii-andrew-si-tristan-tate-arestati-in-america-au-fost-saltati-direct-din-masina-la-miami\/19\/07\/2026&#8243;]<\/p>\n","protected":false},"excerpt":{"rendered":"<p>[analyse_image type=&#8221;featured&#8221; src=&#8221;https:\/\/www.opiniatimisoarei.ro\/wp-content\/uploads\/2026\/07\/fratii-tate-728&#215;336.jpghttps:\/\/www.opiniatimisoarei.ro\/wp-content\/uploads\/2026\/07\/fratii-tate.jpg&#8221;] Andrew \u0219i Tristan Tate au fost aresta\u021bi s\u00e2mb\u0103t\u0103 \u00een Miami de autorit\u0103\u021bile federale americane, dup\u0103 ce procurorii britanici au anun\u021bat c\u0103 formuleaz\u0103 noi acuza\u021bii de viol \u0219i trafic de persoane \u00eempotriva lor. Marea Britanie solicit\u0103 extr\u0103darea celor doi pentru a fi judeca\u021bi, relateaz\u0103 BBC. Erau liberi dup\u0103 ce justi\u021bia din Rom\u00e2nia le [&hellip;]<\/p>\n","protected":false},"author":1,"featured_media":0,"comment_status":"open","ping_status":"","sticky":false,"template":"","format":"standard","meta":{"footnotes":""},"categories":[89],"tags":[226,190],"class_list":["post-2055050","post","type-post","status-publish","format-standard","hentry","category-romania","tag-crawlmanager","tag-opiniatimisoarei-ro"],"_links":{"self":[{"href":"https:\/\/analyse.optim.biz\/index.php?rest_route=\/wp\/v2\/posts\/2055050","targetHints":{"allow":["GET"]}}],"collection":[{"href":"https:\/\/analyse.optim.biz\/index.php?rest_route=\/wp\/v2\/posts"}],"about":[{"href":"https:\/\/analyse.optim.biz\/index.php?rest_route=\/wp\/v2\/types\/post"}],"author":[{"embeddable":true,"href":"https:\/\/analyse.optim.biz\/index.php?rest_route=\/wp\/v2\/users\/1"}],"replies":[{"embeddable":true,"href":"https:\/\/analyse.optim.biz\/index.php?rest_route=%2Fwp%2Fv2%2Fcomments&post=2055050"}],"version-history":[{"count":0,"href":"https:\/\/analyse.optim.biz\/index.php?rest_route=\/wp\/v2\/posts\/2055050\/revisions"}],"wp:attachment":[{"href":"https:\/\/analyse.optim.biz\/index.php?rest_route=%2Fwp%2Fv2%2Fmedia&parent=2055050"}],"wp:term":[{"taxonomy":"category","embeddable":true,"href":"https:\/\/analyse.optim.biz\/index.php?rest_route=%2Fwp%2Fv2%2Fcategories&post=2055050"},{"taxonomy":"post_tag","embeddable":true,"href":"https:\/\/analyse.optim.biz\/index.php?rest_route=%2Fwp%2Fv2%2Ftags&post=2055050"}],"curies":[{"name":"wp","href":"https:\/\/api.w.org\/{rel}","templated":true}]}}