{"id":205501,"date":"2014-05-17T21:40:46","date_gmt":"2014-05-17T18:40:46","guid":{"rendered":"https:\/\/analyse.optim.biz\/?p=205501"},"modified":"2014-05-17T21:40:46","modified_gmt":"2014-05-17T18:40:46","slug":"video-victor-ponta-huiduit-la-vaslui","status":"publish","type":"post","link":"https:\/\/analyse.optim.biz\/?p=205501","title":{"rendered":"VIDEO.\u00a0Victor Ponta, huiduit la Vaslui"},"content":{"rendered":"<div class=\"entry data-app-meta data-app-meta-article\" data-embed-base-url-canonical=\"https:\/\/www.digi24.ro\/embed\/stiri\/actualitate\/politica\/video-victor-ponta-huiduit-la-vaslui-244318\">\n<p data-index=\"1\">Dup\u0103 ce a participat la <a href=\"https:\/\/www.digi24.ro\/Stiri\/Digi24\/Actualitate\/Stiri\/Moment+istoric+la+Iasi+Episcopul+Anton+Durcovici+va+fi+beatifi\" target=\"_blank\" data-skip-linkfix=\"1\" rel=\"noopener\">ceremonia de beatificare a episcopului <strong>Anton Durcovici<\/strong><\/a>, premierul s-a oprit, \u00een drum spre Capital\u0103, \u015fi \u00een Vaslui. Aici, pre\u015fedintele filialei jude\u0163ene a PSD a organizat o \u00eent\u00e2lnire electoral\u0103 cu cei mai importan\u0163i membri PSD din jude\u0163.<\/p>\n<p data-index=\"2\">\u00cen momentul \u00een care Victor Ponta a ie\u0219it din cl\u0103dire, a fost \u00eent\u00e2mpinat de protestatari: \u201eDemisia! Demisia! Demisia! Rom\u00e2nia e \u0163ara noastr\u0103 \u015fi apa noastr\u0103 niciodat\u0103 Chevron n-o s-o otr\u0103veasc\u0103! E\u015fti un plagiator! Continuatorul comunismului, al KGB-ului, ai sovietizat aceast\u0103 \u0163ar\u0103!\u201d, i-au strigat protestatarii.<\/p>\n<p data-index=\"3\">Victor Ponta i-a aplaudat pe protestatari, \u00eenainte de a se urca \u00een ma\u0219in\u0103 al\u0103turi de so\u021bia sa, Daciana S\u00e2rbu, \u0219i de vicepremierul Liviu Dragnea.<\/p>\n<p data-index=\"4\">\u201eDemisia! Demisia! Liviu Dragnea, la pu\u015fc\u0103rie\u201d, au r\u0103spuns protestatarii.<\/p>\n<\/div>\n<p> Source URL: https:\/\/www.digi24.ro\/stiri\/actualitate\/politica\/video-victor-ponta-huiduit-la-vaslui-244318<\/p>\n","protected":false},"excerpt":{"rendered":"<p>Dup\u0103 ce a participat la ceremonia de beatificare a episcopului Anton Durcovici, premierul s-a oprit, \u00een drum spre Capital\u0103, \u015fi \u00een Vaslui. Aici, pre\u015fedintele filialei jude\u0163ene a PSD a organizat o \u00eent\u00e2lnire electoral\u0103 cu cei mai importan\u0163i membri PSD din jude\u0163. \u00cen momentul \u00een care Victor Ponta a ie\u0219it din cl\u0103dire, a fost \u00eent\u00e2mpinat de [&hellip;]<\/p>\n","protected":false},"author":1,"featured_media":205502,"comment_status":"open","ping_status":"","sticky":false,"template":"","format":"standard","meta":{"footnotes":""},"categories":[2],"tags":[11],"class_list":["post-205501","post","type-post","status-publish","format-standard","has-post-thumbnail","hentry","category-politics","tag-digi24"],"_links":{"self":[{"href":"https:\/\/analyse.optim.biz\/index.php?rest_route=\/wp\/v2\/posts\/205501","targetHints":{"allow":["GET"]}}],"collection":[{"href":"https:\/\/analyse.optim.biz\/index.php?rest_route=\/wp\/v2\/posts"}],"about":[{"href":"https:\/\/analyse.optim.biz\/index.php?rest_route=\/wp\/v2\/types\/post"}],"author":[{"embeddable":true,"href":"https:\/\/analyse.optim.biz\/index.php?rest_route=\/wp\/v2\/users\/1"}],"replies":[{"embeddable":true,"href":"https:\/\/analyse.optim.biz\/index.php?rest_route=%2Fwp%2Fv2%2Fcomments&post=205501"}],"version-history":[{"count":0,"href":"https:\/\/analyse.optim.biz\/index.php?rest_route=\/wp\/v2\/posts\/205501\/revisions"}],"wp:featuredmedia":[{"embeddable":true,"href":"https:\/\/analyse.optim.biz\/index.php?rest_route=\/wp\/v2\/media\/205502"}],"wp:attachment":[{"href":"https:\/\/analyse.optim.biz\/index.php?rest_route=%2Fwp%2Fv2%2Fmedia&parent=205501"}],"wp:term":[{"taxonomy":"category","embeddable":true,"href":"https:\/\/analyse.optim.biz\/index.php?rest_route=%2Fwp%2Fv2%2Fcategories&post=205501"},{"taxonomy":"post_tag","embeddable":true,"href":"https:\/\/analyse.optim.biz\/index.php?rest_route=%2Fwp%2Fv2%2Ftags&post=205501"}],"curies":[{"name":"wp","href":"https:\/\/api.w.org\/{rel}","templated":true}]}}