{"id":2054948,"date":"2026-07-20T11:08:09","date_gmt":"2026-07-20T08:08:09","guid":{"rendered":"https:\/\/analyse.optim.biz\/?p=2054948"},"modified":"2026-07-20T11:08:09","modified_gmt":"2026-07-20T08:08:09","slug":"pact-cere-prelungirea-termenului-pentru-tva-de-9-la-locuinte-problema-nu-este-doar-fiscala-ci-si","status":"publish","type":"post","link":"https:\/\/analyse.optim.biz\/?p=2054948","title":{"rendered":"PACT cere prelungirea termenului pentru TVA de 9% la locuin\u021be: \u201eProblema nu este doar fiscal\u0103, ci \u0219i"},"content":{"rendered":"<p>[analyse_image type=&#8221;featured&#8221; src=&#8221;https:\/\/stiridinsursebuzau.ro\/wp-content\/uploads\/2026\/07\/PACT-impozit-pe-locuinte.jpg&#8221;]<\/p>\n<article class=\"page-content-single small single\">\n<div id=\"stiri-2188329845\" class=\"stiri-inainte-de-continut-3 stiri-entity-placement\"><a href=\"https:\/\/buzau.21k.ro\/\" aria-label=\"900\u00d7200\"><img decoding=\"async\" loading=\"lazy\" src=\"https:\/\/stiridinsursebuzau.ro\/wp-content\/uploads\/2026\/07\/900x200.gif\" alt width=\"900\" height=\"200\"><\/a><\/div>\n<p><strong>Patronatul Antreprenorilor din Contabilitate, Taxe \u0219i Audit (PACT) solicit\u0103 autorit\u0103\u021bilor prelungirea termenului de aplicare a regimului tranzitoriu privind cota redus\u0103 de TVA de 9% pentru anumite locuin\u021be, avertiz\u00e2nd c\u0103 numeroase tranzac\u021bii imobiliare risc\u0103 s\u0103 fie afectate din cauza \u00eent\u00e2rzierilor administrative, \u0219i nu din vina cump\u0103r\u0103torilor sau a dezvoltatorilor.<\/strong><\/p>\n<p>Potrivit unui punct de vedere semnat de <strong>ec. <a href=\"https:\/\/stiridinsursebuzau.ro\/solicitari-fara-temei-legal-prin-spv-contabilii-buzoieni-trag-un-semnal-de-alarma-legalitatea-nu-e-optionala-nici-pentru-contribuabili-nici-pentru-anaf\/\">Gurguiatu Elena<\/a><\/strong>, expert contabil judiciar, consultant fiscal \u0219i membru fondator al PACT, la <strong>31 iulie 2026<\/strong> expir\u0103 termenul prev\u0103zut de <strong>Legea nr. 141\/2025<\/strong> pentru aplicarea cotei reduse de TVA de 9% la livrarea anumitor locuin\u021be.<\/p>\n<figure class=\"wp-block-image size-large\"><img loading=\"lazy\" decoding=\"async\" width=\"682\" height=\"1024\" src=\"https:\/\/stiridinsursebuzau.ro\/wp-content\/uploads\/2026\/07\/747440076_10215379132589331_8503875367981148924_n-682x1024.jpg\" alt=\"Elena Gurguiatu\" class=\"wp-image-48130\"><\/figure>\n<p><strong><em>\u201e\u00cen practic\u0103, livrarea juridic\u0103 a unei locuin\u021be nu coincide cu finalizarea fizic\u0103 a construc\u021biei. \u00centre recep\u021bia lucr\u0103rilor \u0219i autentificarea contractului de v\u00e2nzare trebuie parcurse etape obligatorii \u2013 emiterea certificatului de atestare a edific\u0103rii, \u00eentocmirea documenta\u021biei cadastrale, \u00eenregistrarea acesteia la OCPI \u0219i deschiderea c\u0103r\u021bilor funciare individuale. Aceste proceduri implic\u0103 mai multe institu\u021bii \u0219i presupun termene care nu depind exclusiv nici de cump\u0103r\u0103tor, nici de dezvoltator. De aceea, pot exista situa\u021bii \u00een care toate condi\u021biile prev\u0103zute de lege sunt \u00eendeplinite, \u00eens\u0103 transferul dreptului de proprietate nu poate avea loc p\u00e2n\u0103 la data de 31 iulie 2026 exclusiv din cauza duratei procedurilor administrative\u201d,<\/em><\/strong> a explicat <strong>ec. Gurguiatu Elena, expert contabil judiciar, consultant fiscal \u0219i membru fondator al PACT \u2013 Patronatul Antreprenorilor din Contabilitate, Taxe \u0219i Audit.<\/strong><\/p>\n<p>Reprezentan\u021bii PACT sus\u021bin \u00eens\u0103 c\u0103 problema dep\u0103\u0219e\u0219te sfera fiscal\u0103 \u0219i \u021bine de procedurile administrative obligatorii care trebuie parcurse \u00eenainte ca dreptul de proprietate s\u0103 poat\u0103 fi transferat.<\/p>\n<p>\u00centre finalizarea construc\u021biei \u0219i semnarea contractului de v\u00e2nzare sunt necesare mai multe etape, precum emiterea certificatului de atestare a edific\u0103rii, \u00eentocmirea documenta\u021biei cadastrale, \u00eenregistrarea acesteia la Oficiul de Cadastru \u0219i Publicitate Imobiliar\u0103 (OCPI), deschiderea c\u0103r\u021bilor funciare individuale \u0219i autentificarea contractului de v\u00e2nzare.<\/p>\n<p>Potrivit PACT, aceste proceduri implic\u0103 mai multe institu\u021bii \u0219i profesioni\u0219ti \u0219i presupun termene care nu depind exclusiv nici de dezvoltatori, nici de cump\u0103r\u0103tori. Astfel, exist\u0103 situa\u021bii \u00een care locuin\u021bele sunt finalizate, iar toate condi\u021biile prev\u0103zute de lege sunt \u00eendeplinite, \u00eens\u0103 transferul propriet\u0103\u021bii nu poate fi realizat p\u00e2n\u0103 la expirarea termenului legal din cauza duratei formalit\u0103\u021bilor administrative.<\/p>\n<p>Organiza\u021bia arat\u0103 c\u0103 aceast\u0103 situa\u021bie a fost eviden\u021biat\u0103 inclusiv de problemele recente ap\u0103rute \u00een func\u021bionarea sistemelor informatice utilizate \u00een activitatea de cadastru \u0219i carte funciar\u0103, care au generat \u00eent\u00e2rzieri \u00een procesarea unor opera\u021biuni esen\u021biale pentru finalizarea tranzac\u021biilor imobiliare.<\/p>\n<p>PACT atrage aten\u021bia \u0219i asupra impactului financiar pe care \u00eel pot suporta cump\u0103r\u0103torii. Mul\u021bi dintre ace\u0219tia au respectat toate condi\u021biile impuse de lege, au semnat antecontractele \u00een termen, au achitat avansurile \u0219i au ob\u021binut finan\u021barea necesar\u0103. Dac\u0103 \u00eens\u0103 tranzac\u021bia nu se finalizeaz\u0103 p\u00e2n\u0103 la 31 iulie 2026, ace\u0219tia ar putea pierde dreptul la TVA de 9% \u0219i ar urma s\u0103 achite TVA de 21%.<\/p>\n<p>Pentru o locuin\u021b\u0103 cu valoarea maxim\u0103 eligibil\u0103 de <strong>600.000 de lei<\/strong>, exclusiv TVA, diferen\u021ba dintre cele dou\u0103 cote de tax\u0103 poate ajunge la <strong>72.000 de lei<\/strong>, sum\u0103 care, \u00een multe cazuri, nu este acoperit\u0103 de finan\u021b\u0103rile deja aprobate \u0219i poate conduce la blocarea tranzac\u021biilor.<\/p>\n<p>Reprezentan\u021bii patronatului subliniaz\u0103 c\u0103 solicitarea lor nu urm\u0103re\u0219te introducerea unei noi facilit\u0103\u021bi fiscale. Propunerea nu modific\u0103 plafonul maxim de 600.000 de lei, suprafa\u021ba maxim\u0103 de 120 de metri p\u0103tra\u021bi, categoria beneficiarilor sau condi\u021biile de eligibilitate \u0219i nu permite \u00eencheierea unor noi antecontracte.<\/p>\n<p>PACT propune ca termenul prev\u0103zut de <strong>Legea nr. 141\/2025<\/strong> s\u0103 fie prorogat p\u00e2n\u0103 la <strong>31 iulie 2027<\/strong>, pentru a permite finalizarea tranzac\u021biilor deja angajate \u0219i care respect\u0103 toate condi\u021biile legale. \u00cen cazul \u00een care aceast\u0103 variant\u0103 nu va fi acceptat\u0103, organiza\u021bia solicit\u0103 cel pu\u021bin prelungirea termenului p\u00e2n\u0103 la <strong>31 decembrie 2026<\/strong>, consider\u00e2nd c\u0103 aceasta reprezint\u0103 m\u0103sura minim\u0103 necesar\u0103 pentru protejarea cump\u0103r\u0103torilor afla\u021bi \u00een fazele finale ale procedurilor administrative.<\/p>\n<p>\u00cen opinia PACT, predictibilitatea fiscal\u0103 trebuie s\u0103 fie \u00eenso\u021bit\u0103 \u0219i de predictibilitate administrativ\u0103, astfel \u00eenc\u00e2t contribuabilii care au respectat legea s\u0103 nu fie dezavantaja\u021bi de \u00eent\u00e2rzieri generate de proceduri asupra c\u0103rora nu au control.<\/p>\n<div class=\"post-views content-post post-48126 entry-meta load-static\"><span class=\"post-views-label\">Vizualiz\u0103ri \u0219tire:<\/span><span class=\"post-views-count\">5.908<\/span><\/div>\n<div id=\"stiri-3273529613\" class=\"stiri-dupa-continut-2 stiri-entity-placement\"><a href=\"https:\/\/rapidservicebuzau.ro\/\" aria-label=\"RAPID SUPER SERVICE\"><img decoding=\"async\" loading=\"lazy\" src=\"https:\/\/stiridinsursebuzau.ro\/wp-content\/uploads\/2026\/02\/ChatGPT-Image-10-feb.-2026-22_24_01.png\" alt width=\"1536\" height=\"1024\"><\/a><\/div>\n<div id=\"stiri-1536057588\" class=\"stiri-dupa-continut_2 stiri-entity-placement\"><a href=\"https:\/\/www.facebook.com\/profile.php?id=61564932526740\" aria-label=\"Glamour Pizza &quot;la patrat&quot;\"><img decoding=\"async\" loading=\"lazy\" src=\"https:\/\/stiridinsursebuzau.ro\/wp-content\/uploads\/2026\/02\/ChatGPT-Image-10-feb.-2026-21_57_13.png\" alt=\"Glamour Pizza &quot;la patrat&quot;\" width=\"1536\" height=\"1024\"><\/a><\/div>\n<div id=\"stiri-1334212548\" class=\"stiri-dupa-continut_3 stiri-entity-placement\"><a href=\"https:\/\/www.facebook.com\/profile.php?id=61573613380169&amp;locale=ro_RO\" aria-label=\"ChatGPT Image 10 feb. 2026, 22_10_50\"><img decoding=\"async\" loading=\"lazy\" src=\"https:\/\/stiridinsursebuzau.ro\/wp-content\/uploads\/2026\/02\/ChatGPT-Image-10-feb.-2026-22_10_50.png\" alt width=\"1536\" height=\"1024\"><\/a><\/div>\n<div id=\"stiri-1378317756\" class=\"stiri-dupa-continut_4 stiri-entity-placement\"><a href=\"https:\/\/www.facebook.com\/profile.php?id=100077377992379\" aria-label=\"1536 cu 1024 pixeli\"><img decoding=\"async\" loading=\"lazy\" src=\"https:\/\/stiridinsursebuzau.ro\/wp-content\/uploads\/2026\/02\/ChatGPT-Image-20-feb.-2026-14_05_15.png\" alt=\"1536 cu 1024 pixeli\" width=\"1536\" height=\"1024\"><\/a><\/div>\n<div id=\"stiri-3811459740\" class=\"stiri-dupa-continut_5 stiri-entity-placement\"><img decoding=\"async\" loading=\"lazy\" src=\"https:\/\/stiridinsursebuzau.ro\/wp-content\/uploads\/2026\/02\/ChatGPT-Image-10-feb.-2026-23_00_56.png\" alt=\"piese tractoare\" width=\"1536\" height=\"1024\"><\/div>\n<nav class=\"navigation post-navigation\" aria-label=\"Articole\">\n<h2 class=\"screen-reader-text\">Navigare \u00een articole<\/h2>\n<div class=\"nav-links\">\n<div class=\"nav-previous\"><a href=\"https:\/\/stiridinsursebuzau.ro\/primaria-cozieni-anunta-exploatarea-in-regim-de-urgenta-a-2-000-mc-de-balast-din-albia-raului-balaneasa\/\" rel=\"prev\">Prim\u0103ria Cozieni anun\u021b\u0103 exploatarea \u00een regim de urgen\u021b\u0103 a 2.000 mc de balast din albia r\u00e2ului B\u0103l\u0103neasa <\/a><\/div>\n<div class=\"nav-next\"><a href=\"https:\/\/stiridinsursebuzau.ro\/petrolul-berca-continua-sezonul-perfect-campioana-buzaului-s-a-calificat-in-primul-tur-national-al-cupei-romaniei\/\" rel=\"next\"> Petrolul Berca continu\u0103 sezonul perfect! Campioana Buz\u0103ului s-a calificat \u00een primul tur na\u021bional al Cupei Rom\u00e2niei<\/a><\/div>\n<\/div>\n<\/nav>\n<\/article>\n<article class=\"page-content-single small single\">\n<div id=\"stiri-2188329845\" class=\"stiri-inainte-de-continut-3 stiri-entity-placement\"><a href=\"https:\/\/buzau.21k.ro\/\" aria-label=\"900\u00d7200\"><img decoding=\"async\" loading=\"lazy\" src=\"https:\/\/stiridinsursebuzau.ro\/wp-content\/uploads\/2026\/07\/900x200.gif\" alt width=\"900\" height=\"200\"><\/a><\/div>\n<p><strong>Patronatul Antreprenorilor din Contabilitate, Taxe \u0219i Audit (PACT) solicit\u0103 autorit\u0103\u021bilor prelungirea termenului de aplicare a regimului tranzitoriu privind cota redus\u0103 de TVA de 9% pentru anumite locuin\u021be, avertiz\u00e2nd c\u0103 numeroase tranzac\u021bii imobiliare risc\u0103 s\u0103 fie afectate din cauza \u00eent\u00e2rzierilor administrative, \u0219i nu din vina cump\u0103r\u0103torilor sau a dezvoltatorilor.<\/strong><\/p>\n<p>Potrivit unui punct de vedere semnat de <strong>ec. <a href=\"https:\/\/stiridinsursebuzau.ro\/solicitari-fara-temei-legal-prin-spv-contabilii-buzoieni-trag-un-semnal-de-alarma-legalitatea-nu-e-optionala-nici-pentru-contribuabili-nici-pentru-anaf\/\">Gurguiatu Elena<\/a><\/strong>, expert contabil judiciar, consultant fiscal \u0219i membru fondator al PACT, la <strong>31 iulie 2026<\/strong> expir\u0103 termenul prev\u0103zut de <strong>Legea nr. 141\/2025<\/strong> pentru aplicarea cotei reduse de TVA de 9% la livrarea anumitor locuin\u021be.<\/p>\n<figure class=\"wp-block-image size-large\"><img loading=\"lazy\" decoding=\"async\" width=\"682\" height=\"1024\" src=\"https:\/\/stiridinsursebuzau.ro\/wp-content\/uploads\/2026\/07\/747440076_10215379132589331_8503875367981148924_n-682x1024.jpg\" alt=\"Elena Gurguiatu\" class=\"wp-image-48130\"><\/figure>\n<p><strong><em>\u201e\u00cen practic\u0103, livrarea juridic\u0103 a unei locuin\u021be nu coincide cu finalizarea fizic\u0103 a construc\u021biei. \u00centre recep\u021bia lucr\u0103rilor \u0219i autentificarea contractului de v\u00e2nzare trebuie parcurse etape obligatorii \u2013 emiterea certificatului de atestare a edific\u0103rii, \u00eentocmirea documenta\u021biei cadastrale, \u00eenregistrarea acesteia la OCPI \u0219i deschiderea c\u0103r\u021bilor funciare individuale. Aceste proceduri implic\u0103 mai multe institu\u021bii \u0219i presupun termene care nu depind exclusiv nici de cump\u0103r\u0103tor, nici de dezvoltator. De aceea, pot exista situa\u021bii \u00een care toate condi\u021biile prev\u0103zute de lege sunt \u00eendeplinite, \u00eens\u0103 transferul dreptului de proprietate nu poate avea loc p\u00e2n\u0103 la data de 31 iulie 2026 exclusiv din cauza duratei procedurilor administrative\u201d,<\/em><\/strong> a explicat <strong>ec. Gurguiatu Elena, expert contabil judiciar, consultant fiscal \u0219i membru fondator al PACT \u2013 Patronatul Antreprenorilor din Contabilitate, Taxe \u0219i Audit.<\/strong><\/p>\n<p>Reprezentan\u021bii PACT sus\u021bin \u00eens\u0103 c\u0103 problema dep\u0103\u0219e\u0219te sfera fiscal\u0103 \u0219i \u021bine de procedurile administrative obligatorii care trebuie parcurse \u00eenainte ca dreptul de proprietate s\u0103 poat\u0103 fi transferat.<\/p>\n<p>\u00centre finalizarea construc\u021biei \u0219i semnarea contractului de v\u00e2nzare sunt necesare mai multe etape, precum emiterea certificatului de atestare a edific\u0103rii, \u00eentocmirea documenta\u021biei cadastrale, \u00eenregistrarea acesteia la Oficiul de Cadastru \u0219i Publicitate Imobiliar\u0103 (OCPI), deschiderea c\u0103r\u021bilor funciare individuale \u0219i autentificarea contractului de v\u00e2nzare.<\/p>\n<p>Potrivit PACT, aceste proceduri implic\u0103 mai multe institu\u021bii \u0219i profesioni\u0219ti \u0219i presupun termene care nu depind exclusiv nici de dezvoltatori, nici de cump\u0103r\u0103tori. Astfel, exist\u0103 situa\u021bii \u00een care locuin\u021bele sunt finalizate, iar toate condi\u021biile prev\u0103zute de lege sunt \u00eendeplinite, \u00eens\u0103 transferul propriet\u0103\u021bii nu poate fi realizat p\u00e2n\u0103 la expirarea termenului legal din cauza duratei formalit\u0103\u021bilor administrative.<\/p>\n<p>Organiza\u021bia arat\u0103 c\u0103 aceast\u0103 situa\u021bie a fost eviden\u021biat\u0103 inclusiv de problemele recente ap\u0103rute \u00een func\u021bionarea sistemelor informatice utilizate \u00een activitatea de cadastru \u0219i carte funciar\u0103, care au generat \u00eent\u00e2rzieri \u00een procesarea unor opera\u021biuni esen\u021biale pentru finalizarea tranzac\u021biilor imobiliare.<\/p>\n<p>PACT atrage aten\u021bia \u0219i asupra impactului financiar pe care \u00eel pot suporta cump\u0103r\u0103torii. Mul\u021bi dintre ace\u0219tia au respectat toate condi\u021biile impuse de lege, au semnat antecontractele \u00een termen, au achitat avansurile \u0219i au ob\u021binut finan\u021barea necesar\u0103. Dac\u0103 \u00eens\u0103 tranzac\u021bia nu se finalizeaz\u0103 p\u00e2n\u0103 la 31 iulie 2026, ace\u0219tia ar putea pierde dreptul la TVA de 9% \u0219i ar urma s\u0103 achite TVA de 21%.<\/p>\n<p>Pentru o locuin\u021b\u0103 cu valoarea maxim\u0103 eligibil\u0103 de <strong>600.000 de lei<\/strong>, exclusiv TVA, diferen\u021ba dintre cele dou\u0103 cote de tax\u0103 poate ajunge la <strong>72.000 de lei<\/strong>, sum\u0103 care, \u00een multe cazuri, nu este acoperit\u0103 de finan\u021b\u0103rile deja aprobate \u0219i poate conduce la blocarea tranzac\u021biilor.<\/p>\n<p>Reprezentan\u021bii patronatului subliniaz\u0103 c\u0103 solicitarea lor nu urm\u0103re\u0219te introducerea unei noi facilit\u0103\u021bi fiscale. Propunerea nu modific\u0103 plafonul maxim de 600.000 de lei, suprafa\u021ba maxim\u0103 de 120 de metri p\u0103tra\u021bi, categoria beneficiarilor sau condi\u021biile de eligibilitate \u0219i nu permite \u00eencheierea unor noi antecontracte.<\/p>\n<p>PACT propune ca termenul prev\u0103zut de <strong>Legea nr. 141\/2025<\/strong> s\u0103 fie prorogat p\u00e2n\u0103 la <strong>31 iulie 2027<\/strong>, pentru a permite finalizarea tranzac\u021biilor deja angajate \u0219i care respect\u0103 toate condi\u021biile legale. \u00cen cazul \u00een care aceast\u0103 variant\u0103 nu va fi acceptat\u0103, organiza\u021bia solicit\u0103 cel pu\u021bin prelungirea termenului p\u00e2n\u0103 la <strong>31 decembrie 2026<\/strong>, consider\u00e2nd c\u0103 aceasta reprezint\u0103 m\u0103sura minim\u0103 necesar\u0103 pentru protejarea cump\u0103r\u0103torilor afla\u021bi \u00een fazele finale ale procedurilor administrative.<\/p>\n<p>\u00cen opinia PACT, predictibilitatea fiscal\u0103 trebuie s\u0103 fie \u00eenso\u021bit\u0103 \u0219i de predictibilitate administrativ\u0103, astfel \u00eenc\u00e2t contribuabilii care au respectat legea s\u0103 nu fie dezavantaja\u021bi de \u00eent\u00e2rzieri generate de proceduri asupra c\u0103rora nu au control.<\/p>\n<div class=\"post-views content-post post-48126 entry-meta load-static\"><span class=\"post-views-label\">Vizualiz\u0103ri \u0219tire:<\/span><span class=\"post-views-count\">5.908<\/span><\/div>\n<div id=\"stiri-3273529613\" class=\"stiri-dupa-continut-2 stiri-entity-placement\"><a href=\"https:\/\/rapidservicebuzau.ro\/\" aria-label=\"RAPID SUPER SERVICE\"><img decoding=\"async\" loading=\"lazy\" src=\"https:\/\/stiridinsursebuzau.ro\/wp-content\/uploads\/2026\/02\/ChatGPT-Image-10-feb.-2026-22_24_01.png\" alt width=\"1536\" height=\"1024\"><\/a><\/div>\n<div id=\"stiri-1536057588\" class=\"stiri-dupa-continut_2 stiri-entity-placement\"><a href=\"https:\/\/www.facebook.com\/profile.php?id=61564932526740\" aria-label=\"Glamour Pizza &quot;la patrat&quot;\"><img decoding=\"async\" loading=\"lazy\" src=\"https:\/\/stiridinsursebuzau.ro\/wp-content\/uploads\/2026\/02\/ChatGPT-Image-10-feb.-2026-21_57_13.png\" alt=\"Glamour Pizza &quot;la patrat&quot;\" width=\"1536\" height=\"1024\"><\/a><\/div>\n<div id=\"stiri-1334212548\" class=\"stiri-dupa-continut_3 stiri-entity-placement\"><a href=\"https:\/\/www.facebook.com\/profile.php?id=61573613380169&amp;locale=ro_RO\" aria-label=\"ChatGPT Image 10 feb. 2026, 22_10_50\"><img decoding=\"async\" loading=\"lazy\" src=\"https:\/\/stiridinsursebuzau.ro\/wp-content\/uploads\/2026\/02\/ChatGPT-Image-10-feb.-2026-22_10_50.png\" alt width=\"1536\" height=\"1024\"><\/a><\/div>\n<div id=\"stiri-1378317756\" class=\"stiri-dupa-continut_4 stiri-entity-placement\"><a href=\"https:\/\/www.facebook.com\/profile.php?id=100077377992379\" aria-label=\"1536 cu 1024 pixeli\"><img decoding=\"async\" loading=\"lazy\" src=\"https:\/\/stiridinsursebuzau.ro\/wp-content\/uploads\/2026\/02\/ChatGPT-Image-20-feb.-2026-14_05_15.png\" alt=\"1536 cu 1024 pixeli\" width=\"1536\" height=\"1024\"><\/a><\/div>\n<div id=\"stiri-3811459740\" class=\"stiri-dupa-continut_5 stiri-entity-placement\"><img decoding=\"async\" loading=\"lazy\" src=\"https:\/\/stiridinsursebuzau.ro\/wp-content\/uploads\/2026\/02\/ChatGPT-Image-10-feb.-2026-23_00_56.png\" alt=\"piese tractoare\" width=\"1536\" height=\"1024\"><\/div>\n<nav class=\"navigation post-navigation\" aria-label=\"Articole\">\n<h2 class=\"screen-reader-text\">Navigare \u00een articole<\/h2>\n<div class=\"nav-links\">\n<div class=\"nav-previous\"><a href=\"https:\/\/stiridinsursebuzau.ro\/primaria-cozieni-anunta-exploatarea-in-regim-de-urgenta-a-2-000-mc-de-balast-din-albia-raului-balaneasa\/\" rel=\"prev\">Prim\u0103ria Cozieni anun\u021b\u0103 exploatarea \u00een regim de urgen\u021b\u0103 a 2.000 mc de balast din albia r\u00e2ului B\u0103l\u0103neasa <\/a><\/div>\n<div class=\"nav-next\"><a href=\"https:\/\/stiridinsursebuzau.ro\/petrolul-berca-continua-sezonul-perfect-campioana-buzaului-s-a-calificat-in-primul-tur-national-al-cupei-romaniei\/\" rel=\"next\"> Petrolul Berca continu\u0103 sezonul perfect! Campioana Buz\u0103ului s-a calificat \u00een primul tur na\u021bional al Cupei Rom\u00e2niei<\/a><\/div>\n<\/div>\n<\/nav>\n<\/article>\n<p>[analyse_source url=&#8221;https:\/\/stiridinsursebuzau.ro\/pact-cere-prelungirea-termenului-pentru-tva-de-9-la-locuinte-problema-nu-este-doar-fiscala-ci-si-administrativa\/&#8221;]<\/p>\n","protected":false},"excerpt":{"rendered":"<p>[analyse_image type=&#8221;featured&#8221; src=&#8221;https:\/\/stiridinsursebuzau.ro\/wp-content\/uploads\/2026\/07\/PACT-impozit-pe-locuinte.jpg&#8221;] Patronatul Antreprenorilor din Contabilitate, Taxe \u0219i Audit (PACT) solicit\u0103 autorit\u0103\u021bilor prelungirea termenului de aplicare a regimului tranzitoriu privind cota redus\u0103 de TVA de 9% pentru anumite locuin\u021be, avertiz\u00e2nd c\u0103 numeroase tranzac\u021bii imobiliare risc\u0103 s\u0103 fie afectate din cauza \u00eent\u00e2rzierilor administrative, \u0219i nu din vina cump\u0103r\u0103torilor sau a dezvoltatorilor. Potrivit unui punct de [&hellip;]<\/p>\n","protected":false},"author":1,"featured_media":0,"comment_status":"open","ping_status":"","sticky":false,"template":"","format":"standard","meta":{"footnotes":""},"categories":[2],"tags":[226,60],"class_list":["post-2054948","post","type-post","status-publish","format-standard","hentry","category-politics","tag-crawlmanager","tag-stiridinsursebuzau-ro"],"_links":{"self":[{"href":"https:\/\/analyse.optim.biz\/index.php?rest_route=\/wp\/v2\/posts\/2054948","targetHints":{"allow":["GET"]}}],"collection":[{"href":"https:\/\/analyse.optim.biz\/index.php?rest_route=\/wp\/v2\/posts"}],"about":[{"href":"https:\/\/analyse.optim.biz\/index.php?rest_route=\/wp\/v2\/types\/post"}],"author":[{"embeddable":true,"href":"https:\/\/analyse.optim.biz\/index.php?rest_route=\/wp\/v2\/users\/1"}],"replies":[{"embeddable":true,"href":"https:\/\/analyse.optim.biz\/index.php?rest_route=%2Fwp%2Fv2%2Fcomments&post=2054948"}],"version-history":[{"count":0,"href":"https:\/\/analyse.optim.biz\/index.php?rest_route=\/wp\/v2\/posts\/2054948\/revisions"}],"wp:attachment":[{"href":"https:\/\/analyse.optim.biz\/index.php?rest_route=%2Fwp%2Fv2%2Fmedia&parent=2054948"}],"wp:term":[{"taxonomy":"category","embeddable":true,"href":"https:\/\/analyse.optim.biz\/index.php?rest_route=%2Fwp%2Fv2%2Fcategories&post=2054948"},{"taxonomy":"post_tag","embeddable":true,"href":"https:\/\/analyse.optim.biz\/index.php?rest_route=%2Fwp%2Fv2%2Ftags&post=2054948"}],"curies":[{"name":"wp","href":"https:\/\/api.w.org\/{rel}","templated":true}]}}