{"id":205490,"date":"2014-05-17T22:04:14","date_gmt":"2014-05-17T19:04:14","guid":{"rendered":"https:\/\/analyse.optim.biz\/?p=205490"},"modified":"2014-05-17T22:04:14","modified_gmt":"2014-05-17T19:04:14","slug":"beatificarea-lui-anton-durcovici-prilej-de-campanie-electorala","status":"publish","type":"post","link":"https:\/\/analyse.optim.biz\/?p=205490","title":{"rendered":"Beatificarea lui Anton Durcovici, prilej de campanie electoral\u0103"},"content":{"rendered":"<div class=\"entry data-app-meta data-app-meta-article\" data-embed-base-url-canonical=\"https:\/\/www.digi24.ro\/embed\/stiri\/actualitate\/politica\/beatificarea-lui-anton-durcovici-prilej-de-campanie-electorala-244321\">\n<p data-index=\"1\">Primii politicieni care au venit s\u00e2mb\u0103t\u0103 pe stadionul din Copou au fost premierul <strong>Victor Ponta, Liviu Dragnea \u015fi Rovana Plumb<\/strong>. Al\u0103turi de ei s-a aflat \u015fi liderul Partidului Conservator, <strong>Daniel Constantin.<\/strong><\/p>\n<p data-index=\"2\">La interval de doar c\u00e2teva minute, \u015fi-au f\u0103cut apari\u0163ia \u015fi reprezentan\u0163ii PNL, \u00een frunte cu prim-vicepre\u015fedintele liberalilor, <strong>Klaus Iohannis<\/strong>.<\/p>\n<p data-index=\"3\">Autorit\u0103\u0163ile locale \u015fi de la nivel central au stat pe tot parcursul slujbei \u00een primul r\u00e2nd.<\/p>\n<p data-index=\"4\">\u201e<span>Sunt dou\u0103 mesaje importante pe care am vrut s\u0103 le transmitem prin prezen\u0163a noastr\u0103 aici. \u00cen primul \u015fi \u00een primul r\u00e2nd c\u0103 Rom\u00e2nia \u00ee\u015fi asum\u0103 istoria sa \u015fi cu p\u0103r\u0163ile sale tragice. Nu doar episcopul Anton Durcovici, ci mii de preo\u0163i, ortodc\u015fi, catolici, greco-catolici, protestan\u0163i au murit \u00een \u00eenchisorile comuniste \u015fi faptul c\u0103 ne asum\u0103m \u015fi cinstim acum arat\u0103 c\u0103 Rom\u00e2nia a trecut de acele vremuri dificile\u201d, a declarat premierul <strong>Victor Ponta<\/strong>.<\/span><\/p>\n<p data-index=\"5\">Aflat la prima vizit\u0103 \u00een Ia\u015fi de c\u00e2nd este membru PNL, Klaus Iohannis, a fost impresionat de ceremonie.<\/p>\n<p data-index=\"6\">\u201e<span>Am participat la un eveniment foarte important, foarte frumos, slujba de beatificare a episcopului Durcovici. Foarte mult\u0103 lume prezent\u0103 acolo \u015fi cred c\u0103 aceast\u0103 zi este realmente o s\u0103rb\u0103toare pentru Ia\u015fi\u201d, a spus prim-vicepre\u0219edintele PNL.<\/span><\/p>\n<p data-index=\"7\">Tot la Ia\u015fi va ajunge duminic\u0103 \u015fi pre\u015fedintele <strong>Traian B\u0103sescu<\/strong>, pentru o dezbatere privind priorit\u0103\u0163ile Rom\u00e2niei \u00een Uniunea European\u0103, dar \u015fi modalit\u0103\u0163i de sprijinire a Republicii Moldova pentru integrarea european\u0103.<\/p>\n<\/div>\n<p> Source URL: https:\/\/www.digi24.ro\/stiri\/actualitate\/politica\/beatificarea-lui-anton-durcovici-prilej-de-campanie-electorala-244321<\/p>\n","protected":false},"excerpt":{"rendered":"<p>Primii politicieni care au venit s\u00e2mb\u0103t\u0103 pe stadionul din Copou au fost premierul Victor Ponta, Liviu Dragnea \u015fi Rovana Plumb. Al\u0103turi de ei s-a aflat \u015fi liderul Partidului Conservator, Daniel Constantin. La interval de doar c\u00e2teva minute, \u015fi-au f\u0103cut apari\u0163ia \u015fi reprezentan\u0163ii PNL, \u00een frunte cu prim-vicepre\u015fedintele liberalilor, Klaus Iohannis. Autorit\u0103\u0163ile locale \u015fi de la [&hellip;]<\/p>\n","protected":false},"author":1,"featured_media":205491,"comment_status":"open","ping_status":"","sticky":false,"template":"","format":"standard","meta":{"footnotes":""},"categories":[2],"tags":[11],"class_list":["post-205490","post","type-post","status-publish","format-standard","has-post-thumbnail","hentry","category-politics","tag-digi24"],"_links":{"self":[{"href":"https:\/\/analyse.optim.biz\/index.php?rest_route=\/wp\/v2\/posts\/205490","targetHints":{"allow":["GET"]}}],"collection":[{"href":"https:\/\/analyse.optim.biz\/index.php?rest_route=\/wp\/v2\/posts"}],"about":[{"href":"https:\/\/analyse.optim.biz\/index.php?rest_route=\/wp\/v2\/types\/post"}],"author":[{"embeddable":true,"href":"https:\/\/analyse.optim.biz\/index.php?rest_route=\/wp\/v2\/users\/1"}],"replies":[{"embeddable":true,"href":"https:\/\/analyse.optim.biz\/index.php?rest_route=%2Fwp%2Fv2%2Fcomments&post=205490"}],"version-history":[{"count":0,"href":"https:\/\/analyse.optim.biz\/index.php?rest_route=\/wp\/v2\/posts\/205490\/revisions"}],"wp:featuredmedia":[{"embeddable":true,"href":"https:\/\/analyse.optim.biz\/index.php?rest_route=\/wp\/v2\/media\/205491"}],"wp:attachment":[{"href":"https:\/\/analyse.optim.biz\/index.php?rest_route=%2Fwp%2Fv2%2Fmedia&parent=205490"}],"wp:term":[{"taxonomy":"category","embeddable":true,"href":"https:\/\/analyse.optim.biz\/index.php?rest_route=%2Fwp%2Fv2%2Fcategories&post=205490"},{"taxonomy":"post_tag","embeddable":true,"href":"https:\/\/analyse.optim.biz\/index.php?rest_route=%2Fwp%2Fv2%2Ftags&post=205490"}],"curies":[{"name":"wp","href":"https:\/\/api.w.org\/{rel}","templated":true}]}}