{"id":2054848,"date":"2026-07-20T21:11:37","date_gmt":"2026-07-20T18:11:37","guid":{"rendered":"https:\/\/analyse.optim.biz\/?p=2054848"},"modified":"2026-07-20T21:11:37","modified_gmt":"2026-07-20T18:11:37","slug":"petrisor-peiu-aur-daca-ridicolul-politic-ar-avea-un-nume-acesta-ar-fi-sorin-grindeanu","status":"publish","type":"post","link":"https:\/\/analyse.optim.biz\/?p=2054848","title":{"rendered":"Petri\u0219or Peiu (AUR): Dac\u0103 ridicolul politic ar avea un nume, acesta ar fi Sorin Grindeanu"},"content":{"rendered":"<p>[analyse_image type=&#8221;featured&#8221; src=&#8221;https:\/\/r3media.ro\/wp-content\/uploads\/2025\/02\/peiu-2-750&#215;374-1.jpghttps:\/\/r3media.ro\/wp-content\/uploads\/2025\/02\/peiu-2-750&#215;374-1.jpg&#8221;]<\/p>\n<article id=\"template-id-109\" class=\"post-109 tdb_templates type-tdb_templates status-publish post\">\n<div id=\"tdi_2\" class=\"tdc-zone\">\n<div class=\"tdc_zone tdi_3  wpb_row td-pb-row\">\n<div id=\"tdi_4\" class=\"tdc-row\">\n<div class=\"vc_row tdi_5  wpb_row td-pb-row\">\n<div class=\"vc_column tdi_7  wpb_column vc_column_container tdc-column td-pb-span8\">\n<div class=\"wpb_wrapper\">\n<div class=\"td_block_wrap tdb_breadcrumbs tdi_8 td-pb-border-top td_block_template_1 tdb-breadcrumbs \" data-td-block-uid=\"tdi_8\">\n<div class=\"tdb-block-inner td-fix-index\"><span><a title=\"Vede\u021bi toate articolele \u00een \u0218TIRI\" class=\"tdb-entry-crumb\" href=\"https:\/\/r3media.ro\/category\/stiri\/\">\u0218TIRI<\/a><\/span><span class=\"tdb-bred-no-url-last\">Petri\u0219or Peiu (AUR): Dac\u0103 ridicolul politic ar avea un nume, acesta ar&#8230;<\/span><\/div>\n<\/div>\n<div class=\"td_block_wrap tdb_single_categories tdi_9 td-pb-border-top td_block_template_1 \" data-td-block-uid=\"tdi_9\">\n<div class=\"tdb-category td-fix-index\"><a class=\"tdb-entry-category\" href=\"https:\/\/r3media.ro\/category\/stiri\/\">\u0218TIRI<\/a><\/div>\n<\/div>\n<div class=\"td_block_wrap tdb_title tdi_10 tdb-single-title td-pb-border-top td_block_template_1\" data-td-block-uid=\"tdi_10\">\n<div class=\"tdb-block-inner td-fix-index\">\n<h1 class=\"tdb-title-text\">Petri\u0219or Peiu (AUR): Dac\u0103 ridicolul politic ar avea un nume, acesta ar fi Sorin Grindeanu<\/h1>\n<\/div>\n<\/div>\n<div class=\"vc_row_inner tdi_12  vc_row vc_inner wpb_row td-pb-row\">\n<div class=\"vc_column_inner tdi_14  wpb_column vc_column_container tdc-inner-column td-pb-span12\">\n<div class=\"vc_column-inner\">\n<div class=\"wpb_wrapper\">\n<div class=\"td_block_wrap tdb_single_author tdi_15 td-pb-border-top td_block_template_1 tdb-post-meta\" data-td-block-uid=\"tdi_15\">\n<div class=\"tdb-block-inner td-fix-index\">\n<div class=\"tdb-author-name-wrap\"><a class=\"tdb-author-name\" href=\"https:\/\/r3media.ro\/author\/redactia\/\">Redac\u021bia<\/a><\/div>\n<\/div>\n<\/div>\n<div class=\"td_block_wrap tdb_single_date tdi_16 td-pb-border-top td_block_template_1 tdb-post-meta\" data-td-block-uid=\"tdi_16\">\n<div class=\"tdb-block-inner td-fix-index\"><time class=\"entry-date updated td-module-date\" datetime=\"2026-07-21T00:11:37+03:00\">21\/07\/2026<\/time><\/div>\n<\/div>\n<\/div>\n<\/div>\n<\/div>\n<\/div>\n<div class=\"td_block_wrap tdb_single_content tdi_18 td-pb-border-top td_block_template_1 td-post-content tagdiv-type\" data-td-block-uid=\"tdi_18\">\n<div class=\"tdb-block-inner td-fix-index\">\n<p><strong>Liderul senatorilor AUR, Petri\u0219or Peiu, \u00eel <a href=\"https:\/\/partidulaur.ro\/petrisor-peiu-liderul-senatorilor-aur-daca-ridicolul-politic-ar-avea-un-nume-acesta-ar-fi-sorin-grindeanu\/\" target=\"_blank\" rel=\"noopener\">acuz\u0103<\/a> pe Sorin Grindeanu de ipocrizie \u0219i incoeren\u021b\u0103 politic\u0103, dup\u0103 ce liderul PSD atac\u0103 \u0219i jigne\u0219te AUR, dar pretinde c\u0103 ar accepta voturile parlamentarilor s\u0103i pentru propriile jocuri de putere.<\/strong><\/p>\n<p>Senatorul avertizeaz\u0103 c\u0103, at\u00e2t timp c\u00e2t Grindeanu conduce PSD, orice \u00een\u021belegere politic\u0103 cu AUR este exclus\u0103 \u0219i pune sub semnul \u00eentreb\u0103rii inclusiv men\u021binerea acestuia la conducerea Camerei Deputa\u021bilor.<\/p>\n<p>\u201eIat\u0103, pe scurt, situa\u021bia comic\u0103 a personajului de mai sus: dup\u0103 ce \u0219i-a scos, cu surle \u0219i tr\u00e2mbi\u021be, partidul de la guvernare, Grindeanu nu are altceva mai bun de f\u0103cut dec\u00e2t s\u0103 jigneasc\u0103 \u0219i s\u0103 suduie singurul partid care \u00eel putea ajuta s\u0103 revin\u0103 la guvernare!<\/p>\n<p>R\u0103spunsul logic la perora\u021biile br\u00e2nzovene\u0219ti ale lui Grindeanu este scurt \u0219i la obiect:<\/p>\n<p>1.AUR nu va mai putea face nicio \u00een\u021belegere politic\u0103, de niciun fel, cu PSD c\u00e2t timp Sorin Grindeanu este pre\u0219edintele acelui partid, de vreme ce acestuia \u00eei repugn\u0103 cei 90 de parlamentari ai no\u0219tri.<br \/>\n2.Dac\u0103 vreodat\u0103 cineva va supune la vot \u00eenlocuirea lui Grindeanu de la conducerea Camerei Deputa\u021bilor, parlamentarii AUR vor avea tendin\u021ba natural\u0103 de a vota acest lucru. Motivul? Este greu de ap\u0103rat un om cu at\u00e2tea caren\u021be morale.<br \/>\nPentru a fi pe deplin ridicol, autorul celei mai greu de g\u0103sit c\u0103r\u021bi de pe planet\u0103 \u00ee\u0219i arog\u0103 \u0219i dreptul de a-\u0219i justifica suduielile printr-o pretins\u0103 deviere de la valorile \u00abeuropene\u00bb. Ar fi de r\u00e2s dac\u0103 nu ar fi de pl\u00e2ns, dar autoritatea moral\u0103 Grindeanu este una \u0219i aceea\u0219i persoan\u0103 cu ministrul Transporturilor care se l\u0103sa purtat cu luxoase avioane private tocmai la Monaco pentru a se \u00eent\u00e2lni cu\u2026 o coleg\u0103 de partid a domniei sale, cu care, de altminteri, se \u00eent\u00e2lnea \u00een fiecare zi \u0219i la Bucure\u0219ti!<\/p>\n<p>Sorin Grindeanu repro\u0219eaz\u0103 AUR c\u0103 nu a votat Guvernul Ve\u0219tea, un guvern f\u0103cut printr-o \u0219obol\u0103neal\u0103 greu de acceptat, adic\u0103 prin racolarea unui grup de parlamentari de la un alt partid. De altfel, aceea\u0219i \u0219obol\u0103neal\u0103 o \u00eencearc\u0103 ridicolul Grindeanu \u0219i cu AUR, atunci c\u00e2nd anun\u021b\u0103 c\u0103 ar primi voturile unor parlamentari AUR, dar \u00eei put \u00abliderii partidului\u00bb.<\/p>\n<p>Poate l-ar ajuta pe Grindeanu s\u0103 \u0219tie c\u0103 to\u021bi parlamentarii AUR sunt propu\u0219i s\u0103 ocupe acelea\u0219i pozi\u021bii ca cele actuale \u0219i pe listele de la alegerile urm\u0103toare. O \u00eentrebare simpl\u0103, pe care Grindeanu nu \u0219i-a pus-o, este urm\u0103toarea: de ce ar da un parlamentar AUR cu piciorul unui nou mandat, garantat de singurul partid care poate, conform sondajelor de ast\u0103zi, garanta viitoarele mandate? Poate Sorin Grindeanu garanta mandatele viitoare ale tuturor parlamentarilor PSD? Nu poate, evident, nici m\u0103car \u00een sondajele realizate de domnul D\u00e2ncu!<\/p>\n<p>C\u00e2t prive\u0219te pretinsele devia\u021bii ale AUR de la valorile \u00abeuropene\u00bb, s\u0103-i reamintim lui Sorin Grindeanu \u0219i faptul, u\u0219or de verificat, c\u0103 AUR sus\u021bine ferm apartenen\u021ba Rom\u00e2niei la UE \u0219i NATO. AUR crede, \u00een plus \u0219i spre deosebire de Sorin Grindeanu, c\u0103 trebuie reparate c\u00e2teva mari erori ale Comisiei von der Leyen, precum politicile \u00abGreen Deal\u00bb \u0219i cele de suprareglementare a economiei\u201d, a declarat liderul senatorilor AUR, Petri\u0219or Peiu.<\/p>\n<p><a href=\"https:\/\/go.fliplink.me\/view\/C266928E-45E2-4B9A-B920-361B001CF18A\" target=\"_blank\" rel=\"noopener\">Notificare privind transparen\u021ba<\/a><\/p>\n<div class=\"crp_related     crp-masonry\">\n<h2>\u00ceN CONTEXT<\/h2>\n<ul>\n<li><a href=\"https:\/\/r3media.ro\/petrisor-peiu-bnr-guvern-bolojan-stagflatie\/\" class=\"crp_link post-117049\"><span class=\"crp_title\">Petri\u0219or Peiu: BNR \u00eemparte responsabilitatea cu guvernul Bolojan pentru stagfla\u021bia din Rom\u00e2nia<\/span><\/a><\/li>\n<li><a href=\"https:\/\/r3media.ro\/petrisor-peiu-conditii-aur-vot-guvernul-vestea-nicusor-dan-solutii-bunastare-romani\/\" class=\"crp_link post-118481\"><span class=\"crp_title\">Condi\u021biile AUR pentru a vota Guvernul Ve\u0219tea. Petri\u0219or Peiu propune solu\u021bii clare pentru\u2026<\/span><\/a><\/li>\n<li><a href=\"https:\/\/r3media.ro\/ingrasamintele-s-au-scumpit-cu-17-in-romania-dublu-fata-de-media-europeana-petrisor-peiu-acuza-inchiderea-azomures-si-politicile-ultimilor-ani\/\" class=\"crp_link post-117311\"><span class=\"crp_title\">\u00cengr\u0103\u0219\u0103mintele s-au scumpit cu 17% \u00een Rom\u00e2nia, dublu fa\u021b\u0103 de media european\u0103. Petri\u0219or Peiu\u2026<\/span><\/a><\/li>\n<li><a href=\"https:\/\/r3media.ro\/petrisor-peiu-tren-medical-safe-teapa\/\" class=\"crp_link post-117742\"><span class=\"crp_title\">Petri\u0219or Peiu contest\u0103 achizi\u021bia unui tren medical de 73 de milioane de euro: Pe rom\u00e2ne\u0219te,\u2026<\/span><\/a><\/li>\n<li><a href=\"https:\/\/r3media.ro\/petrisor-peiu-desfiintarea-impozitului-minim-pe-cifra-de-afaceri\/\" class=\"crp_link post-119216\"><span class=\"crp_title\">Petri\u0219or Peiu: Desfiin\u021barea impozitului minim pe cifra de afaceri, \u201eo invita\u021bie la o joac\u0103\u2026<\/span><\/a><\/li>\n<li><a href=\"https:\/\/r3media.ro\/sorin-grindeanu-usr-bolojan\/\" class=\"crp_link post-118371\"><span class=\"crp_title\">Sorin Grindeanu, despre USR: S\u0103 \u0219i-l ia pe Bolojan \u00een bra\u021be \u0219i s\u0103 stea str\u00e2n\u0219i uni\u021bi \u00een\u2026<\/span><\/a><\/li>\n<li><a href=\"https:\/\/r3media.ro\/senatorul-petrisor-peiu-aur-a-explodat-importul-de-energie-electrica-iar-productia-interna-s-a-prabusit\/\" class=\"crp_link post-114492\"><span class=\"crp_title\">Senatorul Petri\u0219or Peiu (AUR): A explodat IMPORTUL de energie electric\u0103, iar produc\u021bia\u2026<\/span><\/a><\/li>\n<li><a href=\"https:\/\/r3media.ro\/sorin-grindeanu-aur-primul-loc\/\" class=\"crp_link post-120056\"><span class=\"crp_title\">Sorin Grindeanu: AUR e pe primul loc. Lucru pe care nu cred c\u0103 \u00eel contest\u0103 nici m\u0103car ace\u015fti\u2026<\/span><\/a><\/li>\n<\/ul>\n<\/div>\n<\/div>\n<\/div>\n<div class=\"td_block_wrap tdb_single_tags tdi_19 td-pb-border-top td_block_template_1\" data-td-block-uid=\"tdi_19\">\n<div class=\"tdb-block-inner td-fix-index\">\n<ul class=\"tdb-tags\">\n<li><span>SUBIECTE FIERBIN\u021aI<\/span><\/li>\n<li><a href=\"https:\/\/r3media.ro\/tag\/partidul-aur\/\">partidul aur<\/a><\/li>\n<li><a href=\"https:\/\/r3media.ro\/tag\/petrisor-peiu\/\">petrisor peiu<\/a><\/li>\n<li><a href=\"https:\/\/r3media.ro\/tag\/sorin-grindeanu\/\">sorin grindeanu<\/a><\/li>\n<\/ul>\n<\/div>\n<\/div>\n<div class=\"td_block_wrap td_block_9 tdi_20 td_with_ajax_pagination td-pb-border-top td_block_template_1 td-column-2 td_block_padding td_block_bot_line\" data-td-block-uid=\"tdi_20\">\n<div class=\"td-block-title-wrap\">\n<h4 class=\"block-title td-block-title\"><span class=\"td-pulldown-size\">CITE\u0218TE MAI MULT<\/span><\/h4>\n<\/div>\n<div id=\"tdi_20\" class=\"td_block_inner\">\n<div class=\"td-block-row\">\n<div class=\"td-block-span6\">\n<div class=\"td_module_8 td_module_wrap\">\n<div class=\"item-details\">\n<h3 class=\"entry-title td-module-title\"><a href=\"https:\/\/r3media.ro\/cehia-interzice-telefoanele-in-scoli\/\" rel=\"bookmark\" title=\"Cehia se preg\u0103te\u0219te s\u0103 interzic\u0103 telefoanele mobile \u00een \u0219coli\">Cehia se preg\u0103te\u0219te s\u0103 interzic\u0103 telefoanele mobile \u00een \u0219coli<\/a><\/h3>\n<div class=\"td-module-meta-info\"><a href=\"https:\/\/r3media.ro\/category\/educatie\/\" class=\"td-post-category\">EDUCA\u021aIE<\/a><span class=\"td-post-author-name\"><a href=\"https:\/\/r3media.ro\/author\/redactia\/\">Redac\u021bia<\/a><span>&#8211;<\/span><\/span><span class=\"td-post-date\"><time class=\"entry-date updated td-module-date\" datetime=\"2026-07-20T22:34:13+03:00\">20\/07\/2026<\/time><\/span><\/div>\n<\/div>\n<\/div>\n<\/div>\n<div class=\"td-block-span6\">\n<div class=\"td_module_8 td_module_wrap\">\n<div class=\"item-details\">\n<h3 class=\"entry-title td-module-title\"><a href=\"https:\/\/r3media.ro\/video-cult-femeie-dumnezeu-mama-romania\/\" rel=\"bookmark\" title=\"VIDEO | Un cult care consider\u0103 o femeie coreean\u0103 drept \u201eDumnezeu Mama\u201d face prozeli\u021bi \u00een Rom\u00e2nia\">VIDEO | Un cult care consider\u0103 o femeie coreean\u0103 drept \u201eDumnezeu Mama\u201d face prozeli\u021bi&#8230;<\/a><\/h3>\n<div class=\"td-module-meta-info\"><a href=\"https:\/\/r3media.ro\/category\/featured\/\" class=\"td-post-category\">FEATURED<\/a><span class=\"td-post-author-name\"><a href=\"https:\/\/r3media.ro\/author\/redactia\/\">Redac\u021bia<\/a><span>&#8211;<\/span><\/span><span class=\"td-post-date\"><time class=\"entry-date updated td-module-date\" datetime=\"2026-07-21T11:14:08+03:00\">21\/07\/2026<\/time><\/span><\/div>\n<\/div>\n<\/div>\n<\/div>\n<\/div>\n<div class=\"td-block-row\">\n<div class=\"td-block-span6\">\n<div class=\"td_module_8 td_module_wrap\">\n<div class=\"item-details\">\n<h3 class=\"entry-title td-module-title\"><a href=\"https:\/\/r3media.ro\/mihail-neamtu-oblgatie-romania\/\" rel=\"bookmark\" title=\"Mihail Neam\u021bu: Suntem o \u021bar\u0103 mic\u0103, iar singura obliga\u021bie a politicienilor de la Bucure\u0219ti e s\u0103 nu introduc\u0103 Rom\u00e2nia \u00eentr-un r\u0103zboi stupid \u0219i perdant\">Mihail Neam\u021bu: Suntem o \u021bar\u0103 mic\u0103, iar singura obliga\u021bie a politicienilor de la Bucure\u0219ti&#8230;<\/a><\/h3>\n<div class=\"td-module-meta-info\"><a href=\"https:\/\/r3media.ro\/category\/actualitate\/\" class=\"td-post-category\">ACTUALITATE<\/a><span class=\"td-post-author-name\"><a href=\"https:\/\/r3media.ro\/author\/redactia\/\">Redac\u021bia<\/a><span>&#8211;<\/span><\/span><span class=\"td-post-date\"><time class=\"entry-date updated td-module-date\" datetime=\"2026-07-20T22:01:16+03:00\">20\/07\/2026<\/time><\/span><\/div>\n<\/div>\n<\/div>\n<\/div>\n<div class=\"td-block-span6\">\n<div class=\"td_module_8 td_module_wrap\">\n<div class=\"item-details\">\n<h3 class=\"entry-title td-module-title\"><a href=\"https:\/\/r3media.ro\/petrisor-peiu-conditii-aur-vot-guvernul-vestea-nicusor-dan-solutii-bunastare-romani\/\" rel=\"bookmark\" title=\"Condi\u021biile AUR pentru a vota Guvernul Ve\u0219tea. Petri\u0219or Peiu propune solu\u021bii clare pentru bun\u0103starea rom\u00e2nilor\">Condi\u021biile AUR pentru a vota Guvernul Ve\u0219tea. Petri\u0219or Peiu propune solu\u021bii clare pentru bun\u0103starea&#8230;<\/a><\/h3>\n<div class=\"td-module-meta-info\"><a href=\"https:\/\/r3media.ro\/category\/stiri\/\" class=\"td-post-category\">\u0218TIRI<\/a><span class=\"td-post-author-name\"><a href=\"https:\/\/r3media.ro\/author\/oana\/\">Oana Ivan<\/a><span>&#8211;<\/span><\/span><span class=\"td-post-date\"><time class=\"entry-date updated td-module-date\" datetime=\"2026-06-17T10:10:31+03:00\">17\/06\/2026<\/time><\/span><\/div>\n<\/div>\n<\/div>\n<\/div>\n<\/div>\n<div class=\"td-block-row\">\n<div class=\"td-block-span6\">\n<div class=\"td_module_8 td_module_wrap\">\n<div class=\"item-details\">\n<h3 class=\"entry-title td-module-title\"><a href=\"https:\/\/r3media.ro\/mihail-neamtu-neeuropeana-imperiu-birocrati-bruxelles-inarmarea-germaniei\/\" rel=\"bookmark\" title=\"EXCLUSIVITATE Mihail Neam\u021bu: Exist\u0103 o tendin\u021b\u0103 neeuropean\u0103 de a se crea un imperiu condus de birocra\u021bi de la Bruxelles \/ Pericolul \u00eenarm\u0103rii Germaniei\">EXCLUSIVITATE Mihail Neam\u021bu: Exist\u0103 o tendin\u021b\u0103 neeuropean\u0103 de a se crea un imperiu condus&#8230;<\/a><\/h3>\n<div class=\"td-module-meta-info\"><a href=\"https:\/\/r3media.ro\/category\/stiri\/\" class=\"td-post-category\">\u0218TIRI<\/a><span class=\"td-post-author-name\"><a href=\"https:\/\/r3media.ro\/author\/oana\/\">Oana Ivan<\/a><span>&#8211;<\/span><\/span><span class=\"td-post-date\"><time class=\"entry-date updated td-module-date\" datetime=\"2026-06-22T09:02:12+03:00\">22\/06\/2026<\/time><\/span><\/div>\n<\/div>\n<\/div>\n<\/div>\n<div class=\"td-block-span6\">\n<div class=\"td_module_8 td_module_wrap\">\n<div class=\"item-details\">\n<h3 class=\"entry-title td-module-title\"><a href=\"https:\/\/r3media.ro\/spania-invinge-argentina-castiga-cupa-mondiala\/\" rel=\"bookmark\" title=\"Spania a \u00eenvins Argentina \u0219i a c\u00e2\u0219tigat Cupa Mondial\u0103 pentru a doua oar\u0103 \u00een istorie\">Spania a \u00eenvins Argentina \u0219i a c\u00e2\u0219tigat Cupa Mondial\u0103 pentru a doua oar\u0103 \u00een&#8230;<\/a><\/h3>\n<div class=\"td-module-meta-info\"><a href=\"https:\/\/r3media.ro\/category\/actualitate\/\" class=\"td-post-category\">ACTUALITATE<\/a><span class=\"td-post-author-name\"><a href=\"https:\/\/r3media.ro\/author\/oana\/\">Oana Ivan<\/a><span>&#8211;<\/span><\/span><span class=\"td-post-date\"><time class=\"entry-date updated td-module-date\" datetime=\"2026-07-20T01:04:07+03:00\">20\/07\/2026<\/time><\/span><\/div>\n<\/div>\n<\/div>\n<\/div>\n<\/div>\n<div class=\"td-block-row\">\n<div class=\"td-block-span6\">\n<div class=\"td_module_8 td_module_wrap\">\n<div class=\"item-details\">\n<h3 class=\"entry-title td-module-title\"><a href=\"https:\/\/r3media.ro\/prapad-busteni-valea-prahovei-statiuni-ploi-viitura-oameni-raniti-masini-avariate-case-inundate\/\" rel=\"bookmark\" title=\"VIDEO | Pr\u0103p\u0103d la Bu\u0219teni! Ploile au cauzat o viitur\u0103 care a m\u0103turat tot \u00een cale \u00een sta\u021biunile de pe valea Prahovei: oameni r\u0103ni\u021bi, ma\u0219ini avariate \u0219i locuin\u021be inundate\">VIDEO | Pr\u0103p\u0103d la Bu\u0219teni! Ploile au cauzat o viitur\u0103 care a m\u0103turat tot&#8230;<\/a><\/h3>\n<div class=\"td-module-meta-info\"><a href=\"https:\/\/r3media.ro\/category\/actualitate\/\" class=\"td-post-category\">ACTUALITATE<\/a><span class=\"td-post-author-name\"><a href=\"https:\/\/r3media.ro\/author\/oana\/\">Oana Ivan<\/a><span>&#8211;<\/span><\/span><span class=\"td-post-date\"><time class=\"entry-date updated td-module-date\" datetime=\"2026-07-19T19:07:45+03:00\">19\/07\/2026<\/time><\/span><\/div>\n<\/div>\n<\/div>\n<\/div>\n<div class=\"td-block-span6\">\n<div class=\"td_module_8 td_module_wrap\">\n<div class=\"item-details\">\n<h3 class=\"entry-title td-module-title\"><a href=\"https:\/\/r3media.ro\/parinte-adrian-agachi-reactie-declaratii-ora-de-religie-corina-atanasiu-usr-totalitarism\/\" rel=\"bookmark\" title=\"P\u0103rintele Adrian Agachi a reac\u021bionat la afirma\u021biile despre ora de Religie f\u0103cute de Corina Atanasiu (USR): E inadmisibil s\u0103 ne \u00eentoarcem la discursuri totalitare. Scuzele ar fi absolut necesare\">P\u0103rintele Adrian Agachi a reac\u021bionat la afirma\u021biile despre ora de Religie f\u0103cute de Corina&#8230;<\/a><\/h3>\n<div class=\"td-module-meta-info\"><a href=\"https:\/\/r3media.ro\/category\/actualitate\/\" class=\"td-post-category\">ACTUALITATE<\/a><span class=\"td-post-author-name\"><a href=\"https:\/\/r3media.ro\/author\/oana\/\">Oana Ivan<\/a><span>&#8211;<\/span><\/span><span class=\"td-post-date\"><time class=\"entry-date updated td-module-date\" datetime=\"2026-07-19T02:45:37+03:00\">19\/07\/2026<\/time><\/span><\/div>\n<\/div>\n<\/div>\n<\/div>\n<\/div>\n<div class=\"td-block-row\">\n<div class=\"td-block-span6\">\n<div class=\"td_module_8 td_module_wrap\">\n<div class=\"item-details\">\n<h3 class=\"entry-title td-module-title\"><a href=\"https:\/\/r3media.ro\/candidat-barbat-partidul-democrat-sua-menstruatie-sangerare-rect\/\" rel=\"bookmark\" title=\"VIDEO | Un b\u0103rbat care candideaz\u0103 de la Partidul Democrat din SUA ar fi sus\u021binut c\u0103 are menstrua\u021bie \u0219i elimin\u0103 s\u00e2ngele prin rect\">VIDEO | Un b\u0103rbat care candideaz\u0103 de la Partidul Democrat din SUA ar fi&#8230;<\/a><\/h3>\n<div class=\"td-module-meta-info\"><a href=\"https:\/\/r3media.ro\/category\/actualitate\/\" class=\"td-post-category\">ACTUALITATE<\/a><span class=\"td-post-author-name\"><a href=\"https:\/\/r3media.ro\/author\/oana\/\">Oana Ivan<\/a><span>&#8211;<\/span><\/span><span class=\"td-post-date\"><time class=\"entry-date updated td-module-date\" datetime=\"2026-07-19T02:19:11+03:00\">19\/07\/2026<\/time><\/span><\/div>\n<\/div>\n<\/div>\n<\/div>\n<div class=\"td-block-span6\">\n<div class=\"td_module_8 td_module_wrap\">\n<div class=\"item-details\">\n<h3 class=\"entry-title td-module-title\"><a href=\"https:\/\/r3media.ro\/criza-apei-grecia-sapte-insule-stare-de-urgenta-localnici-recolte\/\" rel=\"bookmark\" title=\"Criza apei pe \u0219apte insule din Grecia: A fost emis\u0103 stare de urgen\u021b\u0103. Localnicii nu mai au cu ce s\u0103-\u0219i ude recoltele\">Criza apei pe \u0219apte insule din Grecia: A fost emis\u0103 stare de urgen\u021b\u0103. Localnicii&#8230;<\/a><\/h3>\n<div class=\"td-module-meta-info\"><a href=\"https:\/\/r3media.ro\/category\/actualitate\/\" class=\"td-post-category\">ACTUALITATE<\/a><span class=\"td-post-author-name\"><a href=\"https:\/\/r3media.ro\/author\/oana\/\">Oana Ivan<\/a><span>&#8211;<\/span><\/span><span class=\"td-post-date\"><time class=\"entry-date updated td-module-date\" datetime=\"2026-07-16T17:55:42+03:00\">16\/07\/2026<\/time><\/span><\/div>\n<\/div>\n<\/div>\n<\/div>\n<\/div>\n<div class=\"td-block-row\">\n<div class=\"td-block-span6\">\n<div class=\"td_module_8 td_module_wrap\">\n<div class=\"item-details\">\n<h3 class=\"entry-title td-module-title\"><a href=\"https:\/\/r3media.ro\/prof-ioan-aurel-pop-ong-antisemitism-xenofobie\/\" rel=\"bookmark\" title=\"Prof. Ioan-Aurel Pop: Anumite ONG-uri vor s\u0103 \u00eent\u0103reasc\u0103 antisemitismul \u0219i xenofobia, pentru c\u0103 ele s-au \u00eenfiin\u021bat ca s\u0103 combat\u0103 asemenea lucruri\">Prof. Ioan-Aurel Pop: Anumite ONG-uri vor s\u0103 \u00eent\u0103reasc\u0103 antisemitismul \u0219i xenofobia, pentru c\u0103 ele&#8230;<\/a><\/h3>\n<div class=\"td-module-meta-info\"><a href=\"https:\/\/r3media.ro\/category\/actualitate\/\" class=\"td-post-category\">ACTUALITATE<\/a><span class=\"td-post-author-name\"><a href=\"https:\/\/r3media.ro\/author\/radu_ursan\/\">Radu Ursan<\/a><span>&#8211;<\/span><\/span><span class=\"td-post-date\"><time class=\"entry-date updated td-module-date\" datetime=\"2026-07-16T15:28:25+03:00\">16\/07\/2026<\/time><\/span><\/div>\n<\/div>\n<\/div>\n<\/div>\n<div class=\"td-block-span6\">\n<div class=\"td_module_8 td_module_wrap\">\n<div class=\"item-details\">\n<h3 class=\"entry-title td-module-title\"><a href=\"https:\/\/r3media.ro\/deznationala-frantei-a-invins-franta\/\" rel=\"bookmark\" title=\"Dezna\u021bionala Fran\u021bei a \u00eenvins Fran\u021ba \u00a0\u00a0\">Dezna\u021bionala Fran\u021bei a \u00eenvins Fran\u021ba \u00a0\u00a0<\/a><\/h3>\n<div class=\"td-module-meta-info\"><a href=\"https:\/\/r3media.ro\/category\/actualitate\/\" class=\"td-post-category\">ACTUALITATE<\/a><span class=\"td-post-author-name\"><a href=\"https:\/\/r3media.ro\/author\/tru\/\">TRU (Traian Ungureanu)<\/a><span>&#8211;<\/span><\/span><span class=\"td-post-date\"><time class=\"entry-date updated td-module-date\" datetime=\"2026-07-15T20:57:25+03:00\">15\/07\/2026<\/time><\/span><\/div>\n<\/div>\n<\/div>\n<\/div>\n<\/div>\n<\/div>\n<div class=\"td-load-more-wrap td-load-more-infinite-wrap\" id=\"infinite-lm-tdi_20\"><a href=\"https:\/\/r3media.ro\/petrisor-peiu-aur-daca-ridicolul-politic-ar-avea-un-nume-acesta-ar-fi-sorin-grindeanu\/\" class=\"td_ajax_load_more td_ajax_load_more_js\" aria-label=\"\u00cenc\u0103rca\u021bi mai multe\" id=\"next-page-tdi_20\" data-td_block_id=\"tdi_20\">\u00cenc\u0103rca\u021bi mai multe<\/a><\/div>\n<\/div>\n<div class=\"td_block_wrap tdb_single_comments tdi_21 tdb-comm-layout2 td-pb-border-top td_block_template_1\" data-td-block-uid=\"tdi_21\">\n<div class=\"tdb-block-inner td-fix-index\">\n<div class=\"comments\" id=\"comments\">\n<div id=\"respond\" class=\"comment-respond\">\n<h3 id=\"reply-title\" class=\"comment-reply-title\">AI CEVA DE SPUS? <small><a rel=\"nofollow\" id=\"cancel-comment-reply-link\" href=\"https:\/\/r3media.ro\/petrisor-peiu-aur-daca-ridicolul-politic-ar-avea-un-nume-acesta-ar-fi-sorin-grindeanu\/#respond\">Renun\u021ba\u021bi la r\u0103spuns<\/a><\/small><\/h3>\n<div class=\"comment-form-input-wrap td-form-comment\">\n<div class=\"td-warning-comment\">V\u0103 rug\u0103m s\u0103 introduce\u021bi comentariul dvs.!<\/div>\n<\/div>\n<div class=\"comment-form-input-wrap td-form-author\">\n<div class=\"td-warning-author\">Introduce\u021bi aici numele dvs.<\/div>\n<\/div>\n<div class=\"comment-form-input-wrap td-form-email\">\n<div class=\"td-warning-email-error\">A\u021bi introdus o adres\u0103 de e-mail incorect\u0103!<\/div>\n<div class=\"td-warning-email\">V\u0103 rug\u0103m s\u0103 introduce\u021bi adresa dvs. de e-mail aici<\/div>\n<\/div>\n<\/div>\n<\/div>\n<\/div>\n<\/div>\n<\/div>\n<\/div>\n<div class=\"vc_column tdi_23  wpb_column vc_column_container tdc-column td-pb-span4 td-is-sticky\">\n<div class=\"wpb_wrapper\" data-sticky-enabled-on=\"W3RydWUsdHJ1ZSx0cnVlLHRydWVd\" data-sticky-offset=\"20\" data-sticky-is-width-auto=\"W2ZhbHNlLGZhbHNlLGZhbHNlLGZhbHNlXQ==\">\n<div class=\"wpb_wrapper td_block_wrap vc_widget_sidebar tdi_25 \">\n<div class=\"td_block_wrap td_block_7 td_block_widget tdi_26 td-pb-border-top td_block_template_1 td-column-1 td_block_padding\" data-td-block-uid=\"tdi_26\">\n<div class=\"td-block-title-wrap\">\n<h4 class=\"block-title td-block-title\"><span class=\"td-pulldown-size\">Articole RELA\u021aIONATE<\/span><\/h4>\n<\/div>\n<div id=\"tdi_26\" class=\"td_block_inner\">\n<div class=\"td-block-span12\">\n<div class=\"td_module_6 td_module_wrap td-animation-stack\">\n<div class=\"td-module-thumb\"><a href=\"https:\/\/r3media.ro\/diana-sosoaca-whatsapp-blocat\/\" rel=\"bookmark\" class=\"td-image-wrap \" title=\"Diana \u0218o\u0219oac\u0103 acuz\u0103: I s-au blocat toate conturile de WhatsApp ale sale \u0219i ale partidului\"><img loading=\"lazy\" decoding=\"async\" class=\"entry-thumb\" src=\"https:\/\/r3media.ro\/wp-content\/uploads\/2026\/07\/sosoaca-whatsapp-e1784662555897-100x70.jpg\" alt title=\"Diana \u0218o\u0219oac\u0103 acuz\u0103: I s-au blocat toate conturile de WhatsApp ale sale \u0219i ale partidului\" width=\"100\" height=\"70\"><\/a><\/div>\n<div class=\"item-details\">\n<h3 class=\"entry-title td-module-title\"><a href=\"https:\/\/r3media.ro\/diana-sosoaca-whatsapp-blocat\/\" rel=\"bookmark\" title=\"Diana \u0218o\u0219oac\u0103 acuz\u0103: I s-au blocat toate conturile de WhatsApp ale sale \u0219i ale partidului\">Diana \u0218o\u0219oac\u0103 acuz\u0103: I s-au blocat toate conturile de WhatsApp ale&#8230;<\/a><\/h3>\n<div class=\"td-module-meta-info\"><span class=\"td-post-date\"><time class=\"entry-date updated td-module-date\" datetime=\"2026-07-21T22:37:08+03:00\">21\/07\/2026<\/time><\/span><\/div>\n<\/div>\n<\/div>\n<\/div>\n<div class=\"td-block-span12\">\n<div class=\"td_module_6 td_module_wrap td-animation-stack\">\n<div class=\"td-module-thumb\"><a href=\"https:\/\/r3media.ro\/22-iulie-sfanta-mironosita-si-intocmai-cu-apostolii-maria-magdalena-si-sfantul-preot-marturisitor-ilie-lacatusu\/\" rel=\"bookmark\" class=\"td-image-wrap \" title=\"Calendarul zilei 22 iulie: Sf\u00e2nta Mironosi\u021b\u0103 \u0219i \u00centocmai cu Apostolii Maria Magdalena \u0219i Sf\u00e2ntul Preot M\u0103rturisitor Ilie L\u0103c\u0103tu\u0219u\"><img loading=\"lazy\" decoding=\"async\" class=\"entry-thumb\" src=\"https:\/\/r3media.ro\/wp-content\/uploads\/2024\/07\/icoana-Sf.-Marturisitor-Ilie-Lacatusu-591x890.jpg-100x70.webp\" alt title=\"Calendarul zilei 22 iulie: Sf\u00e2nta Mironosi\u021b\u0103 \u0219i \u00centocmai cu Apostolii Maria Magdalena \u0219i Sf\u00e2ntul Preot M\u0103rturisitor Ilie L\u0103c\u0103tu\u0219u\" width=\"100\" height=\"70\"><\/a><\/div>\n<div class=\"item-details\">\n<h3 class=\"entry-title td-module-title\"><a href=\"https:\/\/r3media.ro\/22-iulie-sfanta-mironosita-si-intocmai-cu-apostolii-maria-magdalena-si-sfantul-preot-marturisitor-ilie-lacatusu\/\" rel=\"bookmark\" title=\"Calendarul zilei 22 iulie: Sf\u00e2nta Mironosi\u021b\u0103 \u0219i \u00centocmai cu Apostolii Maria Magdalena \u0219i Sf\u00e2ntul Preot M\u0103rturisitor Ilie L\u0103c\u0103tu\u0219u\">Calendarul zilei 22 iulie: Sf\u00e2nta Mironosi\u021b\u0103 \u0219i \u00centocmai cu Apostolii Maria&#8230;<\/a><\/h3>\n<div class=\"td-module-meta-info\"><span class=\"td-post-date\"><time class=\"entry-date updated td-module-date\" datetime=\"2026-07-21T22:24:27+03:00\">21\/07\/2026<\/time><\/span><\/div>\n<\/div>\n<\/div>\n<\/div>\n<div class=\"td-block-span12\">\n<div class=\"td_module_6 td_module_wrap td-animation-stack\">\n<div class=\"td-module-thumb\"><a href=\"https:\/\/r3media.ro\/22-iulie-patriarh-daniel\/\" rel=\"bookmark\" class=\"td-image-wrap \" title=\"Calendarul zilei 22 iulie: Preafericitul P\u0103rinte Patriarh Daniel \u00eempline\u0219te 75 de ani\"><img loading=\"lazy\" decoding=\"async\" class=\"entry-thumb\" src=\"https:\/\/r3media.ro\/wp-content\/uploads\/2020\/09\/scrisoare-catre-patriarhul-daniel-100x70.jpg\" alt title=\"Calendarul zilei 22 iulie: Preafericitul P\u0103rinte Patriarh Daniel \u00eempline\u0219te 75 de ani\" width=\"100\" height=\"70\"><\/a><\/div>\n<div class=\"item-details\">\n<h3 class=\"entry-title td-module-title\"><a href=\"https:\/\/r3media.ro\/22-iulie-patriarh-daniel\/\" rel=\"bookmark\" title=\"Calendarul zilei 22 iulie: Preafericitul P\u0103rinte Patriarh Daniel \u00eempline\u0219te 75 de ani\">Calendarul zilei 22 iulie: Preafericitul P\u0103rinte Patriarh Daniel \u00eempline\u0219te 75 de&#8230;<\/a><\/h3>\n<div class=\"td-module-meta-info\"><span class=\"td-post-date\"><time class=\"entry-date updated td-module-date\" datetime=\"2026-07-21T22:00:39+03:00\">21\/07\/2026<\/time><\/span><\/div>\n<\/div>\n<\/div>\n<\/div>\n<div class=\"td-block-span12\">\n<div class=\"td_module_6 td_module_wrap td-animation-stack\">\n<div class=\"td-module-thumb\"><a href=\"https:\/\/r3media.ro\/episcopul-husilor-oameni-animale-therieni-degradare-progresism\/\" rel=\"bookmark\" class=\"td-image-wrap \" title=\"Episcopul Hu\u0219ilor, despre oamenii care se cred animale: V\u0103 da\u021bi seama c\u00e2t\u0103 degradare uman\u0103 este? De ce? Pentru c\u0103 se \u00eencred \u00een progresism\"><img loading=\"lazy\" decoding=\"async\" class=\"entry-thumb\" src=\"https:\/\/r3media.ro\/wp-content\/uploads\/2026\/06\/therieni-la-cluj-100x70.png\" alt title=\"Episcopul Hu\u0219ilor, despre oamenii care se cred animale: V\u0103 da\u021bi seama c\u00e2t\u0103 degradare uman\u0103 este? De ce? Pentru c\u0103 se \u00eencred \u00een progresism\" width=\"100\" height=\"70\"><\/a><\/div>\n<div class=\"item-details\">\n<h3 class=\"entry-title td-module-title\"><a href=\"https:\/\/r3media.ro\/episcopul-husilor-oameni-animale-therieni-degradare-progresism\/\" rel=\"bookmark\" title=\"Episcopul Hu\u0219ilor, despre oamenii care se cred animale: V\u0103 da\u021bi seama c\u00e2t\u0103 degradare uman\u0103 este? De ce? Pentru c\u0103 se \u00eencred \u00een progresism\">Episcopul Hu\u0219ilor, despre oamenii care se cred animale: V\u0103 da\u021bi seama&#8230;<\/a><\/h3>\n<div class=\"td-module-meta-info\"><span class=\"td-post-date\"><time class=\"entry-date updated td-module-date\" datetime=\"2026-07-21T19:30:46+03:00\">21\/07\/2026<\/time><\/span><\/div>\n<\/div>\n<\/div>\n<\/div>\n<div class=\"td-block-span12\">\n<div class=\"td_module_6 td_module_wrap td-animation-stack\">\n<div class=\"td-module-thumb\"><a href=\"https:\/\/r3media.ro\/masina-electrica-mercedes-benz-foc-iesire-parcare-foto\/\" rel=\"bookmark\" class=\"td-image-wrap \" title=\"FOTO | O ma\u0219in\u0103 electric\u0103 Mercedes-Benz de 178.000 de dolari a luat foc din senin \u00eentr-o parcare\"><img loading=\"lazy\" decoding=\"async\" class=\"entry-thumb\" src=\"https:\/\/r3media.ro\/wp-content\/uploads\/2025\/06\/masina-electrica-mercedes-eqa-100x70.png\" alt=\"masini electrice\" title=\"FOTO | O ma\u0219in\u0103 electric\u0103 Mercedes-Benz de 178.000 de dolari a luat foc din senin \u00eentr-o parcare\" width=\"100\" height=\"70\"><\/a><\/div>\n<div class=\"item-details\">\n<h3 class=\"entry-title td-module-title\"><a href=\"https:\/\/r3media.ro\/masina-electrica-mercedes-benz-foc-iesire-parcare-foto\/\" rel=\"bookmark\" title=\"FOTO | O ma\u0219in\u0103 electric\u0103 Mercedes-Benz de 178.000 de dolari a luat foc din senin \u00eentr-o parcare\">FOTO | O ma\u0219in\u0103 electric\u0103 Mercedes-Benz de 178.000 de dolari a&#8230;<\/a><\/h3>\n<div class=\"td-module-meta-info\"><span class=\"td-post-date\"><time class=\"entry-date updated td-module-date\" datetime=\"2026-07-21T16:36:03+03:00\">21\/07\/2026<\/time><\/span><\/div>\n<\/div>\n<\/div>\n<\/div>\n<div class=\"td-block-span12\">\n<div class=\"td_module_6 td_module_wrap td-animation-stack\">\n<div class=\"td-module-thumb\"><a href=\"https:\/\/r3media.ro\/grecia-interzice-trotinete-electrice-pentru-minori\/\" rel=\"bookmark\" class=\"td-image-wrap \" title=\"Grecia va interzice trotinetele electrice pentru minori\"><img loading=\"lazy\" decoding=\"async\" class=\"entry-thumb\" src=\"https:\/\/r3media.ro\/wp-content\/uploads\/2024\/09\/madrid-interzice-trotinetele-electrice-100x70.png\" alt=\"madrid interzice trotinetele electrice\" title=\"Grecia va interzice trotinetele electrice pentru minori\" width=\"100\" height=\"70\"><\/a><\/div>\n<div class=\"item-details\">\n<h3 class=\"entry-title td-module-title\"><a href=\"https:\/\/r3media.ro\/grecia-interzice-trotinete-electrice-pentru-minori\/\" rel=\"bookmark\" title=\"Grecia va interzice trotinetele electrice pentru minori\">Grecia va interzice trotinetele electrice pentru minori<\/a><\/h3>\n<div class=\"td-module-meta-info\"><span class=\"td-post-date\"><time class=\"entry-date updated td-module-date\" datetime=\"2026-07-21T12:18:42+03:00\">21\/07\/2026<\/time><\/span><\/div>\n<\/div>\n<\/div>\n<\/div>\n<div class=\"td-block-span12\">\n<div class=\"td_module_6 td_module_wrap td-animation-stack\">\n<div class=\"td-module-thumb\"><a href=\"https:\/\/r3media.ro\/nicusor-dan-in-cursul-noptii-trecute-o-nava-sub-pavilion-liberian-a-fost-lovita-in-afara-apelor-teritoriale-ale-romaniei-la-20-de-mile-marine-de-tarmul-romanesc\/\" rel=\"bookmark\" class=\"td-image-wrap \" title=\"Nicu\u0219or Dan: \u00cen cursul nop\u0163ii trecute, o nav\u0103 sub pavilion liberian a fost lovit\u0103 \u00een afara apelor teritoriale ale Rom\u00e2niei, la 20 de mile marine de \u0163\u0103rmul rom\u00e2nesc\"><img loading=\"lazy\" decoding=\"async\" class=\"entry-thumb\" src=\"https:\/\/r3media.ro\/wp-content\/uploads\/2025\/05\/nicusor-holograma-100x70.png\" alt=\"nicu\u0219or dan\" title=\"Nicu\u0219or Dan: \u00cen cursul nop\u0163ii trecute, o nav\u0103 sub pavilion liberian a fost lovit\u0103 \u00een afara apelor teritoriale ale Rom\u00e2niei, la 20 de mile marine de \u0163\u0103rmul rom\u00e2nesc\" width=\"100\" height=\"70\"><\/a><\/div>\n<div class=\"item-details\">\n<h3 class=\"entry-title td-module-title\"><a href=\"https:\/\/r3media.ro\/nicusor-dan-in-cursul-noptii-trecute-o-nava-sub-pavilion-liberian-a-fost-lovita-in-afara-apelor-teritoriale-ale-romaniei-la-20-de-mile-marine-de-tarmul-romanesc\/\" rel=\"bookmark\" title=\"Nicu\u0219or Dan: \u00cen cursul nop\u0163ii trecute, o nav\u0103 sub pavilion liberian a fost lovit\u0103 \u00een afara apelor teritoriale ale Rom\u00e2niei, la 20 de mile marine de \u0163\u0103rmul rom\u00e2nesc\">Nicu\u0219or Dan: \u00cen cursul nop\u0163ii trecute, o nav\u0103 sub pavilion liberian&#8230;<\/a><\/h3>\n<div class=\"td-module-meta-info\"><span class=\"td-post-date\"><time class=\"entry-date updated td-module-date\" datetime=\"2026-07-21T11:41:42+03:00\">21\/07\/2026<\/time><\/span><\/div>\n<\/div>\n<\/div>\n<\/div>\n<\/div>\n<\/div>\n<aside class=\"td_block_template_1 widget widget_recent_comments\">\n<h4 class=\"block-title\"><span>INTR\u0102 \u00ceN DISCU\u021aIE!<\/span><\/h4>\n<ul id=\"recentcomments\">\n<li class=\"recentcomments\"><span class=\"comment-author-link\">Decebal<\/span> la <a href=\"https:\/\/r3media.ro\/video-cult-femeie-dumnezeu-mama-romania\/#comment-40295\">VIDEO | Un cult care consider\u0103 o femeie coreean\u0103 drept \u201eDumnezeu Mama\u201d face prozeli\u021bi \u00een Rom\u00e2nia<\/a><\/li>\n<li class=\"recentcomments\"><span class=\"comment-author-link\">Nicu<\/span> la <a href=\"https:\/\/r3media.ro\/nicusor-dan-in-cursul-noptii-trecute-o-nava-sub-pavilion-liberian-a-fost-lovita-in-afara-apelor-teritoriale-ale-romaniei-la-20-de-mile-marine-de-tarmul-romanesc\/#comment-40294\">Nicu\u0219or Dan: \u00cen cursul nop\u0163ii trecute, o nav\u0103 sub pavilion liberian a fost lovit\u0103 \u00een afara apelor teritoriale ale Rom\u00e2niei, la 20 de mile marine de \u0163\u0103rmul rom\u00e2nesc<\/a><\/li>\n<li class=\"recentcomments\"><span class=\"comment-author-link\">E.T.<\/span> la <a href=\"https:\/\/r3media.ro\/mihail-neamtu-oblgatie-romania\/#comment-40293\">Mihail Neam\u021bu: Suntem o \u021bar\u0103 mic\u0103, iar singura obliga\u021bie a politicienilor de la Bucure\u0219ti e s\u0103 nu introduc\u0103 Rom\u00e2nia \u00eentr-un r\u0103zboi stupid \u0219i perdant<\/a><\/li>\n<li class=\"recentcomments\"><span class=\"comment-author-link\">Ion<\/span> la <a href=\"https:\/\/r3media.ro\/nicusor-dan-in-cursul-noptii-trecute-o-nava-sub-pavilion-liberian-a-fost-lovita-in-afara-apelor-teritoriale-ale-romaniei-la-20-de-mile-marine-de-tarmul-romanesc\/#comment-40292\">Nicu\u0219or Dan: \u00cen cursul nop\u0163ii trecute, o nav\u0103 sub pavilion liberian a fost lovit\u0103 \u00een afara apelor teritoriale ale Rom\u00e2niei, la 20 de mile marine de \u0163\u0103rmul rom\u00e2nesc<\/a><\/li>\n<li class=\"recentcomments\"><span class=\"comment-author-link\">Mihaela<\/span> la <a href=\"https:\/\/r3media.ro\/candidat-barbat-partidul-democrat-sua-menstruatie-sangerare-rect\/#comment-40291\">VIDEO | Un b\u0103rbat care candideaz\u0103 de la Partidul Democrat din SUA ar fi sus\u021binut c\u0103 are menstrua\u021bie \u0219i elimin\u0103 s\u00e2ngele prin rect<\/a><\/li>\n<li class=\"recentcomments\"><span class=\"comment-author-link\">Nicu<\/span> la <a href=\"https:\/\/r3media.ro\/mihail-neamtu-oblgatie-romania\/#comment-40290\">Mihail Neam\u021bu: Suntem o \u021bar\u0103 mic\u0103, iar singura obliga\u021bie a politicienilor de la Bucure\u0219ti e s\u0103 nu introduc\u0103 Rom\u00e2nia \u00eentr-un r\u0103zboi stupid \u0219i perdant<\/a><\/li>\n<li class=\"recentcomments\"><span class=\"comment-author-link\">Nicu<\/span> la <a href=\"https:\/\/r3media.ro\/polonezi-nemti-exasperati-beneficii-refugiati-ucraineni-ajutor-acordat-ucraina-tari-sprijin-kiev\/#comment-40289\">Polonezii \u0219i nem\u021bii sunt tot mai exaspera\u021bi de beneficiile pentru refugia\u021bii ucraineni \u0219i ajutorul acordat Kievului: Cele dou\u0103 \u021b\u0103ri se \u00eentreab\u0103 la modul cel mai serios c\u00e2t mai sunt dispuse s\u0103 ofere<\/a><\/li>\n<\/ul>\n<\/aside>\n<aside class=\"td_block_template_1 widget widget_search\">\n<h4 class=\"block-title\"><span>CAUT\u0102 \u0218I VEI G\u0102SI<\/span><\/h4>\n<\/aside>\n<\/div>\n<\/div>\n<\/div>\n<\/div>\n<\/div>\n<\/div>\n<\/div>\n<p><span class=\"td-page-meta\"><\/span><span class=\"td-page-meta\"><span class=\"td-page-meta\"><\/span><\/span><span class=\"td-page-meta\"><\/span><\/article>\n<\/p>\n<div class=\"td_block_wrap tdb_single_content tdi_18 td-pb-border-top td_block_template_1 td-post-content tagdiv-type\" data-td-block-uid=\"tdi_18\">\n<div class=\"tdb-block-inner td-fix-index\">\n<p><strong>Liderul senatorilor AUR, Petri\u0219or Peiu, \u00eel <a href=\"https:\/\/partidulaur.ro\/petrisor-peiu-liderul-senatorilor-aur-daca-ridicolul-politic-ar-avea-un-nume-acesta-ar-fi-sorin-grindeanu\/\" target=\"_blank\" rel=\"noopener\">acuz\u0103<\/a> pe Sorin Grindeanu de ipocrizie \u0219i incoeren\u021b\u0103 politic\u0103, dup\u0103 ce liderul PSD atac\u0103 \u0219i jigne\u0219te AUR, dar pretinde c\u0103 ar accepta voturile parlamentarilor s\u0103i pentru propriile jocuri de putere.<\/strong><\/p>\n<p>Senatorul avertizeaz\u0103 c\u0103, at\u00e2t timp c\u00e2t Grindeanu conduce PSD, orice \u00een\u021belegere politic\u0103 cu AUR este exclus\u0103 \u0219i pune sub semnul \u00eentreb\u0103rii inclusiv men\u021binerea acestuia la conducerea Camerei Deputa\u021bilor.<\/p>\n<p>\u201eIat\u0103, pe scurt, situa\u021bia comic\u0103 a personajului de mai sus: dup\u0103 ce \u0219i-a scos, cu surle \u0219i tr\u00e2mbi\u021be, partidul de la guvernare, Grindeanu nu are altceva mai bun de f\u0103cut dec\u00e2t s\u0103 jigneasc\u0103 \u0219i s\u0103 suduie singurul partid care \u00eel putea ajuta s\u0103 revin\u0103 la guvernare!<\/p>\n<p>R\u0103spunsul logic la perora\u021biile br\u00e2nzovene\u0219ti ale lui Grindeanu este scurt \u0219i la obiect:<\/p>\n<p>1.AUR nu va mai putea face nicio \u00een\u021belegere politic\u0103, de niciun fel, cu PSD c\u00e2t timp Sorin Grindeanu este pre\u0219edintele acelui partid, de vreme ce acestuia \u00eei repugn\u0103 cei 90 de parlamentari ai no\u0219tri.<br \/>\n2.Dac\u0103 vreodat\u0103 cineva va supune la vot \u00eenlocuirea lui Grindeanu de la conducerea Camerei Deputa\u021bilor, parlamentarii AUR vor avea tendin\u021ba natural\u0103 de a vota acest lucru. Motivul? Este greu de ap\u0103rat un om cu at\u00e2tea caren\u021be morale.<br \/>\nPentru a fi pe deplin ridicol, autorul celei mai greu de g\u0103sit c\u0103r\u021bi de pe planet\u0103 \u00ee\u0219i arog\u0103 \u0219i dreptul de a-\u0219i justifica suduielile printr-o pretins\u0103 deviere de la valorile \u00abeuropene\u00bb. Ar fi de r\u00e2s dac\u0103 nu ar fi de pl\u00e2ns, dar autoritatea moral\u0103 Grindeanu este una \u0219i aceea\u0219i persoan\u0103 cu ministrul Transporturilor care se l\u0103sa purtat cu luxoase avioane private tocmai la Monaco pentru a se \u00eent\u00e2lni cu\u2026 o coleg\u0103 de partid a domniei sale, cu care, de altminteri, se \u00eent\u00e2lnea \u00een fiecare zi \u0219i la Bucure\u0219ti!<\/p>\n<p>Sorin Grindeanu repro\u0219eaz\u0103 AUR c\u0103 nu a votat Guvernul Ve\u0219tea, un guvern f\u0103cut printr-o \u0219obol\u0103neal\u0103 greu de acceptat, adic\u0103 prin racolarea unui grup de parlamentari de la un alt partid. De altfel, aceea\u0219i \u0219obol\u0103neal\u0103 o \u00eencearc\u0103 ridicolul Grindeanu \u0219i cu AUR, atunci c\u00e2nd anun\u021b\u0103 c\u0103 ar primi voturile unor parlamentari AUR, dar \u00eei put \u00abliderii partidului\u00bb.<\/p>\n<p>Poate l-ar ajuta pe Grindeanu s\u0103 \u0219tie c\u0103 to\u021bi parlamentarii AUR sunt propu\u0219i s\u0103 ocupe acelea\u0219i pozi\u021bii ca cele actuale \u0219i pe listele de la alegerile urm\u0103toare. O \u00eentrebare simpl\u0103, pe care Grindeanu nu \u0219i-a pus-o, este urm\u0103toarea: de ce ar da un parlamentar AUR cu piciorul unui nou mandat, garantat de singurul partid care poate, conform sondajelor de ast\u0103zi, garanta viitoarele mandate? Poate Sorin Grindeanu garanta mandatele viitoare ale tuturor parlamentarilor PSD? Nu poate, evident, nici m\u0103car \u00een sondajele realizate de domnul D\u00e2ncu!<\/p>\n<p>C\u00e2t prive\u0219te pretinsele devia\u021bii ale AUR de la valorile \u00abeuropene\u00bb, s\u0103-i reamintim lui Sorin Grindeanu \u0219i faptul, u\u0219or de verificat, c\u0103 AUR sus\u021bine ferm apartenen\u021ba Rom\u00e2niei la UE \u0219i NATO. AUR crede, \u00een plus \u0219i spre deosebire de Sorin Grindeanu, c\u0103 trebuie reparate c\u00e2teva mari erori ale Comisiei von der Leyen, precum politicile \u00abGreen Deal\u00bb \u0219i cele de suprareglementare a economiei\u201d, a declarat liderul senatorilor AUR, Petri\u0219or Peiu.<\/p>\n<p><a href=\"https:\/\/go.fliplink.me\/view\/C266928E-45E2-4B9A-B920-361B001CF18A\" target=\"_blank\" rel=\"noopener\">Notificare privind transparen\u021ba<\/a><\/p>\n<div class=\"crp_related     crp-masonry\">\n<h2>\u00ceN CONTEXT<\/h2>\n<ul>\n<li><a href=\"https:\/\/r3media.ro\/petrisor-peiu-bnr-guvern-bolojan-stagflatie\/\" class=\"crp_link post-117049\"><span class=\"crp_title\">Petri\u0219or Peiu: BNR \u00eemparte responsabilitatea cu guvernul Bolojan pentru stagfla\u021bia din Rom\u00e2nia<\/span><\/a><\/li>\n<li><a href=\"https:\/\/r3media.ro\/petrisor-peiu-conditii-aur-vot-guvernul-vestea-nicusor-dan-solutii-bunastare-romani\/\" class=\"crp_link post-118481\"><span class=\"crp_title\">Condi\u021biile AUR pentru a vota Guvernul Ve\u0219tea. Petri\u0219or Peiu propune solu\u021bii clare pentru\u2026<\/span><\/a><\/li>\n<li><a href=\"https:\/\/r3media.ro\/ingrasamintele-s-au-scumpit-cu-17-in-romania-dublu-fata-de-media-europeana-petrisor-peiu-acuza-inchiderea-azomures-si-politicile-ultimilor-ani\/\" class=\"crp_link post-117311\"><span class=\"crp_title\">\u00cengr\u0103\u0219\u0103mintele s-au scumpit cu 17% \u00een Rom\u00e2nia, dublu fa\u021b\u0103 de media european\u0103. Petri\u0219or Peiu\u2026<\/span><\/a><\/li>\n<li><a href=\"https:\/\/r3media.ro\/petrisor-peiu-tren-medical-safe-teapa\/\" class=\"crp_link post-117742\"><span class=\"crp_title\">Petri\u0219or Peiu contest\u0103 achizi\u021bia unui tren medical de 73 de milioane de euro: Pe rom\u00e2ne\u0219te,\u2026<\/span><\/a><\/li>\n<li><a href=\"https:\/\/r3media.ro\/petrisor-peiu-desfiintarea-impozitului-minim-pe-cifra-de-afaceri\/\" class=\"crp_link post-119216\"><span class=\"crp_title\">Petri\u0219or Peiu: Desfiin\u021barea impozitului minim pe cifra de afaceri, \u201eo invita\u021bie la o joac\u0103\u2026<\/span><\/a><\/li>\n<li><a href=\"https:\/\/r3media.ro\/sorin-grindeanu-usr-bolojan\/\" class=\"crp_link post-118371\"><span class=\"crp_title\">Sorin Grindeanu, despre USR: S\u0103 \u0219i-l ia pe Bolojan \u00een bra\u021be \u0219i s\u0103 stea str\u00e2n\u0219i uni\u021bi \u00een\u2026<\/span><\/a><\/li>\n<li><a href=\"https:\/\/r3media.ro\/senatorul-petrisor-peiu-aur-a-explodat-importul-de-energie-electrica-iar-productia-interna-s-a-prabusit\/\" class=\"crp_link post-114492\"><span class=\"crp_title\">Senatorul Petri\u0219or Peiu (AUR): A explodat IMPORTUL de energie electric\u0103, iar produc\u021bia\u2026<\/span><\/a><\/li>\n<li><a href=\"https:\/\/r3media.ro\/sorin-grindeanu-aur-primul-loc\/\" class=\"crp_link post-120056\"><span class=\"crp_title\">Sorin Grindeanu: AUR e pe primul loc. Lucru pe care nu cred c\u0103 \u00eel contest\u0103 nici m\u0103car ace\u015fti\u2026<\/span><\/a><\/li>\n<\/ul>\n<\/div>\n<\/div>\n<\/div>\n<p>[analyse_source url=&#8221;https:\/\/r3media.ro\/petrisor-peiu-aur-daca-ridicolul-politic-ar-avea-un-nume-acesta-ar-fi-sorin-grindeanu\/&#8221;]<\/p>\n","protected":false},"excerpt":{"rendered":"<p>[analyse_image type=&#8221;featured&#8221; src=&#8221;https:\/\/r3media.ro\/wp-content\/uploads\/2025\/02\/peiu-2-750&#215;374-1.jpghttps:\/\/r3media.ro\/wp-content\/uploads\/2025\/02\/peiu-2-750&#215;374-1.jpg&#8221;] \u0218TIRIPetri\u0219or Peiu (AUR): Dac\u0103 ridicolul politic ar avea un nume, acesta ar&#8230; \u0218TIRI Petri\u0219or Peiu (AUR): Dac\u0103 ridicolul politic ar avea un nume, acesta ar fi Sorin Grindeanu Redac\u021bia 21\/07\/2026 Liderul senatorilor AUR, Petri\u0219or Peiu, \u00eel acuz\u0103 pe Sorin Grindeanu de ipocrizie \u0219i incoeren\u021b\u0103 politic\u0103, dup\u0103 ce liderul PSD atac\u0103 \u0219i jigne\u0219te [&hellip;]<\/p>\n","protected":false},"author":1,"featured_media":0,"comment_status":"open","ping_status":"","sticky":false,"template":"","format":"standard","meta":{"footnotes":""},"categories":[89],"tags":[226,93],"class_list":["post-2054848","post","type-post","status-publish","format-standard","hentry","category-romania","tag-crawlmanager","tag-r3media-ro"],"_links":{"self":[{"href":"https:\/\/analyse.optim.biz\/index.php?rest_route=\/wp\/v2\/posts\/2054848","targetHints":{"allow":["GET"]}}],"collection":[{"href":"https:\/\/analyse.optim.biz\/index.php?rest_route=\/wp\/v2\/posts"}],"about":[{"href":"https:\/\/analyse.optim.biz\/index.php?rest_route=\/wp\/v2\/types\/post"}],"author":[{"embeddable":true,"href":"https:\/\/analyse.optim.biz\/index.php?rest_route=\/wp\/v2\/users\/1"}],"replies":[{"embeddable":true,"href":"https:\/\/analyse.optim.biz\/index.php?rest_route=%2Fwp%2Fv2%2Fcomments&post=2054848"}],"version-history":[{"count":0,"href":"https:\/\/analyse.optim.biz\/index.php?rest_route=\/wp\/v2\/posts\/2054848\/revisions"}],"wp:attachment":[{"href":"https:\/\/analyse.optim.biz\/index.php?rest_route=%2Fwp%2Fv2%2Fmedia&parent=2054848"}],"wp:term":[{"taxonomy":"category","embeddable":true,"href":"https:\/\/analyse.optim.biz\/index.php?rest_route=%2Fwp%2Fv2%2Fcategories&post=2054848"},{"taxonomy":"post_tag","embeddable":true,"href":"https:\/\/analyse.optim.biz\/index.php?rest_route=%2Fwp%2Fv2%2Ftags&post=2054848"}],"curies":[{"name":"wp","href":"https:\/\/api.w.org\/{rel}","templated":true}]}}