{"id":2054827,"date":"2026-07-21T16:24:00","date_gmt":"2026-07-21T13:24:00","guid":{"rendered":"https:\/\/analyse.optim.biz\/?p=2054827"},"modified":"2026-07-21T16:24:00","modified_gmt":"2026-07-21T13:24:00","slug":"miza-pe-turism-cj-buzau-plan-pentru-promovarea-marilor-atractii-ale-judetului","status":"publish","type":"post","link":"https:\/\/analyse.optim.biz\/?p=2054827","title":{"rendered":"Miza pe turism. CJ Buz\u0103u, plan pentru promovarea marilor atrac\u021bii ale jude\u021bului"},"content":{"rendered":"<p>[analyse_image type=&#8221;featured&#8221; src=&#8221;https:\/\/www.campusbuzau.ro\/wp-content\/uploads\/2025\/12\/americani-tinutul-buzaului.jpghttps:\/\/www.campusbuzau.ro\/wp-content\/uploads\/2025\/12\/americani-tinutul-buzaului.jpg&#8221;]<\/p>\n<div class=\"entry-content\">\n<p><strong><em><mark class=\"has-inline-color has-maincolor-color\">Jude\u021bul Buz\u0103u trebuie s\u0103 devin\u0103 o destina\u021bie turistic\u0103 de top, nu doar o zon\u0103 de tranzit. Este \u021binta propus\u0103, pentru urm\u0103torii ani,\u00a0 de c\u0103tre conducerea Consiliului Jude\u021bean Buz\u0103u. Se pun bazele unei strategii prin care obictivele turistice din jude\u021b s\u0103 fie mai bine promovate la nivel na\u021bional.<\/mark><\/em><\/strong><\/p>\n<p>Marcel Ciolacu, pre\u0219edintele Consiliului Jude\u021bean Buz\u0103u, a anun\u021bat recent c\u0103 a efectuat o serie de vizite \u00een teritoriu pentru a discuta cu primarii \u0219i pentru a identifica noi oportunit\u0103\u021bi de dezvoltare a turismului buzoian.<\/p>\n<p>Strategia prevede inclusiv un plan comun de dezvoltare urban\u0103 \u0219i cultural\u0103 cu Prim\u0103ria municipiului Buz\u0103u.<\/p>\n<figure class=\"wp-block-image size-full is-resized\"><img loading=\"lazy\" decoding=\"async\" width=\"860\" height=\"487\" src=\"https:\/\/www.campusbuzau.ro\/wp-content\/uploads\/2026\/05\/ciolacu-si-cei-doi-vice.jpg\" alt class=\"wp-image-153990\"><\/figure>\n<p>Turi\u0219tii vin \u00een jude\u021bul Buz\u0103u atra\u0219i de Vulcanii Noroio\u0219i, domurile de sare, focurile vii, trovan\u021bii de la Ulmet, a\u0219ez\u0103rile rupestre \u0219i chihlimbarul ro\u0219u de la Col\u021bi. Competi\u021biile de rafting sau traseele cicloturistice sunt alte activit\u0103\u021bi cu poten\u021bial de atragere a unui num\u0103r c\u00e2t mai mare turi\u0219ti rom\u00e2ni, \u0219i chiar str\u0103ini.<\/p>\n<figure class=\"wp-block-image size-full is-resized\"><img loading=\"lazy\" decoding=\"async\" width=\"900\" height=\"570\" src=\"https:\/\/www.campusbuzau.ro\/wp-content\/uploads\/2026\/07\/rafting-2.jpg\" alt class=\"wp-image-155729\"><\/figure>\n<p>Consiliul Jude\u021bean Buz\u0103u a lansat recent o aplica\u021bie online dedicat\u0103 tuturor celor care \u00ee\u0219i propun s\u0103 viziteze jude\u021bul Buz\u0103u. Este vorba despre <a href=\"https:\/\/www.visitbuzau.ro\/\" data-type=\"link\" data-id=\"https:\/\/www.visitbuzau.ro\/\">visitbuzau.ro<\/a>, o platform\u0103 unde vor fi prezentate informa\u021bii utile \u00een leg\u0103tur\u0103 cu obiectivele turistice din jude\u021b. Aplica\u021bia cuprinde informa\u021bii despre accesul rutier spre obiective turistice din jude\u021b, locuri de cazare, trasee montane sau un calendar al evenimentelor din jude\u021b.\u00a0<\/p>\n<figure class=\"wp-block-embed is-type-video is-provider-youtube wp-block-embed-youtube wp-embed-aspect-16-9 wp-has-aspect-ratio\">\n<div class=\"wp-block-embed__wrapper\">\n<iframe loading=\"lazy\" title=\"CONSILIUL JUDE\u021aEAN ARE \u00ceN PLAN PROMOVAREA MARILOR ATRAC\u021aII ALE JUDE\u021aULUI\" width=\"500\" height=\"281\" src=\"https:\/\/www.youtube.com\/embed\/837mWh-Owbc?feature=oembed\" frameborder allow=\"accelerometer; autoplay; clipboard-write; encrypted-media; gyroscope; picture-in-picture; web-share\" referrerpolicy=\"strict-origin-when-cross-origin\" allowfullscreen><\/iframe>\n<\/div>\n<\/figure>\n<\/div>\n<p>[analyse_source url=&#8221;https:\/\/www.campusbuzau.ro\/miza-pe-turism-cj-buzau-plan-pentru-promovarea-marilor-atractii-ale-judetului\/&#8221;]<\/p>\n","protected":false},"excerpt":{"rendered":"<p>[analyse_image type=&#8221;featured&#8221; src=&#8221;https:\/\/www.campusbuzau.ro\/wp-content\/uploads\/2025\/12\/americani-tinutul-buzaului.jpghttps:\/\/www.campusbuzau.ro\/wp-content\/uploads\/2025\/12\/americani-tinutul-buzaului.jpg&#8221;] Jude\u021bul Buz\u0103u trebuie s\u0103 devin\u0103 o destina\u021bie turistic\u0103 de top, nu doar o zon\u0103 de tranzit. Este \u021binta propus\u0103, pentru urm\u0103torii ani,\u00a0 de c\u0103tre conducerea Consiliului Jude\u021bean Buz\u0103u. Se pun bazele unei strategii prin care obictivele turistice din jude\u021b s\u0103 fie mai bine promovate la nivel na\u021bional. Marcel Ciolacu, pre\u0219edintele Consiliului Jude\u021bean [&hellip;]<\/p>\n","protected":false},"author":1,"featured_media":0,"comment_status":"open","ping_status":"","sticky":false,"template":"","format":"standard","meta":{"footnotes":""},"categories":[2],"tags":[118,226],"class_list":["post-2054827","post","type-post","status-publish","format-standard","hentry","category-politics","tag-campusbuzau-ro","tag-crawlmanager"],"_links":{"self":[{"href":"https:\/\/analyse.optim.biz\/index.php?rest_route=\/wp\/v2\/posts\/2054827","targetHints":{"allow":["GET"]}}],"collection":[{"href":"https:\/\/analyse.optim.biz\/index.php?rest_route=\/wp\/v2\/posts"}],"about":[{"href":"https:\/\/analyse.optim.biz\/index.php?rest_route=\/wp\/v2\/types\/post"}],"author":[{"embeddable":true,"href":"https:\/\/analyse.optim.biz\/index.php?rest_route=\/wp\/v2\/users\/1"}],"replies":[{"embeddable":true,"href":"https:\/\/analyse.optim.biz\/index.php?rest_route=%2Fwp%2Fv2%2Fcomments&post=2054827"}],"version-history":[{"count":0,"href":"https:\/\/analyse.optim.biz\/index.php?rest_route=\/wp\/v2\/posts\/2054827\/revisions"}],"wp:attachment":[{"href":"https:\/\/analyse.optim.biz\/index.php?rest_route=%2Fwp%2Fv2%2Fmedia&parent=2054827"}],"wp:term":[{"taxonomy":"category","embeddable":true,"href":"https:\/\/analyse.optim.biz\/index.php?rest_route=%2Fwp%2Fv2%2Fcategories&post=2054827"},{"taxonomy":"post_tag","embeddable":true,"href":"https:\/\/analyse.optim.biz\/index.php?rest_route=%2Fwp%2Fv2%2Ftags&post=2054827"}],"curies":[{"name":"wp","href":"https:\/\/api.w.org\/{rel}","templated":true}]}}