{"id":2054825,"date":"2026-07-21T16:24:00","date_gmt":"2026-07-21T13:24:00","guid":{"rendered":"https:\/\/analyse.optim.biz\/?p=2054825"},"modified":"2026-07-21T16:24:00","modified_gmt":"2026-07-21T13:24:00","slug":"in-atentia-soferilor-restrictii-de-circulatie-pe-calea-eroilor","status":"publish","type":"post","link":"https:\/\/analyse.optim.biz\/?p=2054825","title":{"rendered":"\u00cen aten\u021bia \u0219oferilor. Restric\u021bii de circula\u021bie pe Calea Eroilor"},"content":{"rendered":"<p>[analyse_image type=&#8221;featured&#8221; src=&#8221;https:\/\/www.campusbuzau.ro\/wp-content\/uploads\/2026\/07\/vlcsnap-2026-07-21-13h33m29s417.jpghttps:\/\/www.campusbuzau.ro\/wp-content\/uploads\/2026\/07\/vlcsnap-2026-07-21-13h33m29s417.jpg&#8221;]<\/p>\n<div class=\"entry-content\">\n<p><strong><em>M\u00e2ine \u0219i poim\u00e2ine se va lucra la asfaltarea carosabilului pe pasarela Nehoia\u0219u. Circula\u021bia rutier\u0103 va fi complet \u00eenchis\u0103 pe tronsonuil de pod pe care se lucreaz\u0103. Traficul auto se va desf\u0103\u0219ura pe c\u00e2te o jum\u0103tate de pod, pe c\u00e2te o singur\u0103 band\u0103 de circula\u021bie, \u00een ambele sensuri de mers.<\/em><\/strong><\/p>\n<p>Conduc\u0103torii auto care circul\u0103 de obicei pe Calea Eroilor c\u0103tre Ploie\u0219ti vor avea restric\u021bii de circula\u021bie \u00een urm\u0103toarele  zile, \u00eentre 22 \u0219i 24 iulie 2026.<\/p>\n<p>\u00cen cadrul lucr\u0103rilor de reabilitare a infrastructurii rutiere drumarii de la Urbis vor interveni pentru repararea carosabilului de pe pasarela Nehoia\u0219u, pe ambele sensuri de mers.<\/p>\n<p>\u00cencep\u00e2nd de m\u00e2ine, \u00eentre Calea Eroilor \u0219i prima benzin\u0103rie de la cobor\u00e2rea de pe pasarel\u0103 traficul auto va fi interzis \u00een totalitate.<\/p>\n<p>Pe tronsonul de intrare \u00een ora\u0219 Buz\u0103u se va circula pe c\u00e2te o singur\u0103 band\u0103, \u00een ambele sensuri de mers.<\/p>\n<p>A\u0219adar de m\u00e2ine \u0219i poim\u00e2ine, 22 \u0219i 24 iulie 2026 conduc\u0103torii auto vor fi obliga\u021bi s\u0103 circule cu vitez\u0103 redus\u0103 \u0219i aten\u021bie m\u0103rit\u0103 pe pasarela de la ie\u0219irea din ora\u0219 c\u0103tre Merei sau s\u0103 aleag\u0103 un traseu alternativ.<\/p>\n<figure class=\"wp-block-embed is-type-video is-provider-youtube wp-block-embed-youtube wp-embed-aspect-16-9 wp-has-aspect-ratio\">\n<div class=\"wp-block-embed__wrapper\">\n<iframe loading=\"lazy\" title=\"\u00ceN ATEN\u021aIA \u0218OFERILOR. LUCR\u0102RI DE ASFALTARE PE PASARELA NEHOIA\u0218U\" width=\"500\" height=\"281\" src=\"https:\/\/www.youtube.com\/embed\/ii5rgZQQ-Zc?feature=oembed\" frameborder allow=\"accelerometer; autoplay; clipboard-write; encrypted-media; gyroscope; picture-in-picture; web-share\" referrerpolicy=\"strict-origin-when-cross-origin\" allowfullscreen><\/iframe>\n<\/div>\n<\/figure>\n<\/div>\n<p>[analyse_source url=&#8221;https:\/\/www.campusbuzau.ro\/in-atentia-soferilor-restrictii-de-circulatie-pe-calea-eroilor\/&#8221;]<\/p>\n","protected":false},"excerpt":{"rendered":"<p>[analyse_image type=&#8221;featured&#8221; src=&#8221;https:\/\/www.campusbuzau.ro\/wp-content\/uploads\/2026\/07\/vlcsnap-2026-07-21-13h33m29s417.jpghttps:\/\/www.campusbuzau.ro\/wp-content\/uploads\/2026\/07\/vlcsnap-2026-07-21-13h33m29s417.jpg&#8221;] M\u00e2ine \u0219i poim\u00e2ine se va lucra la asfaltarea carosabilului pe pasarela Nehoia\u0219u. Circula\u021bia rutier\u0103 va fi complet \u00eenchis\u0103 pe tronsonuil de pod pe care se lucreaz\u0103. Traficul auto se va desf\u0103\u0219ura pe c\u00e2te o jum\u0103tate de pod, pe c\u00e2te o singur\u0103 band\u0103 de circula\u021bie, \u00een ambele sensuri de mers. Conduc\u0103torii auto care [&hellip;]<\/p>\n","protected":false},"author":1,"featured_media":0,"comment_status":"open","ping_status":"","sticky":false,"template":"","format":"standard","meta":{"footnotes":""},"categories":[2],"tags":[118,226],"class_list":["post-2054825","post","type-post","status-publish","format-standard","hentry","category-politics","tag-campusbuzau-ro","tag-crawlmanager"],"_links":{"self":[{"href":"https:\/\/analyse.optim.biz\/index.php?rest_route=\/wp\/v2\/posts\/2054825","targetHints":{"allow":["GET"]}}],"collection":[{"href":"https:\/\/analyse.optim.biz\/index.php?rest_route=\/wp\/v2\/posts"}],"about":[{"href":"https:\/\/analyse.optim.biz\/index.php?rest_route=\/wp\/v2\/types\/post"}],"author":[{"embeddable":true,"href":"https:\/\/analyse.optim.biz\/index.php?rest_route=\/wp\/v2\/users\/1"}],"replies":[{"embeddable":true,"href":"https:\/\/analyse.optim.biz\/index.php?rest_route=%2Fwp%2Fv2%2Fcomments&post=2054825"}],"version-history":[{"count":0,"href":"https:\/\/analyse.optim.biz\/index.php?rest_route=\/wp\/v2\/posts\/2054825\/revisions"}],"wp:attachment":[{"href":"https:\/\/analyse.optim.biz\/index.php?rest_route=%2Fwp%2Fv2%2Fmedia&parent=2054825"}],"wp:term":[{"taxonomy":"category","embeddable":true,"href":"https:\/\/analyse.optim.biz\/index.php?rest_route=%2Fwp%2Fv2%2Fcategories&post=2054825"},{"taxonomy":"post_tag","embeddable":true,"href":"https:\/\/analyse.optim.biz\/index.php?rest_route=%2Fwp%2Fv2%2Ftags&post=2054825"}],"curies":[{"name":"wp","href":"https:\/\/api.w.org\/{rel}","templated":true}]}}