{"id":2054817,"date":"2026-07-21T16:25:00","date_gmt":"2026-07-21T13:25:00","guid":{"rendered":"https:\/\/analyse.optim.biz\/?p=2054817"},"modified":"2026-07-21T16:25:00","modified_gmt":"2026-07-21T13:25:00","slug":"lucrari-in-termen-doua-strazi-reabilitate-se-vor-intalni-la-crang","status":"publish","type":"post","link":"https:\/\/analyse.optim.biz\/?p=2054817","title":{"rendered":"Lucr\u0103ri \u00een termen. Dou\u0103 str\u0103zi reabilitate se vor \u00eent\u00e2lni la Cr\u00e2ng"},"content":{"rendered":"<p>[analyse_image type=&#8221;featured&#8221; src=&#8221;https:\/\/www.campusbuzau.ro\/wp-content\/uploads\/2026\/07\/vlcsnap-2026-07-21-13h26m34s323.jpghttps:\/\/www.campusbuzau.ro\/wp-content\/uploads\/2026\/07\/vlcsnap-2026-07-21-13h26m34s323.jpg&#8221;]<\/p>\n<div class=\"entry-content\">\n<p><strong><em>Dup\u0103 ce vor fi reabilitate complet, bulevardele Averescu \u0219i Stadionului se vor \u00eent\u00e2lni la Poarta Cr\u00e2ngului. Dup\u0103 finalizare, echipele de drumari de la \u0219antierul de pe Stadionului se va muta \u0219i va \u00eencepe lucrul la strada Dr\u0103g\u0103icii. Probabil c\u0103-i va reveni societ\u0103\u021bii Urbis misiunea de a se ocupa de refri\u0219area scuarurilor.<\/em><\/strong><\/p>\n<p>Cele dou\u0103 \u0219antiere care urmeaz\u0103 s\u0103 se \u00eent\u00e2lneasc\u0103 \u00een Poarta Cr\u00e2ngului sunt \u00een grafic \u0219i \u00eenainteaz\u0103 \u00een fiecare zi.<\/p>\n<p>Sigur c\u0103 \u0219i pe Stadionului \u0219i pe Averescu se circul\u0103 cu oarecare greutate pentru c\u0103 traficul auto este dirijat uneori pe o singur\u0103 band\u0103 iar semaforul de la intersec\u021bia cu B\u0103lcescu este pe galben intermitent.<\/p>\n<p>Pe bulevardul Averescu, \u00een zona Pie\u021bei Cr\u00e2ng au fost reconfigurate trotuarele, unul dintre ele fiind l\u0103rgit oarecum exagerat.<\/p>\n<p>Acolo exist\u0103 o zon\u0103 pietonal\u0103 pentru locuitorii cartierului care merg la cump\u0103r\u0103turi \u0219i care se pare c\u0103 ar fi fost suficient de \u00eenc\u0103p\u0103toare \u0219i f\u0103r\u0103 trotuarul adiacent.<\/p>\n<p>Pe Averescu vor urma lucr\u0103rile de reabilitare a carosabilului iar Prim\u0103ria urmeaz\u0103 s\u0103 \u00eenlocuiasc\u0103 sensul giratoriu din balize de la intersec\u021bia cu Spiru Haret, cu un rond clasic.<\/p>\n<figure class=\"wp-block-embed is-type-video is-provider-youtube wp-block-embed-youtube wp-embed-aspect-16-9 wp-has-aspect-ratio\">\n<div class=\"wp-block-embed__wrapper\">\n<iframe loading=\"lazy\" title=\"LUCR\u0102RI \u00ceN TERMEN PE BULEVARDELE AVERESCU \u0218I STADIONULUI\" width=\"500\" height=\"281\" src=\"https:\/\/www.youtube.com\/embed\/T-7prKbNEoo?feature=oembed\" frameborder allow=\"accelerometer; autoplay; clipboard-write; encrypted-media; gyroscope; picture-in-picture; web-share\" referrerpolicy=\"strict-origin-when-cross-origin\" allowfullscreen><\/iframe>\n<\/div>\n<\/figure>\n<\/div>\n<p>[analyse_source url=&#8221;https:\/\/www.campusbuzau.ro\/lucrari-in-termen-doua-strazi-reabilitate-se-vor-intalni-la-crang\/&#8221;]<\/p>\n","protected":false},"excerpt":{"rendered":"<p>[analyse_image type=&#8221;featured&#8221; src=&#8221;https:\/\/www.campusbuzau.ro\/wp-content\/uploads\/2026\/07\/vlcsnap-2026-07-21-13h26m34s323.jpghttps:\/\/www.campusbuzau.ro\/wp-content\/uploads\/2026\/07\/vlcsnap-2026-07-21-13h26m34s323.jpg&#8221;] Dup\u0103 ce vor fi reabilitate complet, bulevardele Averescu \u0219i Stadionului se vor \u00eent\u00e2lni la Poarta Cr\u00e2ngului. Dup\u0103 finalizare, echipele de drumari de la \u0219antierul de pe Stadionului se va muta \u0219i va \u00eencepe lucrul la strada Dr\u0103g\u0103icii. Probabil c\u0103-i va reveni societ\u0103\u021bii Urbis misiunea de a se ocupa de refri\u0219area scuarurilor. Cele [&hellip;]<\/p>\n","protected":false},"author":1,"featured_media":0,"comment_status":"open","ping_status":"","sticky":false,"template":"","format":"standard","meta":{"footnotes":""},"categories":[2],"tags":[118,226],"class_list":["post-2054817","post","type-post","status-publish","format-standard","hentry","category-politics","tag-campusbuzau-ro","tag-crawlmanager"],"_links":{"self":[{"href":"https:\/\/analyse.optim.biz\/index.php?rest_route=\/wp\/v2\/posts\/2054817","targetHints":{"allow":["GET"]}}],"collection":[{"href":"https:\/\/analyse.optim.biz\/index.php?rest_route=\/wp\/v2\/posts"}],"about":[{"href":"https:\/\/analyse.optim.biz\/index.php?rest_route=\/wp\/v2\/types\/post"}],"author":[{"embeddable":true,"href":"https:\/\/analyse.optim.biz\/index.php?rest_route=\/wp\/v2\/users\/1"}],"replies":[{"embeddable":true,"href":"https:\/\/analyse.optim.biz\/index.php?rest_route=%2Fwp%2Fv2%2Fcomments&post=2054817"}],"version-history":[{"count":0,"href":"https:\/\/analyse.optim.biz\/index.php?rest_route=\/wp\/v2\/posts\/2054817\/revisions"}],"wp:attachment":[{"href":"https:\/\/analyse.optim.biz\/index.php?rest_route=%2Fwp%2Fv2%2Fmedia&parent=2054817"}],"wp:term":[{"taxonomy":"category","embeddable":true,"href":"https:\/\/analyse.optim.biz\/index.php?rest_route=%2Fwp%2Fv2%2Fcategories&post=2054817"},{"taxonomy":"post_tag","embeddable":true,"href":"https:\/\/analyse.optim.biz\/index.php?rest_route=%2Fwp%2Fv2%2Ftags&post=2054817"}],"curies":[{"name":"wp","href":"https:\/\/api.w.org\/{rel}","templated":true}]}}