{"id":2054814,"date":"2026-07-21T11:43:00","date_gmt":"2026-07-21T08:43:00","guid":{"rendered":"https:\/\/analyse.optim.biz\/?p=2054814"},"modified":"2026-07-21T11:43:00","modified_gmt":"2026-07-21T08:43:00","slug":"16-ani-de-munca-inchisi-cu-lacatul-cum-spune-o-familie-din-buzau-ca-birocratia-si-taxele-au-dus-la-inchiderea-unei-pastravarii-stiri-din-surse-buzau","status":"publish","type":"post","link":"https:\/\/analyse.optim.biz\/?p=2054814","title":{"rendered":"16 ani de munc\u0103 \u00eenchi\u0219i cu lac\u0103tul. Cum spune o familie din Buz\u0103u c\u0103 birocra\u021bia \u0219i taxele au dus la \u00eenchiderea unei p\u0103str\u0103v\u0103rii &#8211; Stiri Din Surse Buz\u0103u"},"content":{"rendered":"<p>[analyse_image type=&#8221;featured&#8221; src=&#8221;https:\/\/stiridinsursebuzau.ro\/wp-content\/uploads\/2026\/07\/pastravarie-gura-teghii.jpg&#8221;]<\/p>\n<article class=\"page-content-single small single\">\n<div id=\"stiri-353292704\" class=\"stiri-inainte-de-continut-3 stiri-entity-placement\"><a href=\"https:\/\/buzau.21k.ro\/\" aria-label=\"900\u00d7200\"><img decoding=\"async\" loading=\"lazy\" src=\"https:\/\/stiridinsursebuzau.ro\/wp-content\/uploads\/2026\/07\/900x200.gif\" alt width=\"900\" height=\"200\"><\/a><\/div>\n<p><strong>O p\u0103str\u0103v\u0103rie construit\u0103 \u00een urm\u0103 cu 16 ani, \u00een P\u0103ltini\u0219 \u2013 Gura Teghii, \u0219i-a \u00eenchis por\u021bile. Proprietarii sus\u021bin c\u0103 nu lipsa clien\u021bilor sau problemele economice au fost cauza principal\u0103, ci costurile administrative \u0219i obliga\u021biile impuse de autorit\u0103\u021bi. Documentele puse la dispozi\u021bia redac\u021biei arat\u0103 c\u0103 reprezentan\u021bii societ\u0103\u021bii au solicitat \u00een repetate r\u00e2nduri recalcularea unor obliga\u021bii \u0219i efectuarea unui control \u00een teren, \u00eens\u0103 r\u0103spunsul primit nu le-a schimbat situa\u021bia.<\/strong><\/p>\n<hr class=\"wp-block-separator has-alpha-channel-opacity\">\n<h2 class=\"wp-block-heading\">\u201eAst\u0103zi nu se \u00eenchide doar o p\u0103str\u0103v\u0103rie. Se \u00eenchid 16 ani din via\u021ba p\u0103rin\u021bilor mei\u201d<\/h2>\n<figure class=\"wp-block-image size-large\"><img loading=\"lazy\" decoding=\"async\" width=\"819\" height=\"1024\" src=\"https:\/\/stiridinsursebuzau.ro\/wp-content\/uploads\/2026\/07\/469675361_18032402969582281_4464500664845958535_n-819x1024.jpg\" alt class=\"wp-image-48158\"><\/figure>\n<p>Mesajul publicat de reprezentan\u021bii <strong>Cabana Bombonel \u2013 Mountain House<\/strong>, din P\u0103ltini\u0219, comuna Gura Teghii, a str\u00e2ns sute de reac\u021bii \u0219i comentarii \u00een doar c\u00e2teva ore.<\/p>\n<p>\u00cen spatele fotografiilor cu bazinele goale se afl\u0103 povestea unei afaceri de familie \u00eenceput\u0103 \u00een urm\u0103 cu 16 ani.<\/p>\n<p>Potrivit reprezentan\u021bilor societ\u0103\u021bii EXPLOSILVA SRL, p\u0103rin\u021bii lor au investit economiile familiei pentru a construi o p\u0103str\u0103v\u0103rie \u00een satul natal.<\/p>\n<blockquote class=\"wp-block-quote is-layout-flow wp-block-quote-is-layout-flow\">\n<p>\u201eNu munca ne-a \u00eenvins. Nu lipsa clien\u021bilor. Nu lipsa dorin\u021bei de a merge mai departe. Ne-a \u00eenvins administra\u021bia\u201d, au transmis ace\u0219tia.<\/p>\n<\/blockquote>\n<hr class=\"wp-block-separator has-alpha-channel-opacity\">\n<h1 class=\"wp-block-heading\">Demersuri repetate c\u0103tre Apele Rom\u00e2ne<\/h1>\n<p>Documentele consultate de redac\u021bie arat\u0103 c\u0103 societatea a transmis mai multe adrese c\u0103tre <strong>Administra\u021bia Bazinal\u0103 de Ap\u0103 Buz\u0103u\u2013Ialomi\u021ba<\/strong>.<\/p>\n<figure class=\"wp-block-image size-large\"><img decoding=\"async\" loading=\"lazy\" width=\"1024\" height=\"1024\" src=\"https:\/\/stiridinsursebuzau.ro\/wp-content\/uploads\/2026\/07\/487093638_988756450097833_8864214275155561437_n-1024x1024.jpg\" alt class=\"wp-image-48165\"><\/figure>\n<p>\u00cen solicit\u0103rile formulate \u00een luna ianuarie \u0219i reluate ulterior, reprezentan\u021bii firmei au cerut:<\/p>\n<ul class=\"wp-block-list\">\n<li>recalcularea sumelor datorate;<\/li>\n<li>verificarea situa\u021biei reale din teren;<\/li>\n<li>reducerea num\u0103rului monitoriz\u0103rilor impuse anual.<\/li>\n<\/ul>\n<p>Motivul invocat este c\u0103 exploata\u021bia nu mai func\u021bioneaz\u0103 la capacitatea pentru care fusese autorizat\u0103.<\/p>\n<p>Potrivit societ\u0103\u021bii, \u00een prezent mai sunt utilizate <strong>doar dou\u0103 dintre cele patru bazine piscicole autorizate<\/strong>, ceea ce ar \u00eensemna un consum redus de ap\u0103 \u0219i un impact mai mic asupra mediului.<\/p>\n<hr class=\"wp-block-separator has-alpha-channel-opacity\">\n<h1 class=\"wp-block-heading\">R\u0103spunsul institu\u021biei: obliga\u021biile r\u0103m\u00e2n<\/h1>\n<p>\u00cen r\u0103spunsul transmis societ\u0103\u021bii, Administra\u021bia Bazinal\u0103 de Ap\u0103 Buz\u0103u\u2013Ialomi\u021ba explic\u0103 faptul c\u0103 valoarea abonamentului pentru utilizarea resurselor de ap\u0103 este stabilit\u0103 conform legisla\u021biei \u0219i c\u0103 monitorizarea se realizeaz\u0103 potrivit frecven\u021bei prev\u0103zute \u00een autoriza\u021bia de gospod\u0103rire a apelor.<\/p>\n<p>Institu\u021bia precizeaz\u0103 c\u0103:<\/p>\n<ul class=\"wp-block-list\">\n<li>valoarea abonamentului este una teoretic\u0103 \u0219i urmeaz\u0103 regularizarea dup\u0103 emiterea facturii;<\/li>\n<li>contribu\u021biile pentru utilizarea resurselor de ap\u0103 sunt stabilite conform proceselor-verbale privind volumele utilizate;<\/li>\n<li>frecven\u021ba monitoriz\u0103rii este prev\u0103zut\u0103 \u00een autoriza\u021bia de exploatare.<\/li>\n<\/ul>\n<p>\u00cen acela\u0219i r\u0103spuns se men\u021bioneaz\u0103 c\u0103, \u00een cazul exploata\u021biei respective, <strong>patru monitoriz\u0103ri pe an genereaz\u0103 un cost de aproximativ 7.000 de lei<\/strong>, iar reducerea volumului de ap\u0103 utilizat ar avea o influen\u021b\u0103 minim\u0103 asupra valorii abonamentului.<\/p>\n<hr class=\"wp-block-separator has-alpha-channel-opacity\">\n<h1 class=\"wp-block-heading\">Solicitarea firmei: \u201eDou\u0103 monitoriz\u0103ri ar fi suficiente\u201d<\/h1>\n<figure class=\"wp-block-image size-large\"><img decoding=\"async\" loading=\"lazy\" width=\"821\" height=\"1024\" src=\"https:\/\/stiridinsursebuzau.ro\/wp-content\/uploads\/2026\/07\/485271156_18044132036582281_945242136196603592_n-821x1024.jpg\" alt class=\"wp-image-48166\"><\/figure>\n<p>Nemul\u021bumi\u021bi de r\u0103spuns, reprezentan\u021bii societ\u0103\u021bii au revenit cu o nou\u0103 adres\u0103.<\/p>\n<p>Ace\u0219tia au solicitat:<\/p>\n<ul class=\"wp-block-list\">\n<li>reducerea monitoriz\u0103rilor la <strong>maximum dou\u0103 pe an<\/strong>;<\/li>\n<li>efectuarea unei verific\u0103ri la fa\u021ba locului pentru constatarea situa\u021biei reale.<\/li>\n<\/ul>\n<p>Argumentul principal este c\u0103 activitatea s-a redus considerabil, iar obliga\u021biile au r\u0103mas raportate la o capacitate care nu mai exist\u0103 \u00een practic\u0103.<\/p>\n<hr class=\"wp-block-separator has-alpha-channel-opacity\">\n<h1 class=\"wp-block-heading\">\u201e14.000 de lei pe an doar pentru obliga\u021biile administrative\u201d<\/h1>\n<p>Familia spune c\u0103, pe l\u00e2ng\u0103 monitoriz\u0103rile obligatorii, suport\u0103 costurile deplas\u0103rii laboratorului de la Buz\u0103u p\u00e2n\u0103 la Gura Teghii.<\/p>\n<p>Potrivit calculelor prezentate de reprezentan\u021bii firmei:<\/p>\n<ul class=\"wp-block-list\">\n<li>aproximativ <strong>2.500 de lei<\/strong> cost\u0103 fiecare deplasare;<\/li>\n<li>patru deplas\u0103ri \u00eensumeaz\u0103 aproape <strong>10.000 de lei<\/strong> anual;<\/li>\n<li>la acestea se adaug\u0103 costurile analizelor, taxele pentru utilizarea apei \u0219i celelalte obliga\u021bii legale.<\/li>\n<\/ul>\n<p>\u00cen total, sus\u021bin ace\u0219tia, cheltuielile dep\u0103\u0219esc <strong>14.000 de lei pe an<\/strong>.<\/p>\n<p>Reprezentan\u021bii firmei afirm\u0103 c\u0103 aceast\u0103 sum\u0103 echivaleaz\u0103 cu v\u00e2nzarea a peste <strong>311 kilograme de p\u0103str\u0103v<\/strong>, doar pentru acoperirea obliga\u021biilor administrative.<\/p>\n<blockquote class=\"wp-block-quote is-layout-flow wp-block-quote-is-layout-flow\">\n<p>\u201eNu hrana pe\u0219tilor. Nu energia electric\u0103. Nu puietul. Nu salariile. Doar birocra\u021bia.\u201d<\/p>\n<\/blockquote>\n<hr class=\"wp-block-separator has-alpha-channel-opacity\">\n<h1 class=\"wp-block-heading\">Compara\u021bia care i-a revoltat<\/h1>\n<p>\u00cen mesajul publicat online, reprezentan\u021bii p\u0103str\u0103v\u0103riei relateaz\u0103 c\u0103, \u00een cadrul unei discu\u021bii cu reprezentan\u021bi ai institu\u021biei, li s-ar fi spus c\u0103 \u0219i o balastier\u0103 are acela\u0219i num\u0103r de monitoriz\u0103ri \u0219i suport\u0103 costuri similare.<\/p>\n<p>Afirma\u021bia nu poate fi verificat\u0103 independent de redac\u021bie, \u00eens\u0103 familia spune c\u0103 aceast\u0103 compara\u021bie i-a determinat s\u0103 considere c\u0103 specificul activit\u0103\u021bii piscicole nu este tratat diferen\u021biat.<\/p>\n<blockquote class=\"wp-block-quote is-layout-flow wp-block-quote-is-layout-flow\">\n<p>\u201eCum po\u021bi compara o p\u0103str\u0103v\u0103rie cu o balastier\u0103? Noi tr\u0103im datorit\u0103 apei curate. Dac\u0103 apa este poluat\u0103, noi suntem primii care pierdem.\u201d<\/p>\n<\/blockquote>\n<hr class=\"wp-block-separator has-alpha-channel-opacity\">\n<h1 class=\"wp-block-heading\">\u201eNici s\u0103 \u00eenchidem nu putem f\u0103r\u0103 alte autoriza\u021bii\u201d<\/h1>\n<p>Reprezentan\u021bii societ\u0103\u021bii afirm\u0103 c\u0103 inclusiv \u00eencetarea activit\u0103\u021bii presupune ob\u021binerea unor noi documente \u0219i plata unor taxe suplimentare.<\/p>\n<p>\u00cen opinia lor, sistemul administrativ \u00eei oblig\u0103 pe antreprenori s\u0103 suporte costuri at\u00e2t \u00een perioada de func\u021bionare, c\u00e2t \u0219i la \u00eenchiderea activit\u0103\u021bii.<\/p>\n<hr class=\"wp-block-separator has-alpha-channel-opacity\">\n<h1 class=\"wp-block-heading\">Val de reac\u021bii \u00een mediul online<\/h1>\n<p>Postarea a generat sute de reac\u021bii \u0219i comentarii.<\/p>\n<p>Mul\u021bi utilizatori au vorbit despre birocra\u021bie, povara fiscal\u0103 \u0219i dificult\u0103\u021bile \u00eent\u00e2mpinate de micii produc\u0103tori din Rom\u00e2nia.<\/p>\n<p>Al\u021bii au propus transformarea p\u0103str\u0103v\u0103riei \u00eentr-o atrac\u021bie turistic\u0103 sau \u0219i-au exprimat regretul pentru \u00eenchiderea unei afaceri dezvoltate \u00een mediul rural.<\/p>\n<figure class=\"wp-block-gallery has-nested-images columns-default is-cropped wp-block-gallery-1 is-layout-flex wp-block-gallery-is-layout-flex\">\n<figure class=\"wp-block-image size-large\"><img decoding=\"async\" loading=\"lazy\" width=\"330\" height=\"627\" src=\"https:\/\/stiridinsursebuzau.ro\/wp-content\/uploads\/2026\/07\/bandicam-2026-07-21-14-01-25-558.jpg\" alt class=\"wp-image-48160\"><\/figure>\n<figure class=\"wp-block-image size-large\"><img decoding=\"async\" loading=\"lazy\" width=\"330\" height=\"590\" src=\"https:\/\/stiridinsursebuzau.ro\/wp-content\/uploads\/2026\/07\/bandicam-2026-07-21-14-01-38-982.jpg\" alt class=\"wp-image-48163\"><\/figure>\n<figure class=\"wp-block-image size-large\"><img decoding=\"async\" loading=\"lazy\" width=\"330\" height=\"624\" src=\"https:\/\/stiridinsursebuzau.ro\/wp-content\/uploads\/2026\/07\/bandicam-2026-07-21-14-01-56-069.jpg\" alt class=\"wp-image-48161\"><\/figure>\n<figure class=\"wp-block-image size-large\"><img decoding=\"async\" loading=\"lazy\" width=\"330\" height=\"587\" src=\"https:\/\/stiridinsursebuzau.ro\/wp-content\/uploads\/2026\/07\/bandicam-2026-07-21-14-02-29-468.jpg\" alt class=\"wp-image-48162\"><\/figure>\n<figure class=\"wp-block-image size-large\"><img decoding=\"async\" loading=\"lazy\" width=\"330\" height=\"669\" src=\"https:\/\/stiridinsursebuzau.ro\/wp-content\/uploads\/2026\/07\/bandicam-2026-07-21-14-02-48-152.jpg\" alt class=\"wp-image-48164\"><\/figure>\n<\/figure>\n<hr class=\"wp-block-separator has-alpha-channel-opacity\">\n<h1 class=\"wp-block-heading\">Punctul de vedere al institu\u021biei<\/h1>\n<p>Din documentele puse la dispozi\u021bia redac\u021biei rezult\u0103 c\u0103 Administra\u021bia Bazinal\u0103 de Ap\u0103 Buz\u0103u\u2013Ialomi\u021ba consider\u0103 c\u0103 obliga\u021biile aplicate sunt stabilite \u00een baza legisla\u021biei \u0219i a autoriza\u021biei de gospod\u0103rire a apelor, iar reducerea volumelor utilizate nu modific\u0103 semnificativ valoarea obliga\u021biilor financiare.<\/p>\n<hr class=\"wp-block-separator has-alpha-channel-opacity\">\n<h2 class=\"wp-block-heading\">\u00centreb\u0103rile care r\u0103m\u00e2n<\/h2>\n<p>Cazul ridic\u0103 mai multe semne de \u00eentrebare:<\/p>\n<ul class=\"wp-block-list\">\n<li>Este actualul sistem de monitorizare adaptat realit\u0103\u021bii exploata\u021biilor mici?<\/li>\n<li>Pot fi diferen\u021biate obliga\u021biile \u00een func\u021bie de capacitatea efectiv utilizat\u0103?<\/li>\n<li>Exist\u0103 suficiente mecanisme prin care autorit\u0103\u021bile s\u0103 reevalueze situa\u021bia din teren atunci c\u00e2nd activitatea unei firme se reduce considerabil?<\/li>\n<\/ul>\n<p>Redac\u021bia <strong><a href=\"https:\/\/stiridinsursebuzau.ro\/\">\u0218tiri din Surse Buz\u0103u<\/a><\/strong> va solicita un punct de vedere oficial din partea <strong>Administra\u021biei Bazinale de Ap\u0103 Buz\u0103u\u2013Ialomi\u021ba<\/strong>, pentru a r\u0103spunde acuza\u021biilor formulate de reprezentan\u021bii societ\u0103\u021bii \u0219i pentru a clarifica modul \u00een care sunt stabilite costurile \u0219i frecven\u021ba monitoriz\u0103rilor \u00een cazul exploata\u021biilor piscicole.<\/p>\n<div class=\"post-views content-post post-48155 entry-meta load-static\"><span class=\"post-views-label\">Vizualiz\u0103ri \u0219tire:<\/span><span class=\"post-views-count\">1.667<\/span><\/div>\n<div id=\"stiri-3442670309\" class=\"stiri-dupa-continut-2 stiri-entity-placement\"><a href=\"https:\/\/rapidservicebuzau.ro\/\" aria-label=\"RAPID SUPER SERVICE\"><img decoding=\"async\" loading=\"lazy\" src=\"https:\/\/stiridinsursebuzau.ro\/wp-content\/uploads\/2026\/02\/ChatGPT-Image-10-feb.-2026-22_24_01.png\" alt width=\"1536\" height=\"1024\"><\/a><\/div>\n<div id=\"stiri-568027022\" class=\"stiri-dupa-continut_2 stiri-entity-placement\"><a href=\"https:\/\/www.facebook.com\/profile.php?id=61564932526740\" aria-label=\"Glamour Pizza &quot;la patrat&quot;\"><img decoding=\"async\" loading=\"lazy\" src=\"https:\/\/stiridinsursebuzau.ro\/wp-content\/uploads\/2026\/02\/ChatGPT-Image-10-feb.-2026-21_57_13.png\" alt=\"Glamour Pizza &quot;la patrat&quot;\" width=\"1536\" height=\"1024\"><\/a><\/div>\n<div id=\"stiri-2902048233\" class=\"stiri-dupa-continut_3 stiri-entity-placement\"><a href=\"https:\/\/www.facebook.com\/profile.php?id=61573613380169&amp;locale=ro_RO\" aria-label=\"ChatGPT Image 10 feb. 2026, 22_10_50\"><img decoding=\"async\" loading=\"lazy\" src=\"https:\/\/stiridinsursebuzau.ro\/wp-content\/uploads\/2026\/02\/ChatGPT-Image-10-feb.-2026-22_10_50.png\" alt width=\"1536\" height=\"1024\"><\/a><\/div>\n<div id=\"stiri-565852017\" class=\"stiri-dupa-continut_4 stiri-entity-placement\"><a href=\"https:\/\/www.facebook.com\/profile.php?id=100077377992379\" aria-label=\"1536 cu 1024 pixeli\"><img decoding=\"async\" loading=\"lazy\" src=\"https:\/\/stiridinsursebuzau.ro\/wp-content\/uploads\/2026\/02\/ChatGPT-Image-20-feb.-2026-14_05_15.png\" alt=\"1536 cu 1024 pixeli\" width=\"1536\" height=\"1024\"><\/a><\/div>\n<div id=\"stiri-1030193000\" class=\"stiri-dupa-continut_5 stiri-entity-placement\"><img decoding=\"async\" loading=\"lazy\" src=\"https:\/\/stiridinsursebuzau.ro\/wp-content\/uploads\/2026\/02\/ChatGPT-Image-10-feb.-2026-23_00_56.png\" alt=\"piese tractoare\" width=\"1536\" height=\"1024\"><\/div>\n<nav class=\"navigation post-navigation\" aria-label=\"Articole\">\n<h2 class=\"screen-reader-text\">Navigare \u00een articole<\/h2>\n<div class=\"nav-links\">\n<div class=\"nav-previous\"><a href=\"https:\/\/stiridinsursebuzau.ro\/noi-detalii-in-cazul-persoanei-vehiculate-pentru-functia-de-secretar-general-al-prefecturii-buzau-primaria-maracineni-confirma-existenta-unor-plangeri-penale\/\" rel=\"prev\">Noi detalii \u00een cazul persoanei vehiculate pentru func\u021bia de secretar general al Prefecturii Buz\u0103u. Prim\u0103ria M\u0103r\u0103cineni confirm\u0103 existen\u021ba unor pl\u00e2ngeri penale <\/a><\/div>\n<div class=\"nav-next\"><a href=\"https:\/\/stiridinsursebuzau.ro\/o-agentie-din-buzau-mizeaza-pe-completarea-deficitului-de-personal-din-economie-scopul-este-suplimentarea-echipelor-nu-inlocuirea-angajatilor-romani\/\" rel=\"next\"> O agen\u021bie din Buz\u0103u mizeaz\u0103 pe completarea deficitului de personal din economie: \u201eScopul este suplimentarea echipelor, nu \u00eenlocuirea angaja\u021bilor rom\u00e2ni\u201d<\/a><\/div>\n<\/div>\n<\/nav>\n<\/article>\n<article class=\"page-content-single small single\">\n<div id=\"stiri-353292704\" class=\"stiri-inainte-de-continut-3 stiri-entity-placement\"><a href=\"https:\/\/buzau.21k.ro\/\" aria-label=\"900\u00d7200\"><img decoding=\"async\" loading=\"lazy\" src=\"https:\/\/stiridinsursebuzau.ro\/wp-content\/uploads\/2026\/07\/900x200.gif\" alt width=\"900\" height=\"200\"><\/a><\/div>\n<p><strong>O p\u0103str\u0103v\u0103rie construit\u0103 \u00een urm\u0103 cu 16 ani, \u00een P\u0103ltini\u0219 \u2013 Gura Teghii, \u0219i-a \u00eenchis por\u021bile. Proprietarii sus\u021bin c\u0103 nu lipsa clien\u021bilor sau problemele economice au fost cauza principal\u0103, ci costurile administrative \u0219i obliga\u021biile impuse de autorit\u0103\u021bi. Documentele puse la dispozi\u021bia redac\u021biei arat\u0103 c\u0103 reprezentan\u021bii societ\u0103\u021bii au solicitat \u00een repetate r\u00e2nduri recalcularea unor obliga\u021bii \u0219i efectuarea unui control \u00een teren, \u00eens\u0103 r\u0103spunsul primit nu le-a schimbat situa\u021bia.<\/strong><\/p>\n<hr class=\"wp-block-separator has-alpha-channel-opacity\">\n<h2 class=\"wp-block-heading\">\u201eAst\u0103zi nu se \u00eenchide doar o p\u0103str\u0103v\u0103rie. Se \u00eenchid 16 ani din via\u021ba p\u0103rin\u021bilor mei\u201d<\/h2>\n<figure class=\"wp-block-image size-large\"><img loading=\"lazy\" decoding=\"async\" width=\"819\" height=\"1024\" src=\"https:\/\/stiridinsursebuzau.ro\/wp-content\/uploads\/2026\/07\/469675361_18032402969582281_4464500664845958535_n-819x1024.jpg\" alt class=\"wp-image-48158\"><\/figure>\n<p>Mesajul publicat de reprezentan\u021bii <strong>Cabana Bombonel \u2013 Mountain House<\/strong>, din P\u0103ltini\u0219, comuna Gura Teghii, a str\u00e2ns sute de reac\u021bii \u0219i comentarii \u00een doar c\u00e2teva ore.<\/p>\n<p>\u00cen spatele fotografiilor cu bazinele goale se afl\u0103 povestea unei afaceri de familie \u00eenceput\u0103 \u00een urm\u0103 cu 16 ani.<\/p>\n<p>Potrivit reprezentan\u021bilor societ\u0103\u021bii EXPLOSILVA SRL, p\u0103rin\u021bii lor au investit economiile familiei pentru a construi o p\u0103str\u0103v\u0103rie \u00een satul natal.<\/p>\n<blockquote class=\"wp-block-quote is-layout-flow wp-block-quote-is-layout-flow\">\n<p>\u201eNu munca ne-a \u00eenvins. Nu lipsa clien\u021bilor. Nu lipsa dorin\u021bei de a merge mai departe. Ne-a \u00eenvins administra\u021bia\u201d, au transmis ace\u0219tia.<\/p>\n<\/blockquote>\n<hr class=\"wp-block-separator has-alpha-channel-opacity\">\n<h1 class=\"wp-block-heading\">Demersuri repetate c\u0103tre Apele Rom\u00e2ne<\/h1>\n<p>Documentele consultate de redac\u021bie arat\u0103 c\u0103 societatea a transmis mai multe adrese c\u0103tre <strong>Administra\u021bia Bazinal\u0103 de Ap\u0103 Buz\u0103u\u2013Ialomi\u021ba<\/strong>.<\/p>\n<figure class=\"wp-block-image size-large\"><img decoding=\"async\" loading=\"lazy\" width=\"1024\" height=\"1024\" src=\"https:\/\/stiridinsursebuzau.ro\/wp-content\/uploads\/2026\/07\/487093638_988756450097833_8864214275155561437_n-1024x1024.jpg\" alt class=\"wp-image-48165\"><\/figure>\n<p>\u00cen solicit\u0103rile formulate \u00een luna ianuarie \u0219i reluate ulterior, reprezentan\u021bii firmei au cerut:<\/p>\n<ul class=\"wp-block-list\">\n<li>recalcularea sumelor datorate;<\/li>\n<li>verificarea situa\u021biei reale din teren;<\/li>\n<li>reducerea num\u0103rului monitoriz\u0103rilor impuse anual.<\/li>\n<\/ul>\n<p>Motivul invocat este c\u0103 exploata\u021bia nu mai func\u021bioneaz\u0103 la capacitatea pentru care fusese autorizat\u0103.<\/p>\n<p>Potrivit societ\u0103\u021bii, \u00een prezent mai sunt utilizate <strong>doar dou\u0103 dintre cele patru bazine piscicole autorizate<\/strong>, ceea ce ar \u00eensemna un consum redus de ap\u0103 \u0219i un impact mai mic asupra mediului.<\/p>\n<hr class=\"wp-block-separator has-alpha-channel-opacity\">\n<h1 class=\"wp-block-heading\">R\u0103spunsul institu\u021biei: obliga\u021biile r\u0103m\u00e2n<\/h1>\n<p>\u00cen r\u0103spunsul transmis societ\u0103\u021bii, Administra\u021bia Bazinal\u0103 de Ap\u0103 Buz\u0103u\u2013Ialomi\u021ba explic\u0103 faptul c\u0103 valoarea abonamentului pentru utilizarea resurselor de ap\u0103 este stabilit\u0103 conform legisla\u021biei \u0219i c\u0103 monitorizarea se realizeaz\u0103 potrivit frecven\u021bei prev\u0103zute \u00een autoriza\u021bia de gospod\u0103rire a apelor.<\/p>\n<p>Institu\u021bia precizeaz\u0103 c\u0103:<\/p>\n<ul class=\"wp-block-list\">\n<li>valoarea abonamentului este una teoretic\u0103 \u0219i urmeaz\u0103 regularizarea dup\u0103 emiterea facturii;<\/li>\n<li>contribu\u021biile pentru utilizarea resurselor de ap\u0103 sunt stabilite conform proceselor-verbale privind volumele utilizate;<\/li>\n<li>frecven\u021ba monitoriz\u0103rii este prev\u0103zut\u0103 \u00een autoriza\u021bia de exploatare.<\/li>\n<\/ul>\n<p>\u00cen acela\u0219i r\u0103spuns se men\u021bioneaz\u0103 c\u0103, \u00een cazul exploata\u021biei respective, <strong>patru monitoriz\u0103ri pe an genereaz\u0103 un cost de aproximativ 7.000 de lei<\/strong>, iar reducerea volumului de ap\u0103 utilizat ar avea o influen\u021b\u0103 minim\u0103 asupra valorii abonamentului.<\/p>\n<hr class=\"wp-block-separator has-alpha-channel-opacity\">\n<h1 class=\"wp-block-heading\">Solicitarea firmei: \u201eDou\u0103 monitoriz\u0103ri ar fi suficiente\u201d<\/h1>\n<figure class=\"wp-block-image size-large\"><img decoding=\"async\" loading=\"lazy\" width=\"821\" height=\"1024\" src=\"https:\/\/stiridinsursebuzau.ro\/wp-content\/uploads\/2026\/07\/485271156_18044132036582281_945242136196603592_n-821x1024.jpg\" alt class=\"wp-image-48166\"><\/figure>\n<p>Nemul\u021bumi\u021bi de r\u0103spuns, reprezentan\u021bii societ\u0103\u021bii au revenit cu o nou\u0103 adres\u0103.<\/p>\n<p>Ace\u0219tia au solicitat:<\/p>\n<ul class=\"wp-block-list\">\n<li>reducerea monitoriz\u0103rilor la <strong>maximum dou\u0103 pe an<\/strong>;<\/li>\n<li>efectuarea unei verific\u0103ri la fa\u021ba locului pentru constatarea situa\u021biei reale.<\/li>\n<\/ul>\n<p>Argumentul principal este c\u0103 activitatea s-a redus considerabil, iar obliga\u021biile au r\u0103mas raportate la o capacitate care nu mai exist\u0103 \u00een practic\u0103.<\/p>\n<hr class=\"wp-block-separator has-alpha-channel-opacity\">\n<h1 class=\"wp-block-heading\">\u201e14.000 de lei pe an doar pentru obliga\u021biile administrative\u201d<\/h1>\n<p>Familia spune c\u0103, pe l\u00e2ng\u0103 monitoriz\u0103rile obligatorii, suport\u0103 costurile deplas\u0103rii laboratorului de la Buz\u0103u p\u00e2n\u0103 la Gura Teghii.<\/p>\n<p>Potrivit calculelor prezentate de reprezentan\u021bii firmei:<\/p>\n<ul class=\"wp-block-list\">\n<li>aproximativ <strong>2.500 de lei<\/strong> cost\u0103 fiecare deplasare;<\/li>\n<li>patru deplas\u0103ri \u00eensumeaz\u0103 aproape <strong>10.000 de lei<\/strong> anual;<\/li>\n<li>la acestea se adaug\u0103 costurile analizelor, taxele pentru utilizarea apei \u0219i celelalte obliga\u021bii legale.<\/li>\n<\/ul>\n<p>\u00cen total, sus\u021bin ace\u0219tia, cheltuielile dep\u0103\u0219esc <strong>14.000 de lei pe an<\/strong>.<\/p>\n<p>Reprezentan\u021bii firmei afirm\u0103 c\u0103 aceast\u0103 sum\u0103 echivaleaz\u0103 cu v\u00e2nzarea a peste <strong>311 kilograme de p\u0103str\u0103v<\/strong>, doar pentru acoperirea obliga\u021biilor administrative.<\/p>\n<blockquote class=\"wp-block-quote is-layout-flow wp-block-quote-is-layout-flow\">\n<p>\u201eNu hrana pe\u0219tilor. Nu energia electric\u0103. Nu puietul. Nu salariile. Doar birocra\u021bia.\u201d<\/p>\n<\/blockquote>\n<hr class=\"wp-block-separator has-alpha-channel-opacity\">\n<h1 class=\"wp-block-heading\">Compara\u021bia care i-a revoltat<\/h1>\n<p>\u00cen mesajul publicat online, reprezentan\u021bii p\u0103str\u0103v\u0103riei relateaz\u0103 c\u0103, \u00een cadrul unei discu\u021bii cu reprezentan\u021bi ai institu\u021biei, li s-ar fi spus c\u0103 \u0219i o balastier\u0103 are acela\u0219i num\u0103r de monitoriz\u0103ri \u0219i suport\u0103 costuri similare.<\/p>\n<p>Afirma\u021bia nu poate fi verificat\u0103 independent de redac\u021bie, \u00eens\u0103 familia spune c\u0103 aceast\u0103 compara\u021bie i-a determinat s\u0103 considere c\u0103 specificul activit\u0103\u021bii piscicole nu este tratat diferen\u021biat.<\/p>\n<blockquote class=\"wp-block-quote is-layout-flow wp-block-quote-is-layout-flow\">\n<p>\u201eCum po\u021bi compara o p\u0103str\u0103v\u0103rie cu o balastier\u0103? Noi tr\u0103im datorit\u0103 apei curate. Dac\u0103 apa este poluat\u0103, noi suntem primii care pierdem.\u201d<\/p>\n<\/blockquote>\n<hr class=\"wp-block-separator has-alpha-channel-opacity\">\n<h1 class=\"wp-block-heading\">\u201eNici s\u0103 \u00eenchidem nu putem f\u0103r\u0103 alte autoriza\u021bii\u201d<\/h1>\n<p>Reprezentan\u021bii societ\u0103\u021bii afirm\u0103 c\u0103 inclusiv \u00eencetarea activit\u0103\u021bii presupune ob\u021binerea unor noi documente \u0219i plata unor taxe suplimentare.<\/p>\n<p>\u00cen opinia lor, sistemul administrativ \u00eei oblig\u0103 pe antreprenori s\u0103 suporte costuri at\u00e2t \u00een perioada de func\u021bionare, c\u00e2t \u0219i la \u00eenchiderea activit\u0103\u021bii.<\/p>\n<hr class=\"wp-block-separator has-alpha-channel-opacity\">\n<h1 class=\"wp-block-heading\">Val de reac\u021bii \u00een mediul online<\/h1>\n<p>Postarea a generat sute de reac\u021bii \u0219i comentarii.<\/p>\n<p>Mul\u021bi utilizatori au vorbit despre birocra\u021bie, povara fiscal\u0103 \u0219i dificult\u0103\u021bile \u00eent\u00e2mpinate de micii produc\u0103tori din Rom\u00e2nia.<\/p>\n<p>Al\u021bii au propus transformarea p\u0103str\u0103v\u0103riei \u00eentr-o atrac\u021bie turistic\u0103 sau \u0219i-au exprimat regretul pentru \u00eenchiderea unei afaceri dezvoltate \u00een mediul rural.<\/p>\n<figure class=\"wp-block-gallery has-nested-images columns-default is-cropped wp-block-gallery-1 is-layout-flex wp-block-gallery-is-layout-flex\">\n<figure class=\"wp-block-image size-large\"><img decoding=\"async\" loading=\"lazy\" width=\"330\" height=\"627\" src=\"https:\/\/stiridinsursebuzau.ro\/wp-content\/uploads\/2026\/07\/bandicam-2026-07-21-14-01-25-558.jpg\" alt class=\"wp-image-48160\"><\/figure>\n<figure class=\"wp-block-image size-large\"><img decoding=\"async\" loading=\"lazy\" width=\"330\" height=\"590\" src=\"https:\/\/stiridinsursebuzau.ro\/wp-content\/uploads\/2026\/07\/bandicam-2026-07-21-14-01-38-982.jpg\" alt class=\"wp-image-48163\"><\/figure>\n<figure class=\"wp-block-image size-large\"><img decoding=\"async\" loading=\"lazy\" width=\"330\" height=\"624\" src=\"https:\/\/stiridinsursebuzau.ro\/wp-content\/uploads\/2026\/07\/bandicam-2026-07-21-14-01-56-069.jpg\" alt class=\"wp-image-48161\"><\/figure>\n<figure class=\"wp-block-image size-large\"><img decoding=\"async\" loading=\"lazy\" width=\"330\" height=\"587\" src=\"https:\/\/stiridinsursebuzau.ro\/wp-content\/uploads\/2026\/07\/bandicam-2026-07-21-14-02-29-468.jpg\" alt class=\"wp-image-48162\"><\/figure>\n<figure class=\"wp-block-image size-large\"><img decoding=\"async\" loading=\"lazy\" width=\"330\" height=\"669\" src=\"https:\/\/stiridinsursebuzau.ro\/wp-content\/uploads\/2026\/07\/bandicam-2026-07-21-14-02-48-152.jpg\" alt class=\"wp-image-48164\"><\/figure>\n<\/figure>\n<hr class=\"wp-block-separator has-alpha-channel-opacity\">\n<h1 class=\"wp-block-heading\">Punctul de vedere al institu\u021biei<\/h1>\n<p>Din documentele puse la dispozi\u021bia redac\u021biei rezult\u0103 c\u0103 Administra\u021bia Bazinal\u0103 de Ap\u0103 Buz\u0103u\u2013Ialomi\u021ba consider\u0103 c\u0103 obliga\u021biile aplicate sunt stabilite \u00een baza legisla\u021biei \u0219i a autoriza\u021biei de gospod\u0103rire a apelor, iar reducerea volumelor utilizate nu modific\u0103 semnificativ valoarea obliga\u021biilor financiare.<\/p>\n<hr class=\"wp-block-separator has-alpha-channel-opacity\">\n<h2 class=\"wp-block-heading\">\u00centreb\u0103rile care r\u0103m\u00e2n<\/h2>\n<p>Cazul ridic\u0103 mai multe semne de \u00eentrebare:<\/p>\n<ul class=\"wp-block-list\">\n<li>Este actualul sistem de monitorizare adaptat realit\u0103\u021bii exploata\u021biilor mici?<\/li>\n<li>Pot fi diferen\u021biate obliga\u021biile \u00een func\u021bie de capacitatea efectiv utilizat\u0103?<\/li>\n<li>Exist\u0103 suficiente mecanisme prin care autorit\u0103\u021bile s\u0103 reevalueze situa\u021bia din teren atunci c\u00e2nd activitatea unei firme se reduce considerabil?<\/li>\n<\/ul>\n<p>Redac\u021bia <strong><a href=\"https:\/\/stiridinsursebuzau.ro\/\">\u0218tiri din Surse Buz\u0103u<\/a><\/strong> va solicita un punct de vedere oficial din partea <strong>Administra\u021biei Bazinale de Ap\u0103 Buz\u0103u\u2013Ialomi\u021ba<\/strong>, pentru a r\u0103spunde acuza\u021biilor formulate de reprezentan\u021bii societ\u0103\u021bii \u0219i pentru a clarifica modul \u00een care sunt stabilite costurile \u0219i frecven\u021ba monitoriz\u0103rilor \u00een cazul exploata\u021biilor piscicole.<\/p>\n<div class=\"post-views content-post post-48155 entry-meta load-static\"><span class=\"post-views-label\">Vizualiz\u0103ri \u0219tire:<\/span><span class=\"post-views-count\">1.667<\/span><\/div>\n<div id=\"stiri-3442670309\" class=\"stiri-dupa-continut-2 stiri-entity-placement\"><a href=\"https:\/\/rapidservicebuzau.ro\/\" aria-label=\"RAPID SUPER SERVICE\"><img decoding=\"async\" loading=\"lazy\" src=\"https:\/\/stiridinsursebuzau.ro\/wp-content\/uploads\/2026\/02\/ChatGPT-Image-10-feb.-2026-22_24_01.png\" alt width=\"1536\" height=\"1024\"><\/a><\/div>\n<div id=\"stiri-568027022\" class=\"stiri-dupa-continut_2 stiri-entity-placement\"><a href=\"https:\/\/www.facebook.com\/profile.php?id=61564932526740\" aria-label=\"Glamour Pizza &quot;la patrat&quot;\"><img decoding=\"async\" loading=\"lazy\" src=\"https:\/\/stiridinsursebuzau.ro\/wp-content\/uploads\/2026\/02\/ChatGPT-Image-10-feb.-2026-21_57_13.png\" alt=\"Glamour Pizza &quot;la patrat&quot;\" width=\"1536\" height=\"1024\"><\/a><\/div>\n<div id=\"stiri-2902048233\" class=\"stiri-dupa-continut_3 stiri-entity-placement\"><a href=\"https:\/\/www.facebook.com\/profile.php?id=61573613380169&amp;locale=ro_RO\" aria-label=\"ChatGPT Image 10 feb. 2026, 22_10_50\"><img decoding=\"async\" loading=\"lazy\" src=\"https:\/\/stiridinsursebuzau.ro\/wp-content\/uploads\/2026\/02\/ChatGPT-Image-10-feb.-2026-22_10_50.png\" alt width=\"1536\" height=\"1024\"><\/a><\/div>\n<div id=\"stiri-565852017\" class=\"stiri-dupa-continut_4 stiri-entity-placement\"><a href=\"https:\/\/www.facebook.com\/profile.php?id=100077377992379\" aria-label=\"1536 cu 1024 pixeli\"><img decoding=\"async\" loading=\"lazy\" src=\"https:\/\/stiridinsursebuzau.ro\/wp-content\/uploads\/2026\/02\/ChatGPT-Image-20-feb.-2026-14_05_15.png\" alt=\"1536 cu 1024 pixeli\" width=\"1536\" height=\"1024\"><\/a><\/div>\n<div id=\"stiri-1030193000\" class=\"stiri-dupa-continut_5 stiri-entity-placement\"><img decoding=\"async\" loading=\"lazy\" src=\"https:\/\/stiridinsursebuzau.ro\/wp-content\/uploads\/2026\/02\/ChatGPT-Image-10-feb.-2026-23_00_56.png\" alt=\"piese tractoare\" width=\"1536\" height=\"1024\"><\/div>\n<nav class=\"navigation post-navigation\" aria-label=\"Articole\">\n<h2 class=\"screen-reader-text\">Navigare \u00een articole<\/h2>\n<div class=\"nav-links\">\n<div class=\"nav-previous\"><a href=\"https:\/\/stiridinsursebuzau.ro\/noi-detalii-in-cazul-persoanei-vehiculate-pentru-functia-de-secretar-general-al-prefecturii-buzau-primaria-maracineni-confirma-existenta-unor-plangeri-penale\/\" rel=\"prev\">Noi detalii \u00een cazul persoanei vehiculate pentru func\u021bia de secretar general al Prefecturii Buz\u0103u. Prim\u0103ria M\u0103r\u0103cineni confirm\u0103 existen\u021ba unor pl\u00e2ngeri penale <\/a><\/div>\n<div class=\"nav-next\"><a href=\"https:\/\/stiridinsursebuzau.ro\/o-agentie-din-buzau-mizeaza-pe-completarea-deficitului-de-personal-din-economie-scopul-este-suplimentarea-echipelor-nu-inlocuirea-angajatilor-romani\/\" rel=\"next\"> O agen\u021bie din Buz\u0103u mizeaz\u0103 pe completarea deficitului de personal din economie: \u201eScopul este suplimentarea echipelor, nu \u00eenlocuirea angaja\u021bilor rom\u00e2ni\u201d<\/a><\/div>\n<\/div>\n<\/nav>\n<\/article>\n<p>[analyse_source url=&#8221;https:\/\/stiridinsursebuzau.ro\/16-ani-de-munca-inchisi-cu-lacatul-cum-spune-o-familie-din-buzau-ca-birocratia-si-taxele-au-dus-la-inchiderea-unei-pastravarii\/&#8221;]<\/p>\n","protected":false},"excerpt":{"rendered":"<p>[analyse_image type=&#8221;featured&#8221; src=&#8221;https:\/\/stiridinsursebuzau.ro\/wp-content\/uploads\/2026\/07\/pastravarie-gura-teghii.jpg&#8221;] O p\u0103str\u0103v\u0103rie construit\u0103 \u00een urm\u0103 cu 16 ani, \u00een P\u0103ltini\u0219 \u2013 Gura Teghii, \u0219i-a \u00eenchis por\u021bile. Proprietarii sus\u021bin c\u0103 nu lipsa clien\u021bilor sau problemele economice au fost cauza principal\u0103, ci costurile administrative \u0219i obliga\u021biile impuse de autorit\u0103\u021bi. Documentele puse la dispozi\u021bia redac\u021biei arat\u0103 c\u0103 reprezentan\u021bii societ\u0103\u021bii au solicitat \u00een repetate r\u00e2nduri recalcularea [&hellip;]<\/p>\n","protected":false},"author":1,"featured_media":0,"comment_status":"open","ping_status":"","sticky":false,"template":"","format":"standard","meta":{"footnotes":""},"categories":[2],"tags":[226,60],"class_list":["post-2054814","post","type-post","status-publish","format-standard","hentry","category-politics","tag-crawlmanager","tag-stiridinsursebuzau-ro"],"_links":{"self":[{"href":"https:\/\/analyse.optim.biz\/index.php?rest_route=\/wp\/v2\/posts\/2054814","targetHints":{"allow":["GET"]}}],"collection":[{"href":"https:\/\/analyse.optim.biz\/index.php?rest_route=\/wp\/v2\/posts"}],"about":[{"href":"https:\/\/analyse.optim.biz\/index.php?rest_route=\/wp\/v2\/types\/post"}],"author":[{"embeddable":true,"href":"https:\/\/analyse.optim.biz\/index.php?rest_route=\/wp\/v2\/users\/1"}],"replies":[{"embeddable":true,"href":"https:\/\/analyse.optim.biz\/index.php?rest_route=%2Fwp%2Fv2%2Fcomments&post=2054814"}],"version-history":[{"count":0,"href":"https:\/\/analyse.optim.biz\/index.php?rest_route=\/wp\/v2\/posts\/2054814\/revisions"}],"wp:attachment":[{"href":"https:\/\/analyse.optim.biz\/index.php?rest_route=%2Fwp%2Fv2%2Fmedia&parent=2054814"}],"wp:term":[{"taxonomy":"category","embeddable":true,"href":"https:\/\/analyse.optim.biz\/index.php?rest_route=%2Fwp%2Fv2%2Fcategories&post=2054814"},{"taxonomy":"post_tag","embeddable":true,"href":"https:\/\/analyse.optim.biz\/index.php?rest_route=%2Fwp%2Fv2%2Ftags&post=2054814"}],"curies":[{"name":"wp","href":"https:\/\/api.w.org\/{rel}","templated":true}]}}