{"id":205476,"date":"2014-05-18T13:49:03","date_gmt":"2014-05-18T10:49:03","guid":{"rendered":"https:\/\/analyse.optim.biz\/?p=205476"},"modified":"2014-05-18T13:49:03","modified_gmt":"2014-05-18T10:49:03","slug":"traian-basescu-sper-ca-in-iunie-sa-se-decida-intrarea-romaniei-in-schengen-cu-aeroporturile-si-porturile","status":"publish","type":"post","link":"https:\/\/analyse.optim.biz\/?p=205476","title":{"rendered":"Traian B\u0103sescu: Sper ca \u00een iunie s\u0103 se decid\u0103 intrarea Rom\u00e2niei \u00een Schengen cu aeroporturile \u015fi porturile"},"content":{"rendered":"<div class=\"entry data-app-meta data-app-meta-article\" data-embed-base-url-canonical=\"https:\/\/www.digi24.ro\/embed\/stiri\/actualitate\/politica\/traian-basescu-sper-ca-in-iunie-sa-se-decida-intrarea-romaniei-in-schengen-cu-aeroporturile-si-porturile-244421\">\n<p data-index=\"1\"><img decoding=\"async\" src=\"https:\/\/analyse.optim.biz\/wp-content\/uploads\/2024\/09\/ad04ndq5ogrjmjk4yzbiymfkm2zlntvkotm4zgnmzmzhza-thumb_.jpg\" data-skip-htmlfix=\"1\" title=\"ad04ndq5ogrjmjk4yzbiymfkm2zlntvkotm4zgnmzmzhza-thumb_\"><\/p>\n<p data-index=\"2\">Pre\u015fedintele a spus, la o dezbatere organizat\u0103 de Funda\u0163ia Mi\u015fcarea Popular\u0103 la Ia\u015fi, c\u0103 Rom\u00e2nia este membr\u0103 UE, \u00eens\u0103 integrarea nu s-a \u00eencheiat. \u201eEfortul de integrare nu este mic \u015fi nici nu e \u00eentotdeauna cu succes\u201d, a continuat \u015feful statului, potrivit Mediafax.<\/p>\n<p data-index=\"3\">El a spus c\u0103, pe termen mediu, Rom\u00e2nia trebuie s\u0103 fac\u0103 \u015fi pa\u015fii urm\u0103tori \u00een procesul de integrare european\u0103, respectiv intrarea \u00een spa\u0163iul Schengen \u015fi adoptarea monedei euro.<\/p>\n<p data-index=\"4\">\u201e<span>\u015ei cu una \u015fi cu alta nu suntem foarte departe, dar nu reu\u015fim s\u0103 ajungem exact acolo unde vrem. Sper ca anul acesta, mai precis \u00een iunie, s\u0103 se stabileasc\u0103 intrarea \u00een Schengen pe prima faz\u0103, cu aeroporturile \u015fi cu porturile, iar \u00een 2015 s\u0103 se produc\u0103 intrarea \u015fi cu frontierele terestre\u201d,\u00a0a precizat pre\u015fedintele B\u0103sescu.\u00a0<\/span><\/p>\n<\/div>\n<p> Source URL: https:\/\/www.digi24.ro\/stiri\/actualitate\/politica\/traian-basescu-sper-ca-in-iunie-sa-se-decida-intrarea-romaniei-in-schengen-cu-aeroporturile-si-porturile-244421<\/p>\n","protected":false},"excerpt":{"rendered":"<p>Pre\u015fedintele a spus, la o dezbatere organizat\u0103 de Funda\u0163ia Mi\u015fcarea Popular\u0103 la Ia\u015fi, c\u0103 Rom\u00e2nia este membr\u0103 UE, \u00eens\u0103 integrarea nu s-a \u00eencheiat. \u201eEfortul de integrare nu este mic \u015fi nici nu e \u00eentotdeauna cu succes\u201d, a continuat \u015feful statului, potrivit Mediafax. El a spus c\u0103, pe termen mediu, Rom\u00e2nia trebuie s\u0103 fac\u0103 \u015fi pa\u015fii [&hellip;]<\/p>\n","protected":false},"author":1,"featured_media":205477,"comment_status":"open","ping_status":"","sticky":false,"template":"","format":"standard","meta":{"footnotes":""},"categories":[2],"tags":[11],"class_list":["post-205476","post","type-post","status-publish","format-standard","has-post-thumbnail","hentry","category-politics","tag-digi24"],"_links":{"self":[{"href":"https:\/\/analyse.optim.biz\/index.php?rest_route=\/wp\/v2\/posts\/205476","targetHints":{"allow":["GET"]}}],"collection":[{"href":"https:\/\/analyse.optim.biz\/index.php?rest_route=\/wp\/v2\/posts"}],"about":[{"href":"https:\/\/analyse.optim.biz\/index.php?rest_route=\/wp\/v2\/types\/post"}],"author":[{"embeddable":true,"href":"https:\/\/analyse.optim.biz\/index.php?rest_route=\/wp\/v2\/users\/1"}],"replies":[{"embeddable":true,"href":"https:\/\/analyse.optim.biz\/index.php?rest_route=%2Fwp%2Fv2%2Fcomments&post=205476"}],"version-history":[{"count":0,"href":"https:\/\/analyse.optim.biz\/index.php?rest_route=\/wp\/v2\/posts\/205476\/revisions"}],"wp:featuredmedia":[{"embeddable":true,"href":"https:\/\/analyse.optim.biz\/index.php?rest_route=\/wp\/v2\/media\/205477"}],"wp:attachment":[{"href":"https:\/\/analyse.optim.biz\/index.php?rest_route=%2Fwp%2Fv2%2Fmedia&parent=205476"}],"wp:term":[{"taxonomy":"category","embeddable":true,"href":"https:\/\/analyse.optim.biz\/index.php?rest_route=%2Fwp%2Fv2%2Fcategories&post=205476"},{"taxonomy":"post_tag","embeddable":true,"href":"https:\/\/analyse.optim.biz\/index.php?rest_route=%2Fwp%2Fv2%2Ftags&post=205476"}],"curies":[{"name":"wp","href":"https:\/\/api.w.org\/{rel}","templated":true}]}}