{"id":2054675,"date":"2026-07-21T06:00:06","date_gmt":"2026-07-21T03:00:06","guid":{"rendered":"https:\/\/analyse.optim.biz\/?p=2054675"},"modified":"2026-07-21T06:00:06","modified_gmt":"2026-07-21T03:00:06","slug":"acoperisurile-de-pe-blocuri-la-control-primaria-tulcea-a-notificat-asociatiile-de-proprietari-sa-le","status":"publish","type":"post","link":"https:\/\/analyse.optim.biz\/?p=2054675","title":{"rendered":"Acoperi\u015furile de pe blocuri, la control. Prim\u0103ria Tulcea a notificat asocia\u0163iile de proprietari s\u0103 le"},"content":{"rendered":"<p>[analyse_image type=&#8221;featured&#8221; src=&#8221;https:\/\/ziaruldelta.ro\/wp-content\/uploads\/2026\/07\/Acoperisurile.jpg&#8221;]<\/p>\n<article id=\"post-37557\" class=\"module single-post-module post-37557 post type-post status-publish format-standard has-post-thumbnail hentry category-stirea-zilei et-has-post-format-content et_post_format-et-post-format-standard\">\n<div class=\"post-header\">\n<h1 class=\"entry-title\">Acoperi\u015furile de pe blocuri, la control. Prim\u0103ria Tulcea a notificat asocia\u0163iile de proprietari s\u0103 le verifice legalitatea<\/h1>\n<div class=\"post-meta vcard\">\n<p>Posted by <a href=\"https:\/\/ziaruldelta.ro\/author\/claudia-ionescu\/\" class=\"url fn\" title=\"Posts by Claudia Ionescu\" rel=\"author\">Claudia Ionescu<\/a> | <span class=\"updated\">Jul 21, 2026<\/span> | <a href=\"https:\/\/ziaruldelta.ro\/category\/stirea-zilei\/\" rel=\"tag\">Stirea Zilei<\/a> | <\/p>\n<\/div>\n<\/div>\n<div class=\"post-thumbnail header\"><img decoding=\"async\" src=\"https:\/\/ziaruldelta.ro\/wp-content\/uploads\/2026\/07\/Acoperisurile.jpg\" alt=\"Acoperi\u015furile de pe blocuri, la control. Prim\u0103ria Tulcea a notificat asocia\u0163iile de proprietari s\u0103 le verifice legalitatea\"><\/div>\n<div class=\"post-wrap\">\n<div class=\"post-content entry-content\">\n<p>Asocia\u0163iile de proprietari au fost notificate de Prim\u0103ria Tulcea s\u0103 demareze verific\u0103ri privind legalitatea construirii pe blocuri a acoperi\u015furilor simple sau de tip pod. Solicitarea administra\u0163iei locale vine dup\u0103 ce, \u00een urma furtunii care a avut loc \u00een urm\u0103 cu trei s\u0103pt\u0103m\u00e2ni, unele acoperi\u015furi au c\u0103zut \u015fi au avariat mai multe autoturisme. La r\u00e2ndul lor, asocia\u0163iile de proprietari i-au notificat pe locatari s\u0103 prezinte \u00een termen de zece zile autoriza\u0163iile de construc\u0163ie pentru edific\u0103rile de pe blocuri.<\/p>\n<p><strong>\u00a0Primarul \u015etefan Ilie: \u201eAcestea reprezint\u0103 bunuri comune \u015fi asocia\u0163ia este cea care le administreaz\u0103\u201d<\/strong><\/p>\n<p><img loading=\"lazy\" decoding=\"async\" class=\"size-medium wp-image-34780 aligncenter\" src=\"https:\/\/ziaruldelta.ro\/wp-content\/uploads\/2025\/12\/primarul-stefan-ilie-610x343.jpg\" alt width=\"610\" height=\"343\">Prim\u0103ria Tulcea a primit mai multe solicit\u0103ri de desp\u0103gubire de la proprietarii ma\u015finilor avariate de buc\u0103\u0163i smulse de furtun\u0103 din acest gen de acoperi\u015furi.<\/p>\n<blockquote>\n<p>\u201e\u00cen urma furtunii care a fost acum aproximativ trei s\u0103pt\u0103m\u00e2ni, c\u00e2nd au fost rup\u0163i sau disloca\u0163i \u00een jur de 60 de copaci \u00een municipiu \u015fi au existat inunda\u0163ii locale, de pe acoperi\u015furile unor blocuri s-au desprins \u0163igle sau alte elemente care au c\u0103zut peste ma\u015finile unor cet\u0103\u0163eni. Ace\u015ftia au reclamat imediat la Prim\u0103rie, solicit\u00e2nd desp\u0103gubiri pentru ceea ce li s-a \u00eent\u00e2mplat\u201d, a explicat \u015etefan Ilie.<\/p>\n<\/blockquote>\n<p>Edilul ne-a spus c\u0103 exist\u0103 dou\u0103 situa\u0163ii, respectiv blocuri ale c\u0103ror acoperi\u015furi au fost reabilitate de Prim\u0103rie, unde constructorul va suporta desp\u0103gubirile pentru pagubele produse, \u015fi blocuri la care Prim\u0103ria nu a intervenit cu lucr\u0103ri, iar administra\u0163ia local\u0103 a anun\u0163at asocia\u0163iile de proprietari cu privire la reclama\u0163iile primite.<\/p>\n<blockquote>\n<p>\u201eAvem dou\u0103 tipuri de cazuri aici. Odat\u0103 este cazul unui bloc reparat de Prim\u0103rie, iar \u00een acest caz am luat leg\u0103tura cu constructorul, lucr\u0103rile fiind \u00een garan\u0163ie, \u015fi a remediat, \u015fi tot constructorul se va ocupa inclusiv de eventualele desp\u0103gubiri pentru cei care au fost afecta\u0163i. Avem \u015fi cazuri \u00een care Prim\u0103ria nu a intervenit asupra blocurilor \u015fi asocia\u0163ia a fost anun\u0163at\u0103 c\u0103 exist\u0103 ni\u015fte cet\u0103\u0163eni, care consider\u0103 c\u0103 de pe blocul respectiv le-a c\u0103zut pe ma\u015fini \u015fi le-au produs stric\u0103ciuni \u015fi au f\u0103cut repara\u0163ii. Prim\u0103ria nu este cea \u00een m\u0103sur\u0103 \u015fi nimeni nu este \u00een m\u0103sur\u0103, dec\u00e2t o eventual\u0103 instan\u0163\u0103, s\u0103 spun\u0103 a cui este vina. Noi am anun\u0163at asocia\u0163iile c\u0103 de pe blocul lor au reclama\u0163ii, care au ajuns la Prim\u0103rie, c\u0103 au c\u0103zut ni\u015fte \u0163igle sau table peste ni\u015fte ma\u015fini\u201d, a precizat edilul.<\/p>\n<\/blockquote>\n<p><img loading=\"lazy\" decoding=\"async\" class=\"size-medium wp-image-37563 alignleft\" src=\"https:\/\/ziaruldelta.ro\/wp-content\/uploads\/2026\/07\/acoperisurile-2-458x610.jpg\" alt width=\"458\" height=\"610\">Primarul a subliniat faptul c\u0103 acoperi\u015ful este un bun comun al tuturor proprietarilor din bloc, iar asocia\u0163iile de proprietari sunt responsabile pentru administrarea acestuia.<\/p>\n<blockquote>\n<p>\u201eUnii dintre pre\u015fedin\u0163ii de asocia\u0163ie au spus c\u0103 nu au treab\u0103 cu acoperi\u015ful, fiindc\u0103 a fost f\u0103cut de nea cutare. Noi le-am spus c\u0103 au treab\u0103, fiindc\u0103 acestea reprezint\u0103 bunuri comune \u015fi asocia\u0163ia este cea care le administreaz\u0103, nu proprietarii. \u015ei atunci am solicitat asocia\u0163iilor s\u0103 ne prezinte documente, dac\u0103 \u00een situa\u0163ia \u00een care au construit, au reparat sau ce au f\u0103cut ei la acoperi\u015furi, au documente referitoare la aceste lucruri pentru a l\u0103muri aceast\u0103 problem\u0103. Este eminamente problema asocia\u0163iei, pentru c\u0103 un acoperi\u015f este o parte comun\u0103 a tuturor locatarilor, \u015fi a celui care st\u0103 la ultimul etaj, dar \u015fi a celui care st\u0103 la parter, la fel cum to\u0163i locatarii au ca punct comun \u015fi liftul. Este ca \u015fi cum, dac\u0103 tu locuie\u015fti la cas\u0103, proprietatea \u015fi responsabilitatea e ceea ce ai \u00een curte. Inten\u0163ia noastr\u0103 nu este de a amenda, ci de a pune \u00een legalitate asocia\u0163ia\u201d, a spus \u015etefan Ilie.<\/p>\n<\/blockquote>\n<p>Totodat\u0103, primarul \u015etefan Ilie a anun\u0163at c\u0103 Prim\u0103ria Tulcea desf\u0103\u015foar\u0103 \u015fi o ac\u0163iune de inventariere a blocurilor din municipiu, la solicitarea Institu\u0163iei Prefectului \u015fi a Inspectoratului Jude\u0163ean \u00een Construc\u0163ii (IJC).<\/p>\n<blockquote>\n<p>\u201eAm primit o solicitare de la IJC \u015fi de la Prefectur\u0103, \u00een baza unui ordin, prin care toate prim\u0103riile trebuie s\u0103 fac\u0103 un recens\u0103m\u00e2nt al tuturor blocurilor, gradului lor de rezisten\u0163\u0103 la cutremur. Facem treaba aceasta pentru toate blocurile din ora\u015f\u201d, a men\u0163ionat edilul.<\/p>\n<\/blockquote>\n<p>\u00cen urma furtunii din data de 30 iunie, pompierii au intervenit, at\u00e2t \u00een jude\u0163 c\u00e2t \u015fi \u00een municipiu, pentru degajarea a peste 50 de copaci c\u0103zu\u0163i, a peste 20 de cabluri electrice, a dou\u0103 elemente de construc\u0163ie desprinse, precum \u015fi a 16 acoperi\u015furi afectate de v\u00e2ntul puternic.<\/p>\n<\/div>\n<\/div>\n<div class=\"post-footer\">\n<div class=\"social-icons ed-social-share-icons\">\n<p class=\"share-title\">Share:<\/p>\n<\/div>\n<div class=\"rating-stars\">\n<p id=\"rate-title\" class=\"rate-title\">Rate:<\/p>\n<\/div>\n<\/div>\n<\/article>\n<div class=\"post-content entry-content\">\n<p>Asocia\u0163iile de proprietari au fost notificate de Prim\u0103ria Tulcea s\u0103 demareze verific\u0103ri privind legalitatea construirii pe blocuri a acoperi\u015furilor simple sau de tip pod. Solicitarea administra\u0163iei locale vine dup\u0103 ce, \u00een urma furtunii care a avut loc \u00een urm\u0103 cu trei s\u0103pt\u0103m\u00e2ni, unele acoperi\u015furi au c\u0103zut \u015fi au avariat mai multe autoturisme. La r\u00e2ndul lor, asocia\u0163iile de proprietari i-au notificat pe locatari s\u0103 prezinte \u00een termen de zece zile autoriza\u0163iile de construc\u0163ie pentru edific\u0103rile de pe blocuri.<\/p>\n<p><strong>\u00a0Primarul \u015etefan Ilie: \u201eAcestea reprezint\u0103 bunuri comune \u015fi asocia\u0163ia este cea care le administreaz\u0103\u201d<\/strong><\/p>\n<p><img loading=\"lazy\" decoding=\"async\" class=\"size-medium wp-image-34780 aligncenter\" src=\"https:\/\/ziaruldelta.ro\/wp-content\/uploads\/2025\/12\/primarul-stefan-ilie-610x343.jpg\" alt width=\"610\" height=\"343\">Prim\u0103ria Tulcea a primit mai multe solicit\u0103ri de desp\u0103gubire de la proprietarii ma\u015finilor avariate de buc\u0103\u0163i smulse de furtun\u0103 din acest gen de acoperi\u015furi.<\/p>\n<blockquote>\n<p>\u201e\u00cen urma furtunii care a fost acum aproximativ trei s\u0103pt\u0103m\u00e2ni, c\u00e2nd au fost rup\u0163i sau disloca\u0163i \u00een jur de 60 de copaci \u00een municipiu \u015fi au existat inunda\u0163ii locale, de pe acoperi\u015furile unor blocuri s-au desprins \u0163igle sau alte elemente care au c\u0103zut peste ma\u015finile unor cet\u0103\u0163eni. Ace\u015ftia au reclamat imediat la Prim\u0103rie, solicit\u00e2nd desp\u0103gubiri pentru ceea ce li s-a \u00eent\u00e2mplat\u201d, a explicat \u015etefan Ilie.<\/p>\n<\/blockquote>\n<p>Edilul ne-a spus c\u0103 exist\u0103 dou\u0103 situa\u0163ii, respectiv blocuri ale c\u0103ror acoperi\u015furi au fost reabilitate de Prim\u0103rie, unde constructorul va suporta desp\u0103gubirile pentru pagubele produse, \u015fi blocuri la care Prim\u0103ria nu a intervenit cu lucr\u0103ri, iar administra\u0163ia local\u0103 a anun\u0163at asocia\u0163iile de proprietari cu privire la reclama\u0163iile primite.<\/p>\n<blockquote>\n<p>\u201eAvem dou\u0103 tipuri de cazuri aici. Odat\u0103 este cazul unui bloc reparat de Prim\u0103rie, iar \u00een acest caz am luat leg\u0103tura cu constructorul, lucr\u0103rile fiind \u00een garan\u0163ie, \u015fi a remediat, \u015fi tot constructorul se va ocupa inclusiv de eventualele desp\u0103gubiri pentru cei care au fost afecta\u0163i. Avem \u015fi cazuri \u00een care Prim\u0103ria nu a intervenit asupra blocurilor \u015fi asocia\u0163ia a fost anun\u0163at\u0103 c\u0103 exist\u0103 ni\u015fte cet\u0103\u0163eni, care consider\u0103 c\u0103 de pe blocul respectiv le-a c\u0103zut pe ma\u015fini \u015fi le-au produs stric\u0103ciuni \u015fi au f\u0103cut repara\u0163ii. Prim\u0103ria nu este cea \u00een m\u0103sur\u0103 \u015fi nimeni nu este \u00een m\u0103sur\u0103, dec\u00e2t o eventual\u0103 instan\u0163\u0103, s\u0103 spun\u0103 a cui este vina. Noi am anun\u0163at asocia\u0163iile c\u0103 de pe blocul lor au reclama\u0163ii, care au ajuns la Prim\u0103rie, c\u0103 au c\u0103zut ni\u015fte \u0163igle sau table peste ni\u015fte ma\u015fini\u201d, a precizat edilul.<\/p>\n<\/blockquote>\n<p><img loading=\"lazy\" decoding=\"async\" class=\"size-medium wp-image-37563 alignleft\" src=\"https:\/\/ziaruldelta.ro\/wp-content\/uploads\/2026\/07\/acoperisurile-2-458x610.jpg\" alt width=\"458\" height=\"610\">Primarul a subliniat faptul c\u0103 acoperi\u015ful este un bun comun al tuturor proprietarilor din bloc, iar asocia\u0163iile de proprietari sunt responsabile pentru administrarea acestuia.<\/p>\n<blockquote>\n<p>\u201eUnii dintre pre\u015fedin\u0163ii de asocia\u0163ie au spus c\u0103 nu au treab\u0103 cu acoperi\u015ful, fiindc\u0103 a fost f\u0103cut de nea cutare. Noi le-am spus c\u0103 au treab\u0103, fiindc\u0103 acestea reprezint\u0103 bunuri comune \u015fi asocia\u0163ia este cea care le administreaz\u0103, nu proprietarii. \u015ei atunci am solicitat asocia\u0163iilor s\u0103 ne prezinte documente, dac\u0103 \u00een situa\u0163ia \u00een care au construit, au reparat sau ce au f\u0103cut ei la acoperi\u015furi, au documente referitoare la aceste lucruri pentru a l\u0103muri aceast\u0103 problem\u0103. Este eminamente problema asocia\u0163iei, pentru c\u0103 un acoperi\u015f este o parte comun\u0103 a tuturor locatarilor, \u015fi a celui care st\u0103 la ultimul etaj, dar \u015fi a celui care st\u0103 la parter, la fel cum to\u0163i locatarii au ca punct comun \u015fi liftul. Este ca \u015fi cum, dac\u0103 tu locuie\u015fti la cas\u0103, proprietatea \u015fi responsabilitatea e ceea ce ai \u00een curte. Inten\u0163ia noastr\u0103 nu este de a amenda, ci de a pune \u00een legalitate asocia\u0163ia\u201d, a spus \u015etefan Ilie.<\/p>\n<\/blockquote>\n<p>Totodat\u0103, primarul \u015etefan Ilie a anun\u0163at c\u0103 Prim\u0103ria Tulcea desf\u0103\u015foar\u0103 \u015fi o ac\u0163iune de inventariere a blocurilor din municipiu, la solicitarea Institu\u0163iei Prefectului \u015fi a Inspectoratului Jude\u0163ean \u00een Construc\u0163ii (IJC).<\/p>\n<blockquote>\n<p>\u201eAm primit o solicitare de la IJC \u015fi de la Prefectur\u0103, \u00een baza unui ordin, prin care toate prim\u0103riile trebuie s\u0103 fac\u0103 un recens\u0103m\u00e2nt al tuturor blocurilor, gradului lor de rezisten\u0163\u0103 la cutremur. Facem treaba aceasta pentru toate blocurile din ora\u015f\u201d, a men\u0163ionat edilul.<\/p>\n<\/blockquote>\n<p>\u00cen urma furtunii din data de 30 iunie, pompierii au intervenit, at\u00e2t \u00een jude\u0163 c\u00e2t \u015fi \u00een municipiu, pentru degajarea a peste 50 de copaci c\u0103zu\u0163i, a peste 20 de cabluri electrice, a dou\u0103 elemente de construc\u0163ie desprinse, precum \u015fi a 16 acoperi\u015furi afectate de v\u00e2ntul puternic.<\/p>\n<\/div>\n<div class=\"post-content entry-content\">\n<p>Asocia\u0163iile de proprietari au fost notificate de Prim\u0103ria Tulcea s\u0103 demareze verific\u0103ri privind legalitatea construirii pe blocuri a acoperi\u015furilor simple sau de tip pod. Solicitarea administra\u0163iei locale vine dup\u0103 ce, \u00een urma furtunii care a avut loc \u00een urm\u0103 cu trei s\u0103pt\u0103m\u00e2ni, unele acoperi\u015furi au c\u0103zut \u015fi au avariat mai multe autoturisme. La r\u00e2ndul lor, asocia\u0163iile de proprietari i-au notificat pe locatari s\u0103 prezinte \u00een termen de zece zile autoriza\u0163iile de construc\u0163ie pentru edific\u0103rile de pe blocuri.<\/p>\n<p><strong>\u00a0Primarul \u015etefan Ilie: \u201eAcestea reprezint\u0103 bunuri comune \u015fi asocia\u0163ia este cea care le administreaz\u0103\u201d<\/strong><\/p>\n<p><img loading=\"lazy\" decoding=\"async\" class=\"size-medium wp-image-34780 aligncenter\" src=\"https:\/\/ziaruldelta.ro\/wp-content\/uploads\/2025\/12\/primarul-stefan-ilie-610x343.jpg\" alt width=\"610\" height=\"343\">Prim\u0103ria Tulcea a primit mai multe solicit\u0103ri de desp\u0103gubire de la proprietarii ma\u015finilor avariate de buc\u0103\u0163i smulse de furtun\u0103 din acest gen de acoperi\u015furi.<\/p>\n<blockquote>\n<p>\u201e\u00cen urma furtunii care a fost acum aproximativ trei s\u0103pt\u0103m\u00e2ni, c\u00e2nd au fost rup\u0163i sau disloca\u0163i \u00een jur de 60 de copaci \u00een municipiu \u015fi au existat inunda\u0163ii locale, de pe acoperi\u015furile unor blocuri s-au desprins \u0163igle sau alte elemente care au c\u0103zut peste ma\u015finile unor cet\u0103\u0163eni. Ace\u015ftia au reclamat imediat la Prim\u0103rie, solicit\u00e2nd desp\u0103gubiri pentru ceea ce li s-a \u00eent\u00e2mplat\u201d, a explicat \u015etefan Ilie.<\/p>\n<\/blockquote>\n<p>Edilul ne-a spus c\u0103 exist\u0103 dou\u0103 situa\u0163ii, respectiv blocuri ale c\u0103ror acoperi\u015furi au fost reabilitate de Prim\u0103rie, unde constructorul va suporta desp\u0103gubirile pentru pagubele produse, \u015fi blocuri la care Prim\u0103ria nu a intervenit cu lucr\u0103ri, iar administra\u0163ia local\u0103 a anun\u0163at asocia\u0163iile de proprietari cu privire la reclama\u0163iile primite.<\/p>\n<blockquote>\n<p>\u201eAvem dou\u0103 tipuri de cazuri aici. Odat\u0103 este cazul unui bloc reparat de Prim\u0103rie, iar \u00een acest caz am luat leg\u0103tura cu constructorul, lucr\u0103rile fiind \u00een garan\u0163ie, \u015fi a remediat, \u015fi tot constructorul se va ocupa inclusiv de eventualele desp\u0103gubiri pentru cei care au fost afecta\u0163i. Avem \u015fi cazuri \u00een care Prim\u0103ria nu a intervenit asupra blocurilor \u015fi asocia\u0163ia a fost anun\u0163at\u0103 c\u0103 exist\u0103 ni\u015fte cet\u0103\u0163eni, care consider\u0103 c\u0103 de pe blocul respectiv le-a c\u0103zut pe ma\u015fini \u015fi le-au produs stric\u0103ciuni \u015fi au f\u0103cut repara\u0163ii. Prim\u0103ria nu este cea \u00een m\u0103sur\u0103 \u015fi nimeni nu este \u00een m\u0103sur\u0103, dec\u00e2t o eventual\u0103 instan\u0163\u0103, s\u0103 spun\u0103 a cui este vina. Noi am anun\u0163at asocia\u0163iile c\u0103 de pe blocul lor au reclama\u0163ii, care au ajuns la Prim\u0103rie, c\u0103 au c\u0103zut ni\u015fte \u0163igle sau table peste ni\u015fte ma\u015fini\u201d, a precizat edilul.<\/p>\n<\/blockquote>\n<p><img loading=\"lazy\" decoding=\"async\" class=\"size-medium wp-image-37563 alignleft\" src=\"https:\/\/ziaruldelta.ro\/wp-content\/uploads\/2026\/07\/acoperisurile-2-458x610.jpg\" alt width=\"458\" height=\"610\">Primarul a subliniat faptul c\u0103 acoperi\u015ful este un bun comun al tuturor proprietarilor din bloc, iar asocia\u0163iile de proprietari sunt responsabile pentru administrarea acestuia.<\/p>\n<blockquote>\n<p>\u201eUnii dintre pre\u015fedin\u0163ii de asocia\u0163ie au spus c\u0103 nu au treab\u0103 cu acoperi\u015ful, fiindc\u0103 a fost f\u0103cut de nea cutare. Noi le-am spus c\u0103 au treab\u0103, fiindc\u0103 acestea reprezint\u0103 bunuri comune \u015fi asocia\u0163ia este cea care le administreaz\u0103, nu proprietarii. \u015ei atunci am solicitat asocia\u0163iilor s\u0103 ne prezinte documente, dac\u0103 \u00een situa\u0163ia \u00een care au construit, au reparat sau ce au f\u0103cut ei la acoperi\u015furi, au documente referitoare la aceste lucruri pentru a l\u0103muri aceast\u0103 problem\u0103. Este eminamente problema asocia\u0163iei, pentru c\u0103 un acoperi\u015f este o parte comun\u0103 a tuturor locatarilor, \u015fi a celui care st\u0103 la ultimul etaj, dar \u015fi a celui care st\u0103 la parter, la fel cum to\u0163i locatarii au ca punct comun \u015fi liftul. Este ca \u015fi cum, dac\u0103 tu locuie\u015fti la cas\u0103, proprietatea \u015fi responsabilitatea e ceea ce ai \u00een curte. Inten\u0163ia noastr\u0103 nu este de a amenda, ci de a pune \u00een legalitate asocia\u0163ia\u201d, a spus \u015etefan Ilie.<\/p>\n<\/blockquote>\n<p>Totodat\u0103, primarul \u015etefan Ilie a anun\u0163at c\u0103 Prim\u0103ria Tulcea desf\u0103\u015foar\u0103 \u015fi o ac\u0163iune de inventariere a blocurilor din municipiu, la solicitarea Institu\u0163iei Prefectului \u015fi a Inspectoratului Jude\u0163ean \u00een Construc\u0163ii (IJC).<\/p>\n<blockquote>\n<p>\u201eAm primit o solicitare de la IJC \u015fi de la Prefectur\u0103, \u00een baza unui ordin, prin care toate prim\u0103riile trebuie s\u0103 fac\u0103 un recens\u0103m\u00e2nt al tuturor blocurilor, gradului lor de rezisten\u0163\u0103 la cutremur. Facem treaba aceasta pentru toate blocurile din ora\u015f\u201d, a men\u0163ionat edilul.<\/p>\n<\/blockquote>\n<p>\u00cen urma furtunii din data de 30 iunie, pompierii au intervenit, at\u00e2t \u00een jude\u0163 c\u00e2t \u015fi \u00een municipiu, pentru degajarea a peste 50 de copaci c\u0103zu\u0163i, a peste 20 de cabluri electrice, a dou\u0103 elemente de construc\u0163ie desprinse, precum \u015fi a 16 acoperi\u015furi afectate de v\u00e2ntul puternic.<\/p>\n<\/div>\n<p>[analyse_source url=&#8221;https:\/\/ziaruldelta.ro\/2026\/07\/21\/acoperisurile-de-pe-blocuri-la-control-primaria-tulcea-a-notificat-asociatiile-de-proprietari-sa-le-verifice-legalitatea\/&#8221;]<\/p>\n","protected":false},"excerpt":{"rendered":"<p>[analyse_image type=&#8221;featured&#8221; src=&#8221;https:\/\/ziaruldelta.ro\/wp-content\/uploads\/2026\/07\/Acoperisurile.jpg&#8221;] Acoperi\u015furile de pe blocuri, la control. Prim\u0103ria Tulcea a notificat asocia\u0163iile de proprietari s\u0103 le verifice legalitatea Posted by Claudia Ionescu | Jul 21, 2026 | Stirea Zilei | Asocia\u0163iile de proprietari au fost notificate de Prim\u0103ria Tulcea s\u0103 demareze verific\u0103ri privind legalitatea construirii pe blocuri a acoperi\u015furilor simple sau de tip [&hellip;]<\/p>\n","protected":false},"author":1,"featured_media":0,"comment_status":"open","ping_status":"","sticky":false,"template":"","format":"standard","meta":{"footnotes":""},"categories":[89],"tags":[226,206],"class_list":["post-2054675","post","type-post","status-publish","format-standard","hentry","category-romania","tag-crawlmanager","tag-ziaruldelta-ro"],"_links":{"self":[{"href":"https:\/\/analyse.optim.biz\/index.php?rest_route=\/wp\/v2\/posts\/2054675","targetHints":{"allow":["GET"]}}],"collection":[{"href":"https:\/\/analyse.optim.biz\/index.php?rest_route=\/wp\/v2\/posts"}],"about":[{"href":"https:\/\/analyse.optim.biz\/index.php?rest_route=\/wp\/v2\/types\/post"}],"author":[{"embeddable":true,"href":"https:\/\/analyse.optim.biz\/index.php?rest_route=\/wp\/v2\/users\/1"}],"replies":[{"embeddable":true,"href":"https:\/\/analyse.optim.biz\/index.php?rest_route=%2Fwp%2Fv2%2Fcomments&post=2054675"}],"version-history":[{"count":0,"href":"https:\/\/analyse.optim.biz\/index.php?rest_route=\/wp\/v2\/posts\/2054675\/revisions"}],"wp:attachment":[{"href":"https:\/\/analyse.optim.biz\/index.php?rest_route=%2Fwp%2Fv2%2Fmedia&parent=2054675"}],"wp:term":[{"taxonomy":"category","embeddable":true,"href":"https:\/\/analyse.optim.biz\/index.php?rest_route=%2Fwp%2Fv2%2Fcategories&post=2054675"},{"taxonomy":"post_tag","embeddable":true,"href":"https:\/\/analyse.optim.biz\/index.php?rest_route=%2Fwp%2Fv2%2Ftags&post=2054675"}],"curies":[{"name":"wp","href":"https:\/\/api.w.org\/{rel}","templated":true}]}}